{"id":46730,"date":"2020-08-30T18:16:33","date_gmt":"2020-08-30T18:16:33","guid":{"rendered":"https:\/\/\/altran-et-intel-ouvrent-une-plate-forme-de-telecommunications-ia-de-pointe\/"},"modified":"2020-08-30T18:16:33","modified_gmt":"2020-08-30T18:16:33","slug":"altran-et-intel-ouvrent-une-plate-forme-de-telecommunications-ia-de-pointe","status":"publish","type":"post","link":"https:\/\/www.ecinews.fr\/fr\/altran-et-intel-ouvrent-une-plate-forme-de-telecommunications-ia-de-pointe\/","title":{"rendered":"Altran et Intel ouvrent une plate-forme de t\u00e9l\u00e9communications IA de pointe"},"content":{"rendered":"<p>Altran, int\u00e9gr\u00e9 \u00e0 Capgemini, travaille avec un consortium d&rsquo;op\u00e9rateurs de r\u00e9seau, de fournisseurs de technologies et de l&rsquo;Association GSM pour cr\u00e9er la GSMA Operator Platform. Les op\u00e9rateurs pourront profiter des services de p\u00e9riph\u00e9rie en coop\u00e9ration, quel que soit leur emplacement.<\/p>\n<p>Ce syst\u00e8me d&rsquo;informatique, \u00e0 acc\u00e8s multiple (MEC) sera bas\u00e9 sur le logiciel ENSCONCE d&rsquo;Altran combin\u00e9 avec le logiciel Open Network Edge Services d&rsquo;Intel (OpenNESS), ainsi que d&rsquo;autres technologies mat\u00e9rielles et logicielles Intel Edge AI.<\/p>\n<p>ENSCONCE se trouve sur des micro-centres de donn\u00e9es proches du r\u00e9seau d&rsquo;acc\u00e8s, des points d&rsquo;agr\u00e9gation, des centres de donn\u00e9es r\u00e9gionaux et des bureaux centraux pour h\u00e9berger les applications de p\u00e9riph\u00e9rie. La plateforme prend en charge le d\u00e9veloppement d&rsquo;applications de p\u00e9riph\u00e9rie \u00e0 faible latence via des kits de d\u00e9veloppement logiciel (SDK). Le SDK fournit des applications de p\u00e9riph\u00e9rie \u00e0 la demande, d\u00e9couvre les d\u00e9ploiements de p\u00e9riph\u00e9rie, orchestre les applications sur les r\u00e9seaux d&rsquo;op\u00e9rateurs et surveille et g\u00e8re les applications tout au long du cycle de vie.<\/p>\n<p>Pour Pascal Brier, vice-pr\u00e9sident ex\u00e9cutif de la strat\u00e9gie, de la technologie et de l&rsquo;innovation chez Altran : \u00abNotre plate-forme MEC est ax\u00e9e sur l&rsquo;exp\u00e9rience des d\u00e9veloppeurs et int\u00e9grera des interfaces de programmation d&rsquo;applications pertinentes pour les d\u00e9veloppeurs d&rsquo;applications \u00e0 la fois dans leurs SDK et pour les services destin\u00e9s aux d\u00e9veloppeurs. En int\u00e9grant la technologie Intel et des bo\u00eetes \u00e0 outils, notamment OpenNESS et OpenVINO, dans notre plateforme, nous amplifierons consid\u00e9rablement notre solution d\u2019informatique de pointe et renforcerons l\u2019offre pour les d\u00e9veloppeurs d\u2019applications et les op\u00e9rateurs.\u00bb<\/p>\n<p>Selon Alex Sinclair, directeur technique de la GSMA \u00abgr\u00e2ce \u00e0 leurs actifs r\u00e9seau, les op\u00e9rateurs sont tr\u00e8s bien plac\u00e9s pour fournir des capacit\u00e9s telles qu&rsquo;une faible latence. Il est essentiel que les entreprises puissent toucher tous leurs clients depuis la p\u00e9riph\u00e9rie de n&rsquo;importe quel r\u00e9seau. Bas\u00e9 sur la sp\u00e9cification de la plate-forme d&rsquo;op\u00e9rateur GSMA, Telco Edge Cloud fournira aux d\u00e9veloppeurs et aux agr\u00e9gateur d&rsquo;entreprise un moyen coh\u00e9rent d&rsquo;atteindre les clients connect\u00e9s. \u00bb<\/p>\n<p><a href=\"https:\/\/www.altran.com\/\">www.altran.com<\/a>;&nbsp;<a href=\"https:\/\/www.intel.com\/\">www.intel.com<\/a><\/p>\n","protected":false},"excerpt":{"rendered":"<p>Le groupe d&rsquo;ing\u00e9nierie Altran utilisera le mat\u00e9riel et les logiciels d&rsquo;Intel pour cr\u00e9er une plate-forme d&rsquo;intelligence artificielle ouverte qui sera lanc\u00e9e dans toute l&rsquo;Europe cette ann\u00e9e par des op\u00e9rateurs de t\u00e9l\u00e9communications du monde entier<\/p>\n","protected":false},"author":11,"featured_media":46731,"comment_status":"closed","ping_status":"closed","sticky":false,"template":"","format":"standard","meta":{"_acf_changed":false,"footnotes":""},"categories":[883],"tags":[],"domains":[47],"ppma_author":[1143],"class_list":["post-46730","post","type-post","status-publish","format-standard","has-post-thumbnail","hentry","category-technologies","domains-electronique-eci"],"acf":[],"yoast_head":"<title>Altran et Intel ouvrent une plate-forme de t\u00e9l\u00e9communications...<\/title>\n<meta name=\"description\" content=\"Le groupe d&#039;ing\u00e9nierie Altran utilisera le mat\u00e9riel et les logiciels d&#039;Intel pour cr\u00e9er une plate-forme d&#039;intelligence artificielle ouverte qui sera...\" \/>\n<meta name=\"robots\" content=\"index, follow, max-snippet:-1, max-image-preview:large, max-video-preview:-1\" \/>\n<link rel=\"canonical\" href=\"https:\/\/www.ecinews.fr\/fr\/wp-json\/wp\/v2\/posts\/46730\/\" \/>\n<meta property=\"og:locale\" content=\"fr_FR\" \/>\n<meta property=\"og:type\" content=\"article\" \/>\n<meta property=\"og:title\" content=\"Altran et Intel ouvrent une plate-forme de t\u00e9l\u00e9communications IA de pointe\" \/>\n<meta property=\"og:description\" content=\"Le groupe d&#039;ing\u00e9nierie Altran utilisera le mat\u00e9riel et les logiciels d&#039;Intel pour cr\u00e9er une plate-forme d&#039;intelligence artificielle ouverte qui sera lanc\u00e9e dans toute l&#039;Europe cette ann\u00e9e par des op\u00e9rateurs de t\u00e9l\u00e9communications du monde entier\" \/>\n<meta property=\"og:url\" content=\"https:\/\/www.ecinews.fr\/fr\/wp-json\/wp\/v2\/posts\/46730\/\" \/>\n<meta property=\"og:site_name\" content=\"EENewsEurope\" \/>\n<meta property=\"article:published_time\" content=\"2020-08-30T18:16:33+00:00\" \/>\n<meta property=\"og:image\" content=\"https:\/\/www.ecinews.fr\/wp-content\/uploads\/import\/default\/files\/sites\/default\/files\/images\/altran.jpeg\" \/>\n\t<meta property=\"og:image:width\" content=\"595\" \/>\n\t<meta property=\"og:image:height\" content=\"595\" \/>\n\t<meta property=\"og:image:type\" content=\"image\/jpeg\" \/>\n<meta name=\"author\" content=\"Daniel Cardon\" \/>\n<meta name=\"twitter:card\" content=\"summary_large_image\" \/>\n<meta name=\"twitter:label1\" content=\"Written by\" \/>\n\t<meta name=\"twitter:data1\" content=\"Daniel Cardon\" \/>\n\t<meta name=\"twitter:label2\" content=\"Est. reading time\" \/>\n\t<meta name=\"twitter:data2\" content=\"2 minutes\" \/>\n<script type=\"application\/ld+json\" class=\"yoast-schema-graph\">{\"@context\":\"https:\/\/schema.org\",\"@graph\":[{\"@type\":\"Article\",\"@id\":\"https:\/\/www.ecinews.fr\/fr\/altran-et-intel-ouvrent-une-plate-forme-de-telecommunications-ia-de-pointe\/#article\",\"isPartOf\":{\"@id\":\"https:\/\/www.ecinews.fr\/fr\/altran-et-intel-ouvrent-une-plate-forme-de-telecommunications-ia-de-pointe\/\"},\"author\":{\"name\":\"Daniel Cardon\",\"@id\":\"https:\/\/www.eenewseurope.com\/en\/#\/schema\/person\/93c44cde463762f40a8236eaa44c1c17\"},\"headline\":\"Altran et Intel ouvrent une plate-forme de t\u00e9l\u00e9communications IA de pointe\",\"datePublished\":\"2020-08-30T18:16:33+00:00\",\"dateModified\":\"2020-08-30T18:16:33+00:00\",\"mainEntityOfPage\":{\"@id\":\"https:\/\/www.ecinews.fr\/fr\/altran-et-intel-ouvrent-une-plate-forme-de-telecommunications-ia-de-pointe\/\"},\"wordCount\":413,\"publisher\":{\"@id\":\"https:\/\/www.eenewseurope.com\/en\/#organization\"},\"articleSection\":[\"Technologies\"],\"inLanguage\":\"fr-FR\"},{\"@type\":\"WebPage\",\"@id\":\"https:\/\/www.ecinews.fr\/fr\/altran-et-intel-ouvrent-une-plate-forme-de-telecommunications-ia-de-pointe\/\",\"url\":\"https:\/\/www.ecinews.fr\/fr\/altran-et-intel-ouvrent-une-plate-forme-de-telecommunications-ia-de-pointe\/\",\"name\":\"Altran et Intel ouvrent une plate-forme de t\u00e9l\u00e9communications IA de pointe -\",\"isPartOf\":{\"@id\":\"https:\/\/www.eenewseurope.com\/en\/#website\"},\"datePublished\":\"2020-08-30T18:16:33+00:00\",\"dateModified\":\"2020-08-30T18:16:33+00:00\",\"breadcrumb\":{\"@id\":\"https:\/\/www.ecinews.fr\/fr\/altran-et-intel-ouvrent-une-plate-forme-de-telecommunications-ia-de-pointe\/#breadcrumb\"},\"inLanguage\":\"fr-FR\",\"potentialAction\":[{\"@type\":\"ReadAction\",\"target\":[\"https:\/\/www.ecinews.fr\/fr\/altran-et-intel-ouvrent-une-plate-forme-de-telecommunications-ia-de-pointe\/\"]}]},{\"@type\":\"BreadcrumbList\",\"@id\":\"https:\/\/www.ecinews.fr\/fr\/altran-et-intel-ouvrent-une-plate-forme-de-telecommunications-ia-de-pointe\/#breadcrumb\",\"itemListElement\":[{\"@type\":\"ListItem\",\"position\":1,\"name\":\"Home\",\"item\":\"https:\/\/www.ecinews.fr\/fr\/\"},{\"@type\":\"ListItem\",\"position\":2,\"name\":\"Altran et Intel ouvrent une plate-forme de t\u00e9l\u00e9communications IA de pointe\"}]},{\"@type\":\"WebSite\",\"@id\":\"https:\/\/www.eenewseurope.com\/en\/#website\",\"url\":\"https:\/\/www.eenewseurope.com\/en\/\",\"name\":\"EENewsEurope\",\"description\":\"Just another WordPress site\",\"publisher\":{\"@id\":\"https:\/\/www.eenewseurope.com\/en\/#organization\"},\"potentialAction\":[{\"@type\":\"SearchAction\",\"target\":{\"@type\":\"EntryPoint\",\"urlTemplate\":\"https:\/\/www.eenewseurope.com\/en\/?s={search_term_string}\"},\"query-input\":\"required name=search_term_string\"}],\"inLanguage\":\"fr-FR\"},{\"@type\":\"Organization\",\"@id\":\"https:\/\/www.eenewseurope.com\/en\/#organization\",\"name\":\"EENewsEurope\",\"url\":\"https:\/\/www.eenewseurope.com\/en\/\",\"logo\":{\"@type\":\"ImageObject\",\"inLanguage\":\"fr-FR\",\"@id\":\"https:\/\/www.eenewseurope.com\/en\/#\/schema\/logo\/image\/\",\"url\":\"https:\/\/www.ecinews.fr\/wp-content\/uploads\/2022\/02\/logo-1.jpg\",\"contentUrl\":\"https:\/\/www.ecinews.fr\/wp-content\/uploads\/2022\/02\/logo-1.jpg\",\"width\":283,\"height\":113,\"caption\":\"EENewsEurope\"},\"image\":{\"@id\":\"https:\/\/www.eenewseurope.com\/en\/#\/schema\/logo\/image\/\"}},{\"@type\":\"Person\",\"@id\":\"https:\/\/www.eenewseurope.com\/en\/#\/schema\/person\/93c44cde463762f40a8236eaa44c1c17\",\"name\":\"Daniel Cardon\",\"image\":{\"@type\":\"ImageObject\",\"inLanguage\":\"fr-FR\",\"@id\":\"https:\/\/www.eenewseurope.com\/en\/#\/schema\/person\/image\/2b243f6bcc1cff7d86aadfb2cd0bd870\",\"url\":\"https:\/\/secure.gravatar.com\/avatar\/de9edc136dfc061ad4778e04635baefa?s=96&d=mm&r=g\",\"contentUrl\":\"https:\/\/secure.gravatar.com\/avatar\/de9edc136dfc061ad4778e04635baefa?s=96&d=mm&r=g\",\"caption\":\"Daniel Cardon\"}}]}<\/script>","yoast_head_json":{"title":"Altran et Intel ouvrent une plate-forme de t\u00e9l\u00e9communications...","description":"Le groupe d'ing\u00e9nierie Altran utilisera le mat\u00e9riel et les logiciels d'Intel pour cr\u00e9er une plate-forme d'intelligence artificielle ouverte qui sera...","robots":{"index":"index","follow":"follow","max-snippet":"max-snippet:-1","max-image-preview":"max-image-preview:large","max-video-preview":"max-video-preview:-1"},"canonical":"https:\/\/www.ecinews.fr\/fr\/wp-json\/wp\/v2\/posts\/46730\/","og_locale":"fr_FR","og_type":"article","og_title":"Altran et Intel ouvrent une plate-forme de t\u00e9l\u00e9communications IA de pointe","og_description":"Le groupe d'ing\u00e9nierie Altran utilisera le mat\u00e9riel et les logiciels d'Intel pour cr\u00e9er une plate-forme d'intelligence artificielle ouverte qui sera lanc\u00e9e dans toute l'Europe cette ann\u00e9e par des op\u00e9rateurs de t\u00e9l\u00e9communications du monde entier","og_url":"https:\/\/www.ecinews.fr\/fr\/wp-json\/wp\/v2\/posts\/46730\/","og_site_name":"EENewsEurope","article_published_time":"2020-08-30T18:16:33+00:00","og_image":[{"width":595,"height":595,"url":"https:\/\/www.ecinews.fr\/wp-content\/uploads\/import\/default\/files\/sites\/default\/files\/images\/altran.jpeg","type":"image\/jpeg"}],"author":"Daniel Cardon","twitter_card":"summary_large_image","twitter_misc":{"Written by":"Daniel Cardon","Est. reading time":"2 minutes"},"schema":{"@context":"https:\/\/schema.org","@graph":[{"@type":"Article","@id":"https:\/\/www.ecinews.fr\/fr\/altran-et-intel-ouvrent-une-plate-forme-de-telecommunications-ia-de-pointe\/#article","isPartOf":{"@id":"https:\/\/www.ecinews.fr\/fr\/altran-et-intel-ouvrent-une-plate-forme-de-telecommunications-ia-de-pointe\/"},"author":{"name":"Daniel Cardon","@id":"https:\/\/www.eenewseurope.com\/en\/#\/schema\/person\/93c44cde463762f40a8236eaa44c1c17"},"headline":"Altran et Intel ouvrent une plate-forme de t\u00e9l\u00e9communications IA de pointe","datePublished":"2020-08-30T18:16:33+00:00","dateModified":"2020-08-30T18:16:33+00:00","mainEntityOfPage":{"@id":"https:\/\/www.ecinews.fr\/fr\/altran-et-intel-ouvrent-une-plate-forme-de-telecommunications-ia-de-pointe\/"},"wordCount":413,"publisher":{"@id":"https:\/\/www.eenewseurope.com\/en\/#organization"},"articleSection":["Technologies"],"inLanguage":"fr-FR"},{"@type":"WebPage","@id":"https:\/\/www.ecinews.fr\/fr\/altran-et-intel-ouvrent-une-plate-forme-de-telecommunications-ia-de-pointe\/","url":"https:\/\/www.ecinews.fr\/fr\/altran-et-intel-ouvrent-une-plate-forme-de-telecommunications-ia-de-pointe\/","name":"Altran et Intel ouvrent une plate-forme de t\u00e9l\u00e9communications IA de pointe -","isPartOf":{"@id":"https:\/\/www.eenewseurope.com\/en\/#website"},"datePublished":"2020-08-30T18:16:33+00:00","dateModified":"2020-08-30T18:16:33+00:00","breadcrumb":{"@id":"https:\/\/www.ecinews.fr\/fr\/altran-et-intel-ouvrent-une-plate-forme-de-telecommunications-ia-de-pointe\/#breadcrumb"},"inLanguage":"fr-FR","potentialAction":[{"@type":"ReadAction","target":["https:\/\/www.ecinews.fr\/fr\/altran-et-intel-ouvrent-une-plate-forme-de-telecommunications-ia-de-pointe\/"]}]},{"@type":"BreadcrumbList","@id":"https:\/\/www.ecinews.fr\/fr\/altran-et-intel-ouvrent-une-plate-forme-de-telecommunications-ia-de-pointe\/#breadcrumb","itemListElement":[{"@type":"ListItem","position":1,"name":"Home","item":"https:\/\/www.ecinews.fr\/fr\/"},{"@type":"ListItem","position":2,"name":"Altran et Intel ouvrent une plate-forme de t\u00e9l\u00e9communications IA de pointe"}]},{"@type":"WebSite","@id":"https:\/\/www.eenewseurope.com\/en\/#website","url":"https:\/\/www.eenewseurope.com\/en\/","name":"EENewsEurope","description":"Just another WordPress site","publisher":{"@id":"https:\/\/www.eenewseurope.com\/en\/#organization"},"potentialAction":[{"@type":"SearchAction","target":{"@type":"EntryPoint","urlTemplate":"https:\/\/www.eenewseurope.com\/en\/?s={search_term_string}"},"query-input":"required name=search_term_string"}],"inLanguage":"fr-FR"},{"@type":"Organization","@id":"https:\/\/www.eenewseurope.com\/en\/#organization","name":"EENewsEurope","url":"https:\/\/www.eenewseurope.com\/en\/","logo":{"@type":"ImageObject","inLanguage":"fr-FR","@id":"https:\/\/www.eenewseurope.com\/en\/#\/schema\/logo\/image\/","url":"https:\/\/www.ecinews.fr\/wp-content\/uploads\/2022\/02\/logo-1.jpg","contentUrl":"https:\/\/www.ecinews.fr\/wp-content\/uploads\/2022\/02\/logo-1.jpg","width":283,"height":113,"caption":"EENewsEurope"},"image":{"@id":"https:\/\/www.eenewseurope.com\/en\/#\/schema\/logo\/image\/"}},{"@type":"Person","@id":"https:\/\/www.eenewseurope.com\/en\/#\/schema\/person\/93c44cde463762f40a8236eaa44c1c17","name":"Daniel Cardon","image":{"@type":"ImageObject","inLanguage":"fr-FR","@id":"https:\/\/www.eenewseurope.com\/en\/#\/schema\/person\/image\/2b243f6bcc1cff7d86aadfb2cd0bd870","url":"https:\/\/secure.gravatar.com\/avatar\/de9edc136dfc061ad4778e04635baefa?s=96&d=mm&r=g","contentUrl":"https:\/\/secure.gravatar.com\/avatar\/de9edc136dfc061ad4778e04635baefa?s=96&d=mm&r=g","caption":"Daniel Cardon"}}]}},"authors":[{"term_id":1143,"user_id":11,"is_guest":0,"slug":"danielcardon","display_name":"Daniel Cardon","avatar_url":"https:\/\/secure.gravatar.com\/avatar\/de9edc136dfc061ad4778e04635baefa?s=96&d=mm&r=g","0":null,"1":"","2":"","3":"","4":"","5":"","6":"","7":"","8":""}],"_links":{"self":[{"href":"https:\/\/www.ecinews.fr\/fr\/wp-json\/wp\/v2\/posts\/46730"}],"collection":[{"href":"https:\/\/www.ecinews.fr\/fr\/wp-json\/wp\/v2\/posts"}],"about":[{"href":"https:\/\/www.ecinews.fr\/fr\/wp-json\/wp\/v2\/types\/post"}],"author":[{"embeddable":true,"href":"https:\/\/www.ecinews.fr\/fr\/wp-json\/wp\/v2\/users\/11"}],"replies":[{"embeddable":true,"href":"https:\/\/www.ecinews.fr\/fr\/wp-json\/wp\/v2\/comments?post=46730"}],"version-history":[{"count":0,"href":"https:\/\/www.ecinews.fr\/fr\/wp-json\/wp\/v2\/posts\/46730\/revisions"}],"wp:featuredmedia":[{"embeddable":true,"href":"https:\/\/www.ecinews.fr\/fr\/wp-json\/wp\/v2\/media\/46731"}],"wp:attachment":[{"href":"https:\/\/www.ecinews.fr\/fr\/wp-json\/wp\/v2\/media?parent=46730"}],"wp:term":[{"taxonomy":"category","embeddable":true,"href":"https:\/\/www.ecinews.fr\/fr\/wp-json\/wp\/v2\/categories?post=46730"},{"taxonomy":"post_tag","embeddable":true,"href":"https:\/\/www.ecinews.fr\/fr\/wp-json\/wp\/v2\/tags?post=46730"},{"taxonomy":"domains","embeddable":true,"href":"https:\/\/www.ecinews.fr\/fr\/wp-json\/wp\/v2\/domains?post=46730"},{"taxonomy":"author","embeddable":true,"href":"https:\/\/www.ecinews.fr\/fr\/wp-json\/wp\/v2\/ppma_author?post=46730"}],"curies":[{"name":"wp","href":"https:\/\/api.w.org\/{rel}","templated":true}]}}