{"id":466828,"date":"2024-12-01T10:05:27","date_gmt":"2024-12-01T09:05:27","guid":{"rendered":"https:\/\/www.ecinews.fr\/?p=466828"},"modified":"2024-12-02T08:50:45","modified_gmt":"2024-12-02T07:50:45","slug":"une-solution-prometteuse-pour-le-recyclage-des-cables-electriques","status":"publish","type":"post","link":"https:\/\/www.ecinews.fr\/fr\/une-solution-prometteuse-pour-le-recyclage-des-cables-electriques\/","title":{"rendered":"Une solution prometteuse pour le recyclage des c\u00e2bles \u00e9lectriques"},"content":{"rendered":"<h2 class=\"wp-block-heading -mtPc72 -mtSp56\">Cette m\u00e9thode offre une approche simple et pratique pour r\u00e9cup\u00e9rer les fils de cuivre des c\u00e2bles en PVC sans g\u00e9n\u00e9rer ou utiliser de produits chimiques toxiques.<\/h2>\n<p>La demande en produits \u00e9lectroniques a entra\u00een\u00e9 une augmentation significative des d\u00e9chets \u00e9lectroniques. En 2022, environ 62 millions de tonnes de d\u00e9chets \u00e9lectroniques ont \u00e9t\u00e9 g\u00e9n\u00e9r\u00e9es, soit une augmentation de 82 % par rapport \u00e0 2010. Les projections indiquent que ce chiffre pourrait atteindre 82 millions de tonnes d&rsquo;ici 2030.<\/p>\n<div class=\"module wysiwyg -mtPc36 -mtSp28 -mtPc36 -mtSp28\">\n<p class=\"-mtPc36 -mtSp28\">Les d\u00e9chets \u00e9lectroniques contiennent des mat\u00e9riaux pr\u00e9cieux tels que des m\u00e9taux, des semi-conducteurs et des \u00e9l\u00e9ments rares qui peuvent \u00eatre r\u00e9utilis\u00e9s. Toutefois, en 2022, seuls 22,3 % des d\u00e9chets \u00e9lectroniques ont \u00e9t\u00e9 correctement collect\u00e9s et recycl\u00e9s, tandis que les mat\u00e9riaux restants, dont la valeur est estim\u00e9e \u00e0 pr\u00e8s de 62 milliards de dollars, ont \u00e9t\u00e9 mis en d\u00e9charge. Bien que les efforts pour am\u00e9liorer le recyclage des d\u00e9chets \u00e9lectroniques se poursuivent, le processus reste laborieux et une part importante des d\u00e9chets \u00e9lectroniques est export\u00e9e vers les pays en d\u00e9veloppement, o\u00f9 la main-d&rsquo;\u0153uvre bon march\u00e9 favorise les pratiques de recyclage informelles faisant appel \u00e0 des produits chimiques dangereux.<\/p>\n<\/div>\n<div class=\"module wysiwyg -mtPc36 -mtSp28 -mtPc36 -mtSp28\">\n<p class=\"-mtPc36 -mtSp28\"><a href=\"https:\/\/doi.org\/10.1039\/D4RA05602G\">Dans une \u00e9tude publi\u00e9e dans la revue <em>RSC Advances<\/em><\/a> le 20 septembre 2024, des chercheurs de l&rsquo;Universit\u00e9 Sophia au Japon et de l&rsquo;Universit\u00e0 di Pavia en Italie ont mis au point une nouvelle m\u00e9thode de pyrolyse induite par micro-ondes qui offre un moyen abordable et efficace de recycler les c\u00e2bles \u00e9lectriques. La m\u00e9thode carbonise l&rsquo;isolation en PVC et expose le fil de cuivre sans l&rsquo;endommager, ce qui permet une r\u00e9cup\u00e9ration facile sans g\u00e9n\u00e9rer de sous-produits hautement toxiques.<\/p>\n<\/div>\n<div class=\"module wysiwyg -mtPc36 -mtSp28 -mtPc36 -mtSp28\">\n<p class=\"-mtPc36 -mtSp28\"><em>\u00ab\u00a0Les c\u00e2bles VVF sont couramment utilis\u00e9s comme c\u00e2bles d&rsquo;alimentation dans les maisons et les b\u00e2timents et ont une valeur de r\u00e9utilisation \u00e9lev\u00e9e parmi les d\u00e9chets \u00e9lectroniques. Notre m\u00e9thode convient au recyclage et \u00e0 la r\u00e9cup\u00e9ration des d\u00e9chets \u00e9lectroniques contenant des m\u00e9taux et ne n\u00e9cessite aucun pr\u00e9traitement pour s\u00e9parer les plastiques des m\u00e9taux\u00a0\u00bb,<\/em> explique le professeur Satoshi Horikoshi de l&rsquo;universit\u00e9 de Sophia, l&rsquo;un des principaux auteurs de l&rsquo;\u00e9tude.<\/p>\n<\/div>\n<div class=\"module wysiwyg -mtPc36 -mtSp28 -mtPc36 -mtSp28\">\n<p class=\"-mtPc36 -mtSp28\">Les chercheurs ont plac\u00e9 des c\u00e2bles d&rsquo;alimentation VVF bifilaires contenant deux fils de cuivre recouverts d&rsquo;une isolation en PVC dans un r\u00e9acteur en verre et les ont expos\u00e9s \u00e0 un rayonnement micro-ondes de 100, 200 et 300 W. De l&rsquo;azote a \u00e9t\u00e9 introduit dans le r\u00e9acteur pour \u00e9viter toute combustion pendant le processus de pyrolyse. Ils ont test\u00e9 un c\u00e2ble VVF standard de 54 cm et ont coup\u00e9 des morceaux de c\u00e2ble de diff\u00e9rentes longueurs (1 cm, 6 cm, 9 cm, 12 cm et 18 cm).<\/p>\n<\/div>\n<div class=\"module wysiwyg -mtPc36 -mtSp28 -mtPc36 -mtSp28\">\n<p class=\"-mtPc36 -mtSp28\">Il est int\u00e9ressant de noter que l&rsquo;efficacit\u00e9 de la pyrolyse varie en fonction de la longueur du c\u00e2ble par rapport \u00e0 la longueur d&rsquo;onde des micro-ondes, qui est d&rsquo;environ 12,24 cm \u00e0 une fr\u00e9quence de 2,45 GHz. La pyrolyse \u00e9tait plus efficace dans les c\u00e2bles dont les longueurs correspondaient \u00e0 des fractions sp\u00e9cifiques de la longueur d&rsquo;onde. Les c\u00e2bles de 9 cm (environ 3\/4 de la longueur d&rsquo;onde) et de 18 cm (plus longs que la longueur d&rsquo;onde) ont commenc\u00e9 \u00e0 se pyrolyser apr\u00e8s 60 secondes \u00e0 100 W. En revanche, les c\u00e2bles plus courts comme celui de 3 cm (environ 1\/4 de la longueur d&rsquo;onde) ont eu besoin d&rsquo;une puissance plus \u00e9lev\u00e9e (200 W) pour commencer la pyrolyse. D&rsquo;autres longueurs, telles que 1 cm, 6 cm et 12 cm (longueurs d&rsquo;onde enti\u00e8res ou presque enti\u00e8res), n&rsquo;ont montr\u00e9 aucune pyrolyse, m\u00eame \u00e0 300 W.<\/p>\n<\/div>\n<div class=\"module wysiwyg -mtPc36 -mtSp28 -mtPc36 -mtSp28\">\n<p class=\"-mtPc36 -mtSp28\">Les plastiques eux-m\u00eames n&rsquo;absorbent pas les micro-ondes, mais les c\u00e2bles de 9 et 18 cm ont subi une pyrolyse pour plusieurs raisons. Premi\u00e8rement, \u00e0 ces longueurs, les fils de cuivre ont agi comme des antennes, absorbant le rayonnement des micro-ondes et cr\u00e9ant des d\u00e9charges d&rsquo;arc \u00e9lectrique qui ont chauff\u00e9 le PVC sans faire fondre le cuivre. Deuxi\u00e8mement, le champ \u00e9lectrique \u00e9tait plus fort et concentr\u00e9 aux extr\u00e9mit\u00e9s et au centre de ces fils. Le fil de 9 cm avait une intensit\u00e9 de champ \u00e9lectrique environ deux fois sup\u00e9rieure \u00e0 celle du fil de 3 cm, ce qui entra\u00eenait un chauffage plus rapide et plus localis\u00e9. Troisi\u00e8mement, \u00e0 mesure que le PVC se r\u00e9chauffait et se carbonisait, il absorbait mieux les micro-ondes, ce qui acc\u00e9l\u00e9rait encore le processus de pyrolyse.<\/p>\n<\/div>\n<div class=\"module wysiwyg -mtPc36 -mtSp28 -mtPc36 -mtSp28\">\n<p class=\"-mtPc36 -mtSp28\">Au cours du processus de pyrolyse, l&rsquo;isolation en PVC a subi une dichlorination et une carbonisation rapides, ce qui a permis d&rsquo;\u00e9viter la formation de sous-produits nocifs tels que le goudron, les hydrocarbures aromatiques polycycliques (HAP) et les dioxines. \u00a0\u00bb <em>Le chlore peut \u00eatre recycl\u00e9 sous forme d&rsquo;acide chlorhydrique ; le carbone et le charbon actif produits peuvent \u00eatre r\u00e9cup\u00e9r\u00e9s sous forme de noir de carbone\u00a0\u00bb, <\/em>explique le professeur Horikoshi.<\/p>\n<\/div>\n<div class=\"module wysiwyg -mtPc36 -mtSp28 -mtPc36 -mtSp28\">\n<p class=\"-mtPc36 -mtSp28\">Les micro-ondes \u00e9tant capables de chauffer et de d\u00e9composer des fils plus longs que leur longueur d&rsquo;onde, le c\u00e2ble VVF de 54 cm a \u00e9t\u00e9 compl\u00e8tement pyrolys\u00e9 en seulement 12 minutes sous un rayonnement de 300 W, laissant le fil de cuivre intact et non endommag\u00e9.<\/p>\n<\/div>\n<div class=\"module wysiwyg -mtPc36 -mtSp28 -mtPc36 -mtSp28\">\n<p class=\"-mtPc36 -mtSp28\">\u00c0 l&rsquo;heure actuelle, seuls 35 % environ des isolants en PVC sont recycl\u00e9s. Cette m\u00e9thode de pyrolyse assist\u00e9e par micro-ondes offre un moyen plus efficace et moins laborieux de r\u00e9cup\u00e9rer les fils de cuivre des c\u00e2bles en PVC, am\u00e9liorant ainsi le processus de recyclage et s&rsquo;attaquant au probl\u00e8me croissant des d\u00e9chets \u00e9lectroniques.<\/p>\n<\/div>\n<div class=\"module wysiwyg -mtPc36 -mtSp28 -mtPc36 -mtSp28\">\n<p class=\"-mtPc36 -mtSp28\">Gr\u00e2ce \u00e0 cette avanc\u00e9e, le recyclage des d\u00e9chets \u00e9lectroniques pourrait devenir plus propre, plus rapide et beaucoup plus durable, transformant les d\u00e9chets d&rsquo;aujourd&rsquo;hui en tr\u00e9sors de demain.<\/p>\n<\/div>\n","protected":false},"excerpt":{"rendered":"<p>Cette m\u00e9thode offre une approche simple et pratique pour r\u00e9cup\u00e9rer les fils de cuivre des c\u00e2bles en PVC sans g\u00e9n\u00e9rer ou utiliser de produits chimiques toxiques. La demande en produits \u00e9lectroniques a entra\u00een\u00e9 une augmentation significative des d\u00e9chets \u00e9lectroniques. En 2022, environ 62 millions de tonnes de d\u00e9chets \u00e9lectroniques ont \u00e9t\u00e9 g\u00e9n\u00e9r\u00e9es, soit une augmentation [&hellip;]<\/p>\n","protected":false},"author":7,"featured_media":466611,"comment_status":"closed","ping_status":"closed","sticky":false,"template":"","format":"standard","meta":{"_acf_changed":false,"footnotes":""},"categories":[3669,883],"tags":[8318,6953,4322,8317],"domains":[47],"ppma_author":[1139],"class_list":["post-466828","post","type-post","status-publish","format-standard","has-post-thumbnail","hentry","category-nouvelles","category-technologies","tag-cuivre","tag-dechets-electroniques","tag-micro-ondes","tag-recyclage-fr","domains-electronique-eci"],"acf":[],"yoast_head":"<title>Une solution prometteuse pour le recyclage des c\u00e2bles \u00e9lectri...<\/title>\n<meta name=\"description\" content=\"une approche simple et pratique pour r\u00e9cup\u00e9rer les fils de cuivre des c\u00e2bles en PVC sans g\u00e9n\u00e9rer ou utiliser de produits chimiques toxiques\" \/>\n<meta name=\"robots\" content=\"index, follow, max-snippet:-1, max-image-preview:large, max-video-preview:-1\" \/>\n<link rel=\"canonical\" href=\"https:\/\/www.ecinews.fr\/fr\/wp-json\/wp\/v2\/posts\/466828\/\" \/>\n<meta property=\"og:locale\" content=\"fr_FR\" \/>\n<meta property=\"og:type\" content=\"article\" \/>\n<meta property=\"og:title\" content=\"Une solution prometteuse pour le recyclage des c\u00e2bles \u00e9lectriques\" \/>\n<meta property=\"og:description\" content=\"une approche simple et pratique pour r\u00e9cup\u00e9rer les fils de cuivre des c\u00e2bles en PVC sans g\u00e9n\u00e9rer ou utiliser de produits chimiques toxiques\" \/>\n<meta property=\"og:url\" content=\"https:\/\/www.ecinews.fr\/fr\/wp-json\/wp\/v2\/posts\/466828\/\" \/>\n<meta property=\"og:site_name\" content=\"EENewsEurope\" \/>\n<meta property=\"article:published_time\" content=\"2024-12-01T09:05:27+00:00\" \/>\n<meta property=\"article:modified_time\" content=\"2024-12-02T07:50:45+00:00\" \/>\n<meta property=\"og:image\" content=\"https:\/\/www.ecinews.fr\/wp-content\/uploads\/2024\/11\/Screenshot-2024-11-27-at-14.15.53.png\" \/>\n\t<meta property=\"og:image:width\" content=\"546\" \/>\n\t<meta property=\"og:image:height\" content=\"271\" \/>\n\t<meta property=\"og:image:type\" content=\"image\/png\" \/>\n<meta name=\"author\" content=\"Wisse Hettinga\" \/>\n<meta name=\"twitter:card\" content=\"summary_large_image\" \/>\n<meta name=\"twitter:label1\" content=\"Written by\" \/>\n\t<meta name=\"twitter:data1\" content=\"Wisse Hettinga\" \/>\n\t<meta name=\"twitter:label2\" content=\"Est. reading time\" \/>\n\t<meta name=\"twitter:data2\" content=\"4 minutes\" \/>\n<script type=\"application\/ld+json\" class=\"yoast-schema-graph\">{\"@context\":\"https:\/\/schema.org\",\"@graph\":[{\"@type\":\"Article\",\"@id\":\"https:\/\/www.ecinews.fr\/fr\/une-solution-prometteuse-pour-le-recyclage-des-cables-electriques\/#article\",\"isPartOf\":{\"@id\":\"https:\/\/www.ecinews.fr\/fr\/une-solution-prometteuse-pour-le-recyclage-des-cables-electriques\/\"},\"author\":{\"name\":\"Wisse Hettinga\",\"@id\":\"https:\/\/www.eenewseurope.com\/en\/#\/schema\/person\/c6b626c6c65f5e1e7794ce2d17b2ca82\"},\"headline\":\"Une solution prometteuse pour le recyclage des c\u00e2bles \u00e9lectriques\",\"datePublished\":\"2024-12-01T09:05:27+00:00\",\"dateModified\":\"2024-12-02T07:50:45+00:00\",\"mainEntityOfPage\":{\"@id\":\"https:\/\/www.ecinews.fr\/fr\/une-solution-prometteuse-pour-le-recyclage-des-cables-electriques\/\"},\"wordCount\":970,\"publisher\":{\"@id\":\"https:\/\/www.eenewseurope.com\/en\/#organization\"},\"keywords\":[\"Cuivre\",\"d\u00e9chets \u00e9lectroniques\",\"Micro-ondes\",\"recyclage\"],\"articleSection\":[\"Nouvelles\",\"Technologies\"],\"inLanguage\":\"fr-FR\"},{\"@type\":\"WebPage\",\"@id\":\"https:\/\/www.ecinews.fr\/fr\/une-solution-prometteuse-pour-le-recyclage-des-cables-electriques\/\",\"url\":\"https:\/\/www.ecinews.fr\/fr\/une-solution-prometteuse-pour-le-recyclage-des-cables-electriques\/\",\"name\":\"Une solution prometteuse pour le recyclage des c\u00e2bles \u00e9lectriques\",\"isPartOf\":{\"@id\":\"https:\/\/www.eenewseurope.com\/en\/#website\"},\"datePublished\":\"2024-12-01T09:05:27+00:00\",\"dateModified\":\"2024-12-02T07:50:45+00:00\",\"description\":\"une approche simple et pratique pour r\u00e9cup\u00e9rer les fils de cuivre des c\u00e2bles en PVC sans g\u00e9n\u00e9rer ou utiliser de produits chimiques toxiques\",\"breadcrumb\":{\"@id\":\"https:\/\/www.ecinews.fr\/fr\/une-solution-prometteuse-pour-le-recyclage-des-cables-electriques\/#breadcrumb\"},\"inLanguage\":\"fr-FR\",\"potentialAction\":[{\"@type\":\"ReadAction\",\"target\":[\"https:\/\/www.ecinews.fr\/fr\/une-solution-prometteuse-pour-le-recyclage-des-cables-electriques\/\"]}]},{\"@type\":\"BreadcrumbList\",\"@id\":\"https:\/\/www.ecinews.fr\/fr\/une-solution-prometteuse-pour-le-recyclage-des-cables-electriques\/#breadcrumb\",\"itemListElement\":[{\"@type\":\"ListItem\",\"position\":1,\"name\":\"Home\",\"item\":\"https:\/\/www.ecinews.fr\/fr\/\"},{\"@type\":\"ListItem\",\"position\":2,\"name\":\"Une solution prometteuse pour le recyclage des c\u00e2bles \u00e9lectriques\"}]},{\"@type\":\"WebSite\",\"@id\":\"https:\/\/www.eenewseurope.com\/en\/#website\",\"url\":\"https:\/\/www.eenewseurope.com\/en\/\",\"name\":\"EENewsEurope\",\"description\":\"Just another WordPress site\",\"publisher\":{\"@id\":\"https:\/\/www.eenewseurope.com\/en\/#organization\"},\"potentialAction\":[{\"@type\":\"SearchAction\",\"target\":{\"@type\":\"EntryPoint\",\"urlTemplate\":\"https:\/\/www.eenewseurope.com\/en\/?s={search_term_string}\"},\"query-input\":\"required name=search_term_string\"}],\"inLanguage\":\"fr-FR\"},{\"@type\":\"Organization\",\"@id\":\"https:\/\/www.eenewseurope.com\/en\/#organization\",\"name\":\"EENewsEurope\",\"url\":\"https:\/\/www.eenewseurope.com\/en\/\",\"logo\":{\"@type\":\"ImageObject\",\"inLanguage\":\"fr-FR\",\"@id\":\"https:\/\/www.eenewseurope.com\/en\/#\/schema\/logo\/image\/\",\"url\":\"https:\/\/www.ecinews.fr\/wp-content\/uploads\/2022\/02\/logo-1.jpg\",\"contentUrl\":\"https:\/\/www.ecinews.fr\/wp-content\/uploads\/2022\/02\/logo-1.jpg\",\"width\":283,\"height\":113,\"caption\":\"EENewsEurope\"},\"image\":{\"@id\":\"https:\/\/www.eenewseurope.com\/en\/#\/schema\/logo\/image\/\"}},{\"@type\":\"Person\",\"@id\":\"https:\/\/www.eenewseurope.com\/en\/#\/schema\/person\/c6b626c6c65f5e1e7794ce2d17b2ca82\",\"name\":\"Wisse Hettinga\",\"image\":{\"@type\":\"ImageObject\",\"inLanguage\":\"fr-FR\",\"@id\":\"https:\/\/www.eenewseurope.com\/en\/#\/schema\/person\/image\/5dc5f564ca306d7cb8b22735be49a465\",\"url\":\"https:\/\/secure.gravatar.com\/avatar\/24a36fe68de56eac2a45cbaf9aa4bb58?s=96&d=mm&r=g\",\"contentUrl\":\"https:\/\/secure.gravatar.com\/avatar\/24a36fe68de56eac2a45cbaf9aa4bb58?s=96&d=mm&r=g\",\"caption\":\"Wisse Hettinga\"}}]}<\/script>","yoast_head_json":{"title":"Une solution prometteuse pour le recyclage des c\u00e2bles \u00e9lectri...","description":"une approche simple et pratique pour r\u00e9cup\u00e9rer les fils de cuivre des c\u00e2bles en PVC sans g\u00e9n\u00e9rer ou utiliser de produits chimiques toxiques","robots":{"index":"index","follow":"follow","max-snippet":"max-snippet:-1","max-image-preview":"max-image-preview:large","max-video-preview":"max-video-preview:-1"},"canonical":"https:\/\/www.ecinews.fr\/fr\/wp-json\/wp\/v2\/posts\/466828\/","og_locale":"fr_FR","og_type":"article","og_title":"Une solution prometteuse pour le recyclage des c\u00e2bles \u00e9lectriques","og_description":"une approche simple et pratique pour r\u00e9cup\u00e9rer les fils de cuivre des c\u00e2bles en PVC sans g\u00e9n\u00e9rer ou utiliser de produits chimiques toxiques","og_url":"https:\/\/www.ecinews.fr\/fr\/wp-json\/wp\/v2\/posts\/466828\/","og_site_name":"EENewsEurope","article_published_time":"2024-12-01T09:05:27+00:00","article_modified_time":"2024-12-02T07:50:45+00:00","og_image":[{"width":546,"height":271,"url":"https:\/\/www.ecinews.fr\/wp-content\/uploads\/2024\/11\/Screenshot-2024-11-27-at-14.15.53.png","type":"image\/png"}],"author":"Wisse Hettinga","twitter_card":"summary_large_image","twitter_misc":{"Written by":"Wisse Hettinga","Est. reading time":"4 minutes"},"schema":{"@context":"https:\/\/schema.org","@graph":[{"@type":"Article","@id":"https:\/\/www.ecinews.fr\/fr\/une-solution-prometteuse-pour-le-recyclage-des-cables-electriques\/#article","isPartOf":{"@id":"https:\/\/www.ecinews.fr\/fr\/une-solution-prometteuse-pour-le-recyclage-des-cables-electriques\/"},"author":{"name":"Wisse Hettinga","@id":"https:\/\/www.eenewseurope.com\/en\/#\/schema\/person\/c6b626c6c65f5e1e7794ce2d17b2ca82"},"headline":"Une solution prometteuse pour le recyclage des c\u00e2bles \u00e9lectriques","datePublished":"2024-12-01T09:05:27+00:00","dateModified":"2024-12-02T07:50:45+00:00","mainEntityOfPage":{"@id":"https:\/\/www.ecinews.fr\/fr\/une-solution-prometteuse-pour-le-recyclage-des-cables-electriques\/"},"wordCount":970,"publisher":{"@id":"https:\/\/www.eenewseurope.com\/en\/#organization"},"keywords":["Cuivre","d\u00e9chets \u00e9lectroniques","Micro-ondes","recyclage"],"articleSection":["Nouvelles","Technologies"],"inLanguage":"fr-FR"},{"@type":"WebPage","@id":"https:\/\/www.ecinews.fr\/fr\/une-solution-prometteuse-pour-le-recyclage-des-cables-electriques\/","url":"https:\/\/www.ecinews.fr\/fr\/une-solution-prometteuse-pour-le-recyclage-des-cables-electriques\/","name":"Une solution prometteuse pour le recyclage des c\u00e2bles \u00e9lectriques","isPartOf":{"@id":"https:\/\/www.eenewseurope.com\/en\/#website"},"datePublished":"2024-12-01T09:05:27+00:00","dateModified":"2024-12-02T07:50:45+00:00","description":"une approche simple et pratique pour r\u00e9cup\u00e9rer les fils de cuivre des c\u00e2bles en PVC sans g\u00e9n\u00e9rer ou utiliser de produits chimiques toxiques","breadcrumb":{"@id":"https:\/\/www.ecinews.fr\/fr\/une-solution-prometteuse-pour-le-recyclage-des-cables-electriques\/#breadcrumb"},"inLanguage":"fr-FR","potentialAction":[{"@type":"ReadAction","target":["https:\/\/www.ecinews.fr\/fr\/une-solution-prometteuse-pour-le-recyclage-des-cables-electriques\/"]}]},{"@type":"BreadcrumbList","@id":"https:\/\/www.ecinews.fr\/fr\/une-solution-prometteuse-pour-le-recyclage-des-cables-electriques\/#breadcrumb","itemListElement":[{"@type":"ListItem","position":1,"name":"Home","item":"https:\/\/www.ecinews.fr\/fr\/"},{"@type":"ListItem","position":2,"name":"Une solution prometteuse pour le recyclage des c\u00e2bles \u00e9lectriques"}]},{"@type":"WebSite","@id":"https:\/\/www.eenewseurope.com\/en\/#website","url":"https:\/\/www.eenewseurope.com\/en\/","name":"EENewsEurope","description":"Just another WordPress site","publisher":{"@id":"https:\/\/www.eenewseurope.com\/en\/#organization"},"potentialAction":[{"@type":"SearchAction","target":{"@type":"EntryPoint","urlTemplate":"https:\/\/www.eenewseurope.com\/en\/?s={search_term_string}"},"query-input":"required name=search_term_string"}],"inLanguage":"fr-FR"},{"@type":"Organization","@id":"https:\/\/www.eenewseurope.com\/en\/#organization","name":"EENewsEurope","url":"https:\/\/www.eenewseurope.com\/en\/","logo":{"@type":"ImageObject","inLanguage":"fr-FR","@id":"https:\/\/www.eenewseurope.com\/en\/#\/schema\/logo\/image\/","url":"https:\/\/www.ecinews.fr\/wp-content\/uploads\/2022\/02\/logo-1.jpg","contentUrl":"https:\/\/www.ecinews.fr\/wp-content\/uploads\/2022\/02\/logo-1.jpg","width":283,"height":113,"caption":"EENewsEurope"},"image":{"@id":"https:\/\/www.eenewseurope.com\/en\/#\/schema\/logo\/image\/"}},{"@type":"Person","@id":"https:\/\/www.eenewseurope.com\/en\/#\/schema\/person\/c6b626c6c65f5e1e7794ce2d17b2ca82","name":"Wisse Hettinga","image":{"@type":"ImageObject","inLanguage":"fr-FR","@id":"https:\/\/www.eenewseurope.com\/en\/#\/schema\/person\/image\/5dc5f564ca306d7cb8b22735be49a465","url":"https:\/\/secure.gravatar.com\/avatar\/24a36fe68de56eac2a45cbaf9aa4bb58?s=96&d=mm&r=g","contentUrl":"https:\/\/secure.gravatar.com\/avatar\/24a36fe68de56eac2a45cbaf9aa4bb58?s=96&d=mm&r=g","caption":"Wisse Hettinga"}}]}},"authors":[{"term_id":1139,"user_id":7,"is_guest":0,"slug":"wisse-hettinga","display_name":"Wisse Hettinga","avatar_url":"https:\/\/secure.gravatar.com\/avatar\/24a36fe68de56eac2a45cbaf9aa4bb58?s=96&d=mm&r=g","0":null,"1":"","2":"","3":"","4":"","5":"","6":"","7":"","8":""}],"_links":{"self":[{"href":"https:\/\/www.ecinews.fr\/fr\/wp-json\/wp\/v2\/posts\/466828"}],"collection":[{"href":"https:\/\/www.ecinews.fr\/fr\/wp-json\/wp\/v2\/posts"}],"about":[{"href":"https:\/\/www.ecinews.fr\/fr\/wp-json\/wp\/v2\/types\/post"}],"author":[{"embeddable":true,"href":"https:\/\/www.ecinews.fr\/fr\/wp-json\/wp\/v2\/users\/7"}],"replies":[{"embeddable":true,"href":"https:\/\/www.ecinews.fr\/fr\/wp-json\/wp\/v2\/comments?post=466828"}],"version-history":[{"count":0,"href":"https:\/\/www.ecinews.fr\/fr\/wp-json\/wp\/v2\/posts\/466828\/revisions"}],"wp:featuredmedia":[{"embeddable":true,"href":"https:\/\/www.ecinews.fr\/fr\/wp-json\/wp\/v2\/media\/466611"}],"wp:attachment":[{"href":"https:\/\/www.ecinews.fr\/fr\/wp-json\/wp\/v2\/media?parent=466828"}],"wp:term":[{"taxonomy":"category","embeddable":true,"href":"https:\/\/www.ecinews.fr\/fr\/wp-json\/wp\/v2\/categories?post=466828"},{"taxonomy":"post_tag","embeddable":true,"href":"https:\/\/www.ecinews.fr\/fr\/wp-json\/wp\/v2\/tags?post=466828"},{"taxonomy":"domains","embeddable":true,"href":"https:\/\/www.ecinews.fr\/fr\/wp-json\/wp\/v2\/domains?post=466828"},{"taxonomy":"author","embeddable":true,"href":"https:\/\/www.ecinews.fr\/fr\/wp-json\/wp\/v2\/ppma_author?post=466828"}],"curies":[{"name":"wp","href":"https:\/\/api.w.org\/{rel}","templated":true}]}}