{"id":466201,"date":"2024-11-25T19:54:52","date_gmt":"2024-11-25T18:54:52","guid":{"rendered":"https:\/\/www.ecinews.fr\/?p=466201"},"modified":"2024-11-22T20:04:31","modified_gmt":"2024-11-22T19:04:31","slug":"ue-modifier-les-regles-relatives-au-transfert-de-technologies-et-aux-communautes-de-brevets","status":"publish","type":"post","link":"https:\/\/www.ecinews.fr\/fr\/ue-modifier-les-regles-relatives-au-transfert-de-technologies-et-aux-communautes-de-brevets\/","title":{"rendered":"UE :  modifier les r\u00e8gles relatives au transfert de technologies et aux communaut\u00e9s de brevets ?"},"content":{"rendered":"<h3><span style=\"font-size: 16px;\">La Commission europ\u00e9enne envisage de modifier la r\u00e9glementation relative aux accords de transfert de technologie, en particulier en ce qui concerne les groupes de licences de brevets.<\/span><\/h3>\n<p>Le r\u00e8glement d&rsquo;exemption par cat\u00e9gorie en faveur du transfert de technologie (RATT) est en place depuis 2014, mais il expire le 30 avril 2026. Une \u00e9tude, qui vient d&rsquo;\u00eatre publi\u00e9e\u00a0 a r\u00e9v\u00e9l\u00e9 qu&rsquo;il existait une demande pour inclure les donn\u00e9es et les droits sur les donn\u00e9es, ainsi que les groupes de licences de brevets, de plus en plus puissants.<\/p>\n<p>La Commission va maintenant lancer une \u00e9tude d&rsquo;impact afin d&rsquo;examiner les options politiques pour une r\u00e9vision des r\u00e8gles. Cela sera essentiel pour le d\u00e9veloppement de la fabrication de batteries en Europe, o\u00f9 le transfert de technologie est primordial.<\/p>\n<p>\u00ab\u00a0Notre \u00e9valuation a montr\u00e9 que les r\u00e8gles actuelles se sont av\u00e9r\u00e9es utiles aux entreprises pour d\u00e9terminer si leurs accords de transfert de technologie sont conformes aux r\u00e8gles de concurrence de l&rsquo;UE. Dans le m\u00eame temps, l&rsquo;\u00e9valuation a mis en \u00e9vidence plusieurs domaines dans lesquels les r\u00e8gles pourraient n\u00e9cessiter une mise \u00e0 jour afin de refl\u00e9ter les \u00e9volutions r\u00e9centes du march\u00e9 et de renforcer la s\u00e9curit\u00e9 juridique. Nous allons maintenant r\u00e9fl\u00e9chir \u00e0 la mani\u00e8re d&rsquo;aborder ces questions afin de garantir que les r\u00e8gles restent adapt\u00e9es \u00e0 leur objectif\u00a0\u00bb, a d\u00e9clar\u00e9 Margrethe Vestager, vice-pr\u00e9sidente ex\u00e9cutive sortante charg\u00e9e de la politique de concurrence.<\/p>\n<p>L&rsquo;\u00e9tude a montr\u00e9 que le r\u00e8glement d&rsquo;exemption par cat\u00e9gorie des accords de transfert de technologie et les lignes directrices qui l&rsquo;accompagnent ont largement r\u00e9ussi \u00e0 aider les entreprises \u00e0 \u00e9valuer elles-m\u00eames la conformit\u00e9 de leurs accords de transfert de technologie avec les r\u00e8gles de concurrence de l&rsquo;UE.<\/p>\n<p><strong>Des r\u00e8gles a am\u00e9liorer<\/strong><\/p>\n<p>Elle a toutefois constat\u00e9 qu&rsquo;ils pouvaient \u00eatre am\u00e9lior\u00e9s dans certains domaines afin de refl\u00e9ter l&rsquo;\u00e9volution r\u00e9cente du march\u00e9. Certaines parties prenantes ont relev\u00e9 des difficult\u00e9s pratiques dans l&rsquo;application de l&rsquo;un des deux seuils de part de march\u00e9 pr\u00e9vus par le r\u00e8glement d&rsquo;exemption par cat\u00e9gorie des accords de transfert de technologie. Ces seuils couvrent les transactions avec des entreprises ayant une part de march\u00e9 cumul\u00e9e de 20 % ou une part de march\u00e9 unique de 30 %.<\/p>\n<p>Les parties prenantes ont \u00e9galement sugg\u00e9r\u00e9 d&rsquo;\u00e9largir le champ d&rsquo;application du r\u00e8glement d&rsquo;exemption par cat\u00e9gorie des accords de transfert de technologie pour couvrir l&rsquo;octroi de licences de donn\u00e9es ou de droits sur les donn\u00e9es, qui rev\u00eatent une importance croissante dans l&rsquo;\u00e9conomie num\u00e9rique, et\/ou de fournir des orientations sur cette question dans les lignes directrices.<\/p>\n<p>Certaines parties prenantes estiment que la Commission devrait fournir des orientations sur l&rsquo;\u00e9valuation, au regard du droit de la concurrence, des groupes de n\u00e9gociation de licences<\/p>\n<p>Le r\u00e8glement d&rsquo;exemption par cat\u00e9gorie exempte certaines cat\u00e9gories d&rsquo;accords de transfert de technologie de l&rsquo;interdiction des accords anticoncurrentiels afin de renforcer la recherche et le d\u00e9veloppement, la diffusion des technologies et de stimuler la concurrence. Il couvre certains droits technologiques, tels que les brevets, les droits de conception ou les droits d&rsquo;auteur sur les logiciels, pour la production de biens ou de services.<\/p>\n<p>\u00a0<a href=\"https:\/\/eur-lex.europa.eu\/legal-content\/EN\/TXT\/PDF\/?uri=CELEX:32014R0316&amp;from=CS\">(RATT<\/a>)<\/p>\n<p>Il existe une <a href=\"https:\/\/competition-policy.ec.europa.eu\/public-consultations\/2023-technology-transfer_en\">page web<\/a> d\u00e9di\u00e9e au <a href=\"https:\/\/competition-policy.ec.europa.eu\/public-consultations\/2023-technology-transfer_en\">r\u00e8glement d&rsquo;exemption par cat\u00e9gorie et \u00e0 l&rsquo;examen des lignes directrices.<\/a><\/p>\n<p>&nbsp;<\/p>\n<p>&nbsp;<\/p>\n","protected":false},"excerpt":{"rendered":"<p>La Commission europ\u00e9enne envisage de modifier la r\u00e9glementation relative aux accords de transfert de technologie, en particulier en ce qui concerne les groupes de licences de brevets. Le r\u00e8glement d&rsquo;exemption par cat\u00e9gorie en faveur du transfert de technologie (RATT) est en place depuis 2014, mais il expire le 30 avril 2026. Une \u00e9tude, qui vient [&hellip;]<\/p>\n","protected":false},"author":11,"featured_media":267592,"comment_status":"closed","ping_status":"closed","sticky":false,"template":"","format":"standard","meta":{"_acf_changed":false,"footnotes":""},"categories":[886,883],"tags":[8237],"domains":[47],"ppma_author":[3640,1143],"class_list":["post-466201","post","type-post","status-publish","format-standard","has-post-thumbnail","hentry","category-news-fr","category-technologies","tag-transfert-de-technologies","domains-electronique-eci"],"acf":[],"yoast_head":"<title>UE : modifier les r\u00e8gles relatives au transfert de technologie...<\/title>\n<meta name=\"description\" content=\"UE : modifier la r\u00e9glementation relative aux accords de transfert de technologie et aux groupes de concession de licences de brevets.\" \/>\n<meta name=\"robots\" content=\"index, follow, max-snippet:-1, max-image-preview:large, max-video-preview:-1\" \/>\n<link rel=\"canonical\" href=\"https:\/\/www.ecinews.fr\/fr\/wp-json\/wp\/v2\/posts\/466201\/\" \/>\n<meta property=\"og:locale\" content=\"fr_FR\" \/>\n<meta property=\"og:type\" content=\"article\" \/>\n<meta property=\"og:title\" content=\"UE : modifier les r\u00e8gles relatives au transfert de technologies et aux communaut\u00e9s de brevets ?\" \/>\n<meta property=\"og:description\" content=\"UE : modifier la r\u00e9glementation relative aux accords de transfert de technologie et aux groupes de concession de licences de brevets.\" \/>\n<meta property=\"og:url\" content=\"https:\/\/www.ecinews.fr\/fr\/wp-json\/wp\/v2\/posts\/466201\/\" \/>\n<meta property=\"og:site_name\" content=\"EENewsEurope\" \/>\n<meta property=\"article:published_time\" content=\"2024-11-25T18:54:52+00:00\" \/>\n<meta property=\"article:modified_time\" content=\"2024-11-22T19:04:31+00:00\" \/>\n<meta property=\"og:image\" content=\"https:\/\/www.ecinews.fr\/wp-content\/uploads\/2022\/01\/EuropeanFlag630-1.jpg\" \/>\n\t<meta property=\"og:image:width\" content=\"630\" \/>\n\t<meta property=\"og:image:height\" content=\"376\" \/>\n\t<meta property=\"og:image:type\" content=\"image\/jpeg\" \/>\n<meta name=\"author\" content=\"Nick Flaherty, Daniel Cardon\" \/>\n<meta name=\"twitter:card\" content=\"summary_large_image\" \/>\n<meta name=\"twitter:label1\" content=\"Written by\" \/>\n\t<meta name=\"twitter:data1\" content=\"Daniel Cardon\" \/>\n\t<meta name=\"twitter:label2\" content=\"Est. reading time\" \/>\n\t<meta name=\"twitter:data2\" content=\"3 minutes\" \/>\n<script type=\"application\/ld+json\" class=\"yoast-schema-graph\">{\"@context\":\"https:\/\/schema.org\",\"@graph\":[{\"@type\":\"Article\",\"@id\":\"https:\/\/www.ecinews.fr\/fr\/ue-modifier-les-regles-relatives-au-transfert-de-technologies-et-aux-communautes-de-brevets\/#article\",\"isPartOf\":{\"@id\":\"https:\/\/www.ecinews.fr\/fr\/ue-modifier-les-regles-relatives-au-transfert-de-technologies-et-aux-communautes-de-brevets\/\"},\"author\":{\"name\":\"Daniel Cardon\",\"@id\":\"https:\/\/www.eenewseurope.com\/en\/#\/schema\/person\/93c44cde463762f40a8236eaa44c1c17\"},\"headline\":\"UE : modifier les r\u00e8gles relatives au transfert de technologies et aux communaut\u00e9s de brevets ?\",\"datePublished\":\"2024-11-25T18:54:52+00:00\",\"dateModified\":\"2024-11-22T19:04:31+00:00\",\"mainEntityOfPage\":{\"@id\":\"https:\/\/www.ecinews.fr\/fr\/ue-modifier-les-regles-relatives-au-transfert-de-technologies-et-aux-communautes-de-brevets\/\"},\"wordCount\":611,\"publisher\":{\"@id\":\"https:\/\/www.eenewseurope.com\/en\/#organization\"},\"keywords\":[\"transfert de technologies\"],\"articleSection\":[\"Actualit\u00e9 g\u00e9n\u00e9rale\",\"Technologies\"],\"inLanguage\":\"fr-FR\"},{\"@type\":\"WebPage\",\"@id\":\"https:\/\/www.ecinews.fr\/fr\/ue-modifier-les-regles-relatives-au-transfert-de-technologies-et-aux-communautes-de-brevets\/\",\"url\":\"https:\/\/www.ecinews.fr\/fr\/ue-modifier-les-regles-relatives-au-transfert-de-technologies-et-aux-communautes-de-brevets\/\",\"name\":\"UE : modifier les r\u00e8gles relatives au transfert de technologies et aux communaut\u00e9s de brevets ? -\",\"isPartOf\":{\"@id\":\"https:\/\/www.eenewseurope.com\/en\/#website\"},\"datePublished\":\"2024-11-25T18:54:52+00:00\",\"dateModified\":\"2024-11-22T19:04:31+00:00\",\"description\":\"UE : modifier la r\u00e9glementation relative aux accords de transfert de technologie et aux groupes de concession de licences de brevets.\",\"breadcrumb\":{\"@id\":\"https:\/\/www.ecinews.fr\/fr\/ue-modifier-les-regles-relatives-au-transfert-de-technologies-et-aux-communautes-de-brevets\/#breadcrumb\"},\"inLanguage\":\"fr-FR\",\"potentialAction\":[{\"@type\":\"ReadAction\",\"target\":[\"https:\/\/www.ecinews.fr\/fr\/ue-modifier-les-regles-relatives-au-transfert-de-technologies-et-aux-communautes-de-brevets\/\"]}]},{\"@type\":\"BreadcrumbList\",\"@id\":\"https:\/\/www.ecinews.fr\/fr\/ue-modifier-les-regles-relatives-au-transfert-de-technologies-et-aux-communautes-de-brevets\/#breadcrumb\",\"itemListElement\":[{\"@type\":\"ListItem\",\"position\":1,\"name\":\"Home\",\"item\":\"https:\/\/www.ecinews.fr\/fr\/\"},{\"@type\":\"ListItem\",\"position\":2,\"name\":\"UE : modifier les r\u00e8gles relatives au transfert de technologies et aux communaut\u00e9s de brevets ?\"}]},{\"@type\":\"WebSite\",\"@id\":\"https:\/\/www.eenewseurope.com\/en\/#website\",\"url\":\"https:\/\/www.eenewseurope.com\/en\/\",\"name\":\"EENewsEurope\",\"description\":\"Just another WordPress site\",\"publisher\":{\"@id\":\"https:\/\/www.eenewseurope.com\/en\/#organization\"},\"potentialAction\":[{\"@type\":\"SearchAction\",\"target\":{\"@type\":\"EntryPoint\",\"urlTemplate\":\"https:\/\/www.eenewseurope.com\/en\/?s={search_term_string}\"},\"query-input\":\"required name=search_term_string\"}],\"inLanguage\":\"fr-FR\"},{\"@type\":\"Organization\",\"@id\":\"https:\/\/www.eenewseurope.com\/en\/#organization\",\"name\":\"EENewsEurope\",\"url\":\"https:\/\/www.eenewseurope.com\/en\/\",\"logo\":{\"@type\":\"ImageObject\",\"inLanguage\":\"fr-FR\",\"@id\":\"https:\/\/www.eenewseurope.com\/en\/#\/schema\/logo\/image\/\",\"url\":\"https:\/\/www.ecinews.fr\/wp-content\/uploads\/2022\/02\/logo-1.jpg\",\"contentUrl\":\"https:\/\/www.ecinews.fr\/wp-content\/uploads\/2022\/02\/logo-1.jpg\",\"width\":283,\"height\":113,\"caption\":\"EENewsEurope\"},\"image\":{\"@id\":\"https:\/\/www.eenewseurope.com\/en\/#\/schema\/logo\/image\/\"}},{\"@type\":\"Person\",\"@id\":\"https:\/\/www.eenewseurope.com\/en\/#\/schema\/person\/93c44cde463762f40a8236eaa44c1c17\",\"name\":\"Daniel Cardon\",\"image\":{\"@type\":\"ImageObject\",\"inLanguage\":\"fr-FR\",\"@id\":\"https:\/\/www.eenewseurope.com\/en\/#\/schema\/person\/image\/2b243f6bcc1cff7d86aadfb2cd0bd870\",\"url\":\"https:\/\/secure.gravatar.com\/avatar\/de9edc136dfc061ad4778e04635baefa?s=96&d=mm&r=g\",\"contentUrl\":\"https:\/\/secure.gravatar.com\/avatar\/de9edc136dfc061ad4778e04635baefa?s=96&d=mm&r=g\",\"caption\":\"Daniel Cardon\"}}]}<\/script>","yoast_head_json":{"title":"UE : modifier les r\u00e8gles relatives au transfert de technologie...","description":"UE : modifier la r\u00e9glementation relative aux accords de transfert de technologie et aux groupes de concession de licences de brevets.","robots":{"index":"index","follow":"follow","max-snippet":"max-snippet:-1","max-image-preview":"max-image-preview:large","max-video-preview":"max-video-preview:-1"},"canonical":"https:\/\/www.ecinews.fr\/fr\/wp-json\/wp\/v2\/posts\/466201\/","og_locale":"fr_FR","og_type":"article","og_title":"UE : modifier les r\u00e8gles relatives au transfert de technologies et aux communaut\u00e9s de brevets ?","og_description":"UE : modifier la r\u00e9glementation relative aux accords de transfert de technologie et aux groupes de concession de licences de brevets.","og_url":"https:\/\/www.ecinews.fr\/fr\/wp-json\/wp\/v2\/posts\/466201\/","og_site_name":"EENewsEurope","article_published_time":"2024-11-25T18:54:52+00:00","article_modified_time":"2024-11-22T19:04:31+00:00","og_image":[{"width":630,"height":376,"url":"https:\/\/www.ecinews.fr\/wp-content\/uploads\/2022\/01\/EuropeanFlag630-1.jpg","type":"image\/jpeg"}],"author":"Nick Flaherty, Daniel Cardon","twitter_card":"summary_large_image","twitter_misc":{"Written by":"Daniel Cardon","Est. reading time":"3 minutes"},"schema":{"@context":"https:\/\/schema.org","@graph":[{"@type":"Article","@id":"https:\/\/www.ecinews.fr\/fr\/ue-modifier-les-regles-relatives-au-transfert-de-technologies-et-aux-communautes-de-brevets\/#article","isPartOf":{"@id":"https:\/\/www.ecinews.fr\/fr\/ue-modifier-les-regles-relatives-au-transfert-de-technologies-et-aux-communautes-de-brevets\/"},"author":{"name":"Daniel Cardon","@id":"https:\/\/www.eenewseurope.com\/en\/#\/schema\/person\/93c44cde463762f40a8236eaa44c1c17"},"headline":"UE : modifier les r\u00e8gles relatives au transfert de technologies et aux communaut\u00e9s de brevets ?","datePublished":"2024-11-25T18:54:52+00:00","dateModified":"2024-11-22T19:04:31+00:00","mainEntityOfPage":{"@id":"https:\/\/www.ecinews.fr\/fr\/ue-modifier-les-regles-relatives-au-transfert-de-technologies-et-aux-communautes-de-brevets\/"},"wordCount":611,"publisher":{"@id":"https:\/\/www.eenewseurope.com\/en\/#organization"},"keywords":["transfert de technologies"],"articleSection":["Actualit\u00e9 g\u00e9n\u00e9rale","Technologies"],"inLanguage":"fr-FR"},{"@type":"WebPage","@id":"https:\/\/www.ecinews.fr\/fr\/ue-modifier-les-regles-relatives-au-transfert-de-technologies-et-aux-communautes-de-brevets\/","url":"https:\/\/www.ecinews.fr\/fr\/ue-modifier-les-regles-relatives-au-transfert-de-technologies-et-aux-communautes-de-brevets\/","name":"UE : modifier les r\u00e8gles relatives au transfert de technologies et aux communaut\u00e9s de brevets ? -","isPartOf":{"@id":"https:\/\/www.eenewseurope.com\/en\/#website"},"datePublished":"2024-11-25T18:54:52+00:00","dateModified":"2024-11-22T19:04:31+00:00","description":"UE : modifier la r\u00e9glementation relative aux accords de transfert de technologie et aux groupes de concession de licences de brevets.","breadcrumb":{"@id":"https:\/\/www.ecinews.fr\/fr\/ue-modifier-les-regles-relatives-au-transfert-de-technologies-et-aux-communautes-de-brevets\/#breadcrumb"},"inLanguage":"fr-FR","potentialAction":[{"@type":"ReadAction","target":["https:\/\/www.ecinews.fr\/fr\/ue-modifier-les-regles-relatives-au-transfert-de-technologies-et-aux-communautes-de-brevets\/"]}]},{"@type":"BreadcrumbList","@id":"https:\/\/www.ecinews.fr\/fr\/ue-modifier-les-regles-relatives-au-transfert-de-technologies-et-aux-communautes-de-brevets\/#breadcrumb","itemListElement":[{"@type":"ListItem","position":1,"name":"Home","item":"https:\/\/www.ecinews.fr\/fr\/"},{"@type":"ListItem","position":2,"name":"UE : modifier les r\u00e8gles relatives au transfert de technologies et aux communaut\u00e9s de brevets ?"}]},{"@type":"WebSite","@id":"https:\/\/www.eenewseurope.com\/en\/#website","url":"https:\/\/www.eenewseurope.com\/en\/","name":"EENewsEurope","description":"Just another WordPress site","publisher":{"@id":"https:\/\/www.eenewseurope.com\/en\/#organization"},"potentialAction":[{"@type":"SearchAction","target":{"@type":"EntryPoint","urlTemplate":"https:\/\/www.eenewseurope.com\/en\/?s={search_term_string}"},"query-input":"required name=search_term_string"}],"inLanguage":"fr-FR"},{"@type":"Organization","@id":"https:\/\/www.eenewseurope.com\/en\/#organization","name":"EENewsEurope","url":"https:\/\/www.eenewseurope.com\/en\/","logo":{"@type":"ImageObject","inLanguage":"fr-FR","@id":"https:\/\/www.eenewseurope.com\/en\/#\/schema\/logo\/image\/","url":"https:\/\/www.ecinews.fr\/wp-content\/uploads\/2022\/02\/logo-1.jpg","contentUrl":"https:\/\/www.ecinews.fr\/wp-content\/uploads\/2022\/02\/logo-1.jpg","width":283,"height":113,"caption":"EENewsEurope"},"image":{"@id":"https:\/\/www.eenewseurope.com\/en\/#\/schema\/logo\/image\/"}},{"@type":"Person","@id":"https:\/\/www.eenewseurope.com\/en\/#\/schema\/person\/93c44cde463762f40a8236eaa44c1c17","name":"Daniel Cardon","image":{"@type":"ImageObject","inLanguage":"fr-FR","@id":"https:\/\/www.eenewseurope.com\/en\/#\/schema\/person\/image\/2b243f6bcc1cff7d86aadfb2cd0bd870","url":"https:\/\/secure.gravatar.com\/avatar\/de9edc136dfc061ad4778e04635baefa?s=96&d=mm&r=g","contentUrl":"https:\/\/secure.gravatar.com\/avatar\/de9edc136dfc061ad4778e04635baefa?s=96&d=mm&r=g","caption":"Daniel Cardon"}}]}},"authors":[{"term_id":3640,"user_id":0,"is_guest":1,"slug":"nick-flaherty","display_name":"Nick Flaherty","avatar_url":"https:\/\/secure.gravatar.com\/avatar\/?s=96&d=mm&r=g","0":null,"1":"","2":"","3":"","4":"","5":"","6":"","7":"","8":""},{"term_id":1143,"user_id":11,"is_guest":0,"slug":"danielcardon","display_name":"Daniel Cardon","avatar_url":"https:\/\/secure.gravatar.com\/avatar\/de9edc136dfc061ad4778e04635baefa?s=96&d=mm&r=g","0":null,"1":"","2":"","3":"","4":"","5":"","6":"","7":"","8":""}],"_links":{"self":[{"href":"https:\/\/www.ecinews.fr\/fr\/wp-json\/wp\/v2\/posts\/466201"}],"collection":[{"href":"https:\/\/www.ecinews.fr\/fr\/wp-json\/wp\/v2\/posts"}],"about":[{"href":"https:\/\/www.ecinews.fr\/fr\/wp-json\/wp\/v2\/types\/post"}],"author":[{"embeddable":true,"href":"https:\/\/www.ecinews.fr\/fr\/wp-json\/wp\/v2\/users\/11"}],"replies":[{"embeddable":true,"href":"https:\/\/www.ecinews.fr\/fr\/wp-json\/wp\/v2\/comments?post=466201"}],"version-history":[{"count":0,"href":"https:\/\/www.ecinews.fr\/fr\/wp-json\/wp\/v2\/posts\/466201\/revisions"}],"wp:featuredmedia":[{"embeddable":true,"href":"https:\/\/www.ecinews.fr\/fr\/wp-json\/wp\/v2\/media\/267592"}],"wp:attachment":[{"href":"https:\/\/www.ecinews.fr\/fr\/wp-json\/wp\/v2\/media?parent=466201"}],"wp:term":[{"taxonomy":"category","embeddable":true,"href":"https:\/\/www.ecinews.fr\/fr\/wp-json\/wp\/v2\/categories?post=466201"},{"taxonomy":"post_tag","embeddable":true,"href":"https:\/\/www.ecinews.fr\/fr\/wp-json\/wp\/v2\/tags?post=466201"},{"taxonomy":"domains","embeddable":true,"href":"https:\/\/www.ecinews.fr\/fr\/wp-json\/wp\/v2\/domains?post=466201"},{"taxonomy":"author","embeddable":true,"href":"https:\/\/www.ecinews.fr\/fr\/wp-json\/wp\/v2\/ppma_author?post=466201"}],"curies":[{"name":"wp","href":"https:\/\/api.w.org\/{rel}","templated":true}]}}