{"id":465909,"date":"2024-11-20T17:09:58","date_gmt":"2024-11-20T16:09:58","guid":{"rendered":"https:\/\/www.ecinews.fr\/?p=465909"},"modified":"2024-11-20T17:09:58","modified_gmt":"2024-11-20T16:09:58","slug":"500-emplois-supplementaires-sur-la-sellette-chez-ams-osram","status":"publish","type":"post","link":"https:\/\/www.ecinews.fr\/fr\/500-emplois-supplementaires-sur-la-sellette-chez-ams-osram\/","title":{"rendered":"500 emplois suppl\u00e9mentaires sur la sellette chez AMS-Osram"},"content":{"rendered":"<h2>Bien qu&rsquo;elle ait enregistr\u00e9 des b\u00e9n\u00e9fices au troisi\u00e8me trimestre de l&rsquo;ann\u00e9e 24, la soci\u00e9t\u00e9 AMS-Osram (Premstaetten, Autriche) a d\u00e9clar\u00e9 qu&rsquo;elle pr\u00e9voyait d'\u00a0\u00bbaugmenter\u00a0\u00bb son programme de r\u00e9duction des co\u00fbts \u00ab\u00a0R\u00e9tablir la base\u00a0\u00bb, qui concernerait plus de 500 employ\u00e9s suppl\u00e9mentaires.<\/h2>\n<p>Dans le cadre de la publication de ses r\u00e9sultats financiers pour le troisi\u00e8me trimestre de l&rsquo;ann\u00e9e 24, AMS-Osram a d\u00e9clar\u00e9 que l&rsquo;ex\u00e9cution du programme \u00ab\u00a0R\u00e9tablir la base\u00a0\u00bb avait bien progress\u00e9, avec 85 millions d&rsquo;euros d&rsquo;\u00e9conomies annuelles r\u00e9alis\u00e9es \u00e0 ce jour et en avance sur le calendrier. Elle a d\u00e9clar\u00e9 avoir d\u00e9cid\u00e9 de rechercher 75 millions d&rsquo;euros suppl\u00e9mentaires d&rsquo;\u00e9conomies annuelles et d&rsquo;atteindre 225 millions d&rsquo;euros d&rsquo;\u00e9conomies de co\u00fbts annuels d&rsquo;ici la fin de 2026.<\/p>\n<p>AMS-Osram, qui compte environ 20 000 employ\u00e9s dans le monde, a d\u00e9clar\u00e9 que plus de 500 employ\u00e9s non affect\u00e9s \u00e0 la production seraient touch\u00e9s et a ajout\u00e9 qu&rsquo;environ un tiers des postes seraient conserv\u00e9s mais d\u00e9localis\u00e9s dans les pays o\u00f9 les co\u00fbts sont les plus bas. AMS a indiqu\u00e9 qu&rsquo;elle s&rsquo;attendait \u00e0 des charges suppl\u00e9mentaires d&rsquo;environ 40 millions d&rsquo;euros pour la \u00ab\u00a0transformation\u00a0\u00bb pr\u00e9vue, dont la majeure partie serait r\u00e9alis\u00e9e en 2025.<\/p>\n<p>La poursuite de la restructuration \u00e9tait n\u00e9cessaire pour \u00ab\u00a0pr\u00e9server l&rsquo;am\u00e9lioration de la rentabilit\u00e9 dans un environnement incertain\u00a0\u00bb, a affirm\u00e9 l&rsquo;entreprise, ajoutant que l&rsquo;incertitude s&rsquo;av\u00e8re persistante jusqu&rsquo;en 2025, en particulier dans le secteur automobile. Un point de vue partag\u00e9 par plusieurs entreprises europ\u00e9ennes.<\/p>\n<blockquote class=\"wp-embedded-content\" data-secret=\"Rm6dksY5sh\"><p><a href=\"https:\/\/www.eenewseurope.com\/en\/infineon-piles-on-european-gloom-with-weak-outlook-for-2025\/\">Infineon piles on European gloom with weak outlook for 2025<\/a><\/p><\/blockquote>\n<p><iframe class=\"wp-embedded-content lazyload\" sandbox=\"allow-scripts\" security=\"restricted\" style=\"position: absolute; visibility: hidden;\" title=\"&#8220;Infineon piles on European gloom with weak outlook for 2025&#8221; &#8212; eeNews Europe\" data-src=\"https:\/\/www.eenewseurope.com\/en\/infineon-piles-on-european-gloom-with-weak-outlook-for-2025\/embed\/#?secret=DtQ3c56LTz#?secret=Rm6dksY5sh\" data-secret=\"Rm6dksY5sh\" width=\"500\" height=\"282\" frameborder=\"0\" marginwidth=\"0\" marginheight=\"0\" scrolling=\"no\" src=\"data:image\/svg+xml;base64,PHN2ZyB3aWR0aD0iMSIgaGVpZ2h0PSIxIiB4bWxucz0iaHR0cDovL3d3dy53My5vcmcvMjAwMC9zdmciPjwvc3ZnPg==\" data-load-mode=\"1\"><\/iframe><\/p>\n<p>N\u00e9anmoins, AMS a renou\u00e9 avec les b\u00e9n\u00e9fices au troisi\u00e8me trimestre de l&rsquo;ann\u00e9e 24. La soci\u00e9t\u00e9 a r\u00e9alis\u00e9 un chiffre d&rsquo;affaires de 881 millions d&rsquo;euros &#8211; conform\u00e9ment aux pr\u00e9visions pr\u00e9c\u00e9dentes &#8211; en hausse de 8 % s\u00e9quentiellement, mais en baisse de 3 % d&rsquo;une ann\u00e9e sur l&rsquo;autre. La soci\u00e9t\u00e9 a r\u00e9alis\u00e9 un EBITDA ajust\u00e9 de 166 millions d&rsquo;euros et un b\u00e9n\u00e9fice net de 24 millions d&rsquo;euros.<\/p>\n<p>La diff\u00e9rence entre l&rsquo;EBITDA et le b\u00e9n\u00e9fice net est en grande partie due aux charges li\u00e9es au repositionnement de la strat\u00e9gie microLED de l&rsquo;entreprise et au programme de r\u00e9duction des co\u00fbts \u00ab\u00a0Re-establish the Base\u00a0\u00bb.<\/p>\n<p>La position de tr\u00e9sorerie nette de la soci\u00e9t\u00e9 s&rsquo;est am\u00e9lior\u00e9e, passant de 900 millions d&rsquo;euros \u00e0 la fin du 2e trimestre 24 \u00e0 1 097 millions d&rsquo;euros \u00e0 la fin du 3e trimestre 24.<\/p>\n<h4>Attention, perspectives<\/h4>\n<p>La soci\u00e9t\u00e9 a d\u00e9clar\u00e9 qu&rsquo;elle pr\u00e9voyait une stagnation de la demande sur les march\u00e9s automobile, industriel et m\u00e9dical au quatri\u00e8me trimestre de l&rsquo;ann\u00e9e 24, tandis que le march\u00e9 grand-public conna\u00eetra un ralentissement saisonnier. Elle pr\u00e9voit un chiffre d&rsquo;affaires compris entre 810 et 910 millions d&rsquo;euros, ainsi qu&rsquo;une baisse de l&rsquo;EBITDA et du b\u00e9n\u00e9fice net.<\/p>\n<p>Les d\u00e9penses d&rsquo;investissement pour l&rsquo;ensemble de l&rsquo;ann\u00e9e 2024 devraient \u00eatre maintenues au niveau des pr\u00e9visions pr\u00e9c\u00e9dentes, soit entre 500 et 550 millions d&rsquo;euros.<\/p>\n<p>En ce qui concerne 2025, AMS-Osram s&rsquo;attend \u00e0 ce que les effets saisonniers et les effets de mix produits soient faibles, la faiblesse cyclique de l&rsquo;automobile devenant \u00ab\u00a0pleinement visible\u00a0\u00bb au premier trimestre 25, mais s&rsquo;am\u00e9liorant au cours de l&rsquo;ann\u00e9e.<\/p>\n<h4>Liens et articles connexes :<\/h4>\n<p><a href=\"https:\/\/www.ams-osram.com\">www.ams-osram.com<\/a><\/p>\n<h4>Articles de presse :<\/h4>\n<p><a href=\"https:\/\/www.eenewseurope.com\/en\/ams-osram-restructure-hits-500-jobs-prompts-fab-exit\/\">La restructuration d&rsquo;AMS-Osram entra\u00eene la suppression de 500 emplois et la fermeture d&rsquo;une usine<\/a><\/p>\n<p><a href=\"https:\/\/www.eenewseurope.com\/en\/ams-osram-plans-austrian-opto-chiplet-fab-seeks-e200-million-funding\/\">AMS-Osram pr\u00e9voit de construire une usine autrichienne de fabrication d&rsquo;opto\u00e9lectronique et cherche \u00e0 obtenir un financement de 200 millions d&rsquo;euros <\/a><\/p>\n<p><a href=\"https:\/\/www.eenewseurope.com\/en\/apple-blow-makes-ams-osram-re-assess-microled-strategy\/\">Le coup d&rsquo;\u00e9clat d&rsquo;Apple incite AMS-Osram \u00e0 r\u00e9\u00e9valuer sa strat\u00e9gie en mati\u00e8re de microLED<\/a><\/p>\n","protected":false},"excerpt":{"rendered":"<p>Bien qu&rsquo;elle ait enregistr\u00e9 des b\u00e9n\u00e9fices au troisi\u00e8me trimestre de l&rsquo;ann\u00e9e 24, la soci\u00e9t\u00e9 AMS-Osram (Premstaetten, Autriche) a d\u00e9clar\u00e9 qu&rsquo;elle pr\u00e9voyait d&rsquo;\u00a0\u00bbaugmenter\u00a0\u00bb son programme de r\u00e9duction des co\u00fbts \u00ab\u00a0R\u00e9tablir la base\u00a0\u00bb, qui concernerait plus de 500 employ\u00e9s suppl\u00e9mentaires. Dans le cadre de la publication de ses r\u00e9sultats financiers pour le troisi\u00e8me trimestre de l&rsquo;ann\u00e9e 24, [&hellip;]<\/p>\n","protected":false},"author":34,"featured_media":74230,"comment_status":"closed","ping_status":"closed","sticky":false,"template":"","format":"standard","meta":{"_acf_changed":false,"footnotes":""},"categories":[880],"tags":[889,907,6400],"domains":[47],"ppma_author":[3631,1153],"class_list":["post-465909","post","type-post","status-publish","format-standard","has-post-thumbnail","hentry","category-actualites-economiques","tag-analog-fr","tag-optoelectronics-fr","tag-signal-mixte","domains-electronique-eci"],"acf":[],"yoast_head":"<title>500 emplois suppl\u00e9mentaires sur la sellette chez AMS-Osram ...<\/title>\n<meta name=\"description\" content=\"Bien qu&#039;elle ait enregistr\u00e9 des b\u00e9n\u00e9fices au T3 2024, la soci\u00e9t\u00e9 AMS-Osram a d\u00e9clar\u00e9 devoir supprimer 500 emplois suppl\u00e9mentaires.\" \/>\n<meta name=\"robots\" content=\"index, follow, max-snippet:-1, max-image-preview:large, max-video-preview:-1\" \/>\n<link rel=\"canonical\" href=\"https:\/\/www.ecinews.fr\/fr\/wp-json\/wp\/v2\/posts\/465909\/\" \/>\n<meta property=\"og:locale\" content=\"fr_FR\" \/>\n<meta property=\"og:type\" content=\"article\" \/>\n<meta property=\"og:title\" content=\"500 emplois suppl\u00e9mentaires sur la sellette chez AMS-Osram\" \/>\n<meta property=\"og:description\" content=\"Bien qu&#039;elle ait enregistr\u00e9 des b\u00e9n\u00e9fices au T3 2024, la soci\u00e9t\u00e9 AMS-Osram a d\u00e9clar\u00e9 devoir supprimer 500 emplois suppl\u00e9mentaires.\" \/>\n<meta property=\"og:url\" content=\"https:\/\/www.ecinews.fr\/fr\/wp-json\/wp\/v2\/posts\/465909\/\" \/>\n<meta property=\"og:site_name\" content=\"EENewsEurope\" \/>\n<meta property=\"article:published_time\" content=\"2024-11-20T16:09:58+00:00\" \/>\n<meta property=\"og:image\" content=\"https:\/\/www.ecinews.fr\/wp-content\/uploads\/import\/default\/files\/sites\/default\/files\/images\/applejobs630.jpg\" \/>\n\t<meta property=\"og:image:width\" content=\"630\" \/>\n\t<meta property=\"og:image:height\" content=\"376\" \/>\n\t<meta property=\"og:image:type\" content=\"image\/jpeg\" \/>\n<meta name=\"author\" content=\"Peter Clarke, A Delapalisse\" \/>\n<meta name=\"twitter:card\" content=\"summary_large_image\" \/>\n<meta name=\"twitter:label1\" content=\"Written by\" \/>\n\t<meta name=\"twitter:data1\" content=\"A Delapalisse\" \/>\n\t<meta name=\"twitter:label2\" content=\"Est. reading time\" \/>\n\t<meta name=\"twitter:data2\" content=\"3 minutes\" \/>\n<script type=\"application\/ld+json\" class=\"yoast-schema-graph\">{\"@context\":\"https:\/\/schema.org\",\"@graph\":[{\"@type\":\"Article\",\"@id\":\"https:\/\/www.ecinews.fr\/fr\/500-emplois-supplementaires-sur-la-sellette-chez-ams-osram\/#article\",\"isPartOf\":{\"@id\":\"https:\/\/www.ecinews.fr\/fr\/500-emplois-supplementaires-sur-la-sellette-chez-ams-osram\/\"},\"author\":{\"name\":\"A Delapalisse\",\"@id\":\"https:\/\/www.ecinews.fr\/fr\/#\/schema\/person\/0aa2cfb0bd8949724a68cbac8d8321b4\"},\"headline\":\"500 emplois suppl\u00e9mentaires sur la sellette chez AMS-Osram\",\"datePublished\":\"2024-11-20T16:09:58+00:00\",\"dateModified\":\"2024-11-20T16:09:58+00:00\",\"mainEntityOfPage\":{\"@id\":\"https:\/\/www.ecinews.fr\/fr\/500-emplois-supplementaires-sur-la-sellette-chez-ams-osram\/\"},\"wordCount\":652,\"publisher\":{\"@id\":\"https:\/\/www.ecinews.fr\/fr\/#organization\"},\"keywords\":[\"Analog\",\"Optoelectronics\",\"signal mixte\"],\"articleSection\":[\"Actualit\u00e9s \u00e9conomiques\"],\"inLanguage\":\"fr-FR\"},{\"@type\":\"WebPage\",\"@id\":\"https:\/\/www.ecinews.fr\/fr\/500-emplois-supplementaires-sur-la-sellette-chez-ams-osram\/\",\"url\":\"https:\/\/www.ecinews.fr\/fr\/500-emplois-supplementaires-sur-la-sellette-chez-ams-osram\/\",\"name\":\"500 emplois suppl\u00e9mentaires sur la sellette chez AMS-Osram\",\"isPartOf\":{\"@id\":\"https:\/\/www.ecinews.fr\/fr\/#website\"},\"datePublished\":\"2024-11-20T16:09:58+00:00\",\"dateModified\":\"2024-11-20T16:09:58+00:00\",\"description\":\"Bien qu'elle ait enregistr\u00e9 des b\u00e9n\u00e9fices au T3 2024, la soci\u00e9t\u00e9 AMS-Osram a d\u00e9clar\u00e9 devoir supprimer 500 emplois suppl\u00e9mentaires.\",\"breadcrumb\":{\"@id\":\"https:\/\/www.ecinews.fr\/fr\/500-emplois-supplementaires-sur-la-sellette-chez-ams-osram\/#breadcrumb\"},\"inLanguage\":\"fr-FR\",\"potentialAction\":[{\"@type\":\"ReadAction\",\"target\":[\"https:\/\/www.ecinews.fr\/fr\/500-emplois-supplementaires-sur-la-sellette-chez-ams-osram\/\"]}]},{\"@type\":\"BreadcrumbList\",\"@id\":\"https:\/\/www.ecinews.fr\/fr\/500-emplois-supplementaires-sur-la-sellette-chez-ams-osram\/#breadcrumb\",\"itemListElement\":[{\"@type\":\"ListItem\",\"position\":1,\"name\":\"Home\",\"item\":\"https:\/\/www.ecinews.fr\/fr\/\"},{\"@type\":\"ListItem\",\"position\":2,\"name\":\"500 emplois suppl\u00e9mentaires sur la sellette chez AMS-Osram\"}]},{\"@type\":\"WebSite\",\"@id\":\"https:\/\/www.ecinews.fr\/fr\/#website\",\"url\":\"https:\/\/www.ecinews.fr\/fr\/\",\"name\":\"EENewsEurope\",\"description\":\"Just another WordPress site\",\"publisher\":{\"@id\":\"https:\/\/www.ecinews.fr\/fr\/#organization\"},\"potentialAction\":[{\"@type\":\"SearchAction\",\"target\":{\"@type\":\"EntryPoint\",\"urlTemplate\":\"https:\/\/www.ecinews.fr\/fr\/?s={search_term_string}\"},\"query-input\":\"required name=search_term_string\"}],\"inLanguage\":\"fr-FR\"},{\"@type\":\"Organization\",\"@id\":\"https:\/\/www.ecinews.fr\/fr\/#organization\",\"name\":\"EENewsEurope\",\"url\":\"https:\/\/www.ecinews.fr\/fr\/\",\"logo\":{\"@type\":\"ImageObject\",\"inLanguage\":\"fr-FR\",\"@id\":\"https:\/\/www.ecinews.fr\/fr\/#\/schema\/logo\/image\/\",\"url\":\"https:\/\/www.ecinews.fr\/wp-content\/uploads\/2022\/02\/logo-1.jpg\",\"contentUrl\":\"https:\/\/www.ecinews.fr\/wp-content\/uploads\/2022\/02\/logo-1.jpg\",\"width\":283,\"height\":113,\"caption\":\"EENewsEurope\"},\"image\":{\"@id\":\"https:\/\/www.ecinews.fr\/fr\/#\/schema\/logo\/image\/\"}},{\"@type\":\"Person\",\"@id\":\"https:\/\/www.ecinews.fr\/fr\/#\/schema\/person\/0aa2cfb0bd8949724a68cbac8d8321b4\",\"name\":\"A Delapalisse\",\"image\":{\"@type\":\"ImageObject\",\"inLanguage\":\"fr-FR\",\"@id\":\"https:\/\/www.ecinews.fr\/fr\/#\/schema\/person\/image\/211ac42237c2e9683c0964086c393cb4\",\"url\":\"https:\/\/secure.gravatar.com\/avatar\/ad45a8c5da24bc9c7c4940dd1c48a695?s=96&d=mm&r=g\",\"contentUrl\":\"https:\/\/secure.gravatar.com\/avatar\/ad45a8c5da24bc9c7c4940dd1c48a695?s=96&d=mm&r=g\",\"caption\":\"A Delapalisse\"},\"sameAs\":[\"http:\/\/ECI\"]}]}<\/script>","yoast_head_json":{"title":"500 emplois suppl\u00e9mentaires sur la sellette chez AMS-Osram ...","description":"Bien qu'elle ait enregistr\u00e9 des b\u00e9n\u00e9fices au T3 2024, la soci\u00e9t\u00e9 AMS-Osram a d\u00e9clar\u00e9 devoir supprimer 500 emplois suppl\u00e9mentaires.","robots":{"index":"index","follow":"follow","max-snippet":"max-snippet:-1","max-image-preview":"max-image-preview:large","max-video-preview":"max-video-preview:-1"},"canonical":"https:\/\/www.ecinews.fr\/fr\/wp-json\/wp\/v2\/posts\/465909\/","og_locale":"fr_FR","og_type":"article","og_title":"500 emplois suppl\u00e9mentaires sur la sellette chez AMS-Osram","og_description":"Bien qu'elle ait enregistr\u00e9 des b\u00e9n\u00e9fices au T3 2024, la soci\u00e9t\u00e9 AMS-Osram a d\u00e9clar\u00e9 devoir supprimer 500 emplois suppl\u00e9mentaires.","og_url":"https:\/\/www.ecinews.fr\/fr\/wp-json\/wp\/v2\/posts\/465909\/","og_site_name":"EENewsEurope","article_published_time":"2024-11-20T16:09:58+00:00","og_image":[{"width":630,"height":376,"url":"https:\/\/www.ecinews.fr\/wp-content\/uploads\/import\/default\/files\/sites\/default\/files\/images\/applejobs630.jpg","type":"image\/jpeg"}],"author":"Peter Clarke, A Delapalisse","twitter_card":"summary_large_image","twitter_misc":{"Written by":"A Delapalisse","Est. reading time":"3 minutes"},"schema":{"@context":"https:\/\/schema.org","@graph":[{"@type":"Article","@id":"https:\/\/www.ecinews.fr\/fr\/500-emplois-supplementaires-sur-la-sellette-chez-ams-osram\/#article","isPartOf":{"@id":"https:\/\/www.ecinews.fr\/fr\/500-emplois-supplementaires-sur-la-sellette-chez-ams-osram\/"},"author":{"name":"A Delapalisse","@id":"https:\/\/www.ecinews.fr\/fr\/#\/schema\/person\/0aa2cfb0bd8949724a68cbac8d8321b4"},"headline":"500 emplois suppl\u00e9mentaires sur la sellette chez AMS-Osram","datePublished":"2024-11-20T16:09:58+00:00","dateModified":"2024-11-20T16:09:58+00:00","mainEntityOfPage":{"@id":"https:\/\/www.ecinews.fr\/fr\/500-emplois-supplementaires-sur-la-sellette-chez-ams-osram\/"},"wordCount":652,"publisher":{"@id":"https:\/\/www.ecinews.fr\/fr\/#organization"},"keywords":["Analog","Optoelectronics","signal mixte"],"articleSection":["Actualit\u00e9s \u00e9conomiques"],"inLanguage":"fr-FR"},{"@type":"WebPage","@id":"https:\/\/www.ecinews.fr\/fr\/500-emplois-supplementaires-sur-la-sellette-chez-ams-osram\/","url":"https:\/\/www.ecinews.fr\/fr\/500-emplois-supplementaires-sur-la-sellette-chez-ams-osram\/","name":"500 emplois suppl\u00e9mentaires sur la sellette chez AMS-Osram","isPartOf":{"@id":"https:\/\/www.ecinews.fr\/fr\/#website"},"datePublished":"2024-11-20T16:09:58+00:00","dateModified":"2024-11-20T16:09:58+00:00","description":"Bien qu'elle ait enregistr\u00e9 des b\u00e9n\u00e9fices au T3 2024, la soci\u00e9t\u00e9 AMS-Osram a d\u00e9clar\u00e9 devoir supprimer 500 emplois suppl\u00e9mentaires.","breadcrumb":{"@id":"https:\/\/www.ecinews.fr\/fr\/500-emplois-supplementaires-sur-la-sellette-chez-ams-osram\/#breadcrumb"},"inLanguage":"fr-FR","potentialAction":[{"@type":"ReadAction","target":["https:\/\/www.ecinews.fr\/fr\/500-emplois-supplementaires-sur-la-sellette-chez-ams-osram\/"]}]},{"@type":"BreadcrumbList","@id":"https:\/\/www.ecinews.fr\/fr\/500-emplois-supplementaires-sur-la-sellette-chez-ams-osram\/#breadcrumb","itemListElement":[{"@type":"ListItem","position":1,"name":"Home","item":"https:\/\/www.ecinews.fr\/fr\/"},{"@type":"ListItem","position":2,"name":"500 emplois suppl\u00e9mentaires sur la sellette chez AMS-Osram"}]},{"@type":"WebSite","@id":"https:\/\/www.ecinews.fr\/fr\/#website","url":"https:\/\/www.ecinews.fr\/fr\/","name":"EENewsEurope","description":"Just another WordPress site","publisher":{"@id":"https:\/\/www.ecinews.fr\/fr\/#organization"},"potentialAction":[{"@type":"SearchAction","target":{"@type":"EntryPoint","urlTemplate":"https:\/\/www.ecinews.fr\/fr\/?s={search_term_string}"},"query-input":"required name=search_term_string"}],"inLanguage":"fr-FR"},{"@type":"Organization","@id":"https:\/\/www.ecinews.fr\/fr\/#organization","name":"EENewsEurope","url":"https:\/\/www.ecinews.fr\/fr\/","logo":{"@type":"ImageObject","inLanguage":"fr-FR","@id":"https:\/\/www.ecinews.fr\/fr\/#\/schema\/logo\/image\/","url":"https:\/\/www.ecinews.fr\/wp-content\/uploads\/2022\/02\/logo-1.jpg","contentUrl":"https:\/\/www.ecinews.fr\/wp-content\/uploads\/2022\/02\/logo-1.jpg","width":283,"height":113,"caption":"EENewsEurope"},"image":{"@id":"https:\/\/www.ecinews.fr\/fr\/#\/schema\/logo\/image\/"}},{"@type":"Person","@id":"https:\/\/www.ecinews.fr\/fr\/#\/schema\/person\/0aa2cfb0bd8949724a68cbac8d8321b4","name":"A Delapalisse","image":{"@type":"ImageObject","inLanguage":"fr-FR","@id":"https:\/\/www.ecinews.fr\/fr\/#\/schema\/person\/image\/211ac42237c2e9683c0964086c393cb4","url":"https:\/\/secure.gravatar.com\/avatar\/ad45a8c5da24bc9c7c4940dd1c48a695?s=96&d=mm&r=g","contentUrl":"https:\/\/secure.gravatar.com\/avatar\/ad45a8c5da24bc9c7c4940dd1c48a695?s=96&d=mm&r=g","caption":"A Delapalisse"},"sameAs":["http:\/\/ECI"]}]}},"authors":[{"term_id":3631,"user_id":0,"is_guest":1,"slug":"peter-clarke","display_name":"Peter Clarke","avatar_url":"https:\/\/secure.gravatar.com\/avatar\/?s=96&d=mm&r=g","0":null,"1":"","2":"","3":"","4":"","5":"","6":"","7":"","8":""},{"term_id":1153,"user_id":34,"is_guest":0,"slug":"adelapalisse","display_name":"A Delapalisse","avatar_url":"https:\/\/secure.gravatar.com\/avatar\/ad45a8c5da24bc9c7c4940dd1c48a695?s=96&d=mm&r=g","0":null,"1":"","2":"","3":"","4":"","5":"","6":"","7":"","8":""}],"_links":{"self":[{"href":"https:\/\/www.ecinews.fr\/fr\/wp-json\/wp\/v2\/posts\/465909"}],"collection":[{"href":"https:\/\/www.ecinews.fr\/fr\/wp-json\/wp\/v2\/posts"}],"about":[{"href":"https:\/\/www.ecinews.fr\/fr\/wp-json\/wp\/v2\/types\/post"}],"author":[{"embeddable":true,"href":"https:\/\/www.ecinews.fr\/fr\/wp-json\/wp\/v2\/users\/34"}],"replies":[{"embeddable":true,"href":"https:\/\/www.ecinews.fr\/fr\/wp-json\/wp\/v2\/comments?post=465909"}],"version-history":[{"count":0,"href":"https:\/\/www.ecinews.fr\/fr\/wp-json\/wp\/v2\/posts\/465909\/revisions"}],"wp:featuredmedia":[{"embeddable":true,"href":"https:\/\/www.ecinews.fr\/fr\/wp-json\/wp\/v2\/media\/74230"}],"wp:attachment":[{"href":"https:\/\/www.ecinews.fr\/fr\/wp-json\/wp\/v2\/media?parent=465909"}],"wp:term":[{"taxonomy":"category","embeddable":true,"href":"https:\/\/www.ecinews.fr\/fr\/wp-json\/wp\/v2\/categories?post=465909"},{"taxonomy":"post_tag","embeddable":true,"href":"https:\/\/www.ecinews.fr\/fr\/wp-json\/wp\/v2\/tags?post=465909"},{"taxonomy":"domains","embeddable":true,"href":"https:\/\/www.ecinews.fr\/fr\/wp-json\/wp\/v2\/domains?post=465909"},{"taxonomy":"author","embeddable":true,"href":"https:\/\/www.ecinews.fr\/fr\/wp-json\/wp\/v2\/ppma_author?post=465909"}],"curies":[{"name":"wp","href":"https:\/\/api.w.org\/{rel}","templated":true}]}}