{"id":465389,"date":"2024-11-13T09:59:34","date_gmt":"2024-11-13T08:59:34","guid":{"rendered":"https:\/\/www.ecinews.fr\/?p=465389"},"modified":"2024-11-13T09:59:34","modified_gmt":"2024-11-13T08:59:34","slug":"infineon-ajoute-a-la-morosite-europeenne-pour-2025","status":"publish","type":"post","link":"https:\/\/www.ecinews.fr\/fr\/infineon-ajoute-a-la-morosite-europeenne-pour-2025\/","title":{"rendered":"Infineon ajoute \u00e0 la morosit\u00e9 europ\u00e9enne pour 2025"},"content":{"rendered":"<h2>Infineon Technology AG (Munich, Allemagne) a jet\u00e9 un voile sombre sur le salon Electronica qui s&rsquo;ouvre dans sa ville natale, en annon\u00e7ant des pr\u00e9visions \u00e0 la baisse pour 2025 et en d\u00e9clarant une perte pour le quatri\u00e8me trimestre de son exercice fiscal.<\/h2>\n<p>\u00ab\u00a0Actuellement, il n&rsquo;y a gu\u00e8re de dynamique de croissance sur nos march\u00e9s finaux, \u00e0 l&rsquo;exception de l&rsquo;IA, et la reprise cyclique est retard\u00e9e. La correction des stocks se poursuit\u00a0\u00bb, a d\u00e9clar\u00e9 Jochen Hanebeck, PDG d&rsquo;Infineon, dans un communiqu\u00e9.<\/p>\n<p>Il a ajout\u00e9 : \u00ab\u00a0Les habitudes de commande \u00e0 court terme et l&rsquo;assimilation des stocks brouillent la visibilit\u00e9 des tendances de la demande au-del\u00e0 des deux prochains trimestres. Nous nous pr\u00e9parons donc \u00e0 un ralentissement des activit\u00e9s en 2025.\u00a0\u00bb<\/p>\n<p>Les pr\u00e9visions d&rsquo;Infineon sont similaires \u00e0 celles de STMicroelectronics communiqu\u00e9es quelques jours auparavant.<\/p>\n<blockquote class=\"wp-embedded-content\" data-secret=\"JD4bapvEK3\"><p><a href=\"https:\/\/www.eenewseurope.com\/en\/st-tips-restructuring-program-and-a-weak-start-to-2025\/\">ST tips restructuring program and a weak start to 2025<\/a><\/p><\/blockquote>\n<p><iframe class=\"wp-embedded-content lazyload\" sandbox=\"allow-scripts\" security=\"restricted\" style=\"position: absolute; visibility: hidden;\" title=\"&#8220;ST tips restructuring program and a weak start to 2025&#8221; &#8212; eeNews Europe\" data-src=\"https:\/\/www.eenewseurope.com\/en\/st-tips-restructuring-program-and-a-weak-start-to-2025\/embed\/#?secret=QyKoxd6jIC#?secret=JD4bapvEK3\" data-secret=\"JD4bapvEK3\" width=\"500\" height=\"282\" frameborder=\"0\" marginwidth=\"0\" marginheight=\"0\" scrolling=\"no\" src=\"data:image\/svg+xml;base64,PHN2ZyB3aWR0aD0iMSIgaGVpZ2h0PSIxIiB4bWxucz0iaHR0cDovL3d3dy53My5vcmcvMjAwMC9zdmciPjwvc3ZnPg==\" data-load-mode=\"1\"><\/iframe><\/p>\n<p>&nbsp;<\/p>\n<p>Infineon a enregistr\u00e9 une perte nette de 84 millions d&rsquo;euros sur un chiffre d&rsquo;affaires de 3 919 millions d&rsquo;euros au quatri\u00e8me trimestre de l&rsquo;exercice 24.<\/p>\n<p>Les ventes ont augment\u00e9 de 6 % en s\u00e9quentiel, mais ont baiss\u00e9 de 6 % par rapport au m\u00eame trimestre de l&rsquo;ann\u00e9e pr\u00e9c\u00e9dente. La perte a \u00e9t\u00e9 influenc\u00e9e par le r\u00e8glement d&rsquo;un litige avec la succession d&rsquo;insolvabilit\u00e9 de l&rsquo;entreprise de puces m\u00e9moire Qimonda (anciennement filiale de Infineon).<\/p>\n<p>Les perspectives pour le premier trimestre de l&rsquo;exercice 25 pr\u00e9voyaient une baisse s\u00e9quentielle significative du chiffre d&rsquo;affaires, \u00e0 environ 3,2 milliards d&rsquo;euros.<\/p>\n<p>Pour l&rsquo;ensemble de l&rsquo;exercice fiscal, Infineon a r\u00e9alis\u00e9 un chiffre d&rsquo;affaires de 14,96 milliards d&rsquo;euros, soit une baisse de 8 % par rapport \u00e0 l&rsquo;ann\u00e9e pr\u00e9c\u00e9dente. Pour l&rsquo;exercice fiscal 2025, Infineon a annonc\u00e9 une \u00ab\u00a0l\u00e9g\u00e8re baisse\u00a0\u00bb par rapport \u00e0 l&rsquo;exercice 2024.<\/p>\n<p>Comme la plupart des entreprises europ\u00e9ennes de fabrication de puces, Infineon est fortement expos\u00e9e aux march\u00e9s de l&rsquo;automobile, de l&rsquo;industrie et des infrastructures de communication. \u00c0 l&rsquo;exception des microcontr\u00f4leurs, Infineon, comme d&rsquo;autres entreprises europ\u00e9ennes de fabrication de puces, s&rsquo;est largement retir\u00e9e de la logique num\u00e9rique et de l&rsquo;informatique \u00e0 haute performance. \u00c0 la fin de l&rsquo;exercice (30 septembre 2024), Infineon employait 58 060 personnes.<\/p>\n<h4>Liens et articles connexes :<\/h4>\n<p><a href=\"http:\/\/www.infineon.com\">www.infineon.com<\/a><\/p>\n<h4>Articles de presse :<\/h4>\n<p><a class=\"grid grid-2 grid-sm-1 grid-xs-1\" href=\"https:\/\/www.eenewseurope.com\/en\/nxp-gives-soft-guidance-on-industrial-european-weakness\/\" target=\"_self\" rel=\"noopener\"> NXP donne des pr\u00e9visions en demi-teinte en raison de la faiblesse de l&rsquo;industrie et de l&rsquo;Europe<\/a><\/p>\n<p><a href=\"https:\/\/www.eenewseurope.com\/en\/infineon-delays-kulim-fab-expansion\/\">Infineon retarde l&rsquo;extension de l&rsquo;usine de Kulim <\/a><\/p>\n<p><a href=\"https:\/\/www.eenewseurope.com\/en\/infineon-shows-its-first-300m-gan-wafer\/\">Infineon pr\u00e9sente sa premi\u00e8re plaquette de 300 m de GaN <\/a><\/p>\n<p><a href=\"https:\/\/www.eenewseurope.com\/en\/infineon-finally-settles-qimonda-case-for-e800m\/\">Infineon r\u00e8gle finalement l&rsquo;affaire Qimonda pour 800 millions d&rsquo;euros<\/a><\/p>\n","protected":false},"excerpt":{"rendered":"<p>Infineon Technology AG (Munich, Allemagne) a jet\u00e9 un voile sombre sur le salon Electronica qui s&rsquo;ouvre dans sa ville natale, en annon\u00e7ant des pr\u00e9visions \u00e0 la baisse pour 2025 et en d\u00e9clarant une perte pour le quatri\u00e8me trimestre de son exercice fiscal. \u00ab\u00a0Actuellement, il n&rsquo;y a gu\u00e8re de dynamique de croissance sur nos march\u00e9s finaux, [&hellip;]<\/p>\n","protected":false},"author":2,"featured_media":465337,"comment_status":"closed","ping_status":"closed","sticky":false,"template":"","format":"standard","meta":{"_acf_changed":false,"footnotes":""},"categories":[880],"tags":[3422,2327,1558],"domains":[47],"ppma_author":[3631],"class_list":["post-465389","post","type-post","status-publish","format-standard","has-post-thumbnail","hentry","category-actualites-economiques","tag-infineon-fr","tag-marche","tag-semiconducteurs","domains-electronique-eci"],"acf":[],"yoast_head":"<title>Infineon ajoute \u00e0 la morosit\u00e9 europ\u00e9enne pour 2025 ...<\/title>\n<meta name=\"description\" content=\"Infineon a jet\u00e9 un voile sombre sur le salon Electronica en annon\u00e7ant des pr\u00e9visions \u00e0 la baisse pour 2025, et une perte pour son T4 2024.\" \/>\n<meta name=\"robots\" content=\"index, follow, max-snippet:-1, max-image-preview:large, max-video-preview:-1\" \/>\n<link rel=\"canonical\" href=\"https:\/\/www.ecinews.fr\/fr\/wp-json\/wp\/v2\/posts\/465389\/\" \/>\n<meta property=\"og:locale\" content=\"fr_FR\" \/>\n<meta property=\"og:type\" content=\"article\" \/>\n<meta property=\"og:title\" content=\"Infineon ajoute \u00e0 la morosit\u00e9 europ\u00e9enne pour 2025\" \/>\n<meta property=\"og:description\" content=\"Infineon a jet\u00e9 un voile sombre sur le salon Electronica en annon\u00e7ant des pr\u00e9visions \u00e0 la baisse pour 2025, et une perte pour son T4 2024.\" \/>\n<meta property=\"og:url\" content=\"https:\/\/www.ecinews.fr\/fr\/wp-json\/wp\/v2\/posts\/465389\/\" \/>\n<meta property=\"og:site_name\" content=\"EENewsEurope\" \/>\n<meta property=\"article:published_time\" content=\"2024-11-13T08:59:34+00:00\" \/>\n<meta property=\"og:image\" content=\"https:\/\/cdn.eenewseurope.com\/wp-content\/uploads\/2024\/11\/JochenHanebeck630.jpg\" \/>\n\t<meta property=\"og:image:width\" content=\"630\" \/>\n\t<meta property=\"og:image:height\" content=\"393\" \/>\n\t<meta property=\"og:image:type\" content=\"image\/jpeg\" \/>\n<meta name=\"author\" content=\"Peter Clarke\" \/>\n<meta name=\"twitter:card\" content=\"summary_large_image\" \/>\n<meta name=\"twitter:label1\" content=\"Written by\" \/>\n\t<meta name=\"twitter:data1\" content=\"NicolasR\" \/>\n\t<meta name=\"twitter:label2\" content=\"Est. reading time\" \/>\n\t<meta name=\"twitter:data2\" content=\"2 minutes\" \/>\n<script type=\"application\/ld+json\" class=\"yoast-schema-graph\">{\"@context\":\"https:\/\/schema.org\",\"@graph\":[{\"@type\":\"Article\",\"@id\":\"https:\/\/cdn.eenewseurope.com\/fr\/infineon-ajoute-a-la-morosite-europeenne-pour-2025\/#article\",\"isPartOf\":{\"@id\":\"https:\/\/cdn.eenewseurope.com\/fr\/infineon-ajoute-a-la-morosite-europeenne-pour-2025\/\"},\"author\":{\"name\":\"NicolasR\",\"@id\":\"https:\/\/www.ecinews.fr\/fr\/#\/schema\/person\/78961bf5e4a331d3b8b2d58fdfef976c\"},\"headline\":\"Infineon ajoute \u00e0 la morosit\u00e9 europ\u00e9enne pour 2025\",\"datePublished\":\"2024-11-13T08:59:34+00:00\",\"dateModified\":\"2024-11-13T08:59:34+00:00\",\"mainEntityOfPage\":{\"@id\":\"https:\/\/cdn.eenewseurope.com\/fr\/infineon-ajoute-a-la-morosite-europeenne-pour-2025\/\"},\"wordCount\":440,\"publisher\":{\"@id\":\"https:\/\/www.ecinews.fr\/fr\/#organization\"},\"keywords\":[\"Infineon\",\"March\u00e9\",\"Semiconducteurs\"],\"articleSection\":[\"Actualit\u00e9s \u00e9conomiques\"],\"inLanguage\":\"fr-FR\"},{\"@type\":\"WebPage\",\"@id\":\"https:\/\/cdn.eenewseurope.com\/fr\/infineon-ajoute-a-la-morosite-europeenne-pour-2025\/\",\"url\":\"https:\/\/cdn.eenewseurope.com\/fr\/infineon-ajoute-a-la-morosite-europeenne-pour-2025\/\",\"name\":\"Infineon ajoute \u00e0 la morosit\u00e9 europ\u00e9enne pour 2025\",\"isPartOf\":{\"@id\":\"https:\/\/www.ecinews.fr\/fr\/#website\"},\"datePublished\":\"2024-11-13T08:59:34+00:00\",\"dateModified\":\"2024-11-13T08:59:34+00:00\",\"description\":\"Infineon a jet\u00e9 un voile sombre sur le salon Electronica en annon\u00e7ant des pr\u00e9visions \u00e0 la baisse pour 2025, et une perte pour son T4 2024.\",\"breadcrumb\":{\"@id\":\"https:\/\/cdn.eenewseurope.com\/fr\/infineon-ajoute-a-la-morosite-europeenne-pour-2025\/#breadcrumb\"},\"inLanguage\":\"fr-FR\",\"potentialAction\":[{\"@type\":\"ReadAction\",\"target\":[\"https:\/\/cdn.eenewseurope.com\/fr\/infineon-ajoute-a-la-morosite-europeenne-pour-2025\/\"]}]},{\"@type\":\"BreadcrumbList\",\"@id\":\"https:\/\/cdn.eenewseurope.com\/fr\/infineon-ajoute-a-la-morosite-europeenne-pour-2025\/#breadcrumb\",\"itemListElement\":[{\"@type\":\"ListItem\",\"position\":1,\"name\":\"Home\",\"item\":\"https:\/\/www.ecinews.fr\/fr\/\"},{\"@type\":\"ListItem\",\"position\":2,\"name\":\"Infineon ajoute \u00e0 la morosit\u00e9 europ\u00e9enne pour 2025\"}]},{\"@type\":\"WebSite\",\"@id\":\"https:\/\/www.ecinews.fr\/fr\/#website\",\"url\":\"https:\/\/www.ecinews.fr\/fr\/\",\"name\":\"EENewsEurope\",\"description\":\"Just another WordPress site\",\"publisher\":{\"@id\":\"https:\/\/www.ecinews.fr\/fr\/#organization\"},\"potentialAction\":[{\"@type\":\"SearchAction\",\"target\":{\"@type\":\"EntryPoint\",\"urlTemplate\":\"https:\/\/www.ecinews.fr\/fr\/?s={search_term_string}\"},\"query-input\":\"required name=search_term_string\"}],\"inLanguage\":\"fr-FR\"},{\"@type\":\"Organization\",\"@id\":\"https:\/\/www.ecinews.fr\/fr\/#organization\",\"name\":\"EENewsEurope\",\"url\":\"https:\/\/www.ecinews.fr\/fr\/\",\"logo\":{\"@type\":\"ImageObject\",\"inLanguage\":\"fr-FR\",\"@id\":\"https:\/\/www.ecinews.fr\/fr\/#\/schema\/logo\/image\/\",\"url\":\"https:\/\/www.ecinews.fr\/wp-content\/uploads\/2022\/02\/logo-1.jpg\",\"contentUrl\":\"https:\/\/www.ecinews.fr\/wp-content\/uploads\/2022\/02\/logo-1.jpg\",\"width\":283,\"height\":113,\"caption\":\"EENewsEurope\"},\"image\":{\"@id\":\"https:\/\/www.ecinews.fr\/fr\/#\/schema\/logo\/image\/\"}},{\"@type\":\"Person\",\"@id\":\"https:\/\/www.ecinews.fr\/fr\/#\/schema\/person\/78961bf5e4a331d3b8b2d58fdfef976c\",\"name\":\"NicolasR\",\"image\":{\"@type\":\"ImageObject\",\"inLanguage\":\"fr-FR\",\"@id\":\"https:\/\/www.ecinews.fr\/fr\/#\/schema\/person\/image\/1113513d73c6c997fc7ac1ecedfff8d9\",\"url\":\"https:\/\/secure.gravatar.com\/avatar\/8c46107760468ab8a00c814c26c19ab4?s=96&d=mm&r=g\",\"contentUrl\":\"https:\/\/secure.gravatar.com\/avatar\/8c46107760468ab8a00c814c26c19ab4?s=96&d=mm&r=g\",\"caption\":\"NicolasR\"}}]}<\/script>","yoast_head_json":{"title":"Infineon ajoute \u00e0 la morosit\u00e9 europ\u00e9enne pour 2025 ...","description":"Infineon a jet\u00e9 un voile sombre sur le salon Electronica en annon\u00e7ant des pr\u00e9visions \u00e0 la baisse pour 2025, et une perte pour son T4 2024.","robots":{"index":"index","follow":"follow","max-snippet":"max-snippet:-1","max-image-preview":"max-image-preview:large","max-video-preview":"max-video-preview:-1"},"canonical":"https:\/\/www.ecinews.fr\/fr\/wp-json\/wp\/v2\/posts\/465389\/","og_locale":"fr_FR","og_type":"article","og_title":"Infineon ajoute \u00e0 la morosit\u00e9 europ\u00e9enne pour 2025","og_description":"Infineon a jet\u00e9 un voile sombre sur le salon Electronica en annon\u00e7ant des pr\u00e9visions \u00e0 la baisse pour 2025, et une perte pour son T4 2024.","og_url":"https:\/\/www.ecinews.fr\/fr\/wp-json\/wp\/v2\/posts\/465389\/","og_site_name":"EENewsEurope","article_published_time":"2024-11-13T08:59:34+00:00","og_image":[{"width":630,"height":393,"url":"https:\/\/cdn.eenewseurope.com\/wp-content\/uploads\/2024\/11\/JochenHanebeck630.jpg","type":"image\/jpeg"}],"author":"Peter Clarke","twitter_card":"summary_large_image","twitter_misc":{"Written by":"NicolasR","Est. reading time":"2 minutes"},"schema":{"@context":"https:\/\/schema.org","@graph":[{"@type":"Article","@id":"https:\/\/cdn.eenewseurope.com\/fr\/infineon-ajoute-a-la-morosite-europeenne-pour-2025\/#article","isPartOf":{"@id":"https:\/\/cdn.eenewseurope.com\/fr\/infineon-ajoute-a-la-morosite-europeenne-pour-2025\/"},"author":{"name":"NicolasR","@id":"https:\/\/www.ecinews.fr\/fr\/#\/schema\/person\/78961bf5e4a331d3b8b2d58fdfef976c"},"headline":"Infineon ajoute \u00e0 la morosit\u00e9 europ\u00e9enne pour 2025","datePublished":"2024-11-13T08:59:34+00:00","dateModified":"2024-11-13T08:59:34+00:00","mainEntityOfPage":{"@id":"https:\/\/cdn.eenewseurope.com\/fr\/infineon-ajoute-a-la-morosite-europeenne-pour-2025\/"},"wordCount":440,"publisher":{"@id":"https:\/\/www.ecinews.fr\/fr\/#organization"},"keywords":["Infineon","March\u00e9","Semiconducteurs"],"articleSection":["Actualit\u00e9s \u00e9conomiques"],"inLanguage":"fr-FR"},{"@type":"WebPage","@id":"https:\/\/cdn.eenewseurope.com\/fr\/infineon-ajoute-a-la-morosite-europeenne-pour-2025\/","url":"https:\/\/cdn.eenewseurope.com\/fr\/infineon-ajoute-a-la-morosite-europeenne-pour-2025\/","name":"Infineon ajoute \u00e0 la morosit\u00e9 europ\u00e9enne pour 2025","isPartOf":{"@id":"https:\/\/www.ecinews.fr\/fr\/#website"},"datePublished":"2024-11-13T08:59:34+00:00","dateModified":"2024-11-13T08:59:34+00:00","description":"Infineon a jet\u00e9 un voile sombre sur le salon Electronica en annon\u00e7ant des pr\u00e9visions \u00e0 la baisse pour 2025, et une perte pour son T4 2024.","breadcrumb":{"@id":"https:\/\/cdn.eenewseurope.com\/fr\/infineon-ajoute-a-la-morosite-europeenne-pour-2025\/#breadcrumb"},"inLanguage":"fr-FR","potentialAction":[{"@type":"ReadAction","target":["https:\/\/cdn.eenewseurope.com\/fr\/infineon-ajoute-a-la-morosite-europeenne-pour-2025\/"]}]},{"@type":"BreadcrumbList","@id":"https:\/\/cdn.eenewseurope.com\/fr\/infineon-ajoute-a-la-morosite-europeenne-pour-2025\/#breadcrumb","itemListElement":[{"@type":"ListItem","position":1,"name":"Home","item":"https:\/\/www.ecinews.fr\/fr\/"},{"@type":"ListItem","position":2,"name":"Infineon ajoute \u00e0 la morosit\u00e9 europ\u00e9enne pour 2025"}]},{"@type":"WebSite","@id":"https:\/\/www.ecinews.fr\/fr\/#website","url":"https:\/\/www.ecinews.fr\/fr\/","name":"EENewsEurope","description":"Just another WordPress site","publisher":{"@id":"https:\/\/www.ecinews.fr\/fr\/#organization"},"potentialAction":[{"@type":"SearchAction","target":{"@type":"EntryPoint","urlTemplate":"https:\/\/www.ecinews.fr\/fr\/?s={search_term_string}"},"query-input":"required name=search_term_string"}],"inLanguage":"fr-FR"},{"@type":"Organization","@id":"https:\/\/www.ecinews.fr\/fr\/#organization","name":"EENewsEurope","url":"https:\/\/www.ecinews.fr\/fr\/","logo":{"@type":"ImageObject","inLanguage":"fr-FR","@id":"https:\/\/www.ecinews.fr\/fr\/#\/schema\/logo\/image\/","url":"https:\/\/www.ecinews.fr\/wp-content\/uploads\/2022\/02\/logo-1.jpg","contentUrl":"https:\/\/www.ecinews.fr\/wp-content\/uploads\/2022\/02\/logo-1.jpg","width":283,"height":113,"caption":"EENewsEurope"},"image":{"@id":"https:\/\/www.ecinews.fr\/fr\/#\/schema\/logo\/image\/"}},{"@type":"Person","@id":"https:\/\/www.ecinews.fr\/fr\/#\/schema\/person\/78961bf5e4a331d3b8b2d58fdfef976c","name":"NicolasR","image":{"@type":"ImageObject","inLanguage":"fr-FR","@id":"https:\/\/www.ecinews.fr\/fr\/#\/schema\/person\/image\/1113513d73c6c997fc7ac1ecedfff8d9","url":"https:\/\/secure.gravatar.com\/avatar\/8c46107760468ab8a00c814c26c19ab4?s=96&d=mm&r=g","contentUrl":"https:\/\/secure.gravatar.com\/avatar\/8c46107760468ab8a00c814c26c19ab4?s=96&d=mm&r=g","caption":"NicolasR"}}]}},"authors":[{"term_id":3631,"user_id":0,"is_guest":1,"slug":"peter-clarke","display_name":"Peter Clarke","avatar_url":"https:\/\/secure.gravatar.com\/avatar\/?s=96&d=mm&r=g","0":null,"1":"","2":"","3":"","4":"","5":"","6":"","7":"","8":""}],"_links":{"self":[{"href":"https:\/\/www.ecinews.fr\/fr\/wp-json\/wp\/v2\/posts\/465389"}],"collection":[{"href":"https:\/\/www.ecinews.fr\/fr\/wp-json\/wp\/v2\/posts"}],"about":[{"href":"https:\/\/www.ecinews.fr\/fr\/wp-json\/wp\/v2\/types\/post"}],"author":[{"embeddable":true,"href":"https:\/\/www.ecinews.fr\/fr\/wp-json\/wp\/v2\/users\/2"}],"replies":[{"embeddable":true,"href":"https:\/\/www.ecinews.fr\/fr\/wp-json\/wp\/v2\/comments?post=465389"}],"version-history":[{"count":0,"href":"https:\/\/www.ecinews.fr\/fr\/wp-json\/wp\/v2\/posts\/465389\/revisions"}],"wp:featuredmedia":[{"embeddable":true,"href":"https:\/\/www.ecinews.fr\/fr\/wp-json\/wp\/v2\/media\/465337"}],"wp:attachment":[{"href":"https:\/\/www.ecinews.fr\/fr\/wp-json\/wp\/v2\/media?parent=465389"}],"wp:term":[{"taxonomy":"category","embeddable":true,"href":"https:\/\/www.ecinews.fr\/fr\/wp-json\/wp\/v2\/categories?post=465389"},{"taxonomy":"post_tag","embeddable":true,"href":"https:\/\/www.ecinews.fr\/fr\/wp-json\/wp\/v2\/tags?post=465389"},{"taxonomy":"domains","embeddable":true,"href":"https:\/\/www.ecinews.fr\/fr\/wp-json\/wp\/v2\/domains?post=465389"},{"taxonomy":"author","embeddable":true,"href":"https:\/\/www.ecinews.fr\/fr\/wp-json\/wp\/v2\/ppma_author?post=465389"}],"curies":[{"name":"wp","href":"https:\/\/api.w.org\/{rel}","templated":true}]}}