{"id":465144,"date":"2024-11-10T17:17:48","date_gmt":"2024-11-10T16:17:48","guid":{"rendered":"https:\/\/www.ecinews.fr\/?p=465144"},"modified":"2024-11-10T17:17:48","modified_gmt":"2024-11-10T16:17:48","slug":"adi-rachete-les-actifs-fpga-de-flex-logix","status":"publish","type":"post","link":"https:\/\/www.ecinews.fr\/fr\/adi-rachete-les-actifs-fpga-de-flex-logix\/","title":{"rendered":"ADI rach\u00e8te les actifs FPGA de Flex Logix"},"content":{"rendered":"<p>Flex Logix a vendu ses actifs FPGA embarqu\u00e9s \u00e0 Analog Devices (ADI), qui a \u00e9galement engag\u00e9 l&rsquo;\u00e9quipe technique.<\/p>\n<p>Flex Logix vendait ses <a href=\"https:\/\/www.eenewseurope.com\/en\/flex-logic-licenses-its-ai-inference-ip\/\">circuits int\u00e9gr\u00e9s FPGA<\/a> basse consommation EFLX et InferX pour les conceptions d&rsquo;intelligence artificielle et d&rsquo;apprentissage automatique (AI\/ML), et avait \u00e9galement mis au point une puce AI\/ML. Elle a conc\u00e9d\u00e9 des licences sur cette technologie \u00e0 plus de 40 entreprises, dont <a href=\"https:\/\/www.eenewseurope.com\/en\/flex-logix-licences-fpga-fabric-to-chinas-morningcore\/\">MorningCore en Chine<\/a>. La technologie peut \u00eatre utilis\u00e9e sur des n\u0153uds de processus allant de 180 nm \u00e0 7 nm, y compris le <a href=\"https:\/\/www.eenewseurope.com\/en\/flex-fpga-ported-to-glofos-fdsoi-process\/\">processus FD SOI<\/a> \u00e0 faible consommation de <a href=\"https:\/\/www.eenewseurope.com\/en\/flex-fpga-ported-to-glofos-fdsoi-process\/\">22 nm de<\/a> Global Foundries, a d\u00e9clar\u00e9 l&rsquo;entreprise en 2023.<\/p>\n<p>Le march\u00e9 est d\u00e9j\u00e0 conclu. \u00ab\u00a0Nous avons travaill\u00e9 avec nos clients pour nous assurer qu&rsquo;ils seront pris en charge\u00a0\u00bb, a d\u00e9clar\u00e9 la soci\u00e9t\u00e9. La technologie sera probablement ajout\u00e9e aux microcontr\u00f4leurs MAX \u00e0 faible consommation d&rsquo;\u00e9nergie d&rsquo;ADI, qui sont \u00e9galement dot\u00e9s d&rsquo;acc\u00e9l\u00e9rateurs ML c\u00e2bl\u00e9s afin d&rsquo;offrir une plus grande flexibilit\u00e9.<\/p>\n<p>L&rsquo;accord intervient \u00e9galement alors qu&rsquo;<a href=\"https:\/\/www.eenewseurope.com\/en\/ceo-interview-sandra-rivera-of-altera-on-the-move-to-intel-18a\/\">Intel s&rsquo;appr\u00eate \u00e0 se s\u00e9parer de son<\/a> activit\u00e9 <a href=\"https:\/\/www.eenewseurope.com\/en\/ceo-interview-sandra-rivera-of-altera-on-the-move-to-intel-18a\/\">FPGA Altera<\/a> pour tirer parti de l&rsquo;essor de l&rsquo;IA. Le march\u00e9 des FPGA embarqu\u00e9s s&rsquo;est \u00e9galement am\u00e9lior\u00e9, Renesas Electronics ayant lanc\u00e9 une gamme de dispositifs ForgeFPGA \u00e0 faible densit\u00e9 \u00e0 la suite de l&rsquo;acquisition de Dialog Semiconductor, et <a href=\"https:\/\/www.eenewseurope.com\/en\/ti-launches-pld-programmable-logic-range\/\">TI ayant lanc\u00e9 le mois dernier sa propre gamme de logique programmable<\/a>.<\/p>\n<blockquote class=\"wp-embedded-content\" data-secret=\"Ln30U1K4eX\"><p><a href=\"https:\/\/www.eenewseurope.com\/en\/renesas-enters-the-fpga-business\/\">Renesas enters the FPGA business<\/a><\/p><\/blockquote>\n<p><iframe class=\"wp-embedded-content lazyload\" sandbox=\"allow-scripts\" security=\"restricted\" style=\"position: absolute; visibility: hidden;\" title=\"&#8220;Renesas enters the FPGA business&#8221; &#8212; eeNews Europe\" data-src=\"https:\/\/www.eenewseurope.com\/en\/renesas-enters-the-fpga-business\/embed\/#?secret=OnDXlW6HL3#?secret=Ln30U1K4eX\" data-secret=\"Ln30U1K4eX\" width=\"500\" height=\"282\" frameborder=\"0\" marginwidth=\"0\" marginheight=\"0\" scrolling=\"no\" src=\"data:image\/svg+xml;base64,PHN2ZyB3aWR0aD0iMSIgaGVpZ2h0PSIxIiB4bWxucz0iaHR0cDovL3d3dy53My5vcmcvMjAwMC9zdmciPjwvc3ZnPg==\" data-load-mode=\"1\"><\/iframe><\/p>\n<p>\u00ab\u00a0Il y a un tr\u00e8s petit nombre de personnes dans le monde qui ont construit des entreprises de plusieurs milliards de dollars dans le domaine de la propri\u00e9t\u00e9 intellectuelle des semi-conducteurs &#8211; le PDG fondateur de Rambus et maintenant PDG de Flex Logix, Geoff Tate, est l&rsquo;une d&rsquo;entre elles\u00a0\u00bb, a d\u00e9clar\u00e9 Ajay Royan, fondateur et associ\u00e9 g\u00e9n\u00e9ral de Mithril Capital, qui a men\u00e9 le cycle de financement de s\u00e9rie D en 2021. Un autre tour de table de 4 millions de dollars en 2022 a port\u00e9 le total des fonds lev\u00e9s depuis 2014 \u00e0 89 millions de dollars. Les d\u00e9tails de la transaction n&rsquo;ont pas \u00e9t\u00e9 divulgu\u00e9s.<\/p>\n<p><a title=\"www.flexlogic.com\" href=\"http:\/\/www.flexlogic.com\" target=\"_blank\" rel=\"noopener\">www.flexlogic.com<\/a> <a href=\"http:\/\/www.flexlogic.com\">;<\/a> <a href=\"http:\/\/www.analog.com\">www.analog.com<\/a><\/p>\n","protected":false},"excerpt":{"rendered":"<p>Flex Logix a vendu ses actifs FPGA embarqu\u00e9s \u00e0 Analog Devices (ADI), qui a \u00e9galement engag\u00e9 l&rsquo;\u00e9quipe technique. Flex Logix vendait ses circuits int\u00e9gr\u00e9s FPGA basse consommation EFLX et InferX pour les conceptions d&rsquo;intelligence artificielle et d&rsquo;apprentissage automatique (AI\/ML), et avait \u00e9galement mis au point une puce AI\/ML. Elle a conc\u00e9d\u00e9 des licences sur cette [&hellip;]<\/p>\n","protected":false},"author":40,"featured_media":465139,"comment_status":"closed","ping_status":"closed","sticky":false,"template":"","format":"standard","meta":{"_acf_changed":false,"footnotes":""},"categories":[880],"tags":[908],"domains":[47],"ppma_author":[3640,6199],"class_list":["post-465144","post","type-post","status-publish","format-standard","has-post-thumbnail","hentry","category-actualites-economiques","tag-plds-fpgas-asics-fr","domains-electronique-eci"],"acf":[],"yoast_head":"<title>ADI rach\u00e8te les actifs FPGA de Flex Logix ...<\/title>\n<meta name=\"description\" content=\"Flex Logix a vendu ses actifs FPGA embarqu\u00e9s \u00e0 Analog Devices (ADI), qui a \u00e9galement engag\u00e9 l&#039;\u00e9quipe technique.\" \/>\n<meta name=\"robots\" content=\"index, follow, max-snippet:-1, max-image-preview:large, max-video-preview:-1\" \/>\n<link rel=\"canonical\" href=\"https:\/\/www.ecinews.fr\/fr\/wp-json\/wp\/v2\/posts\/465144\/\" \/>\n<meta property=\"og:locale\" content=\"fr_FR\" \/>\n<meta property=\"og:type\" content=\"article\" \/>\n<meta property=\"og:title\" content=\"ADI rach\u00e8te les actifs FPGA de Flex Logix\" \/>\n<meta property=\"og:description\" content=\"Flex Logix a vendu ses actifs FPGA embarqu\u00e9s \u00e0 Analog Devices (ADI), qui a \u00e9galement engag\u00e9 l&#039;\u00e9quipe technique.\" \/>\n<meta property=\"og:url\" content=\"https:\/\/www.ecinews.fr\/fr\/wp-json\/wp\/v2\/posts\/465144\/\" \/>\n<meta property=\"og:site_name\" content=\"EENewsEurope\" \/>\n<meta property=\"article:published_time\" content=\"2024-11-10T16:17:48+00:00\" \/>\n<meta property=\"og:image\" content=\"https:\/\/www.eenewseurope.com\/wp-content\/uploads\/2024\/11\/Flex-Logic-ML-KEM-Xiphera-e1731254505950.png\" \/>\n\t<meta property=\"og:image:width\" content=\"1761\" \/>\n\t<meta property=\"og:image:height\" content=\"796\" \/>\n\t<meta property=\"og:image:type\" content=\"image\/png\" \/>\n<meta name=\"author\" content=\"Nick Flaherty, A Delapalisse\" \/>\n<meta name=\"twitter:card\" content=\"summary_large_image\" \/>\n<meta name=\"twitter:label1\" content=\"Written by\" \/>\n\t<meta name=\"twitter:data1\" content=\"A Delapalisse\" \/>\n\t<meta name=\"twitter:label2\" content=\"Est. reading time\" \/>\n\t<meta name=\"twitter:data2\" content=\"2 minutes\" \/>\n<script type=\"application\/ld+json\" class=\"yoast-schema-graph\">{\"@context\":\"https:\/\/schema.org\",\"@graph\":[{\"@type\":\"Article\",\"@id\":\"https:\/\/www.eenewseurope.com\/fr\/adi-rachete-les-actifs-fpga-de-flex-logix\/#article\",\"isPartOf\":{\"@id\":\"https:\/\/www.eenewseurope.com\/fr\/adi-rachete-les-actifs-fpga-de-flex-logix\/\"},\"author\":{\"name\":\"A Delapalisse\",\"@id\":\"https:\/\/www.ecinews.fr\/fr\/#\/schema\/person\/4b3db5ba5c953c5fddeb226df86d8635\"},\"headline\":\"ADI rach\u00e8te les actifs FPGA de Flex Logix\",\"datePublished\":\"2024-11-10T16:17:48+00:00\",\"dateModified\":\"2024-11-10T16:17:48+00:00\",\"mainEntityOfPage\":{\"@id\":\"https:\/\/www.eenewseurope.com\/fr\/adi-rachete-les-actifs-fpga-de-flex-logix\/\"},\"wordCount\":373,\"publisher\":{\"@id\":\"https:\/\/www.ecinews.fr\/fr\/#organization\"},\"keywords\":[\"PLDs\/FPGAs\/ASICs\"],\"articleSection\":[\"Actualit\u00e9s \u00e9conomiques\"],\"inLanguage\":\"fr-FR\"},{\"@type\":\"WebPage\",\"@id\":\"https:\/\/www.eenewseurope.com\/fr\/adi-rachete-les-actifs-fpga-de-flex-logix\/\",\"url\":\"https:\/\/www.eenewseurope.com\/fr\/adi-rachete-les-actifs-fpga-de-flex-logix\/\",\"name\":\"ADI rach\u00e8te les actifs FPGA de Flex Logix -\",\"isPartOf\":{\"@id\":\"https:\/\/www.ecinews.fr\/fr\/#website\"},\"datePublished\":\"2024-11-10T16:17:48+00:00\",\"dateModified\":\"2024-11-10T16:17:48+00:00\",\"description\":\"Flex Logix a vendu ses actifs FPGA embarqu\u00e9s \u00e0 Analog Devices (ADI), qui a \u00e9galement engag\u00e9 l'\u00e9quipe technique.\",\"breadcrumb\":{\"@id\":\"https:\/\/www.eenewseurope.com\/fr\/adi-rachete-les-actifs-fpga-de-flex-logix\/#breadcrumb\"},\"inLanguage\":\"fr-FR\",\"potentialAction\":[{\"@type\":\"ReadAction\",\"target\":[\"https:\/\/www.eenewseurope.com\/fr\/adi-rachete-les-actifs-fpga-de-flex-logix\/\"]}]},{\"@type\":\"BreadcrumbList\",\"@id\":\"https:\/\/www.eenewseurope.com\/fr\/adi-rachete-les-actifs-fpga-de-flex-logix\/#breadcrumb\",\"itemListElement\":[{\"@type\":\"ListItem\",\"position\":1,\"name\":\"Home\",\"item\":\"https:\/\/www.ecinews.fr\/fr\/\"},{\"@type\":\"ListItem\",\"position\":2,\"name\":\"ADI rach\u00e8te les actifs FPGA de Flex Logix\"}]},{\"@type\":\"WebSite\",\"@id\":\"https:\/\/www.ecinews.fr\/fr\/#website\",\"url\":\"https:\/\/www.ecinews.fr\/fr\/\",\"name\":\"EENewsEurope\",\"description\":\"Just another WordPress site\",\"publisher\":{\"@id\":\"https:\/\/www.ecinews.fr\/fr\/#organization\"},\"potentialAction\":[{\"@type\":\"SearchAction\",\"target\":{\"@type\":\"EntryPoint\",\"urlTemplate\":\"https:\/\/www.ecinews.fr\/fr\/?s={search_term_string}\"},\"query-input\":\"required name=search_term_string\"}],\"inLanguage\":\"fr-FR\"},{\"@type\":\"Organization\",\"@id\":\"https:\/\/www.ecinews.fr\/fr\/#organization\",\"name\":\"EENewsEurope\",\"url\":\"https:\/\/www.ecinews.fr\/fr\/\",\"logo\":{\"@type\":\"ImageObject\",\"inLanguage\":\"fr-FR\",\"@id\":\"https:\/\/www.ecinews.fr\/fr\/#\/schema\/logo\/image\/\",\"url\":\"https:\/\/www.ecinews.fr\/wp-content\/uploads\/2022\/02\/logo-1.jpg\",\"contentUrl\":\"https:\/\/www.ecinews.fr\/wp-content\/uploads\/2022\/02\/logo-1.jpg\",\"width\":283,\"height\":113,\"caption\":\"EENewsEurope\"},\"image\":{\"@id\":\"https:\/\/www.ecinews.fr\/fr\/#\/schema\/logo\/image\/\"}},{\"@type\":\"Person\",\"@id\":\"https:\/\/www.ecinews.fr\/fr\/#\/schema\/person\/4b3db5ba5c953c5fddeb226df86d8635\",\"name\":\"A Delapalisse\",\"image\":{\"@type\":\"ImageObject\",\"inLanguage\":\"fr-FR\",\"@id\":\"https:\/\/www.ecinews.fr\/fr\/#\/schema\/person\/image\/09af0e1236b95ff53924b8dfe5af278e\",\"url\":\"https:\/\/secure.gravatar.com\/avatar\/010f811c0933b47aea7e9204117b17c6?s=96&d=mm&r=g\",\"contentUrl\":\"https:\/\/secure.gravatar.com\/avatar\/010f811c0933b47aea7e9204117b17c6?s=96&d=mm&r=g\",\"caption\":\"A Delapalisse\"}}]}<\/script>","yoast_head_json":{"title":"ADI rach\u00e8te les actifs FPGA de Flex Logix ...","description":"Flex Logix a vendu ses actifs FPGA embarqu\u00e9s \u00e0 Analog Devices (ADI), qui a \u00e9galement engag\u00e9 l'\u00e9quipe technique.","robots":{"index":"index","follow":"follow","max-snippet":"max-snippet:-1","max-image-preview":"max-image-preview:large","max-video-preview":"max-video-preview:-1"},"canonical":"https:\/\/www.ecinews.fr\/fr\/wp-json\/wp\/v2\/posts\/465144\/","og_locale":"fr_FR","og_type":"article","og_title":"ADI rach\u00e8te les actifs FPGA de Flex Logix","og_description":"Flex Logix a vendu ses actifs FPGA embarqu\u00e9s \u00e0 Analog Devices (ADI), qui a \u00e9galement engag\u00e9 l'\u00e9quipe technique.","og_url":"https:\/\/www.ecinews.fr\/fr\/wp-json\/wp\/v2\/posts\/465144\/","og_site_name":"EENewsEurope","article_published_time":"2024-11-10T16:17:48+00:00","og_image":[{"width":1761,"height":796,"url":"https:\/\/www.eenewseurope.com\/wp-content\/uploads\/2024\/11\/Flex-Logic-ML-KEM-Xiphera-e1731254505950.png","type":"image\/png"}],"author":"Nick Flaherty, A Delapalisse","twitter_card":"summary_large_image","twitter_misc":{"Written by":"A Delapalisse","Est. reading time":"2 minutes"},"schema":{"@context":"https:\/\/schema.org","@graph":[{"@type":"Article","@id":"https:\/\/www.eenewseurope.com\/fr\/adi-rachete-les-actifs-fpga-de-flex-logix\/#article","isPartOf":{"@id":"https:\/\/www.eenewseurope.com\/fr\/adi-rachete-les-actifs-fpga-de-flex-logix\/"},"author":{"name":"A Delapalisse","@id":"https:\/\/www.ecinews.fr\/fr\/#\/schema\/person\/4b3db5ba5c953c5fddeb226df86d8635"},"headline":"ADI rach\u00e8te les actifs FPGA de Flex Logix","datePublished":"2024-11-10T16:17:48+00:00","dateModified":"2024-11-10T16:17:48+00:00","mainEntityOfPage":{"@id":"https:\/\/www.eenewseurope.com\/fr\/adi-rachete-les-actifs-fpga-de-flex-logix\/"},"wordCount":373,"publisher":{"@id":"https:\/\/www.ecinews.fr\/fr\/#organization"},"keywords":["PLDs\/FPGAs\/ASICs"],"articleSection":["Actualit\u00e9s \u00e9conomiques"],"inLanguage":"fr-FR"},{"@type":"WebPage","@id":"https:\/\/www.eenewseurope.com\/fr\/adi-rachete-les-actifs-fpga-de-flex-logix\/","url":"https:\/\/www.eenewseurope.com\/fr\/adi-rachete-les-actifs-fpga-de-flex-logix\/","name":"ADI rach\u00e8te les actifs FPGA de Flex Logix -","isPartOf":{"@id":"https:\/\/www.ecinews.fr\/fr\/#website"},"datePublished":"2024-11-10T16:17:48+00:00","dateModified":"2024-11-10T16:17:48+00:00","description":"Flex Logix a vendu ses actifs FPGA embarqu\u00e9s \u00e0 Analog Devices (ADI), qui a \u00e9galement engag\u00e9 l'\u00e9quipe technique.","breadcrumb":{"@id":"https:\/\/www.eenewseurope.com\/fr\/adi-rachete-les-actifs-fpga-de-flex-logix\/#breadcrumb"},"inLanguage":"fr-FR","potentialAction":[{"@type":"ReadAction","target":["https:\/\/www.eenewseurope.com\/fr\/adi-rachete-les-actifs-fpga-de-flex-logix\/"]}]},{"@type":"BreadcrumbList","@id":"https:\/\/www.eenewseurope.com\/fr\/adi-rachete-les-actifs-fpga-de-flex-logix\/#breadcrumb","itemListElement":[{"@type":"ListItem","position":1,"name":"Home","item":"https:\/\/www.ecinews.fr\/fr\/"},{"@type":"ListItem","position":2,"name":"ADI rach\u00e8te les actifs FPGA de Flex Logix"}]},{"@type":"WebSite","@id":"https:\/\/www.ecinews.fr\/fr\/#website","url":"https:\/\/www.ecinews.fr\/fr\/","name":"EENewsEurope","description":"Just another WordPress site","publisher":{"@id":"https:\/\/www.ecinews.fr\/fr\/#organization"},"potentialAction":[{"@type":"SearchAction","target":{"@type":"EntryPoint","urlTemplate":"https:\/\/www.ecinews.fr\/fr\/?s={search_term_string}"},"query-input":"required name=search_term_string"}],"inLanguage":"fr-FR"},{"@type":"Organization","@id":"https:\/\/www.ecinews.fr\/fr\/#organization","name":"EENewsEurope","url":"https:\/\/www.ecinews.fr\/fr\/","logo":{"@type":"ImageObject","inLanguage":"fr-FR","@id":"https:\/\/www.ecinews.fr\/fr\/#\/schema\/logo\/image\/","url":"https:\/\/www.ecinews.fr\/wp-content\/uploads\/2022\/02\/logo-1.jpg","contentUrl":"https:\/\/www.ecinews.fr\/wp-content\/uploads\/2022\/02\/logo-1.jpg","width":283,"height":113,"caption":"EENewsEurope"},"image":{"@id":"https:\/\/www.ecinews.fr\/fr\/#\/schema\/logo\/image\/"}},{"@type":"Person","@id":"https:\/\/www.ecinews.fr\/fr\/#\/schema\/person\/4b3db5ba5c953c5fddeb226df86d8635","name":"A Delapalisse","image":{"@type":"ImageObject","inLanguage":"fr-FR","@id":"https:\/\/www.ecinews.fr\/fr\/#\/schema\/person\/image\/09af0e1236b95ff53924b8dfe5af278e","url":"https:\/\/secure.gravatar.com\/avatar\/010f811c0933b47aea7e9204117b17c6?s=96&d=mm&r=g","contentUrl":"https:\/\/secure.gravatar.com\/avatar\/010f811c0933b47aea7e9204117b17c6?s=96&d=mm&r=g","caption":"A Delapalisse"}}]}},"authors":[{"term_id":3640,"user_id":0,"is_guest":1,"slug":"nick-flaherty","display_name":"Nick Flaherty","avatar_url":"https:\/\/secure.gravatar.com\/avatar\/?s=96&d=mm&r=g","0":null,"1":"","2":"","3":"","4":"","5":"","6":"","7":"","8":""},{"term_id":6199,"user_id":40,"is_guest":0,"slug":"andre-rousselotemisys-com","display_name":"A Delapalisse","avatar_url":"https:\/\/secure.gravatar.com\/avatar\/010f811c0933b47aea7e9204117b17c6?s=96&d=mm&r=g","0":null,"1":"","2":"","3":"","4":"","5":"","6":"","7":"","8":""}],"_links":{"self":[{"href":"https:\/\/www.ecinews.fr\/fr\/wp-json\/wp\/v2\/posts\/465144"}],"collection":[{"href":"https:\/\/www.ecinews.fr\/fr\/wp-json\/wp\/v2\/posts"}],"about":[{"href":"https:\/\/www.ecinews.fr\/fr\/wp-json\/wp\/v2\/types\/post"}],"author":[{"embeddable":true,"href":"https:\/\/www.ecinews.fr\/fr\/wp-json\/wp\/v2\/users\/40"}],"replies":[{"embeddable":true,"href":"https:\/\/www.ecinews.fr\/fr\/wp-json\/wp\/v2\/comments?post=465144"}],"version-history":[{"count":0,"href":"https:\/\/www.ecinews.fr\/fr\/wp-json\/wp\/v2\/posts\/465144\/revisions"}],"wp:featuredmedia":[{"embeddable":true,"href":"https:\/\/www.ecinews.fr\/fr\/wp-json\/wp\/v2\/media\/465139"}],"wp:attachment":[{"href":"https:\/\/www.ecinews.fr\/fr\/wp-json\/wp\/v2\/media?parent=465144"}],"wp:term":[{"taxonomy":"category","embeddable":true,"href":"https:\/\/www.ecinews.fr\/fr\/wp-json\/wp\/v2\/categories?post=465144"},{"taxonomy":"post_tag","embeddable":true,"href":"https:\/\/www.ecinews.fr\/fr\/wp-json\/wp\/v2\/tags?post=465144"},{"taxonomy":"domains","embeddable":true,"href":"https:\/\/www.ecinews.fr\/fr\/wp-json\/wp\/v2\/domains?post=465144"},{"taxonomy":"author","embeddable":true,"href":"https:\/\/www.ecinews.fr\/fr\/wp-json\/wp\/v2\/ppma_author?post=465144"}],"curies":[{"name":"wp","href":"https:\/\/api.w.org\/{rel}","templated":true}]}}