{"id":465111,"date":"2024-11-09T08:27:45","date_gmt":"2024-11-09T07:27:45","guid":{"rendered":"https:\/\/www.ecinews.fr\/?p=465111"},"modified":"2024-11-08T18:34:46","modified_gmt":"2024-11-08T17:34:46","slug":"leurope-senfonce-alors-que-le-marche-mondial-des-puces-bondit","status":"publish","type":"post","link":"https:\/\/www.ecinews.fr\/fr\/leurope-senfonce-alors-que-le-marche-mondial-des-puces-bondit\/","title":{"rendered":"L&rsquo;Europe s&rsquo;enfonce alors que le march\u00e9 mondial des puces bondit"},"content":{"rendered":"<h2>Selon les chiffres publi\u00e9s par la Semiconductor Industry Association, l&rsquo;Europe est la seule r\u00e9gion du monde o\u00f9 les ventes de puces ont \u00e9t\u00e9 inf\u00e9rieures au troisi\u00e8me trimestre de l&rsquo;ann\u00e9e 24 par rapport au m\u00eame trimestre de l&rsquo;ann\u00e9e pr\u00e9c\u00e9dente.<\/h2>\n<p>Le march\u00e9 mondial des puces \u00e9lectroniques repr\u00e9sentait 55,32 milliards de dollars am\u00e9ricains au cours de la moyenne des trois mois de septembre, ao\u00fbt et juillet. Les chiffres de septembre sont donc une approximation pour le troisi\u00e8me trimestre de l&rsquo;ann\u00e9e 24.<\/p>\n<p>Le march\u00e9 mondial moyen des puces pour le mois de septembre a augment\u00e9 de 23,2 % par rapport \u00e0 l&rsquo;ann\u00e9e pr\u00e9c\u00e9dente, gr\u00e2ce \u00e0 une forte croissance dans la r\u00e9gion des Am\u00e9riques (pr\u00e8s de 50 % d&rsquo;une ann\u00e9e sur l&rsquo;autre), tandis que le march\u00e9 europ\u00e9en a chut\u00e9 de 8,2 %.<\/p>\n<p>Le march\u00e9 japonais, qui avait stagn\u00e9 \u00e0 c\u00f4t\u00e9 du march\u00e9 europ\u00e9en au premier semestre de l&rsquo;ann\u00e9e 24, a rebondit de 7,7 % et est sur le point de rattraper le march\u00e9 europ\u00e9en en termes de taille.<\/p>\n<p>Sur une base mensuelle s\u00e9quentielle, les moyennes mobiles sur trois mois (3MMA) des cinq r\u00e9gions suivies par la SIA ont augment\u00e9 de pr\u00e8s de 4,1 % en moyenne mondiale. Par rapport au deuxi\u00e8me trimestre de l&rsquo;ann\u00e9e 24, le march\u00e9 mondial des puces a augment\u00e9 de 10,7 %, ce qui est l\u00e9g\u00e8rement sup\u00e9rieur \u00e0 la norme saisonni\u00e8re, mais l&rsquo;Europe reste \u00e0 la tra\u00eene par rapport au reste du monde.<\/p>\n<p>Le sch\u00e9ma reste coh\u00e9rent : le march\u00e9 des semi-conducteurs est en plein essor gr\u00e2ce \u00e0 l&rsquo;essor de l&rsquo;IA et \u00e0 l&rsquo;\u00e9norme succ\u00e8s de Nvidia, tandis que les d\u00e9penses en \u00e9lectronique grand public reprennent et que les march\u00e9s de l&rsquo;automobile, de l&rsquo;industrie et de l&rsquo;infrastructure restent atones.<\/p>\n<div id=\"attachment_465105\" style=\"width: 610px\" class=\"wp-caption alignleft\"><img decoding=\"async\" aria-describedby=\"caption-attachment-465105\" class=\"wp-image-465105 size-full lazyload\" data-src=\"https:\/\/www.eenewseurope.com\/wp-content\/uploads\/2024\/11\/SIAsept600.jpg\" alt=\"\" width=\"600\" height=\"652\" data-srcset=\"https:\/\/www.ecinews.fr\/wp-content\/uploads\/2024\/11\/SIAsept600.jpg 600w, https:\/\/www.ecinews.fr\/wp-content\/uploads\/2024\/11\/SIAsept600-276x300.jpg 276w\" data-sizes=\"(max-width: 600px) 100vw, 600px\" src=\"data:image\/svg+xml;base64,PHN2ZyB3aWR0aD0iMSIgaGVpZ2h0PSIxIiB4bWxucz0iaHR0cDovL3d3dy53My5vcmcvMjAwMC9zdmciPjwvc3ZnPg==\" style=\"--smush-placeholder-width: 600px; --smush-placeholder-aspect-ratio: 600\/652;\" \/><p id=\"caption-attachment-465105\" class=\"wp-caption-text\"><em><strong>Moyenne sur trois mois des ventes de puces par r\u00e9gion g\u00e9ographique pour septembre et ao\u00fbt 2024. Source : SIA\/WSTS : SIA\/WSTS.<\/strong><\/em><\/p><\/div>\n<p>\u00ab\u00a0Le march\u00e9 mondial des semi-conducteurs a continu\u00e9 de cro\u00eetre au cours du troisi\u00e8me trimestre 2024, les ventes d&rsquo;un trimestre \u00e0 l&rsquo;autre ayant augment\u00e9 au taux le plus \u00e9lev\u00e9 depuis 2016\u00a0\u00bb, a d\u00e9clar\u00e9 John Neuffer, PDG de la SIA, dans un communiqu\u00e9.<\/p>\n<p>Les donn\u00e9es mensuelles sont fournies par la SIA comme une moyenne de trois mois, bien que la source des donn\u00e9es, WSTS, suive les ventes sur une base mensuelle. La SIA et d&rsquo;autres organismes r\u00e9gionaux de l&rsquo;industrie des semi-conducteurs choisissent d&rsquo;utiliser des donn\u00e9es moyennes parce qu&rsquo;elles \u00e9galisent les donn\u00e9es r\u00e9elles qui montrent g\u00e9n\u00e9ralement des creux au d\u00e9but des trimestres et des pics \u00e0 la fin des trimestres.<\/p>\n<h4>Liens et articles connexes :<\/h4>\n<p><a href=\"https:\/\/www.semiconductors.org\">www.semiconductors.org<\/a><\/p>\n<h4>Articles de presse :<\/h4>\n<p><a href=\"https:\/\/www.eenewseurope.com\/en\/americas-appetite-keeps-annual-global-chip-market-growth-at-20\/\">L&rsquo;app\u00e9tit des Am\u00e9ricains maintient la croissance annuelle du march\u00e9 mondial des puces \u00e0 20%.<\/a><\/p>\n<p><a href=\"https:\/\/www.eenewseurope.com\/en\/europes-chip-market-nose-dives-while-americas-booms\/\">Le march\u00e9 europ\u00e9en des puces s&rsquo;effondre tandis que le march\u00e9 am\u00e9ricain est en plein essor<\/a><\/p>\n<p><a href=\"https:\/\/www.eenewseurope.com\/en\/americas-region-saw-huge-chip-market-growth-in-may\/\">La r\u00e9gion des Am\u00e9riques a connu une forte croissance du march\u00e9 des puces en mai<\/a><\/p>\n<p><a href=\"https:\/\/www.eenewseurope.com\/en\/america-drives-global-chip-market-to-go-again-in-april\/\">L&rsquo;Am\u00e9rique fait repartir le march\u00e9 mondial des puces en avril <\/a><\/p>\n<p><a href=\"https:\/\/www.eenewseurope.com\/en\/global-chip-market-growth-halted-in-1q24\/\">La croissance du march\u00e9 mondial des puces s&rsquo;est interrompue au premier trimestre de l&rsquo;ann\u00e9e 24 <\/a><\/p>\n","protected":false},"excerpt":{"rendered":"<p>Selon les chiffres publi\u00e9s par la Semiconductor Industry Association, l&rsquo;Europe est la seule r\u00e9gion du monde o\u00f9 les ventes de puces ont \u00e9t\u00e9 inf\u00e9rieures au troisi\u00e8me trimestre de l&rsquo;ann\u00e9e 24 par rapport au m\u00eame trimestre de l&rsquo;ann\u00e9e pr\u00e9c\u00e9dente. Le march\u00e9 mondial des puces \u00e9lectroniques repr\u00e9sentait 55,32 milliards de dollars am\u00e9ricains au cours de la moyenne [&hellip;]<\/p>\n","protected":false},"author":34,"featured_media":465109,"comment_status":"closed","ping_status":"closed","sticky":false,"template":"","format":"standard","meta":{"_acf_changed":false,"footnotes":""},"categories":[3669],"tags":[2327,3700],"domains":[47],"ppma_author":[3631,1153],"class_list":["post-465111","post","type-post","status-publish","format-standard","has-post-thumbnail","hentry","category-nouvelles","tag-marche","tag-semi-conducteur","domains-electronique-eci"],"acf":[],"yoast_head":"<title>L&#039;Europe s&#039;enfonce alors que le march\u00e9 mondial des puces bondit ...<\/title>\n<meta name=\"description\" content=\"Selon la SIA, l&#039;Europe est la seule r\u00e9gion du monde o\u00f9 les ventes de puces ont baiss\u00e9 au T3 2024 par rapport au m\u00eame trimestre de 2023.\" \/>\n<meta name=\"robots\" content=\"index, follow, max-snippet:-1, max-image-preview:large, max-video-preview:-1\" \/>\n<link rel=\"canonical\" href=\"https:\/\/www.ecinews.fr\/fr\/wp-json\/wp\/v2\/posts\/465111\/\" \/>\n<meta property=\"og:locale\" content=\"fr_FR\" \/>\n<meta property=\"og:type\" content=\"article\" \/>\n<meta property=\"og:title\" content=\"L&#039;Europe s&#039;enfonce alors que le march\u00e9 mondial des puces bondit\" \/>\n<meta property=\"og:description\" content=\"Selon la SIA, l&#039;Europe est la seule r\u00e9gion du monde o\u00f9 les ventes de puces ont baiss\u00e9 au T3 2024 par rapport au m\u00eame trimestre de 2023.\" \/>\n<meta property=\"og:url\" content=\"https:\/\/www.ecinews.fr\/fr\/wp-json\/wp\/v2\/posts\/465111\/\" \/>\n<meta property=\"og:site_name\" content=\"EENewsEurope\" \/>\n<meta property=\"article:published_time\" content=\"2024-11-09T07:27:45+00:00\" \/>\n<meta property=\"article:modified_time\" content=\"2024-11-08T17:34:46+00:00\" \/>\n<meta property=\"og:image\" content=\"https:\/\/www.ecinews.fr\/wp-content\/uploads\/2024\/11\/SIAsept24_630.jpg\" \/>\n\t<meta property=\"og:image:width\" content=\"630\" \/>\n\t<meta property=\"og:image:height\" content=\"385\" \/>\n\t<meta property=\"og:image:type\" content=\"image\/jpeg\" \/>\n<meta name=\"author\" content=\"Peter Clarke, A Delapalisse\" \/>\n<meta name=\"twitter:card\" content=\"summary_large_image\" \/>\n<meta name=\"twitter:label1\" content=\"Written by\" \/>\n\t<meta name=\"twitter:data1\" content=\"A Delapalisse\" \/>\n\t<meta name=\"twitter:label2\" content=\"Est. reading time\" \/>\n\t<meta name=\"twitter:data2\" content=\"3 minutes\" \/>\n<script type=\"application\/ld+json\" class=\"yoast-schema-graph\">{\"@context\":\"https:\/\/schema.org\",\"@graph\":[{\"@type\":\"Article\",\"@id\":\"https:\/\/www.ecinews.fr\/fr\/leurope-senfonce-alors-que-le-marche-mondial-des-puces-bondit\/#article\",\"isPartOf\":{\"@id\":\"https:\/\/www.ecinews.fr\/fr\/leurope-senfonce-alors-que-le-marche-mondial-des-puces-bondit\/\"},\"author\":{\"name\":\"A Delapalisse\",\"@id\":\"https:\/\/www.ecinews.fr\/fr\/#\/schema\/person\/0aa2cfb0bd8949724a68cbac8d8321b4\"},\"headline\":\"L&rsquo;Europe s&rsquo;enfonce alors que le march\u00e9 mondial des puces bondit\",\"datePublished\":\"2024-11-09T07:27:45+00:00\",\"dateModified\":\"2024-11-08T17:34:46+00:00\",\"mainEntityOfPage\":{\"@id\":\"https:\/\/www.ecinews.fr\/fr\/leurope-senfonce-alors-que-le-marche-mondial-des-puces-bondit\/\"},\"wordCount\":563,\"publisher\":{\"@id\":\"https:\/\/www.ecinews.fr\/fr\/#organization\"},\"keywords\":[\"March\u00e9\",\"semi-conducteur\"],\"articleSection\":[\"Nouvelles\"],\"inLanguage\":\"fr-FR\"},{\"@type\":\"WebPage\",\"@id\":\"https:\/\/www.ecinews.fr\/fr\/leurope-senfonce-alors-que-le-marche-mondial-des-puces-bondit\/\",\"url\":\"https:\/\/www.ecinews.fr\/fr\/leurope-senfonce-alors-que-le-marche-mondial-des-puces-bondit\/\",\"name\":\"L'Europe s'enfonce alors que le march\u00e9 mondial des puces bondit\",\"isPartOf\":{\"@id\":\"https:\/\/www.ecinews.fr\/fr\/#website\"},\"datePublished\":\"2024-11-09T07:27:45+00:00\",\"dateModified\":\"2024-11-08T17:34:46+00:00\",\"description\":\"Selon la SIA, l'Europe est la seule r\u00e9gion du monde o\u00f9 les ventes de puces ont baiss\u00e9 au T3 2024 par rapport au m\u00eame trimestre de 2023.\",\"breadcrumb\":{\"@id\":\"https:\/\/www.ecinews.fr\/fr\/leurope-senfonce-alors-que-le-marche-mondial-des-puces-bondit\/#breadcrumb\"},\"inLanguage\":\"fr-FR\",\"potentialAction\":[{\"@type\":\"ReadAction\",\"target\":[\"https:\/\/www.ecinews.fr\/fr\/leurope-senfonce-alors-que-le-marche-mondial-des-puces-bondit\/\"]}]},{\"@type\":\"BreadcrumbList\",\"@id\":\"https:\/\/www.ecinews.fr\/fr\/leurope-senfonce-alors-que-le-marche-mondial-des-puces-bondit\/#breadcrumb\",\"itemListElement\":[{\"@type\":\"ListItem\",\"position\":1,\"name\":\"Home\",\"item\":\"https:\/\/www.ecinews.fr\/fr\/\"},{\"@type\":\"ListItem\",\"position\":2,\"name\":\"L&rsquo;Europe s&rsquo;enfonce alors que le march\u00e9 mondial des puces bondit\"}]},{\"@type\":\"WebSite\",\"@id\":\"https:\/\/www.ecinews.fr\/fr\/#website\",\"url\":\"https:\/\/www.ecinews.fr\/fr\/\",\"name\":\"EENewsEurope\",\"description\":\"Just another WordPress site\",\"publisher\":{\"@id\":\"https:\/\/www.ecinews.fr\/fr\/#organization\"},\"potentialAction\":[{\"@type\":\"SearchAction\",\"target\":{\"@type\":\"EntryPoint\",\"urlTemplate\":\"https:\/\/www.ecinews.fr\/fr\/?s={search_term_string}\"},\"query-input\":\"required name=search_term_string\"}],\"inLanguage\":\"fr-FR\"},{\"@type\":\"Organization\",\"@id\":\"https:\/\/www.ecinews.fr\/fr\/#organization\",\"name\":\"EENewsEurope\",\"url\":\"https:\/\/www.ecinews.fr\/fr\/\",\"logo\":{\"@type\":\"ImageObject\",\"inLanguage\":\"fr-FR\",\"@id\":\"https:\/\/www.ecinews.fr\/fr\/#\/schema\/logo\/image\/\",\"url\":\"https:\/\/www.ecinews.fr\/wp-content\/uploads\/2022\/02\/logo-1.jpg\",\"contentUrl\":\"https:\/\/www.ecinews.fr\/wp-content\/uploads\/2022\/02\/logo-1.jpg\",\"width\":283,\"height\":113,\"caption\":\"EENewsEurope\"},\"image\":{\"@id\":\"https:\/\/www.ecinews.fr\/fr\/#\/schema\/logo\/image\/\"}},{\"@type\":\"Person\",\"@id\":\"https:\/\/www.ecinews.fr\/fr\/#\/schema\/person\/0aa2cfb0bd8949724a68cbac8d8321b4\",\"name\":\"A Delapalisse\",\"image\":{\"@type\":\"ImageObject\",\"inLanguage\":\"fr-FR\",\"@id\":\"https:\/\/www.ecinews.fr\/fr\/#\/schema\/person\/image\/211ac42237c2e9683c0964086c393cb4\",\"url\":\"https:\/\/secure.gravatar.com\/avatar\/ad45a8c5da24bc9c7c4940dd1c48a695?s=96&d=mm&r=g\",\"contentUrl\":\"https:\/\/secure.gravatar.com\/avatar\/ad45a8c5da24bc9c7c4940dd1c48a695?s=96&d=mm&r=g\",\"caption\":\"A Delapalisse\"},\"sameAs\":[\"http:\/\/ECI\"]}]}<\/script>","yoast_head_json":{"title":"L'Europe s'enfonce alors que le march\u00e9 mondial des puces bondit ...","description":"Selon la SIA, l'Europe est la seule r\u00e9gion du monde o\u00f9 les ventes de puces ont baiss\u00e9 au T3 2024 par rapport au m\u00eame trimestre de 2023.","robots":{"index":"index","follow":"follow","max-snippet":"max-snippet:-1","max-image-preview":"max-image-preview:large","max-video-preview":"max-video-preview:-1"},"canonical":"https:\/\/www.ecinews.fr\/fr\/wp-json\/wp\/v2\/posts\/465111\/","og_locale":"fr_FR","og_type":"article","og_title":"L'Europe s'enfonce alors que le march\u00e9 mondial des puces bondit","og_description":"Selon la SIA, l'Europe est la seule r\u00e9gion du monde o\u00f9 les ventes de puces ont baiss\u00e9 au T3 2024 par rapport au m\u00eame trimestre de 2023.","og_url":"https:\/\/www.ecinews.fr\/fr\/wp-json\/wp\/v2\/posts\/465111\/","og_site_name":"EENewsEurope","article_published_time":"2024-11-09T07:27:45+00:00","article_modified_time":"2024-11-08T17:34:46+00:00","og_image":[{"width":630,"height":385,"url":"https:\/\/www.ecinews.fr\/wp-content\/uploads\/2024\/11\/SIAsept24_630.jpg","type":"image\/jpeg"}],"author":"Peter Clarke, A Delapalisse","twitter_card":"summary_large_image","twitter_misc":{"Written by":"A Delapalisse","Est. reading time":"3 minutes"},"schema":{"@context":"https:\/\/schema.org","@graph":[{"@type":"Article","@id":"https:\/\/www.ecinews.fr\/fr\/leurope-senfonce-alors-que-le-marche-mondial-des-puces-bondit\/#article","isPartOf":{"@id":"https:\/\/www.ecinews.fr\/fr\/leurope-senfonce-alors-que-le-marche-mondial-des-puces-bondit\/"},"author":{"name":"A Delapalisse","@id":"https:\/\/www.ecinews.fr\/fr\/#\/schema\/person\/0aa2cfb0bd8949724a68cbac8d8321b4"},"headline":"L&rsquo;Europe s&rsquo;enfonce alors que le march\u00e9 mondial des puces bondit","datePublished":"2024-11-09T07:27:45+00:00","dateModified":"2024-11-08T17:34:46+00:00","mainEntityOfPage":{"@id":"https:\/\/www.ecinews.fr\/fr\/leurope-senfonce-alors-que-le-marche-mondial-des-puces-bondit\/"},"wordCount":563,"publisher":{"@id":"https:\/\/www.ecinews.fr\/fr\/#organization"},"keywords":["March\u00e9","semi-conducteur"],"articleSection":["Nouvelles"],"inLanguage":"fr-FR"},{"@type":"WebPage","@id":"https:\/\/www.ecinews.fr\/fr\/leurope-senfonce-alors-que-le-marche-mondial-des-puces-bondit\/","url":"https:\/\/www.ecinews.fr\/fr\/leurope-senfonce-alors-que-le-marche-mondial-des-puces-bondit\/","name":"L'Europe s'enfonce alors que le march\u00e9 mondial des puces bondit","isPartOf":{"@id":"https:\/\/www.ecinews.fr\/fr\/#website"},"datePublished":"2024-11-09T07:27:45+00:00","dateModified":"2024-11-08T17:34:46+00:00","description":"Selon la SIA, l'Europe est la seule r\u00e9gion du monde o\u00f9 les ventes de puces ont baiss\u00e9 au T3 2024 par rapport au m\u00eame trimestre de 2023.","breadcrumb":{"@id":"https:\/\/www.ecinews.fr\/fr\/leurope-senfonce-alors-que-le-marche-mondial-des-puces-bondit\/#breadcrumb"},"inLanguage":"fr-FR","potentialAction":[{"@type":"ReadAction","target":["https:\/\/www.ecinews.fr\/fr\/leurope-senfonce-alors-que-le-marche-mondial-des-puces-bondit\/"]}]},{"@type":"BreadcrumbList","@id":"https:\/\/www.ecinews.fr\/fr\/leurope-senfonce-alors-que-le-marche-mondial-des-puces-bondit\/#breadcrumb","itemListElement":[{"@type":"ListItem","position":1,"name":"Home","item":"https:\/\/www.ecinews.fr\/fr\/"},{"@type":"ListItem","position":2,"name":"L&rsquo;Europe s&rsquo;enfonce alors que le march\u00e9 mondial des puces bondit"}]},{"@type":"WebSite","@id":"https:\/\/www.ecinews.fr\/fr\/#website","url":"https:\/\/www.ecinews.fr\/fr\/","name":"EENewsEurope","description":"Just another WordPress site","publisher":{"@id":"https:\/\/www.ecinews.fr\/fr\/#organization"},"potentialAction":[{"@type":"SearchAction","target":{"@type":"EntryPoint","urlTemplate":"https:\/\/www.ecinews.fr\/fr\/?s={search_term_string}"},"query-input":"required name=search_term_string"}],"inLanguage":"fr-FR"},{"@type":"Organization","@id":"https:\/\/www.ecinews.fr\/fr\/#organization","name":"EENewsEurope","url":"https:\/\/www.ecinews.fr\/fr\/","logo":{"@type":"ImageObject","inLanguage":"fr-FR","@id":"https:\/\/www.ecinews.fr\/fr\/#\/schema\/logo\/image\/","url":"https:\/\/www.ecinews.fr\/wp-content\/uploads\/2022\/02\/logo-1.jpg","contentUrl":"https:\/\/www.ecinews.fr\/wp-content\/uploads\/2022\/02\/logo-1.jpg","width":283,"height":113,"caption":"EENewsEurope"},"image":{"@id":"https:\/\/www.ecinews.fr\/fr\/#\/schema\/logo\/image\/"}},{"@type":"Person","@id":"https:\/\/www.ecinews.fr\/fr\/#\/schema\/person\/0aa2cfb0bd8949724a68cbac8d8321b4","name":"A Delapalisse","image":{"@type":"ImageObject","inLanguage":"fr-FR","@id":"https:\/\/www.ecinews.fr\/fr\/#\/schema\/person\/image\/211ac42237c2e9683c0964086c393cb4","url":"https:\/\/secure.gravatar.com\/avatar\/ad45a8c5da24bc9c7c4940dd1c48a695?s=96&d=mm&r=g","contentUrl":"https:\/\/secure.gravatar.com\/avatar\/ad45a8c5da24bc9c7c4940dd1c48a695?s=96&d=mm&r=g","caption":"A Delapalisse"},"sameAs":["http:\/\/ECI"]}]}},"authors":[{"term_id":3631,"user_id":0,"is_guest":1,"slug":"peter-clarke","display_name":"Peter Clarke","avatar_url":"https:\/\/secure.gravatar.com\/avatar\/?s=96&d=mm&r=g","0":null,"1":"","2":"","3":"","4":"","5":"","6":"","7":"","8":""},{"term_id":1153,"user_id":34,"is_guest":0,"slug":"adelapalisse","display_name":"A Delapalisse","avatar_url":"https:\/\/secure.gravatar.com\/avatar\/ad45a8c5da24bc9c7c4940dd1c48a695?s=96&d=mm&r=g","0":null,"1":"","2":"","3":"","4":"","5":"","6":"","7":"","8":""}],"_links":{"self":[{"href":"https:\/\/www.ecinews.fr\/fr\/wp-json\/wp\/v2\/posts\/465111"}],"collection":[{"href":"https:\/\/www.ecinews.fr\/fr\/wp-json\/wp\/v2\/posts"}],"about":[{"href":"https:\/\/www.ecinews.fr\/fr\/wp-json\/wp\/v2\/types\/post"}],"author":[{"embeddable":true,"href":"https:\/\/www.ecinews.fr\/fr\/wp-json\/wp\/v2\/users\/34"}],"replies":[{"embeddable":true,"href":"https:\/\/www.ecinews.fr\/fr\/wp-json\/wp\/v2\/comments?post=465111"}],"version-history":[{"count":0,"href":"https:\/\/www.ecinews.fr\/fr\/wp-json\/wp\/v2\/posts\/465111\/revisions"}],"wp:featuredmedia":[{"embeddable":true,"href":"https:\/\/www.ecinews.fr\/fr\/wp-json\/wp\/v2\/media\/465109"}],"wp:attachment":[{"href":"https:\/\/www.ecinews.fr\/fr\/wp-json\/wp\/v2\/media?parent=465111"}],"wp:term":[{"taxonomy":"category","embeddable":true,"href":"https:\/\/www.ecinews.fr\/fr\/wp-json\/wp\/v2\/categories?post=465111"},{"taxonomy":"post_tag","embeddable":true,"href":"https:\/\/www.ecinews.fr\/fr\/wp-json\/wp\/v2\/tags?post=465111"},{"taxonomy":"domains","embeddable":true,"href":"https:\/\/www.ecinews.fr\/fr\/wp-json\/wp\/v2\/domains?post=465111"},{"taxonomy":"author","embeddable":true,"href":"https:\/\/www.ecinews.fr\/fr\/wp-json\/wp\/v2\/ppma_author?post=465111"}],"curies":[{"name":"wp","href":"https:\/\/api.w.org\/{rel}","templated":true}]}}