{"id":463375,"date":"2024-10-20T08:56:08","date_gmt":"2024-10-20T06:56:08","guid":{"rendered":"https:\/\/www.ecinews.fr\/?p=463375"},"modified":"2024-10-20T08:56:08","modified_gmt":"2024-10-20T06:56:08","slug":"asml-revoit-a-la-baisse-ses-previsions-de-ventes-pour-2025","status":"publish","type":"post","link":"https:\/\/www.ecinews.fr\/fr\/asml-revoit-a-la-baisse-ses-previsions-de-ventes-pour-2025\/","title":{"rendered":"ASML revoit \u00e0 la baisse ses pr\u00e9visions de ventes pour 2025"},"content":{"rendered":"<h2>Le fournisseur d&rsquo;\u00e9quipements de lithographie ASML a revu \u00e0 la baisse ses pr\u00e9visions de ventes pour 2025 en raison de la prudence de certains fabricants de puces et de \u00ab\u00a0probl\u00e8mes concurrentiels sp\u00e9cifiques dans le secteur de la fonderie\u00a0\u00bb.<\/h2>\n<p>ASML Holding NV (Veldhoven, Pays-Bas) est le principal fournisseur d&rsquo;\u00e9quipements de lithographie pour la fabrication de puces et pr\u00e9voyait un chiffre d&rsquo;affaires compris entre 30 et 40 milliards d&rsquo;euros en 2025. Dans sa derni\u00e8re annonce, l&rsquo;entreprise a indiqu\u00e9 qu&rsquo;elle avait ramen\u00e9 ses pr\u00e9visions \u00e0 une fourchette comprise entre 30 et 35 milliards d&rsquo;euros.<\/p>\n<p>\u00ab\u00a0Pour certains clients, la mont\u00e9e en puissance des nouveaux n\u0153uds est plus lente, ce qui entra\u00eene des reports de Fabs et, \u00e9videmment, un changement et un retard dans le calendrier de la demande de lithographie\u00a0\u00bb, a d\u00e9clar\u00e9 Roger Dassen, directeur financier, lors d&rsquo;un entretien vid\u00e9o organis\u00e9 pour discuter des r\u00e9sultats financiers du troisi\u00e8me trimestre de l&rsquo;ann\u00e9e 24.<\/p>\n<p>Il pourrait s&rsquo;agir d&rsquo;une r\u00e9f\u00e9rence au d\u00e9ploiement de la fabrication en 3 nm chez Samsung et d&rsquo;un report des projets d&rsquo;installation de la lithographie EUV dans une Fab de wafers silicium \u00e0 Taylor, au Texas.<\/p>\n<blockquote class=\"wp-embedded-content\" data-secret=\"j20RXIeGzy\"><p><a href=\"https:\/\/www.eenewseurope.com\/en\/samsung-texas-fab-could-start-on-2nm-in-2026\/\">Samsung&#8217;s Texas fab could start on 2nm in 2026, says report<\/a><\/p><\/blockquote>\n<p><iframe class=\"wp-embedded-content lazyload\" sandbox=\"allow-scripts\" security=\"restricted\" style=\"position: absolute; visibility: hidden;\" title=\"&#8220;Samsung&#8217;s Texas fab could start on 2nm in 2026, says report&#8221; &#8212; eeNews Europe\" data-src=\"https:\/\/www.eenewseurope.com\/en\/samsung-texas-fab-could-start-on-2nm-in-2026\/embed\/#?secret=FDJQ7QRMcd#?secret=j20RXIeGzy\" data-secret=\"j20RXIeGzy\" width=\"500\" height=\"282\" frameborder=\"0\" marginwidth=\"0\" marginheight=\"0\" scrolling=\"no\" src=\"data:image\/svg+xml;base64,PHN2ZyB3aWR0aD0iMSIgaGVpZ2h0PSIxIiB4bWxucz0iaHR0cDovL3d3dy53My5vcmcvMjAwMC9zdmciPjwvc3ZnPg==\" data-load-mode=\"1\"><\/iframe><\/p>\n<p>L&rsquo;entreprise a d\u00e9clar\u00e9 que si la demande de puces d&rsquo;IA est forte et devrait se maintenir, d&rsquo;autres march\u00e9s mettent plus de temps \u00e0 se redresser qu&rsquo;elle ne l&rsquo;avait pr\u00e9vu, ce qui conduit \u00e0 une certaine prudence de la part des clients. ASML a \u00e9galement b\u00e9n\u00e9fici\u00e9 par le pass\u00e9 de fortes ventes en Chine, mais on lui signale que des parties plus importantes de son portefeuille pourraient ne pas recevoir de licences d&rsquo;exportation dans ce pays.<\/p>\n<p>Pour le troisi\u00e8me trimestre, ASML a annonc\u00e9 des ventes nettes de 7,47 milliards d&rsquo;euros, en hausse de 11,9% par rapport au troisi\u00e8me trimestre de l&rsquo;ann\u00e9e pr\u00e9c\u00e9dente, et un b\u00e9n\u00e9fice net de 2,08 milliards d&rsquo;euros.<\/p>\n<p>La soci\u00e9t\u00e9 a enregistr\u00e9 des r\u00e9servations nettes trimestrielles de 2,6 milliards d&rsquo;euros au 3T24, dont 1,4 milliard d&rsquo;euros li\u00e9s \u00e0 l&rsquo;EUV. ASML pr\u00e9voit un chiffre d&rsquo;affaires net total pour le 4e trimestre 2024 compris entre 8,8 et 9,2 milliards d&rsquo;euros, ce qui donnerait un chiffre d&rsquo;affaires net total en 2024 d&rsquo;environ 28 milliards d&rsquo;euros.<\/p>\n<h4>Liens et articles connexes :<\/h4>\n<p><a href=\"http:\/\/www.asml.com\">www.asml.com<\/a><\/p>\n<h4>Articles de presse :<\/h4>\n<p><a href=\"https:\/\/www.eenewseurope.com\/en\/asml-has-started-shipping-second-high-na-euv-litho-machine\/\">ASML a commenc\u00e9 \u00e0 livrer une deuxi\u00e8me machine de lithographie EUV \u00e0 haute intensit\u00e9 d&rsquo;azote<\/a><\/p>\n<p><a href=\"https:\/\/www.eenewseurope.com\/en\/asml-imec-open-joint-high-na-euv-lithography-lab\/\">ASML et imec ouvrent un laboratoire commun de lithographie EUV \u00e0 haute r\u00e9solution<\/a><\/p>\n<p><a href=\"https:\/\/www.eenewseurope.com\/en\/asml-sees-export-controls-on-latest-duv-lithography-equipment\/\">ASML envisage des contr\u00f4les \u00e0 l&rsquo;exportation pour son dernier \u00e9quipement de lithographie DUV<\/a><\/p>\n<p>&nbsp;<\/p>\n","protected":false},"excerpt":{"rendered":"<p>Le fournisseur d&rsquo;\u00e9quipements de lithographie ASML a revu \u00e0 la baisse ses pr\u00e9visions de ventes pour 2025 en raison de la prudence de certains fabricants de puces et de \u00ab\u00a0probl\u00e8mes concurrentiels sp\u00e9cifiques dans le secteur de la fonderie\u00a0\u00bb. ASML Holding NV (Veldhoven, Pays-Bas) est le principal fournisseur d&rsquo;\u00e9quipements de lithographie pour la fabrication de puces [&hellip;]<\/p>\n","protected":false},"author":40,"featured_media":460158,"comment_status":"closed","ping_status":"closed","sticky":false,"template":"","format":"standard","meta":{"_acf_changed":false,"footnotes":""},"categories":[880],"tags":[2933,8015],"domains":[47],"ppma_author":[3631,6199],"class_list":["post-463375","post","type-post","status-publish","format-standard","has-post-thumbnail","hentry","category-actualites-economiques","tag-asml","tag-lithographie-euv","domains-electronique-eci"],"acf":[],"yoast_head":"<title>ASML revoit \u00e0 la baisse ses pr\u00e9visions de ventes pour 2025 ...<\/title>\n<meta name=\"description\" content=\"ASML a revu \u00e0 la baisse ses pr\u00e9visions de 2025 en raison de la prudence de certains fabricants et de &quot;probl\u00e8mes concurrentielsl en fonderie&quot;.\" \/>\n<meta name=\"robots\" content=\"index, follow, max-snippet:-1, max-image-preview:large, max-video-preview:-1\" \/>\n<link rel=\"canonical\" href=\"https:\/\/www.ecinews.fr\/fr\/wp-json\/wp\/v2\/posts\/463375\/\" \/>\n<meta property=\"og:locale\" content=\"fr_FR\" \/>\n<meta property=\"og:type\" content=\"article\" \/>\n<meta property=\"og:title\" content=\"ASML revoit \u00e0 la baisse ses pr\u00e9visions de ventes pour 2025\" \/>\n<meta property=\"og:description\" content=\"ASML a revu \u00e0 la baisse ses pr\u00e9visions de 2025 en raison de la prudence de certains fabricants et de &quot;probl\u00e8mes concurrentielsl en fonderie&quot;.\" \/>\n<meta property=\"og:url\" content=\"https:\/\/www.ecinews.fr\/fr\/wp-json\/wp\/v2\/posts\/463375\/\" \/>\n<meta property=\"og:site_name\" content=\"EENewsEurope\" \/>\n<meta property=\"article:published_time\" content=\"2024-10-20T06:56:08+00:00\" \/>\n<meta property=\"og:image\" content=\"https:\/\/www.ecinews.fr\/wp-content\/uploads\/2024\/09\/ASMl18070i.jpg\" \/>\n\t<meta property=\"og:image:width\" content=\"630\" \/>\n\t<meta property=\"og:image:height\" content=\"400\" \/>\n\t<meta property=\"og:image:type\" content=\"image\/jpeg\" \/>\n<meta name=\"author\" content=\"Peter Clarke, A Delapalisse\" \/>\n<meta name=\"twitter:card\" content=\"summary_large_image\" \/>\n<meta name=\"twitter:label1\" content=\"Written by\" \/>\n\t<meta name=\"twitter:data1\" content=\"A Delapalisse\" \/>\n\t<meta name=\"twitter:label2\" content=\"Est. reading time\" \/>\n\t<meta name=\"twitter:data2\" content=\"2 minutes\" \/>\n<script type=\"application\/ld+json\" class=\"yoast-schema-graph\">{\"@context\":\"https:\/\/schema.org\",\"@graph\":[{\"@type\":\"Article\",\"@id\":\"https:\/\/www.ecinews.fr\/fr\/asml-revoit-a-la-baisse-ses-previsions-de-ventes-pour-2025\/#article\",\"isPartOf\":{\"@id\":\"https:\/\/www.ecinews.fr\/fr\/asml-revoit-a-la-baisse-ses-previsions-de-ventes-pour-2025\/\"},\"author\":{\"name\":\"A Delapalisse\",\"@id\":\"https:\/\/www.ecinews.fr\/fr\/#\/schema\/person\/4b3db5ba5c953c5fddeb226df86d8635\"},\"headline\":\"ASML revoit \u00e0 la baisse ses pr\u00e9visions de ventes pour 2025\",\"datePublished\":\"2024-10-20T06:56:08+00:00\",\"dateModified\":\"2024-10-20T06:56:08+00:00\",\"mainEntityOfPage\":{\"@id\":\"https:\/\/www.ecinews.fr\/fr\/asml-revoit-a-la-baisse-ses-previsions-de-ventes-pour-2025\/\"},\"wordCount\":455,\"publisher\":{\"@id\":\"https:\/\/www.ecinews.fr\/fr\/#organization\"},\"keywords\":[\"ASML\",\"Lithographie EUV\"],\"articleSection\":[\"Actualit\u00e9s \u00e9conomiques\"],\"inLanguage\":\"fr-FR\"},{\"@type\":\"WebPage\",\"@id\":\"https:\/\/www.ecinews.fr\/fr\/asml-revoit-a-la-baisse-ses-previsions-de-ventes-pour-2025\/\",\"url\":\"https:\/\/www.ecinews.fr\/fr\/asml-revoit-a-la-baisse-ses-previsions-de-ventes-pour-2025\/\",\"name\":\"ASML revoit \u00e0 la baisse ses pr\u00e9visions de ventes pour 2025\",\"isPartOf\":{\"@id\":\"https:\/\/www.ecinews.fr\/fr\/#website\"},\"datePublished\":\"2024-10-20T06:56:08+00:00\",\"dateModified\":\"2024-10-20T06:56:08+00:00\",\"description\":\"ASML a revu \u00e0 la baisse ses pr\u00e9visions de 2025 en raison de la prudence de certains fabricants et de \\\"probl\u00e8mes concurrentielsl en fonderie\\\".\",\"breadcrumb\":{\"@id\":\"https:\/\/www.ecinews.fr\/fr\/asml-revoit-a-la-baisse-ses-previsions-de-ventes-pour-2025\/#breadcrumb\"},\"inLanguage\":\"fr-FR\",\"potentialAction\":[{\"@type\":\"ReadAction\",\"target\":[\"https:\/\/www.ecinews.fr\/fr\/asml-revoit-a-la-baisse-ses-previsions-de-ventes-pour-2025\/\"]}]},{\"@type\":\"BreadcrumbList\",\"@id\":\"https:\/\/www.ecinews.fr\/fr\/asml-revoit-a-la-baisse-ses-previsions-de-ventes-pour-2025\/#breadcrumb\",\"itemListElement\":[{\"@type\":\"ListItem\",\"position\":1,\"name\":\"Home\",\"item\":\"https:\/\/www.ecinews.fr\/fr\/\"},{\"@type\":\"ListItem\",\"position\":2,\"name\":\"ASML revoit \u00e0 la baisse ses pr\u00e9visions de ventes pour 2025\"}]},{\"@type\":\"WebSite\",\"@id\":\"https:\/\/www.ecinews.fr\/fr\/#website\",\"url\":\"https:\/\/www.ecinews.fr\/fr\/\",\"name\":\"EENewsEurope\",\"description\":\"Just another WordPress site\",\"publisher\":{\"@id\":\"https:\/\/www.ecinews.fr\/fr\/#organization\"},\"potentialAction\":[{\"@type\":\"SearchAction\",\"target\":{\"@type\":\"EntryPoint\",\"urlTemplate\":\"https:\/\/www.ecinews.fr\/fr\/?s={search_term_string}\"},\"query-input\":\"required name=search_term_string\"}],\"inLanguage\":\"fr-FR\"},{\"@type\":\"Organization\",\"@id\":\"https:\/\/www.ecinews.fr\/fr\/#organization\",\"name\":\"EENewsEurope\",\"url\":\"https:\/\/www.ecinews.fr\/fr\/\",\"logo\":{\"@type\":\"ImageObject\",\"inLanguage\":\"fr-FR\",\"@id\":\"https:\/\/www.ecinews.fr\/fr\/#\/schema\/logo\/image\/\",\"url\":\"https:\/\/www.ecinews.fr\/wp-content\/uploads\/2022\/02\/logo-1.jpg\",\"contentUrl\":\"https:\/\/www.ecinews.fr\/wp-content\/uploads\/2022\/02\/logo-1.jpg\",\"width\":283,\"height\":113,\"caption\":\"EENewsEurope\"},\"image\":{\"@id\":\"https:\/\/www.ecinews.fr\/fr\/#\/schema\/logo\/image\/\"}},{\"@type\":\"Person\",\"@id\":\"https:\/\/www.ecinews.fr\/fr\/#\/schema\/person\/4b3db5ba5c953c5fddeb226df86d8635\",\"name\":\"A Delapalisse\",\"image\":{\"@type\":\"ImageObject\",\"inLanguage\":\"fr-FR\",\"@id\":\"https:\/\/www.ecinews.fr\/fr\/#\/schema\/person\/image\/09af0e1236b95ff53924b8dfe5af278e\",\"url\":\"https:\/\/secure.gravatar.com\/avatar\/010f811c0933b47aea7e9204117b17c6?s=96&d=mm&r=g\",\"contentUrl\":\"https:\/\/secure.gravatar.com\/avatar\/010f811c0933b47aea7e9204117b17c6?s=96&d=mm&r=g\",\"caption\":\"A Delapalisse\"}}]}<\/script>","yoast_head_json":{"title":"ASML revoit \u00e0 la baisse ses pr\u00e9visions de ventes pour 2025 ...","description":"ASML a revu \u00e0 la baisse ses pr\u00e9visions de 2025 en raison de la prudence de certains fabricants et de \"probl\u00e8mes concurrentielsl en fonderie\".","robots":{"index":"index","follow":"follow","max-snippet":"max-snippet:-1","max-image-preview":"max-image-preview:large","max-video-preview":"max-video-preview:-1"},"canonical":"https:\/\/www.ecinews.fr\/fr\/wp-json\/wp\/v2\/posts\/463375\/","og_locale":"fr_FR","og_type":"article","og_title":"ASML revoit \u00e0 la baisse ses pr\u00e9visions de ventes pour 2025","og_description":"ASML a revu \u00e0 la baisse ses pr\u00e9visions de 2025 en raison de la prudence de certains fabricants et de \"probl\u00e8mes concurrentielsl en fonderie\".","og_url":"https:\/\/www.ecinews.fr\/fr\/wp-json\/wp\/v2\/posts\/463375\/","og_site_name":"EENewsEurope","article_published_time":"2024-10-20T06:56:08+00:00","og_image":[{"width":630,"height":400,"url":"https:\/\/www.ecinews.fr\/wp-content\/uploads\/2024\/09\/ASMl18070i.jpg","type":"image\/jpeg"}],"author":"Peter Clarke, A Delapalisse","twitter_card":"summary_large_image","twitter_misc":{"Written by":"A Delapalisse","Est. reading time":"2 minutes"},"schema":{"@context":"https:\/\/schema.org","@graph":[{"@type":"Article","@id":"https:\/\/www.ecinews.fr\/fr\/asml-revoit-a-la-baisse-ses-previsions-de-ventes-pour-2025\/#article","isPartOf":{"@id":"https:\/\/www.ecinews.fr\/fr\/asml-revoit-a-la-baisse-ses-previsions-de-ventes-pour-2025\/"},"author":{"name":"A Delapalisse","@id":"https:\/\/www.ecinews.fr\/fr\/#\/schema\/person\/4b3db5ba5c953c5fddeb226df86d8635"},"headline":"ASML revoit \u00e0 la baisse ses pr\u00e9visions de ventes pour 2025","datePublished":"2024-10-20T06:56:08+00:00","dateModified":"2024-10-20T06:56:08+00:00","mainEntityOfPage":{"@id":"https:\/\/www.ecinews.fr\/fr\/asml-revoit-a-la-baisse-ses-previsions-de-ventes-pour-2025\/"},"wordCount":455,"publisher":{"@id":"https:\/\/www.ecinews.fr\/fr\/#organization"},"keywords":["ASML","Lithographie EUV"],"articleSection":["Actualit\u00e9s \u00e9conomiques"],"inLanguage":"fr-FR"},{"@type":"WebPage","@id":"https:\/\/www.ecinews.fr\/fr\/asml-revoit-a-la-baisse-ses-previsions-de-ventes-pour-2025\/","url":"https:\/\/www.ecinews.fr\/fr\/asml-revoit-a-la-baisse-ses-previsions-de-ventes-pour-2025\/","name":"ASML revoit \u00e0 la baisse ses pr\u00e9visions de ventes pour 2025","isPartOf":{"@id":"https:\/\/www.ecinews.fr\/fr\/#website"},"datePublished":"2024-10-20T06:56:08+00:00","dateModified":"2024-10-20T06:56:08+00:00","description":"ASML a revu \u00e0 la baisse ses pr\u00e9visions de 2025 en raison de la prudence de certains fabricants et de \"probl\u00e8mes concurrentielsl en fonderie\".","breadcrumb":{"@id":"https:\/\/www.ecinews.fr\/fr\/asml-revoit-a-la-baisse-ses-previsions-de-ventes-pour-2025\/#breadcrumb"},"inLanguage":"fr-FR","potentialAction":[{"@type":"ReadAction","target":["https:\/\/www.ecinews.fr\/fr\/asml-revoit-a-la-baisse-ses-previsions-de-ventes-pour-2025\/"]}]},{"@type":"BreadcrumbList","@id":"https:\/\/www.ecinews.fr\/fr\/asml-revoit-a-la-baisse-ses-previsions-de-ventes-pour-2025\/#breadcrumb","itemListElement":[{"@type":"ListItem","position":1,"name":"Home","item":"https:\/\/www.ecinews.fr\/fr\/"},{"@type":"ListItem","position":2,"name":"ASML revoit \u00e0 la baisse ses pr\u00e9visions de ventes pour 2025"}]},{"@type":"WebSite","@id":"https:\/\/www.ecinews.fr\/fr\/#website","url":"https:\/\/www.ecinews.fr\/fr\/","name":"EENewsEurope","description":"Just another WordPress site","publisher":{"@id":"https:\/\/www.ecinews.fr\/fr\/#organization"},"potentialAction":[{"@type":"SearchAction","target":{"@type":"EntryPoint","urlTemplate":"https:\/\/www.ecinews.fr\/fr\/?s={search_term_string}"},"query-input":"required name=search_term_string"}],"inLanguage":"fr-FR"},{"@type":"Organization","@id":"https:\/\/www.ecinews.fr\/fr\/#organization","name":"EENewsEurope","url":"https:\/\/www.ecinews.fr\/fr\/","logo":{"@type":"ImageObject","inLanguage":"fr-FR","@id":"https:\/\/www.ecinews.fr\/fr\/#\/schema\/logo\/image\/","url":"https:\/\/www.ecinews.fr\/wp-content\/uploads\/2022\/02\/logo-1.jpg","contentUrl":"https:\/\/www.ecinews.fr\/wp-content\/uploads\/2022\/02\/logo-1.jpg","width":283,"height":113,"caption":"EENewsEurope"},"image":{"@id":"https:\/\/www.ecinews.fr\/fr\/#\/schema\/logo\/image\/"}},{"@type":"Person","@id":"https:\/\/www.ecinews.fr\/fr\/#\/schema\/person\/4b3db5ba5c953c5fddeb226df86d8635","name":"A Delapalisse","image":{"@type":"ImageObject","inLanguage":"fr-FR","@id":"https:\/\/www.ecinews.fr\/fr\/#\/schema\/person\/image\/09af0e1236b95ff53924b8dfe5af278e","url":"https:\/\/secure.gravatar.com\/avatar\/010f811c0933b47aea7e9204117b17c6?s=96&d=mm&r=g","contentUrl":"https:\/\/secure.gravatar.com\/avatar\/010f811c0933b47aea7e9204117b17c6?s=96&d=mm&r=g","caption":"A Delapalisse"}}]}},"authors":[{"term_id":3631,"user_id":0,"is_guest":1,"slug":"peter-clarke","display_name":"Peter Clarke","avatar_url":"https:\/\/secure.gravatar.com\/avatar\/?s=96&d=mm&r=g","0":null,"1":"","2":"","3":"","4":"","5":"","6":"","7":"","8":""},{"term_id":6199,"user_id":40,"is_guest":0,"slug":"andre-rousselotemisys-com","display_name":"A Delapalisse","avatar_url":"https:\/\/secure.gravatar.com\/avatar\/010f811c0933b47aea7e9204117b17c6?s=96&d=mm&r=g","0":null,"1":"","2":"","3":"","4":"","5":"","6":"","7":"","8":""}],"_links":{"self":[{"href":"https:\/\/www.ecinews.fr\/fr\/wp-json\/wp\/v2\/posts\/463375"}],"collection":[{"href":"https:\/\/www.ecinews.fr\/fr\/wp-json\/wp\/v2\/posts"}],"about":[{"href":"https:\/\/www.ecinews.fr\/fr\/wp-json\/wp\/v2\/types\/post"}],"author":[{"embeddable":true,"href":"https:\/\/www.ecinews.fr\/fr\/wp-json\/wp\/v2\/users\/40"}],"replies":[{"embeddable":true,"href":"https:\/\/www.ecinews.fr\/fr\/wp-json\/wp\/v2\/comments?post=463375"}],"version-history":[{"count":0,"href":"https:\/\/www.ecinews.fr\/fr\/wp-json\/wp\/v2\/posts\/463375\/revisions"}],"wp:featuredmedia":[{"embeddable":true,"href":"https:\/\/www.ecinews.fr\/fr\/wp-json\/wp\/v2\/media\/460158"}],"wp:attachment":[{"href":"https:\/\/www.ecinews.fr\/fr\/wp-json\/wp\/v2\/media?parent=463375"}],"wp:term":[{"taxonomy":"category","embeddable":true,"href":"https:\/\/www.ecinews.fr\/fr\/wp-json\/wp\/v2\/categories?post=463375"},{"taxonomy":"post_tag","embeddable":true,"href":"https:\/\/www.ecinews.fr\/fr\/wp-json\/wp\/v2\/tags?post=463375"},{"taxonomy":"domains","embeddable":true,"href":"https:\/\/www.ecinews.fr\/fr\/wp-json\/wp\/v2\/domains?post=463375"},{"taxonomy":"author","embeddable":true,"href":"https:\/\/www.ecinews.fr\/fr\/wp-json\/wp\/v2\/ppma_author?post=463375"}],"curies":[{"name":"wp","href":"https:\/\/api.w.org\/{rel}","templated":true}]}}