{"id":463199,"date":"2024-10-16T20:29:20","date_gmt":"2024-10-16T18:29:20","guid":{"rendered":"https:\/\/www.ecinews.fr\/?p=463199"},"modified":"2024-10-16T20:29:20","modified_gmt":"2024-10-16T18:29:20","slug":"intel-et-amd-sassocient-pour-affronter-arm-dans-les-centres-de-donnees","status":"publish","type":"post","link":"https:\/\/www.ecinews.fr\/fr\/intel-et-amd-sassocient-pour-affronter-arm-dans-les-centres-de-donnees\/","title":{"rendered":"Intel et AMD s&rsquo;associent pour affronter ARM dans les centres de donn\u00e9es"},"content":{"rendered":"<h3><span style=\"font-size: 16px;\">Les grands rivaux Intel et AMD ont cr\u00e9\u00e9 un \u00ab\u00a0groupe consultatif de l&rsquo;\u00e9cosyst\u00e8me x86\u00a0\u00bb pour lutter contre la mont\u00e9e en puissance d&rsquo;ARM et de RISC-V dans les puces destin\u00e9es aux centres de donn\u00e9es.<\/span><\/h3>\n<p>Ce groupe consultatif de l&rsquo;\u00e9cosyst\u00e8me x86 a \u00e9t\u00e9 annonc\u00e9 lors de la conf\u00e9rence de l&rsquo;Open Compute Project (OCP) qui s&rsquo;est tenue cette semaine aux \u00c9tats-Unis et qui a mis l&rsquo;accent sur la consommation d&rsquo;\u00e9nergie dans les centres de donn\u00e9es. Alors qu&rsquo;Intel et AMD ont domin\u00e9 les centres de donn\u00e9es avec leurs processeurs x86 Xeon et Epyc, des op\u00e9rateurs tels qu&rsquo;Amazon et Microsoft ont con\u00e7u leurs propres puces bas\u00e9es sur l&rsquo;architecture ARM.<\/p>\n<p>Le groupe x86 se concentrera sur l&rsquo;identification de nouveaux moyens d&rsquo;\u00e9tendre l&rsquo;\u00e9cosyst\u00e8me x86 en permettant la compatibilit\u00e9 entre les plateformes, en simplifiant le d\u00e9veloppement de logiciels et en fournissant aux d\u00e9veloppeurs une plateforme pour identifier les besoins et les caract\u00e9ristiques architecturales.\u00a0Cette \u00e9volution s&rsquo;explique par le passage \u00e0 des charges de travail d&rsquo;IA dynamiques, \u00e0 des chiplets personnalis\u00e9s et \u00e0 des avanc\u00e9es en mati\u00e8re de conditionnement 3D et d&rsquo;architectures de syst\u00e8mes.<\/p>\n<p><strong>Pat Gelsinger<\/strong>, PDG d&rsquo;Intel a d\u00e9clar\u00e9 :\u00a0\u00bbNous sommes \u00e0 l&rsquo;aube de l&rsquo;un des changements les plus importants dans l&rsquo;architecture et l&rsquo;\u00e9cosyst\u00e8me x86 depuis des d\u00e9cennies &#8211; avec de nouveaux niveaux de personnalisation, de compatibilit\u00e9 et d&rsquo;\u00e9volutivit\u00e9 n\u00e9cessaires pour r\u00e9pondre aux besoins actuels et futurs des clients\u00a0\u00bb. \u00ab\u00a0Nous sommes fiers d&rsquo;\u00eatre aux c\u00f4t\u00e9s d&rsquo;AMD et des membres fondateurs de ce groupe consultatif, alors que nous \u00e9clairons l&rsquo;avenir de l&rsquo;informatique, et nous appr\u00e9cions le soutien de tant de leaders de l&rsquo;industrie.\u00a0\u00bb<\/p>\n<p>De son c\u00f4t\u00e9, <strong>Lisa Su<\/strong>, pr\u00e9sidente et directrice g\u00e9n\u00e9rale d&rsquo;AMD a pr\u00e9cis\u00e9 : \u00ab\u00a0La cr\u00e9ation du groupe consultatif sur l&rsquo;\u00e9cosyst\u00e8me x86 garantira que l&rsquo;architecture x86 continue d&rsquo;\u00e9voluer en tant que plateforme de calcul de choix pour les d\u00e9veloppeurs et les clients . Nous sommes ravis de rassembler l&rsquo;industrie pour fournir des orientations sur les am\u00e9liorations architecturales futures et prolonger l&rsquo;incroyable succ\u00e8s de l&rsquo;architecture x86 pour les d\u00e9cennies \u00e0 venir.\u00a0\u00bb<\/p>\n<p>Ce groupe comprend les principaux fournisseurs de serveurs tels que Dell, HPE et Lenovo, ainsi que les fabricants de puces pour r\u00e9seaux Broadcom et le fournisseur de logiciels Red Hat. Les op\u00e9rateurs de l&rsquo;informatique en nuage sont aussi dans le groupe,\u00a0 Google, Microsoft et Oracle.\u00a0Le groupe cherchera \u00e9galement \u00e0 obtenir des contributions techniques de la part des communaut\u00e9s du mat\u00e9riel et des logiciels x86 sur les fonctions et caract\u00e9ristiques essentielles des conceptions des clients, p\u00e9riph\u00e9riques et embarqu\u00e9s.<\/p>\n<p>Dans la continuit\u00e9 des d\u00e9clarations enthousiastes,<strong> Hock Tan<\/strong>, pr\u00e9sident-directeur g\u00e9n\u00e9ral de Broadcom Inc : \u00ab\u00a0Nous sommes \u00e0 un carrefour de l&rsquo;histoire de l&rsquo;informatique. Les d\u00e9cisions que nous prenons aujourd&rsquo;hui en mati\u00e8re d&rsquo;architecture x86 auront une incidence sur les mod\u00e8les de programmation, les cadres et les syst\u00e8mes pour les d\u00e9cennies \u00e0 venir. Broadcom se r\u00e9jouit de pouvoir apporter sa perspective industrielle au groupe consultatif sur l&rsquo;\u00e9cosyst\u00e8me x86 en tant que pionnier du d\u00e9veloppement de silicium et de la virtualisation x86 avec VMware\u00a0\u00bb,<\/p>\n<p>\u00ab\u00a0Lenovo est ravie d&rsquo;\u00eatre l&rsquo;un des membres fondateurs de ce nouveau groupe consultatif important, compte tenu de son r\u00f4le dans l&rsquo;industrie au cours de la derni\u00e8re d\u00e9cennie. Lorsque nous travaillons ensemble en tant qu&rsquo;\u00e9cosyst\u00e8me industriel, nous en profitons tous, mais surtout, nos clients en profitent aussi. J&rsquo;ai h\u00e2te de partager notre expertise technique alors que nous acc\u00e9l\u00e9rons collectivement la croissance du march\u00e9 x86 pour les clients, la p\u00e9riph\u00e9rie et l&rsquo;informatique en nuage\u00a0\u00bb, a d\u00e9clar\u00e9<strong> Yuanqing Yang<\/strong>, pr\u00e9sident du conseil et chef de la direction de Lenovo.<\/p>\n<p>www.intel.com <a href=\"http:\/\/www.intel.com\">;<\/a> <a href=\"http:\/\/www.amd\/com\">www.amd\/com<\/a><\/p>\n<p>&nbsp;<\/p>\n","protected":false},"excerpt":{"rendered":"<p>Les grands rivaux Intel et AMD ont cr\u00e9\u00e9 un \u00ab\u00a0groupe consultatif de l&rsquo;\u00e9cosyst\u00e8me x86\u00a0\u00bb pour lutter contre la mont\u00e9e en puissance d&rsquo;ARM et de RISC-V dans les puces destin\u00e9es aux centres de donn\u00e9es. Ce groupe consultatif de l&rsquo;\u00e9cosyst\u00e8me x86 a \u00e9t\u00e9 annonc\u00e9 lors de la conf\u00e9rence de l&rsquo;Open Compute Project (OCP) qui s&rsquo;est tenue cette [&hellip;]<\/p>\n","protected":false},"author":11,"featured_media":463151,"comment_status":"closed","ping_status":"closed","sticky":false,"template":"","format":"standard","meta":{"_acf_changed":false,"footnotes":""},"categories":[880],"tags":[],"domains":[47],"ppma_author":[3640,1143],"class_list":["post-463199","post","type-post","status-publish","format-standard","has-post-thumbnail","hentry","category-actualites-economiques","domains-electronique-eci"],"acf":[],"yoast_head":"<title>Intel et AMD s&#039;associent pour affronter ARM dans les centres de...<\/title>\n<meta name=\"description\" content=\"Les grands rivaux Intel et AMD ont cr\u00e9\u00e9 un &quot;groupe consultatif de l&#039;\u00e9cosyst\u00e8me x86&quot; pour s&#039;opposer \u00e0 ARM et RISC-V\" \/>\n<meta name=\"robots\" content=\"index, follow, max-snippet:-1, max-image-preview:large, max-video-preview:-1\" \/>\n<link rel=\"canonical\" href=\"https:\/\/www.ecinews.fr\/fr\/wp-json\/wp\/v2\/posts\/463199\/\" \/>\n<meta property=\"og:locale\" content=\"fr_FR\" \/>\n<meta property=\"og:type\" content=\"article\" \/>\n<meta property=\"og:title\" content=\"Intel et AMD s&#039;associent pour affronter ARM dans les centres de donn\u00e9es\" \/>\n<meta property=\"og:description\" content=\"Les grands rivaux Intel et AMD ont cr\u00e9\u00e9 un &quot;groupe consultatif de l&#039;\u00e9cosyst\u00e8me x86&quot; pour s&#039;opposer \u00e0 ARM et RISC-V\" \/>\n<meta property=\"og:url\" content=\"https:\/\/www.ecinews.fr\/fr\/wp-json\/wp\/v2\/posts\/463199\/\" \/>\n<meta property=\"og:site_name\" content=\"EENewsEurope\" \/>\n<meta property=\"article:published_time\" content=\"2024-10-16T18:29:20+00:00\" \/>\n<meta property=\"og:image\" content=\"https:\/\/www.ecinews.fr\/wp-content\/uploads\/2024\/10\/Gelsinger-Su.jpg\" \/>\n\t<meta property=\"og:image:width\" content=\"451\" \/>\n\t<meta property=\"og:image:height\" content=\"254\" \/>\n\t<meta property=\"og:image:type\" content=\"image\/jpeg\" \/>\n<meta name=\"author\" content=\"Nick Flaherty, Daniel Cardon\" \/>\n<meta name=\"twitter:card\" content=\"summary_large_image\" \/>\n<meta name=\"twitter:label1\" content=\"Written by\" \/>\n\t<meta name=\"twitter:data1\" content=\"Daniel Cardon\" \/>\n\t<meta name=\"twitter:label2\" content=\"Est. reading time\" \/>\n\t<meta name=\"twitter:data2\" content=\"3 minutes\" \/>\n<script type=\"application\/ld+json\" class=\"yoast-schema-graph\">{\"@context\":\"https:\/\/schema.org\",\"@graph\":[{\"@type\":\"Article\",\"@id\":\"https:\/\/www.ecinews.fr\/fr\/intel-et-amd-sassocient-pour-affronter-arm-dans-les-centres-de-donnees\/#article\",\"isPartOf\":{\"@id\":\"https:\/\/www.ecinews.fr\/fr\/intel-et-amd-sassocient-pour-affronter-arm-dans-les-centres-de-donnees\/\"},\"author\":{\"name\":\"Daniel Cardon\",\"@id\":\"https:\/\/www.ecinews.fr\/fr\/#\/schema\/person\/93c44cde463762f40a8236eaa44c1c17\"},\"headline\":\"Intel et AMD s&rsquo;associent pour affronter ARM dans les centres de donn\u00e9es\",\"datePublished\":\"2024-10-16T18:29:20+00:00\",\"dateModified\":\"2024-10-16T18:29:20+00:00\",\"mainEntityOfPage\":{\"@id\":\"https:\/\/www.ecinews.fr\/fr\/intel-et-amd-sassocient-pour-affronter-arm-dans-les-centres-de-donnees\/\"},\"wordCount\":693,\"publisher\":{\"@id\":\"https:\/\/www.ecinews.fr\/fr\/#organization\"},\"articleSection\":[\"Actualit\u00e9s \u00e9conomiques\"],\"inLanguage\":\"fr-FR\"},{\"@type\":\"WebPage\",\"@id\":\"https:\/\/www.ecinews.fr\/fr\/intel-et-amd-sassocient-pour-affronter-arm-dans-les-centres-de-donnees\/\",\"url\":\"https:\/\/www.ecinews.fr\/fr\/intel-et-amd-sassocient-pour-affronter-arm-dans-les-centres-de-donnees\/\",\"name\":\"Intel et AMD s'associent pour affronter ARM dans les centres de donn\u00e9es -\",\"isPartOf\":{\"@id\":\"https:\/\/www.ecinews.fr\/fr\/#website\"},\"datePublished\":\"2024-10-16T18:29:20+00:00\",\"dateModified\":\"2024-10-16T18:29:20+00:00\",\"description\":\"Les grands rivaux Intel et AMD ont cr\u00e9\u00e9 un \\\"groupe consultatif de l'\u00e9cosyst\u00e8me x86\\\" pour s'opposer \u00e0 ARM et RISC-V\",\"breadcrumb\":{\"@id\":\"https:\/\/www.ecinews.fr\/fr\/intel-et-amd-sassocient-pour-affronter-arm-dans-les-centres-de-donnees\/#breadcrumb\"},\"inLanguage\":\"fr-FR\",\"potentialAction\":[{\"@type\":\"ReadAction\",\"target\":[\"https:\/\/www.ecinews.fr\/fr\/intel-et-amd-sassocient-pour-affronter-arm-dans-les-centres-de-donnees\/\"]}]},{\"@type\":\"BreadcrumbList\",\"@id\":\"https:\/\/www.ecinews.fr\/fr\/intel-et-amd-sassocient-pour-affronter-arm-dans-les-centres-de-donnees\/#breadcrumb\",\"itemListElement\":[{\"@type\":\"ListItem\",\"position\":1,\"name\":\"Home\",\"item\":\"https:\/\/www.ecinews.fr\/fr\/\"},{\"@type\":\"ListItem\",\"position\":2,\"name\":\"Intel et AMD s&rsquo;associent pour affronter ARM dans les centres de donn\u00e9es\"}]},{\"@type\":\"WebSite\",\"@id\":\"https:\/\/www.ecinews.fr\/fr\/#website\",\"url\":\"https:\/\/www.ecinews.fr\/fr\/\",\"name\":\"EENewsEurope\",\"description\":\"Just another WordPress site\",\"publisher\":{\"@id\":\"https:\/\/www.ecinews.fr\/fr\/#organization\"},\"potentialAction\":[{\"@type\":\"SearchAction\",\"target\":{\"@type\":\"EntryPoint\",\"urlTemplate\":\"https:\/\/www.ecinews.fr\/fr\/?s={search_term_string}\"},\"query-input\":\"required name=search_term_string\"}],\"inLanguage\":\"fr-FR\"},{\"@type\":\"Organization\",\"@id\":\"https:\/\/www.ecinews.fr\/fr\/#organization\",\"name\":\"EENewsEurope\",\"url\":\"https:\/\/www.ecinews.fr\/fr\/\",\"logo\":{\"@type\":\"ImageObject\",\"inLanguage\":\"fr-FR\",\"@id\":\"https:\/\/www.ecinews.fr\/fr\/#\/schema\/logo\/image\/\",\"url\":\"https:\/\/www.ecinews.fr\/wp-content\/uploads\/2022\/02\/logo-1.jpg\",\"contentUrl\":\"https:\/\/www.ecinews.fr\/wp-content\/uploads\/2022\/02\/logo-1.jpg\",\"width\":283,\"height\":113,\"caption\":\"EENewsEurope\"},\"image\":{\"@id\":\"https:\/\/www.ecinews.fr\/fr\/#\/schema\/logo\/image\/\"}},{\"@type\":\"Person\",\"@id\":\"https:\/\/www.ecinews.fr\/fr\/#\/schema\/person\/93c44cde463762f40a8236eaa44c1c17\",\"name\":\"Daniel Cardon\",\"image\":{\"@type\":\"ImageObject\",\"inLanguage\":\"fr-FR\",\"@id\":\"https:\/\/www.ecinews.fr\/fr\/#\/schema\/person\/image\/2b243f6bcc1cff7d86aadfb2cd0bd870\",\"url\":\"https:\/\/secure.gravatar.com\/avatar\/de9edc136dfc061ad4778e04635baefa?s=96&d=mm&r=g\",\"contentUrl\":\"https:\/\/secure.gravatar.com\/avatar\/de9edc136dfc061ad4778e04635baefa?s=96&d=mm&r=g\",\"caption\":\"Daniel Cardon\"}}]}<\/script>","yoast_head_json":{"title":"Intel et AMD s'associent pour affronter ARM dans les centres de...","description":"Les grands rivaux Intel et AMD ont cr\u00e9\u00e9 un \"groupe consultatif de l'\u00e9cosyst\u00e8me x86\" pour s'opposer \u00e0 ARM et RISC-V","robots":{"index":"index","follow":"follow","max-snippet":"max-snippet:-1","max-image-preview":"max-image-preview:large","max-video-preview":"max-video-preview:-1"},"canonical":"https:\/\/www.ecinews.fr\/fr\/wp-json\/wp\/v2\/posts\/463199\/","og_locale":"fr_FR","og_type":"article","og_title":"Intel et AMD s'associent pour affronter ARM dans les centres de donn\u00e9es","og_description":"Les grands rivaux Intel et AMD ont cr\u00e9\u00e9 un \"groupe consultatif de l'\u00e9cosyst\u00e8me x86\" pour s'opposer \u00e0 ARM et RISC-V","og_url":"https:\/\/www.ecinews.fr\/fr\/wp-json\/wp\/v2\/posts\/463199\/","og_site_name":"EENewsEurope","article_published_time":"2024-10-16T18:29:20+00:00","og_image":[{"width":451,"height":254,"url":"https:\/\/www.ecinews.fr\/wp-content\/uploads\/2024\/10\/Gelsinger-Su.jpg","type":"image\/jpeg"}],"author":"Nick Flaherty, Daniel Cardon","twitter_card":"summary_large_image","twitter_misc":{"Written by":"Daniel Cardon","Est. reading time":"3 minutes"},"schema":{"@context":"https:\/\/schema.org","@graph":[{"@type":"Article","@id":"https:\/\/www.ecinews.fr\/fr\/intel-et-amd-sassocient-pour-affronter-arm-dans-les-centres-de-donnees\/#article","isPartOf":{"@id":"https:\/\/www.ecinews.fr\/fr\/intel-et-amd-sassocient-pour-affronter-arm-dans-les-centres-de-donnees\/"},"author":{"name":"Daniel Cardon","@id":"https:\/\/www.ecinews.fr\/fr\/#\/schema\/person\/93c44cde463762f40a8236eaa44c1c17"},"headline":"Intel et AMD s&rsquo;associent pour affronter ARM dans les centres de donn\u00e9es","datePublished":"2024-10-16T18:29:20+00:00","dateModified":"2024-10-16T18:29:20+00:00","mainEntityOfPage":{"@id":"https:\/\/www.ecinews.fr\/fr\/intel-et-amd-sassocient-pour-affronter-arm-dans-les-centres-de-donnees\/"},"wordCount":693,"publisher":{"@id":"https:\/\/www.ecinews.fr\/fr\/#organization"},"articleSection":["Actualit\u00e9s \u00e9conomiques"],"inLanguage":"fr-FR"},{"@type":"WebPage","@id":"https:\/\/www.ecinews.fr\/fr\/intel-et-amd-sassocient-pour-affronter-arm-dans-les-centres-de-donnees\/","url":"https:\/\/www.ecinews.fr\/fr\/intel-et-amd-sassocient-pour-affronter-arm-dans-les-centres-de-donnees\/","name":"Intel et AMD s'associent pour affronter ARM dans les centres de donn\u00e9es -","isPartOf":{"@id":"https:\/\/www.ecinews.fr\/fr\/#website"},"datePublished":"2024-10-16T18:29:20+00:00","dateModified":"2024-10-16T18:29:20+00:00","description":"Les grands rivaux Intel et AMD ont cr\u00e9\u00e9 un \"groupe consultatif de l'\u00e9cosyst\u00e8me x86\" pour s'opposer \u00e0 ARM et RISC-V","breadcrumb":{"@id":"https:\/\/www.ecinews.fr\/fr\/intel-et-amd-sassocient-pour-affronter-arm-dans-les-centres-de-donnees\/#breadcrumb"},"inLanguage":"fr-FR","potentialAction":[{"@type":"ReadAction","target":["https:\/\/www.ecinews.fr\/fr\/intel-et-amd-sassocient-pour-affronter-arm-dans-les-centres-de-donnees\/"]}]},{"@type":"BreadcrumbList","@id":"https:\/\/www.ecinews.fr\/fr\/intel-et-amd-sassocient-pour-affronter-arm-dans-les-centres-de-donnees\/#breadcrumb","itemListElement":[{"@type":"ListItem","position":1,"name":"Home","item":"https:\/\/www.ecinews.fr\/fr\/"},{"@type":"ListItem","position":2,"name":"Intel et AMD s&rsquo;associent pour affronter ARM dans les centres de donn\u00e9es"}]},{"@type":"WebSite","@id":"https:\/\/www.ecinews.fr\/fr\/#website","url":"https:\/\/www.ecinews.fr\/fr\/","name":"EENewsEurope","description":"Just another WordPress site","publisher":{"@id":"https:\/\/www.ecinews.fr\/fr\/#organization"},"potentialAction":[{"@type":"SearchAction","target":{"@type":"EntryPoint","urlTemplate":"https:\/\/www.ecinews.fr\/fr\/?s={search_term_string}"},"query-input":"required name=search_term_string"}],"inLanguage":"fr-FR"},{"@type":"Organization","@id":"https:\/\/www.ecinews.fr\/fr\/#organization","name":"EENewsEurope","url":"https:\/\/www.ecinews.fr\/fr\/","logo":{"@type":"ImageObject","inLanguage":"fr-FR","@id":"https:\/\/www.ecinews.fr\/fr\/#\/schema\/logo\/image\/","url":"https:\/\/www.ecinews.fr\/wp-content\/uploads\/2022\/02\/logo-1.jpg","contentUrl":"https:\/\/www.ecinews.fr\/wp-content\/uploads\/2022\/02\/logo-1.jpg","width":283,"height":113,"caption":"EENewsEurope"},"image":{"@id":"https:\/\/www.ecinews.fr\/fr\/#\/schema\/logo\/image\/"}},{"@type":"Person","@id":"https:\/\/www.ecinews.fr\/fr\/#\/schema\/person\/93c44cde463762f40a8236eaa44c1c17","name":"Daniel Cardon","image":{"@type":"ImageObject","inLanguage":"fr-FR","@id":"https:\/\/www.ecinews.fr\/fr\/#\/schema\/person\/image\/2b243f6bcc1cff7d86aadfb2cd0bd870","url":"https:\/\/secure.gravatar.com\/avatar\/de9edc136dfc061ad4778e04635baefa?s=96&d=mm&r=g","contentUrl":"https:\/\/secure.gravatar.com\/avatar\/de9edc136dfc061ad4778e04635baefa?s=96&d=mm&r=g","caption":"Daniel Cardon"}}]}},"authors":[{"term_id":3640,"user_id":0,"is_guest":1,"slug":"nick-flaherty","display_name":"Nick Flaherty","avatar_url":"https:\/\/secure.gravatar.com\/avatar\/?s=96&d=mm&r=g","0":null,"1":"","2":"","3":"","4":"","5":"","6":"","7":"","8":""},{"term_id":1143,"user_id":11,"is_guest":0,"slug":"danielcardon","display_name":"Daniel Cardon","avatar_url":"https:\/\/secure.gravatar.com\/avatar\/de9edc136dfc061ad4778e04635baefa?s=96&d=mm&r=g","0":null,"1":"","2":"","3":"","4":"","5":"","6":"","7":"","8":""}],"_links":{"self":[{"href":"https:\/\/www.ecinews.fr\/fr\/wp-json\/wp\/v2\/posts\/463199"}],"collection":[{"href":"https:\/\/www.ecinews.fr\/fr\/wp-json\/wp\/v2\/posts"}],"about":[{"href":"https:\/\/www.ecinews.fr\/fr\/wp-json\/wp\/v2\/types\/post"}],"author":[{"embeddable":true,"href":"https:\/\/www.ecinews.fr\/fr\/wp-json\/wp\/v2\/users\/11"}],"replies":[{"embeddable":true,"href":"https:\/\/www.ecinews.fr\/fr\/wp-json\/wp\/v2\/comments?post=463199"}],"version-history":[{"count":0,"href":"https:\/\/www.ecinews.fr\/fr\/wp-json\/wp\/v2\/posts\/463199\/revisions"}],"wp:featuredmedia":[{"embeddable":true,"href":"https:\/\/www.ecinews.fr\/fr\/wp-json\/wp\/v2\/media\/463151"}],"wp:attachment":[{"href":"https:\/\/www.ecinews.fr\/fr\/wp-json\/wp\/v2\/media?parent=463199"}],"wp:term":[{"taxonomy":"category","embeddable":true,"href":"https:\/\/www.ecinews.fr\/fr\/wp-json\/wp\/v2\/categories?post=463199"},{"taxonomy":"post_tag","embeddable":true,"href":"https:\/\/www.ecinews.fr\/fr\/wp-json\/wp\/v2\/tags?post=463199"},{"taxonomy":"domains","embeddable":true,"href":"https:\/\/www.ecinews.fr\/fr\/wp-json\/wp\/v2\/domains?post=463199"},{"taxonomy":"author","embeddable":true,"href":"https:\/\/www.ecinews.fr\/fr\/wp-json\/wp\/v2\/ppma_author?post=463199"}],"curies":[{"name":"wp","href":"https:\/\/api.w.org\/{rel}","templated":true}]}}