{"id":462999,"date":"2024-10-17T09:30:29","date_gmt":"2024-10-17T07:30:29","guid":{"rendered":"https:\/\/www.ecinews.fr\/?p=462999"},"modified":"2024-10-15T17:34:21","modified_gmt":"2024-10-15T15:34:21","slug":"le-fonds-france-nucleaire-entre-au-capital-de-jst-groupe","status":"publish","type":"post","link":"https:\/\/www.ecinews.fr\/fr\/le-fonds-france-nucleaire-entre-au-capital-de-jst-groupe\/","title":{"rendered":"Le Fonds France Nucl\u00e9aire entre au capital de JST Groupe"},"content":{"rendered":"<h3>L\u2019entr\u00e9e au capital du Fonds France Nucl\u00e9aire, g\u00e9r\u00e9 par Siparex, permet d\u2019accompagne JST Groupe dans sa croissance et son \u00e9volution li\u00e9es aux enjeux d\u2019\u00e9lectrification de l\u2019\u00e9conomie.<\/h3>\n<p>JST, dirig\u00e9 par St\u00e9phane Giral et bas\u00e9 \u00e0 Lyon, est le leader fran\u00e7ais de la fabrication de transformateurs haute tension. Ind\u00e9pendant depuis 2006, le groupe s\u2019est structur\u00e9 autour de trois <em>business units<\/em> compl\u00e9mentaires : l\u2019activit\u00e9 \u00ab\u00a0Puissance\u00a0\u00bb, p\u00f4le historique du groupe qui con\u00e7oit et produit des transformateurs \u00e0 destination de la production, du transport et de la distribution d\u2019\u00e9lectricit\u00e9\u00a0; l\u2019activit\u00e9 \u00ab\u00a0Traction\u00a0\u00bb sp\u00e9cialis\u00e9e dans les transformateurs embarqu\u00e9s et inductances \u00e0 destination de l\u2019industrie du rail\u00a0; et l\u2019activit\u00e9 \u00ab\u00a0Services\u00a0\u00bb d\u00e9di\u00e9e aux besoins de montage, maintenance et r\u00e9paration des clients du groupe. JST dispose de quatre sites industriels \u00e0 travers le monde, dont deux en France (Lyon, si\u00e8ge de la principale entit\u00e9 JST Transformateurs, et Chalon-sur-Sa\u00f4ne), un en Inde (d\u00e9di\u00e9 \u00e0 l\u2019activit\u00e9 \u00ab\u00a0Traction\u00a0\u00bb) et un au Portugal. Le Groupe r\u00e9alise un chiffre d\u2019affaires consolid\u00e9 de 85 M\u20ac, consacre plus de 3 M\u20ac par an \u00e0 la R&amp;D et aux d\u00e9veloppements technologiques, et s\u2019appuie sur plus de 500 collaborateurs hautement qualifi\u00e9s, dont 300 en France. \u00a0<\/p>\n<p>JST fournit un ensemble d\u2019op\u00e9rateurs fran\u00e7ais et internationaux de premier rang dans chacun de ses segments d\u2019activit\u00e9, avec une d\u00e9marche de partenariat couvrant l\u2019int\u00e9gralit\u00e9 de la cha\u00eene de valeur (conception, fabrication, installation, maintenance). Fournisseur strat\u00e9gique d\u2019EDF et partenaire de la fili\u00e8re nucl\u00e9aire, le groupe adresse l\u2019ensemble du parc en exploitation et joue un r\u00f4le essentiel dans la pr\u00e9paration des projets li\u00e9s au nouveau nucl\u00e9aire. \u00a0<\/p>\n<p>Depuis l\u2019arriv\u00e9e de St\u00e9phane Giral en tant que Pr\u00e9sident en 2021, le Groupe s\u2019est restructur\u00e9 en s\u2019appuyant sur un projet d\u2019entreprise centr\u00e9 sur la qualit\u00e9. JST conna\u00eet depuis une acc\u00e9l\u00e9ration de sa croissance, tir\u00e9e par les enjeux d\u2019\u00e9lectrification de l\u2019\u00e9conomie, qui conduisent au d\u00e9veloppement et au renouvellement des infrastructures de production, de stockage, de transport et de distribution d\u2019\u00e9lectricit\u00e9, et \u00e9galement \u00e0 la dynamique d\u2019accroissement de la mobilit\u00e9 par rail en France et \u00e0 l\u2019international.<\/p>\n<p>C\u2019est pour accompagner la poursuite de cette croissance et l\u2019\u00e9volution du groupe que le Fonds France Nucl\u00e9aire investit, avec le management, au capital de JST Groupe, aux c\u00f4t\u00e9s de l\u2019actionnaire historique Cogerfi.<\/p>\n<p>Ainsi soutenu, le management pr\u00e9voit d\u2019acc\u00e9l\u00e9rer le d\u00e9veloppement du Groupe, en investissant prioritairement dans ses comp\u00e9tences et ses moyens industriels, afin de r\u00e9pondre aux exigences croissantes de productivit\u00e9, de qualit\u00e9 et d\u2019\u00e9co-conception de ses clients.<\/p>\n<p><strong>Pour St\u00e9phane Giral, CEO de JST <\/strong>:\u00a0\u00ab\u00a0<em>L\u2019entr\u00e9e du Fonds France Nucl\u00e9aire au capital de JST est un v\u00e9ritable atout pour le d\u00e9veloppement de l\u2019entreprise. Le management de JST b\u00e9n\u00e9ficiera de l\u2019expertise du FFN, notamment de sa fine connaissance de l\u2019\u00e9cosyst\u00e8me nucl\u00e9aire, pour accompagner les d\u00e9veloppements majeurs qui sont programm\u00e9es dans les prochaines ann\u00e9es. Plus globalement, les deux actionnaires de r\u00e9f\u00e9rence de JST contribueront au renforcement op\u00e9rationnel et strat\u00e9gique de JST alors que ses trois march\u00e9s sont durablement porteurs. <\/em>\u00bb<\/p>\n<p><strong>Pour Benoit Desforges et Romain Boisson de Chazournes, Fonds France Nucl\u00e9aire : <\/strong>\u00ab\u00a0<em>Nous sommes tr\u00e8s heureux de soutenir JST dans cette nouvelle \u00e9tape de son histoire. Fournisseur strat\u00e9gique pour la fili\u00e8re nucl\u00e9aire et le secteur de l&rsquo;\u00e9nergie, JST joue un r\u00f4le cl\u00e9 dans la modernisation et la s\u00e9curisation des infrastructures \u00e9lectriques. Cet investissement refl\u00e8te l\u2019engagement du FFN d\u2019accompagner des entreprises fran\u00e7aises disposant d\u2019un savoir-faire industriel sp\u00e9cifique r\u00e9pondant \u00e0 des enjeux majeurs de la fili\u00e8re nucl\u00e9aire en France, tout en contribuant \u00e0 leur d\u00e9veloppement. <\/em>\u00bb<\/p>\n<p><a href=\"https:\/\/www.fondsfrancenucleaire.fr\/\">Fonds France Nucl\u00e9aire &#8211; Siparex<\/a><strong>\u00a0<\/strong>| <a href=\"https:\/\/www.jst-transformers.eu\/\">JST Groupe<\/a><\/p>\n","protected":false},"excerpt":{"rendered":"<p>L\u2019entr\u00e9e au capital du Fonds France Nucl\u00e9aire, g\u00e9r\u00e9 par Siparex, permet d\u2019accompagne JST Groupe dans sa croissance et son \u00e9volution li\u00e9es aux enjeux d\u2019\u00e9lectrification de l\u2019\u00e9conomie. JST, dirig\u00e9 par St\u00e9phane Giral et bas\u00e9 \u00e0 Lyon, est le leader fran\u00e7ais de la fabrication de transformateurs haute tension. Ind\u00e9pendant depuis 2006, le groupe s\u2019est structur\u00e9 autour de [&hellip;]<\/p>\n","protected":false},"author":39,"featured_media":463047,"comment_status":"closed","ping_status":"closed","sticky":false,"template":"","format":"standard","meta":{"_acf_changed":false,"footnotes":""},"categories":[880],"tags":[5112,6301],"domains":[47],"ppma_author":[6113],"class_list":["post-462999","post","type-post","status-publish","format-standard","has-post-thumbnail","hentry","category-actualites-economiques","tag-investissements","tag-transformateurs","domains-electronique-eci"],"acf":[],"yoast_head":"<title>Le Fonds France Nucl\u00e9aire entre au capital de JST Groupe ...<\/title>\n<meta name=\"description\" content=\"L\u2019entr\u00e9e au capital du Fonds France Nucl\u00e9aire, g\u00e9r\u00e9 par Siparex, permet d\u2019accompagne JST Groupe dans sa croissance et son \u00e9volution li\u00e9es aux...\" \/>\n<meta name=\"robots\" content=\"index, follow, max-snippet:-1, max-image-preview:large, max-video-preview:-1\" \/>\n<link rel=\"canonical\" href=\"https:\/\/www.ecinews.fr\/fr\/wp-json\/wp\/v2\/posts\/462999\/\" \/>\n<meta property=\"og:locale\" content=\"fr_FR\" \/>\n<meta property=\"og:type\" content=\"article\" \/>\n<meta property=\"og:title\" content=\"Le Fonds France Nucl\u00e9aire entre au capital de JST Groupe\" \/>\n<meta property=\"og:description\" content=\"L\u2019entr\u00e9e au capital du Fonds France Nucl\u00e9aire, g\u00e9r\u00e9 par Siparex, permet d\u2019accompagne JST Groupe dans sa croissance et son \u00e9volution li\u00e9es aux enjeux d\u2019\u00e9lectrification de l\u2019\u00e9conomie.\" \/>\n<meta property=\"og:url\" content=\"https:\/\/www.ecinews.fr\/fr\/wp-json\/wp\/v2\/posts\/462999\/\" \/>\n<meta property=\"og:site_name\" content=\"EENewsEurope\" \/>\n<meta property=\"article:published_time\" content=\"2024-10-17T07:30:29+00:00\" \/>\n<meta property=\"article:modified_time\" content=\"2024-10-15T15:34:21+00:00\" \/>\n<meta property=\"og:image\" content=\"https:\/\/www.eenewseurope.com\/wp-content\/uploads\/2024\/10\/ECI4518-CP-Siparex-Fonds-France-Nucleaire-JST-041024-1.png\" \/>\n\t<meta property=\"og:image:width\" content=\"430\" \/>\n\t<meta property=\"og:image:height\" content=\"280\" \/>\n\t<meta property=\"og:image:type\" content=\"image\/png\" \/>\n<meta name=\"author\" content=\"NicolasFeste\" \/>\n<meta name=\"twitter:card\" content=\"summary_large_image\" \/>\n<meta name=\"twitter:label1\" content=\"Written by\" \/>\n\t<meta name=\"twitter:data1\" content=\"NicolasFeste\" \/>\n\t<meta name=\"twitter:label2\" content=\"Est. reading time\" \/>\n\t<meta name=\"twitter:data2\" content=\"3 minutes\" \/>\n<script type=\"application\/ld+json\" class=\"yoast-schema-graph\">{\"@context\":\"https:\/\/schema.org\",\"@graph\":[{\"@type\":\"Article\",\"@id\":\"https:\/\/www.eenewseurope.com\/fr\/le-fonds-france-nucleaire-entre-au-capital-de-jst-groupe\/#article\",\"isPartOf\":{\"@id\":\"https:\/\/www.eenewseurope.com\/fr\/le-fonds-france-nucleaire-entre-au-capital-de-jst-groupe\/\"},\"author\":{\"name\":\"NicolasFeste\",\"@id\":\"https:\/\/www.ecinews.fr\/fr\/#\/schema\/person\/c7104a72b466a801f257e51481de0c43\"},\"headline\":\"Le Fonds France Nucl\u00e9aire entre au capital de JST Groupe\",\"datePublished\":\"2024-10-17T07:30:29+00:00\",\"dateModified\":\"2024-10-15T15:34:21+00:00\",\"mainEntityOfPage\":{\"@id\":\"https:\/\/www.eenewseurope.com\/fr\/le-fonds-france-nucleaire-entre-au-capital-de-jst-groupe\/\"},\"wordCount\":678,\"publisher\":{\"@id\":\"https:\/\/www.ecinews.fr\/fr\/#organization\"},\"keywords\":[\"investissements\",\"transformateurs\"],\"articleSection\":[\"Actualit\u00e9s \u00e9conomiques\"],\"inLanguage\":\"fr-FR\"},{\"@type\":\"WebPage\",\"@id\":\"https:\/\/www.eenewseurope.com\/fr\/le-fonds-france-nucleaire-entre-au-capital-de-jst-groupe\/\",\"url\":\"https:\/\/www.eenewseurope.com\/fr\/le-fonds-france-nucleaire-entre-au-capital-de-jst-groupe\/\",\"name\":\"Le Fonds France Nucl\u00e9aire entre au capital de JST Groupe -\",\"isPartOf\":{\"@id\":\"https:\/\/www.ecinews.fr\/fr\/#website\"},\"datePublished\":\"2024-10-17T07:30:29+00:00\",\"dateModified\":\"2024-10-15T15:34:21+00:00\",\"description\":\"L\u2019entr\u00e9e au capital du Fonds France Nucl\u00e9aire, g\u00e9r\u00e9 par Siparex, permet d\u2019accompagne JST Groupe dans sa croissance et son \u00e9volution li\u00e9es aux enjeux d\u2019\u00e9lectrification de l\u2019\u00e9conomie.\",\"breadcrumb\":{\"@id\":\"https:\/\/www.eenewseurope.com\/fr\/le-fonds-france-nucleaire-entre-au-capital-de-jst-groupe\/#breadcrumb\"},\"inLanguage\":\"fr-FR\",\"potentialAction\":[{\"@type\":\"ReadAction\",\"target\":[\"https:\/\/www.eenewseurope.com\/fr\/le-fonds-france-nucleaire-entre-au-capital-de-jst-groupe\/\"]}]},{\"@type\":\"BreadcrumbList\",\"@id\":\"https:\/\/www.eenewseurope.com\/fr\/le-fonds-france-nucleaire-entre-au-capital-de-jst-groupe\/#breadcrumb\",\"itemListElement\":[{\"@type\":\"ListItem\",\"position\":1,\"name\":\"Home\",\"item\":\"https:\/\/www.ecinews.fr\/fr\/\"},{\"@type\":\"ListItem\",\"position\":2,\"name\":\"Le Fonds France Nucl\u00e9aire entre au capital de JST Groupe\"}]},{\"@type\":\"WebSite\",\"@id\":\"https:\/\/www.ecinews.fr\/fr\/#website\",\"url\":\"https:\/\/www.ecinews.fr\/fr\/\",\"name\":\"EENewsEurope\",\"description\":\"Just another WordPress site\",\"publisher\":{\"@id\":\"https:\/\/www.ecinews.fr\/fr\/#organization\"},\"potentialAction\":[{\"@type\":\"SearchAction\",\"target\":{\"@type\":\"EntryPoint\",\"urlTemplate\":\"https:\/\/www.ecinews.fr\/fr\/?s={search_term_string}\"},\"query-input\":\"required name=search_term_string\"}],\"inLanguage\":\"fr-FR\"},{\"@type\":\"Organization\",\"@id\":\"https:\/\/www.ecinews.fr\/fr\/#organization\",\"name\":\"EENewsEurope\",\"url\":\"https:\/\/www.ecinews.fr\/fr\/\",\"logo\":{\"@type\":\"ImageObject\",\"inLanguage\":\"fr-FR\",\"@id\":\"https:\/\/www.ecinews.fr\/fr\/#\/schema\/logo\/image\/\",\"url\":\"https:\/\/www.ecinews.fr\/wp-content\/uploads\/2022\/02\/logo-1.jpg\",\"contentUrl\":\"https:\/\/www.ecinews.fr\/wp-content\/uploads\/2022\/02\/logo-1.jpg\",\"width\":283,\"height\":113,\"caption\":\"EENewsEurope\"},\"image\":{\"@id\":\"https:\/\/www.ecinews.fr\/fr\/#\/schema\/logo\/image\/\"}},{\"@type\":\"Person\",\"@id\":\"https:\/\/www.ecinews.fr\/fr\/#\/schema\/person\/c7104a72b466a801f257e51481de0c43\",\"name\":\"NicolasFeste\",\"image\":{\"@type\":\"ImageObject\",\"inLanguage\":\"fr-FR\",\"@id\":\"https:\/\/www.ecinews.fr\/fr\/#\/schema\/person\/image\/1ea421e7d03c1e96a9ea2bcf2705734a\",\"url\":\"https:\/\/secure.gravatar.com\/avatar\/2e187f4d96902933ba445ed6c760e11c?s=96&d=mm&r=g\",\"contentUrl\":\"https:\/\/secure.gravatar.com\/avatar\/2e187f4d96902933ba445ed6c760e11c?s=96&d=mm&r=g\",\"caption\":\"NicolasFeste\"}}]}<\/script>","yoast_head_json":{"title":"Le Fonds France Nucl\u00e9aire entre au capital de JST Groupe ...","description":"L\u2019entr\u00e9e au capital du Fonds France Nucl\u00e9aire, g\u00e9r\u00e9 par Siparex, permet d\u2019accompagne JST Groupe dans sa croissance et son \u00e9volution li\u00e9es aux...","robots":{"index":"index","follow":"follow","max-snippet":"max-snippet:-1","max-image-preview":"max-image-preview:large","max-video-preview":"max-video-preview:-1"},"canonical":"https:\/\/www.ecinews.fr\/fr\/wp-json\/wp\/v2\/posts\/462999\/","og_locale":"fr_FR","og_type":"article","og_title":"Le Fonds France Nucl\u00e9aire entre au capital de JST Groupe","og_description":"L\u2019entr\u00e9e au capital du Fonds France Nucl\u00e9aire, g\u00e9r\u00e9 par Siparex, permet d\u2019accompagne JST Groupe dans sa croissance et son \u00e9volution li\u00e9es aux enjeux d\u2019\u00e9lectrification de l\u2019\u00e9conomie.","og_url":"https:\/\/www.ecinews.fr\/fr\/wp-json\/wp\/v2\/posts\/462999\/","og_site_name":"EENewsEurope","article_published_time":"2024-10-17T07:30:29+00:00","article_modified_time":"2024-10-15T15:34:21+00:00","og_image":[{"width":430,"height":280,"url":"https:\/\/www.eenewseurope.com\/wp-content\/uploads\/2024\/10\/ECI4518-CP-Siparex-Fonds-France-Nucleaire-JST-041024-1.png","type":"image\/png"}],"author":"NicolasFeste","twitter_card":"summary_large_image","twitter_misc":{"Written by":"NicolasFeste","Est. reading time":"3 minutes"},"schema":{"@context":"https:\/\/schema.org","@graph":[{"@type":"Article","@id":"https:\/\/www.eenewseurope.com\/fr\/le-fonds-france-nucleaire-entre-au-capital-de-jst-groupe\/#article","isPartOf":{"@id":"https:\/\/www.eenewseurope.com\/fr\/le-fonds-france-nucleaire-entre-au-capital-de-jst-groupe\/"},"author":{"name":"NicolasFeste","@id":"https:\/\/www.ecinews.fr\/fr\/#\/schema\/person\/c7104a72b466a801f257e51481de0c43"},"headline":"Le Fonds France Nucl\u00e9aire entre au capital de JST Groupe","datePublished":"2024-10-17T07:30:29+00:00","dateModified":"2024-10-15T15:34:21+00:00","mainEntityOfPage":{"@id":"https:\/\/www.eenewseurope.com\/fr\/le-fonds-france-nucleaire-entre-au-capital-de-jst-groupe\/"},"wordCount":678,"publisher":{"@id":"https:\/\/www.ecinews.fr\/fr\/#organization"},"keywords":["investissements","transformateurs"],"articleSection":["Actualit\u00e9s \u00e9conomiques"],"inLanguage":"fr-FR"},{"@type":"WebPage","@id":"https:\/\/www.eenewseurope.com\/fr\/le-fonds-france-nucleaire-entre-au-capital-de-jst-groupe\/","url":"https:\/\/www.eenewseurope.com\/fr\/le-fonds-france-nucleaire-entre-au-capital-de-jst-groupe\/","name":"Le Fonds France Nucl\u00e9aire entre au capital de JST Groupe -","isPartOf":{"@id":"https:\/\/www.ecinews.fr\/fr\/#website"},"datePublished":"2024-10-17T07:30:29+00:00","dateModified":"2024-10-15T15:34:21+00:00","description":"L\u2019entr\u00e9e au capital du Fonds France Nucl\u00e9aire, g\u00e9r\u00e9 par Siparex, permet d\u2019accompagne JST Groupe dans sa croissance et son \u00e9volution li\u00e9es aux enjeux d\u2019\u00e9lectrification de l\u2019\u00e9conomie.","breadcrumb":{"@id":"https:\/\/www.eenewseurope.com\/fr\/le-fonds-france-nucleaire-entre-au-capital-de-jst-groupe\/#breadcrumb"},"inLanguage":"fr-FR","potentialAction":[{"@type":"ReadAction","target":["https:\/\/www.eenewseurope.com\/fr\/le-fonds-france-nucleaire-entre-au-capital-de-jst-groupe\/"]}]},{"@type":"BreadcrumbList","@id":"https:\/\/www.eenewseurope.com\/fr\/le-fonds-france-nucleaire-entre-au-capital-de-jst-groupe\/#breadcrumb","itemListElement":[{"@type":"ListItem","position":1,"name":"Home","item":"https:\/\/www.ecinews.fr\/fr\/"},{"@type":"ListItem","position":2,"name":"Le Fonds France Nucl\u00e9aire entre au capital de JST Groupe"}]},{"@type":"WebSite","@id":"https:\/\/www.ecinews.fr\/fr\/#website","url":"https:\/\/www.ecinews.fr\/fr\/","name":"EENewsEurope","description":"Just another WordPress site","publisher":{"@id":"https:\/\/www.ecinews.fr\/fr\/#organization"},"potentialAction":[{"@type":"SearchAction","target":{"@type":"EntryPoint","urlTemplate":"https:\/\/www.ecinews.fr\/fr\/?s={search_term_string}"},"query-input":"required name=search_term_string"}],"inLanguage":"fr-FR"},{"@type":"Organization","@id":"https:\/\/www.ecinews.fr\/fr\/#organization","name":"EENewsEurope","url":"https:\/\/www.ecinews.fr\/fr\/","logo":{"@type":"ImageObject","inLanguage":"fr-FR","@id":"https:\/\/www.ecinews.fr\/fr\/#\/schema\/logo\/image\/","url":"https:\/\/www.ecinews.fr\/wp-content\/uploads\/2022\/02\/logo-1.jpg","contentUrl":"https:\/\/www.ecinews.fr\/wp-content\/uploads\/2022\/02\/logo-1.jpg","width":283,"height":113,"caption":"EENewsEurope"},"image":{"@id":"https:\/\/www.ecinews.fr\/fr\/#\/schema\/logo\/image\/"}},{"@type":"Person","@id":"https:\/\/www.ecinews.fr\/fr\/#\/schema\/person\/c7104a72b466a801f257e51481de0c43","name":"NicolasFeste","image":{"@type":"ImageObject","inLanguage":"fr-FR","@id":"https:\/\/www.ecinews.fr\/fr\/#\/schema\/person\/image\/1ea421e7d03c1e96a9ea2bcf2705734a","url":"https:\/\/secure.gravatar.com\/avatar\/2e187f4d96902933ba445ed6c760e11c?s=96&d=mm&r=g","contentUrl":"https:\/\/secure.gravatar.com\/avatar\/2e187f4d96902933ba445ed6c760e11c?s=96&d=mm&r=g","caption":"NicolasFeste"}}]}},"authors":[{"term_id":6113,"user_id":39,"is_guest":0,"slug":"nicolasfeste","display_name":"NicolasFeste","avatar_url":"https:\/\/secure.gravatar.com\/avatar\/2e187f4d96902933ba445ed6c760e11c?s=96&d=mm&r=g","0":null,"1":"","2":"","3":"","4":"","5":"","6":"","7":"","8":""}],"_links":{"self":[{"href":"https:\/\/www.ecinews.fr\/fr\/wp-json\/wp\/v2\/posts\/462999"}],"collection":[{"href":"https:\/\/www.ecinews.fr\/fr\/wp-json\/wp\/v2\/posts"}],"about":[{"href":"https:\/\/www.ecinews.fr\/fr\/wp-json\/wp\/v2\/types\/post"}],"author":[{"embeddable":true,"href":"https:\/\/www.ecinews.fr\/fr\/wp-json\/wp\/v2\/users\/39"}],"replies":[{"embeddable":true,"href":"https:\/\/www.ecinews.fr\/fr\/wp-json\/wp\/v2\/comments?post=462999"}],"version-history":[{"count":0,"href":"https:\/\/www.ecinews.fr\/fr\/wp-json\/wp\/v2\/posts\/462999\/revisions"}],"wp:featuredmedia":[{"embeddable":true,"href":"https:\/\/www.ecinews.fr\/fr\/wp-json\/wp\/v2\/media\/463047"}],"wp:attachment":[{"href":"https:\/\/www.ecinews.fr\/fr\/wp-json\/wp\/v2\/media?parent=462999"}],"wp:term":[{"taxonomy":"category","embeddable":true,"href":"https:\/\/www.ecinews.fr\/fr\/wp-json\/wp\/v2\/categories?post=462999"},{"taxonomy":"post_tag","embeddable":true,"href":"https:\/\/www.ecinews.fr\/fr\/wp-json\/wp\/v2\/tags?post=462999"},{"taxonomy":"domains","embeddable":true,"href":"https:\/\/www.ecinews.fr\/fr\/wp-json\/wp\/v2\/domains?post=462999"},{"taxonomy":"author","embeddable":true,"href":"https:\/\/www.ecinews.fr\/fr\/wp-json\/wp\/v2\/ppma_author?post=462999"}],"curies":[{"name":"wp","href":"https:\/\/api.w.org\/{rel}","templated":true}]}}