{"id":462539,"date":"2024-10-10T09:29:54","date_gmt":"2024-10-10T07:29:54","guid":{"rendered":"https:\/\/www.ecinews.fr\/?p=462539"},"modified":"2024-10-10T09:30:43","modified_gmt":"2024-10-10T07:30:43","slug":"rhea-1-et-epac-font-avancer-le-projet-europeen-epi","status":"publish","type":"post","link":"https:\/\/www.ecinews.fr\/fr\/rhea-1-et-epac-font-avancer-le-projet-europeen-epi\/","title":{"rendered":"RHEA 1 et EPAC font avancer le projet europ\u00e9en EPI"},"content":{"rendered":"<h2>ARM et RISC-V \u00e0 la t\u00eate de l&rsquo;initiative europ\u00e9enne sur les processeurs<\/h2>\n<p>Avec tous les acteurs pr\u00e9sents au forum EPI (European Processor Initiative) de Barcelone, il est clair que l&rsquo;initiative gagne du terrain &#8211; peut-\u00eatre pas assez rapidement pour beaucoup, mais petit \u00e0 petit, les d\u00e9veloppements sortent de la recherche et entrent dans le silicium. Le RHEA 1 et l&rsquo;EPAC en sont de bons exemples.<\/p>\n<p>Le microprocesseur HPC RHEA 1 vise \u00e0 jouer un r\u00f4le majeur dans les ambitions de cr\u00e9ation d&rsquo;un syst\u00e8me HPC d&rsquo;ici 2028. Ce processeur comporte 80 c\u0153urs arm neoverse V1, ainsi que quatre HBM et quatre DDR5 dans l&rsquo;architecture.<\/p>\n<p><img decoding=\"async\" class=\"alignnone wp-image-462457 lazyload\" data-src=\"https:\/\/www.eenewseurope.com\/wp-content\/uploads\/2024\/10\/20241009_153621-300x146.jpg\" alt=\"\" width=\"450\" height=\"219\" data-srcset=\"https:\/\/www.ecinews.fr\/wp-content\/uploads\/2024\/10\/20241009_153621-300x146.jpg 300w, https:\/\/www.ecinews.fr\/wp-content\/uploads\/2024\/10\/20241009_153621-1024x498.jpg 1024w, https:\/\/www.ecinews.fr\/wp-content\/uploads\/2024\/10\/20241009_153621-768x373.jpg 768w, https:\/\/www.ecinews.fr\/wp-content\/uploads\/2024\/10\/20241009_153621-1536x747.jpg 1536w, https:\/\/www.ecinews.fr\/wp-content\/uploads\/2024\/10\/20241009_153621-2048x996.jpg 2048w, https:\/\/www.ecinews.fr\/wp-content\/uploads\/2024\/10\/20241009_153621-scaled.jpg 1080w\" data-sizes=\"(max-width: 450px) 100vw, 450px\" src=\"data:image\/svg+xml;base64,PHN2ZyB3aWR0aD0iMSIgaGVpZ2h0PSIxIiB4bWxucz0iaHR0cDovL3d3dy53My5vcmcvMjAwMC9zdmciPjwvc3ZnPg==\" style=\"--smush-placeholder-width: 450px; --smush-placeholder-aspect-ratio: 450\/219;\" \/><\/p>\n<p>L&rsquo;acc\u00e9l\u00e9rateur EPAC est bas\u00e9 sur l&rsquo;architecture ouverte RISC-V<\/p>\n<p><img decoding=\"async\" class=\"alignnone wp-image-462461 lazyload\" data-src=\"https:\/\/www.eenewseurope.com\/wp-content\/uploads\/2024\/10\/Screenshot-2024-10-09-at-15.48.34-300x144.png\" alt=\"\" width=\"448\" height=\"215\" data-srcset=\"https:\/\/www.ecinews.fr\/wp-content\/uploads\/2024\/10\/Screenshot-2024-10-09-at-15.48.34-300x144.png 300w, https:\/\/www.ecinews.fr\/wp-content\/uploads\/2024\/10\/Screenshot-2024-10-09-at-15.48.34.png 478w\" data-sizes=\"(max-width: 448px) 100vw, 448px\" src=\"data:image\/svg+xml;base64,PHN2ZyB3aWR0aD0iMSIgaGVpZ2h0PSIxIiB4bWxucz0iaHR0cDovL3d3dy53My5vcmcvMjAwMC9zdmciPjwvc3ZnPg==\" style=\"--smush-placeholder-width: 448px; --smush-placeholder-aspect-ratio: 448\/215;\" \/><\/p>\n<p>Les principaux objectifs du projet EPI sont les suivants:<\/p>\n<p>Contribuer au d\u00e9veloppement des technologies europ\u00e9ennes de supercalculateurs, renforcer la comp\u00e9titivit\u00e9 et le leadership de l&rsquo;industrie et de la science de l&rsquo;Union europ\u00e9enne, d\u00e9velopper les technologies europ\u00e9ennes de microprocesseurs et d&rsquo;acc\u00e9l\u00e9rateurs.<\/p>\n<p>Pour plus d&rsquo;informations <a href=\"https:\/\/www.european-processor-initiative.eu\/\">, cliquez ici<\/a><\/p>\n","protected":false},"excerpt":{"rendered":"<p>ARM et RISC-V \u00e0 la t\u00eate de l&rsquo;initiative europ\u00e9enne sur les processeurs Avec tous les acteurs pr\u00e9sents au forum EPI (European Processor Initiative) de Barcelone, il est clair que l&rsquo;initiative gagne du terrain &#8211; peut-\u00eatre pas assez rapidement pour beaucoup, mais petit \u00e0 petit, les d\u00e9veloppements sortent de la recherche et entrent dans le silicium. [&hellip;]<\/p>\n","protected":false},"author":7,"featured_media":462629,"comment_status":"closed","ping_status":"closed","sticky":false,"template":"","format":"standard","meta":{"_acf_changed":false,"footnotes":""},"categories":[3669,883],"tags":[7893,7894,5127,4840,4839],"domains":[47],"ppma_author":[1139,1153],"class_list":["post-462539","post","type-post","status-publish","format-standard","has-post-thumbnail","hentry","category-nouvelles","category-technologies","tag-epac-fr","tag-epi-fr","tag-hpc-fr","tag-rhea","tag-sipearl","domains-electronique-eci"],"acf":[],"yoast_head":"<title>RHEA 1 et EPAC font avancer le projet europ\u00e9en EPI ...<\/title>\n<meta name=\"description\" content=\"ARM et RISC-V \u00e0 la t\u00eate de l&#039;initiative europ\u00e9enne sur les processeurs et acc\u00e9l\u00e9rateurs devant \u00eatre utilis\u00e9s dans les calculateurs HPC\" \/>\n<meta name=\"robots\" content=\"index, follow, max-snippet:-1, max-image-preview:large, max-video-preview:-1\" \/>\n<link rel=\"canonical\" href=\"https:\/\/www.ecinews.fr\/fr\/wp-json\/wp\/v2\/posts\/462539\/\" \/>\n<meta property=\"og:locale\" content=\"fr_FR\" \/>\n<meta property=\"og:type\" content=\"article\" \/>\n<meta property=\"og:title\" content=\"RHEA 1 et EPAC font avancer le projet europ\u00e9en EPI\" \/>\n<meta property=\"og:description\" content=\"ARM et RISC-V \u00e0 la t\u00eate de l&#039;initiative europ\u00e9enne sur les processeurs et acc\u00e9l\u00e9rateurs devant \u00eatre utilis\u00e9s dans les calculateurs HPC\" \/>\n<meta property=\"og:url\" content=\"https:\/\/www.ecinews.fr\/fr\/wp-json\/wp\/v2\/posts\/462539\/\" \/>\n<meta property=\"og:site_name\" content=\"EENewsEurope\" \/>\n<meta property=\"article:published_time\" content=\"2024-10-10T07:29:54+00:00\" \/>\n<meta property=\"article:modified_time\" content=\"2024-10-10T07:30:43+00:00\" \/>\n<meta property=\"og:image\" content=\"https:\/\/www.eenewseurope.com\/wp-content\/uploads\/2024\/10\/Screen-Shot-2024-10-10-at-15.43.38.png\" \/>\n\t<meta property=\"og:image:width\" content=\"472\" \/>\n\t<meta property=\"og:image:height\" content=\"182\" \/>\n\t<meta property=\"og:image:type\" content=\"image\/png\" \/>\n<meta name=\"author\" content=\"Wisse Hettinga, A Delapalisse\" \/>\n<meta name=\"twitter:card\" content=\"summary_large_image\" \/>\n<meta name=\"twitter:label1\" content=\"Written by\" \/>\n\t<meta name=\"twitter:data1\" content=\"Wisse Hettinga\" \/>\n\t<meta name=\"twitter:label2\" content=\"Est. reading time\" \/>\n\t<meta name=\"twitter:data2\" content=\"2 minutes\" \/>\n<script type=\"application\/ld+json\" class=\"yoast-schema-graph\">{\"@context\":\"https:\/\/schema.org\",\"@graph\":[{\"@type\":\"Article\",\"@id\":\"https:\/\/www.eenewseurope.com\/fr\/rhea-1-et-epac-font-avancer-le-projet-europeen-epi\/#article\",\"isPartOf\":{\"@id\":\"https:\/\/www.eenewseurope.com\/fr\/rhea-1-et-epac-font-avancer-le-projet-europeen-epi\/\"},\"author\":{\"name\":\"Wisse Hettinga\",\"@id\":\"https:\/\/www.ecinews.fr\/fr\/#\/schema\/person\/c6b626c6c65f5e1e7794ce2d17b2ca82\"},\"headline\":\"RHEA 1 et EPAC font avancer le projet europ\u00e9en EPI\",\"datePublished\":\"2024-10-10T07:29:54+00:00\",\"dateModified\":\"2024-10-10T07:30:43+00:00\",\"mainEntityOfPage\":{\"@id\":\"https:\/\/www.eenewseurope.com\/fr\/rhea-1-et-epac-font-avancer-le-projet-europeen-epi\/\"},\"wordCount\":190,\"publisher\":{\"@id\":\"https:\/\/www.ecinews.fr\/fr\/#organization\"},\"keywords\":[\"Epac\",\"EPI\",\"HPC\",\"Rhea\",\"SiPearl\"],\"articleSection\":[\"Nouvelles\",\"Technologies\"],\"inLanguage\":\"fr-FR\"},{\"@type\":\"WebPage\",\"@id\":\"https:\/\/www.eenewseurope.com\/fr\/rhea-1-et-epac-font-avancer-le-projet-europeen-epi\/\",\"url\":\"https:\/\/www.eenewseurope.com\/fr\/rhea-1-et-epac-font-avancer-le-projet-europeen-epi\/\",\"name\":\"RHEA 1 et EPAC font avancer le projet europ\u00e9en EPI\",\"isPartOf\":{\"@id\":\"https:\/\/www.ecinews.fr\/fr\/#website\"},\"datePublished\":\"2024-10-10T07:29:54+00:00\",\"dateModified\":\"2024-10-10T07:30:43+00:00\",\"description\":\"ARM et RISC-V \u00e0 la t\u00eate de l'initiative europ\u00e9enne sur les processeurs et acc\u00e9l\u00e9rateurs devant \u00eatre utilis\u00e9s dans les calculateurs HPC\",\"breadcrumb\":{\"@id\":\"https:\/\/www.eenewseurope.com\/fr\/rhea-1-et-epac-font-avancer-le-projet-europeen-epi\/#breadcrumb\"},\"inLanguage\":\"fr-FR\",\"potentialAction\":[{\"@type\":\"ReadAction\",\"target\":[\"https:\/\/www.eenewseurope.com\/fr\/rhea-1-et-epac-font-avancer-le-projet-europeen-epi\/\"]}]},{\"@type\":\"BreadcrumbList\",\"@id\":\"https:\/\/www.eenewseurope.com\/fr\/rhea-1-et-epac-font-avancer-le-projet-europeen-epi\/#breadcrumb\",\"itemListElement\":[{\"@type\":\"ListItem\",\"position\":1,\"name\":\"Home\",\"item\":\"https:\/\/www.ecinews.fr\/fr\/\"},{\"@type\":\"ListItem\",\"position\":2,\"name\":\"RHEA 1 et EPAC font avancer le projet europ\u00e9en EPI\"}]},{\"@type\":\"WebSite\",\"@id\":\"https:\/\/www.ecinews.fr\/fr\/#website\",\"url\":\"https:\/\/www.ecinews.fr\/fr\/\",\"name\":\"EENewsEurope\",\"description\":\"Just another WordPress site\",\"publisher\":{\"@id\":\"https:\/\/www.ecinews.fr\/fr\/#organization\"},\"potentialAction\":[{\"@type\":\"SearchAction\",\"target\":{\"@type\":\"EntryPoint\",\"urlTemplate\":\"https:\/\/www.ecinews.fr\/fr\/?s={search_term_string}\"},\"query-input\":\"required name=search_term_string\"}],\"inLanguage\":\"fr-FR\"},{\"@type\":\"Organization\",\"@id\":\"https:\/\/www.ecinews.fr\/fr\/#organization\",\"name\":\"EENewsEurope\",\"url\":\"https:\/\/www.ecinews.fr\/fr\/\",\"logo\":{\"@type\":\"ImageObject\",\"inLanguage\":\"fr-FR\",\"@id\":\"https:\/\/www.ecinews.fr\/fr\/#\/schema\/logo\/image\/\",\"url\":\"https:\/\/www.ecinews.fr\/wp-content\/uploads\/2022\/02\/logo-1.jpg\",\"contentUrl\":\"https:\/\/www.ecinews.fr\/wp-content\/uploads\/2022\/02\/logo-1.jpg\",\"width\":283,\"height\":113,\"caption\":\"EENewsEurope\"},\"image\":{\"@id\":\"https:\/\/www.ecinews.fr\/fr\/#\/schema\/logo\/image\/\"}},{\"@type\":\"Person\",\"@id\":\"https:\/\/www.ecinews.fr\/fr\/#\/schema\/person\/c6b626c6c65f5e1e7794ce2d17b2ca82\",\"name\":\"Wisse Hettinga\",\"image\":{\"@type\":\"ImageObject\",\"inLanguage\":\"fr-FR\",\"@id\":\"https:\/\/www.ecinews.fr\/fr\/#\/schema\/person\/image\/5dc5f564ca306d7cb8b22735be49a465\",\"url\":\"https:\/\/secure.gravatar.com\/avatar\/24a36fe68de56eac2a45cbaf9aa4bb58?s=96&d=mm&r=g\",\"contentUrl\":\"https:\/\/secure.gravatar.com\/avatar\/24a36fe68de56eac2a45cbaf9aa4bb58?s=96&d=mm&r=g\",\"caption\":\"Wisse Hettinga\"}}]}<\/script>","yoast_head_json":{"title":"RHEA 1 et EPAC font avancer le projet europ\u00e9en EPI ...","description":"ARM et RISC-V \u00e0 la t\u00eate de l'initiative europ\u00e9enne sur les processeurs et acc\u00e9l\u00e9rateurs devant \u00eatre utilis\u00e9s dans les calculateurs HPC","robots":{"index":"index","follow":"follow","max-snippet":"max-snippet:-1","max-image-preview":"max-image-preview:large","max-video-preview":"max-video-preview:-1"},"canonical":"https:\/\/www.ecinews.fr\/fr\/wp-json\/wp\/v2\/posts\/462539\/","og_locale":"fr_FR","og_type":"article","og_title":"RHEA 1 et EPAC font avancer le projet europ\u00e9en EPI","og_description":"ARM et RISC-V \u00e0 la t\u00eate de l'initiative europ\u00e9enne sur les processeurs et acc\u00e9l\u00e9rateurs devant \u00eatre utilis\u00e9s dans les calculateurs HPC","og_url":"https:\/\/www.ecinews.fr\/fr\/wp-json\/wp\/v2\/posts\/462539\/","og_site_name":"EENewsEurope","article_published_time":"2024-10-10T07:29:54+00:00","article_modified_time":"2024-10-10T07:30:43+00:00","og_image":[{"width":472,"height":182,"url":"https:\/\/www.eenewseurope.com\/wp-content\/uploads\/2024\/10\/Screen-Shot-2024-10-10-at-15.43.38.png","type":"image\/png"}],"author":"Wisse Hettinga, A Delapalisse","twitter_card":"summary_large_image","twitter_misc":{"Written by":"Wisse Hettinga","Est. reading time":"2 minutes"},"schema":{"@context":"https:\/\/schema.org","@graph":[{"@type":"Article","@id":"https:\/\/www.eenewseurope.com\/fr\/rhea-1-et-epac-font-avancer-le-projet-europeen-epi\/#article","isPartOf":{"@id":"https:\/\/www.eenewseurope.com\/fr\/rhea-1-et-epac-font-avancer-le-projet-europeen-epi\/"},"author":{"name":"Wisse Hettinga","@id":"https:\/\/www.ecinews.fr\/fr\/#\/schema\/person\/c6b626c6c65f5e1e7794ce2d17b2ca82"},"headline":"RHEA 1 et EPAC font avancer le projet europ\u00e9en EPI","datePublished":"2024-10-10T07:29:54+00:00","dateModified":"2024-10-10T07:30:43+00:00","mainEntityOfPage":{"@id":"https:\/\/www.eenewseurope.com\/fr\/rhea-1-et-epac-font-avancer-le-projet-europeen-epi\/"},"wordCount":190,"publisher":{"@id":"https:\/\/www.ecinews.fr\/fr\/#organization"},"keywords":["Epac","EPI","HPC","Rhea","SiPearl"],"articleSection":["Nouvelles","Technologies"],"inLanguage":"fr-FR"},{"@type":"WebPage","@id":"https:\/\/www.eenewseurope.com\/fr\/rhea-1-et-epac-font-avancer-le-projet-europeen-epi\/","url":"https:\/\/www.eenewseurope.com\/fr\/rhea-1-et-epac-font-avancer-le-projet-europeen-epi\/","name":"RHEA 1 et EPAC font avancer le projet europ\u00e9en EPI","isPartOf":{"@id":"https:\/\/www.ecinews.fr\/fr\/#website"},"datePublished":"2024-10-10T07:29:54+00:00","dateModified":"2024-10-10T07:30:43+00:00","description":"ARM et RISC-V \u00e0 la t\u00eate de l'initiative europ\u00e9enne sur les processeurs et acc\u00e9l\u00e9rateurs devant \u00eatre utilis\u00e9s dans les calculateurs HPC","breadcrumb":{"@id":"https:\/\/www.eenewseurope.com\/fr\/rhea-1-et-epac-font-avancer-le-projet-europeen-epi\/#breadcrumb"},"inLanguage":"fr-FR","potentialAction":[{"@type":"ReadAction","target":["https:\/\/www.eenewseurope.com\/fr\/rhea-1-et-epac-font-avancer-le-projet-europeen-epi\/"]}]},{"@type":"BreadcrumbList","@id":"https:\/\/www.eenewseurope.com\/fr\/rhea-1-et-epac-font-avancer-le-projet-europeen-epi\/#breadcrumb","itemListElement":[{"@type":"ListItem","position":1,"name":"Home","item":"https:\/\/www.ecinews.fr\/fr\/"},{"@type":"ListItem","position":2,"name":"RHEA 1 et EPAC font avancer le projet europ\u00e9en EPI"}]},{"@type":"WebSite","@id":"https:\/\/www.ecinews.fr\/fr\/#website","url":"https:\/\/www.ecinews.fr\/fr\/","name":"EENewsEurope","description":"Just another WordPress site","publisher":{"@id":"https:\/\/www.ecinews.fr\/fr\/#organization"},"potentialAction":[{"@type":"SearchAction","target":{"@type":"EntryPoint","urlTemplate":"https:\/\/www.ecinews.fr\/fr\/?s={search_term_string}"},"query-input":"required name=search_term_string"}],"inLanguage":"fr-FR"},{"@type":"Organization","@id":"https:\/\/www.ecinews.fr\/fr\/#organization","name":"EENewsEurope","url":"https:\/\/www.ecinews.fr\/fr\/","logo":{"@type":"ImageObject","inLanguage":"fr-FR","@id":"https:\/\/www.ecinews.fr\/fr\/#\/schema\/logo\/image\/","url":"https:\/\/www.ecinews.fr\/wp-content\/uploads\/2022\/02\/logo-1.jpg","contentUrl":"https:\/\/www.ecinews.fr\/wp-content\/uploads\/2022\/02\/logo-1.jpg","width":283,"height":113,"caption":"EENewsEurope"},"image":{"@id":"https:\/\/www.ecinews.fr\/fr\/#\/schema\/logo\/image\/"}},{"@type":"Person","@id":"https:\/\/www.ecinews.fr\/fr\/#\/schema\/person\/c6b626c6c65f5e1e7794ce2d17b2ca82","name":"Wisse Hettinga","image":{"@type":"ImageObject","inLanguage":"fr-FR","@id":"https:\/\/www.ecinews.fr\/fr\/#\/schema\/person\/image\/5dc5f564ca306d7cb8b22735be49a465","url":"https:\/\/secure.gravatar.com\/avatar\/24a36fe68de56eac2a45cbaf9aa4bb58?s=96&d=mm&r=g","contentUrl":"https:\/\/secure.gravatar.com\/avatar\/24a36fe68de56eac2a45cbaf9aa4bb58?s=96&d=mm&r=g","caption":"Wisse Hettinga"}}]}},"authors":[{"term_id":1139,"user_id":7,"is_guest":0,"slug":"wisse-hettinga","display_name":"Wisse Hettinga","avatar_url":"https:\/\/secure.gravatar.com\/avatar\/24a36fe68de56eac2a45cbaf9aa4bb58?s=96&d=mm&r=g","0":null,"1":"","2":"","3":"","4":"","5":"","6":"","7":"","8":""},{"term_id":1153,"user_id":34,"is_guest":0,"slug":"adelapalisse","display_name":"A Delapalisse","avatar_url":"https:\/\/secure.gravatar.com\/avatar\/ad45a8c5da24bc9c7c4940dd1c48a695?s=96&d=mm&r=g","0":null,"1":"","2":"","3":"","4":"","5":"","6":"","7":"","8":""}],"_links":{"self":[{"href":"https:\/\/www.ecinews.fr\/fr\/wp-json\/wp\/v2\/posts\/462539"}],"collection":[{"href":"https:\/\/www.ecinews.fr\/fr\/wp-json\/wp\/v2\/posts"}],"about":[{"href":"https:\/\/www.ecinews.fr\/fr\/wp-json\/wp\/v2\/types\/post"}],"author":[{"embeddable":true,"href":"https:\/\/www.ecinews.fr\/fr\/wp-json\/wp\/v2\/users\/7"}],"replies":[{"embeddable":true,"href":"https:\/\/www.ecinews.fr\/fr\/wp-json\/wp\/v2\/comments?post=462539"}],"version-history":[{"count":0,"href":"https:\/\/www.ecinews.fr\/fr\/wp-json\/wp\/v2\/posts\/462539\/revisions"}],"wp:featuredmedia":[{"embeddable":true,"href":"https:\/\/www.ecinews.fr\/fr\/wp-json\/wp\/v2\/media\/462629"}],"wp:attachment":[{"href":"https:\/\/www.ecinews.fr\/fr\/wp-json\/wp\/v2\/media?parent=462539"}],"wp:term":[{"taxonomy":"category","embeddable":true,"href":"https:\/\/www.ecinews.fr\/fr\/wp-json\/wp\/v2\/categories?post=462539"},{"taxonomy":"post_tag","embeddable":true,"href":"https:\/\/www.ecinews.fr\/fr\/wp-json\/wp\/v2\/tags?post=462539"},{"taxonomy":"domains","embeddable":true,"href":"https:\/\/www.ecinews.fr\/fr\/wp-json\/wp\/v2\/domains?post=462539"},{"taxonomy":"author","embeddable":true,"href":"https:\/\/www.ecinews.fr\/fr\/wp-json\/wp\/v2\/ppma_author?post=462539"}],"curies":[{"name":"wp","href":"https:\/\/api.w.org\/{rel}","templated":true}]}}