{"id":462504,"date":"2024-10-09T20:00:11","date_gmt":"2024-10-09T18:00:11","guid":{"rendered":"https:\/\/www.ecinews.fr\/?p=462504"},"modified":"2024-10-09T20:00:11","modified_gmt":"2024-10-09T18:00:11","slug":"alliance-electronics-rachete-tx-cube","status":"publish","type":"post","link":"https:\/\/www.ecinews.fr\/fr\/alliance-electronics-rachete-tx-cube\/","title":{"rendered":"Alliance Electronics rach\u00e8te TX Cube"},"content":{"rendered":"<h3><span style=\"font-size: 16px;\">Alliance Electronics, un leader de la sous-traitance \u00e9lectronique, continue de diversifier ses services avec l&rsquo;acquisition de TX Cube, <\/span><\/h3>\n<p>TX Cube est un bureau d&rsquo;\u00e9tudes industriel sp\u00e9cialis\u00e9 dans la conception et la fabrication de produits \u00e9lectroniques complets en accompagnant ses clients de l\u2019id\u00e9e de leur projet \u00e0 sa production industrielle..\u00a0<\/p>\n<p>Cette op\u00e9ration r\u00e9alis\u00e9e par Alliance Electronics fait suite au rachat d&rsquo;EMS Factory un mois plus t\u00f4t. En seulement 15 ans d\u2019existence, TX Cube bas\u00e9e \u00e0 Paris a r\u00e9ussi \u00e0 b\u00e2tir un r\u00e9seau de partenariats compl\u00e9mentaires lui permettant de proposer une vaste gamme de solutions \u00e0 ses clients, qu\u2019ils soient de grands groupes du CAC40, des ETI, et des startups, en France, en Europe et m\u00eame au-del\u00e0<\/p>\n<p>Cette acquisition permet \u00e0 Alliance Electronics d&rsquo;\u00e9largir ses capacit\u00e9s de production en Europe, notamment avec des solutions \u00ab\u00a0Made in France\u00a0\u00bb, et d&rsquo;offrir des services de design m\u00e9canique et \u00e9lectronique, avec une expertise en \u00ab\u00a0design-to-cost\u00a0\u00bb. Les capacit\u00e9s de conception et de production des deux entreprises se trouveront renforc\u00e9es.<\/p>\n<p>Les dirigeants des deux entreprises, Elisabeth Partouche (CEO de TX Cube) et Damien Rossignon (pr\u00e9sident d\u2019Alliance Electronics), soulignent que cette alliance strat\u00e9gique offrira de nouvelles opportunit\u00e9s de croissance et permettra de proposer des services \u00e0 forte valeur ajout\u00e9e tout en optimisant les co\u00fbts et les d\u00e9lais de production.<\/p>\n<p><a href=\"http:\/\/www.txcube.com%20www.alliance-electronics.com\">Alliance Electronics<\/a>\u00a0 &#8211;\u00a0 <a href=\"http:\/\/www.txcube.com\">TX Cube<\/a><\/p>\n","protected":false},"excerpt":{"rendered":"<p>Alliance Electronics, un leader de la sous-traitance \u00e9lectronique, continue de diversifier ses services avec l&rsquo;acquisition de TX Cube, TX Cube est un bureau d&rsquo;\u00e9tudes industriel sp\u00e9cialis\u00e9 dans la conception et la fabrication de produits \u00e9lectroniques complets en accompagnant ses clients de l\u2019id\u00e9e de leur projet \u00e0 sa production industrielle..\u00a0 Cette op\u00e9ration r\u00e9alis\u00e9e par Alliance Electronics [&hellip;]<\/p>\n","protected":false},"author":11,"featured_media":462506,"comment_status":"closed","ping_status":"closed","sticky":true,"template":"","format":"standard","meta":{"_acf_changed":false,"footnotes":""},"categories":[886],"tags":[7887,7889,7890,7888],"domains":[47],"ppma_author":[1143],"class_list":["post-462504","post","type-post","status-publish","format-standard","has-post-thumbnail","hentry","category-news-fr","tag-alliance-electronics","tag-production-electronique","tag-sous-traitance","tag-tx-cube","domains-electronique-eci"],"acf":[],"yoast_head":"<title>Alliance Electronics rach\u00e8te TX Cube ...<\/title>\n<meta name=\"description\" content=\"Alliance Electronics, un leader de la sous-traitance \u00e9lectronique, continue de diversifier ses services avec l&#039;acquisition de TX Cube\" \/>\n<meta name=\"robots\" content=\"index, follow, max-snippet:-1, max-image-preview:large, max-video-preview:-1\" \/>\n<link rel=\"canonical\" href=\"https:\/\/www.ecinews.fr\/fr\/wp-json\/wp\/v2\/posts\/462504\/\" \/>\n<meta property=\"og:locale\" content=\"fr_FR\" \/>\n<meta property=\"og:type\" content=\"article\" \/>\n<meta property=\"og:title\" content=\"Alliance Electronics rach\u00e8te TX Cube\" \/>\n<meta property=\"og:description\" content=\"Alliance Electronics, un leader de la sous-traitance \u00e9lectronique, continue de diversifier ses services avec l&#039;acquisition de TX Cube\" \/>\n<meta property=\"og:url\" content=\"https:\/\/www.ecinews.fr\/fr\/wp-json\/wp\/v2\/posts\/462504\/\" \/>\n<meta property=\"og:site_name\" content=\"EENewsEurope\" \/>\n<meta property=\"article:published_time\" content=\"2024-10-09T18:00:11+00:00\" \/>\n<meta property=\"og:image\" content=\"https:\/\/www.ecinews.fr\/wp-content\/uploads\/2024\/10\/Alliance-electronics.jpg\" \/>\n\t<meta property=\"og:image:width\" content=\"280\" \/>\n\t<meta property=\"og:image:height\" content=\"161\" \/>\n\t<meta property=\"og:image:type\" content=\"image\/jpeg\" \/>\n<meta name=\"author\" content=\"Daniel Cardon\" \/>\n<meta name=\"twitter:card\" content=\"summary_large_image\" \/>\n<meta name=\"twitter:label1\" content=\"Written by\" \/>\n\t<meta name=\"twitter:data1\" content=\"Daniel Cardon\" \/>\n\t<meta name=\"twitter:label2\" content=\"Est. reading time\" \/>\n\t<meta name=\"twitter:data2\" content=\"2 minutes\" \/>\n<script type=\"application\/ld+json\" class=\"yoast-schema-graph\">{\"@context\":\"https:\/\/schema.org\",\"@graph\":[{\"@type\":\"Article\",\"@id\":\"https:\/\/www.ecinews.fr\/fr\/alliance-electronics-rachete-tx-cube\/#article\",\"isPartOf\":{\"@id\":\"https:\/\/www.ecinews.fr\/fr\/alliance-electronics-rachete-tx-cube\/\"},\"author\":{\"name\":\"Daniel Cardon\",\"@id\":\"https:\/\/www.eenewseurope.com\/en\/#\/schema\/person\/93c44cde463762f40a8236eaa44c1c17\"},\"headline\":\"Alliance Electronics rach\u00e8te TX Cube\",\"datePublished\":\"2024-10-09T18:00:11+00:00\",\"dateModified\":\"2024-10-09T18:00:11+00:00\",\"mainEntityOfPage\":{\"@id\":\"https:\/\/www.ecinews.fr\/fr\/alliance-electronics-rachete-tx-cube\/\"},\"wordCount\":245,\"publisher\":{\"@id\":\"https:\/\/www.eenewseurope.com\/en\/#organization\"},\"keywords\":[\"Alliance Electronics\",\"Production \u00e9lectronique\",\"sous-traitance\",\"TX Cube\"],\"articleSection\":[\"Actualit\u00e9 g\u00e9n\u00e9rale\"],\"inLanguage\":\"fr-FR\"},{\"@type\":\"WebPage\",\"@id\":\"https:\/\/www.ecinews.fr\/fr\/alliance-electronics-rachete-tx-cube\/\",\"url\":\"https:\/\/www.ecinews.fr\/fr\/alliance-electronics-rachete-tx-cube\/\",\"name\":\"Alliance Electronics rach\u00e8te TX Cube -\",\"isPartOf\":{\"@id\":\"https:\/\/www.eenewseurope.com\/en\/#website\"},\"datePublished\":\"2024-10-09T18:00:11+00:00\",\"dateModified\":\"2024-10-09T18:00:11+00:00\",\"description\":\"Alliance Electronics, un leader de la sous-traitance \u00e9lectronique, continue de diversifier ses services avec l'acquisition de TX Cube\",\"breadcrumb\":{\"@id\":\"https:\/\/www.ecinews.fr\/fr\/alliance-electronics-rachete-tx-cube\/#breadcrumb\"},\"inLanguage\":\"fr-FR\",\"potentialAction\":[{\"@type\":\"ReadAction\",\"target\":[\"https:\/\/www.ecinews.fr\/fr\/alliance-electronics-rachete-tx-cube\/\"]}]},{\"@type\":\"BreadcrumbList\",\"@id\":\"https:\/\/www.ecinews.fr\/fr\/alliance-electronics-rachete-tx-cube\/#breadcrumb\",\"itemListElement\":[{\"@type\":\"ListItem\",\"position\":1,\"name\":\"Home\",\"item\":\"https:\/\/www.ecinews.fr\/fr\/\"},{\"@type\":\"ListItem\",\"position\":2,\"name\":\"Alliance Electronics rach\u00e8te TX Cube\"}]},{\"@type\":\"WebSite\",\"@id\":\"https:\/\/www.eenewseurope.com\/en\/#website\",\"url\":\"https:\/\/www.eenewseurope.com\/en\/\",\"name\":\"EENewsEurope\",\"description\":\"Just another WordPress site\",\"publisher\":{\"@id\":\"https:\/\/www.eenewseurope.com\/en\/#organization\"},\"potentialAction\":[{\"@type\":\"SearchAction\",\"target\":{\"@type\":\"EntryPoint\",\"urlTemplate\":\"https:\/\/www.eenewseurope.com\/en\/?s={search_term_string}\"},\"query-input\":\"required name=search_term_string\"}],\"inLanguage\":\"fr-FR\"},{\"@type\":\"Organization\",\"@id\":\"https:\/\/www.eenewseurope.com\/en\/#organization\",\"name\":\"EENewsEurope\",\"url\":\"https:\/\/www.eenewseurope.com\/en\/\",\"logo\":{\"@type\":\"ImageObject\",\"inLanguage\":\"fr-FR\",\"@id\":\"https:\/\/www.eenewseurope.com\/en\/#\/schema\/logo\/image\/\",\"url\":\"https:\/\/www.ecinews.fr\/wp-content\/uploads\/2022\/02\/logo-1.jpg\",\"contentUrl\":\"https:\/\/www.ecinews.fr\/wp-content\/uploads\/2022\/02\/logo-1.jpg\",\"width\":283,\"height\":113,\"caption\":\"EENewsEurope\"},\"image\":{\"@id\":\"https:\/\/www.eenewseurope.com\/en\/#\/schema\/logo\/image\/\"}},{\"@type\":\"Person\",\"@id\":\"https:\/\/www.eenewseurope.com\/en\/#\/schema\/person\/93c44cde463762f40a8236eaa44c1c17\",\"name\":\"Daniel Cardon\",\"image\":{\"@type\":\"ImageObject\",\"inLanguage\":\"fr-FR\",\"@id\":\"https:\/\/www.eenewseurope.com\/en\/#\/schema\/person\/image\/2b243f6bcc1cff7d86aadfb2cd0bd870\",\"url\":\"https:\/\/secure.gravatar.com\/avatar\/de9edc136dfc061ad4778e04635baefa?s=96&d=mm&r=g\",\"contentUrl\":\"https:\/\/secure.gravatar.com\/avatar\/de9edc136dfc061ad4778e04635baefa?s=96&d=mm&r=g\",\"caption\":\"Daniel Cardon\"}}]}<\/script>","yoast_head_json":{"title":"Alliance Electronics rach\u00e8te TX Cube ...","description":"Alliance Electronics, un leader de la sous-traitance \u00e9lectronique, continue de diversifier ses services avec l'acquisition de TX Cube","robots":{"index":"index","follow":"follow","max-snippet":"max-snippet:-1","max-image-preview":"max-image-preview:large","max-video-preview":"max-video-preview:-1"},"canonical":"https:\/\/www.ecinews.fr\/fr\/wp-json\/wp\/v2\/posts\/462504\/","og_locale":"fr_FR","og_type":"article","og_title":"Alliance Electronics rach\u00e8te TX Cube","og_description":"Alliance Electronics, un leader de la sous-traitance \u00e9lectronique, continue de diversifier ses services avec l'acquisition de TX Cube","og_url":"https:\/\/www.ecinews.fr\/fr\/wp-json\/wp\/v2\/posts\/462504\/","og_site_name":"EENewsEurope","article_published_time":"2024-10-09T18:00:11+00:00","og_image":[{"width":280,"height":161,"url":"https:\/\/www.ecinews.fr\/wp-content\/uploads\/2024\/10\/Alliance-electronics.jpg","type":"image\/jpeg"}],"author":"Daniel Cardon","twitter_card":"summary_large_image","twitter_misc":{"Written by":"Daniel Cardon","Est. reading time":"2 minutes"},"schema":{"@context":"https:\/\/schema.org","@graph":[{"@type":"Article","@id":"https:\/\/www.ecinews.fr\/fr\/alliance-electronics-rachete-tx-cube\/#article","isPartOf":{"@id":"https:\/\/www.ecinews.fr\/fr\/alliance-electronics-rachete-tx-cube\/"},"author":{"name":"Daniel Cardon","@id":"https:\/\/www.eenewseurope.com\/en\/#\/schema\/person\/93c44cde463762f40a8236eaa44c1c17"},"headline":"Alliance Electronics rach\u00e8te TX Cube","datePublished":"2024-10-09T18:00:11+00:00","dateModified":"2024-10-09T18:00:11+00:00","mainEntityOfPage":{"@id":"https:\/\/www.ecinews.fr\/fr\/alliance-electronics-rachete-tx-cube\/"},"wordCount":245,"publisher":{"@id":"https:\/\/www.eenewseurope.com\/en\/#organization"},"keywords":["Alliance Electronics","Production \u00e9lectronique","sous-traitance","TX Cube"],"articleSection":["Actualit\u00e9 g\u00e9n\u00e9rale"],"inLanguage":"fr-FR"},{"@type":"WebPage","@id":"https:\/\/www.ecinews.fr\/fr\/alliance-electronics-rachete-tx-cube\/","url":"https:\/\/www.ecinews.fr\/fr\/alliance-electronics-rachete-tx-cube\/","name":"Alliance Electronics rach\u00e8te TX Cube -","isPartOf":{"@id":"https:\/\/www.eenewseurope.com\/en\/#website"},"datePublished":"2024-10-09T18:00:11+00:00","dateModified":"2024-10-09T18:00:11+00:00","description":"Alliance Electronics, un leader de la sous-traitance \u00e9lectronique, continue de diversifier ses services avec l'acquisition de TX Cube","breadcrumb":{"@id":"https:\/\/www.ecinews.fr\/fr\/alliance-electronics-rachete-tx-cube\/#breadcrumb"},"inLanguage":"fr-FR","potentialAction":[{"@type":"ReadAction","target":["https:\/\/www.ecinews.fr\/fr\/alliance-electronics-rachete-tx-cube\/"]}]},{"@type":"BreadcrumbList","@id":"https:\/\/www.ecinews.fr\/fr\/alliance-electronics-rachete-tx-cube\/#breadcrumb","itemListElement":[{"@type":"ListItem","position":1,"name":"Home","item":"https:\/\/www.ecinews.fr\/fr\/"},{"@type":"ListItem","position":2,"name":"Alliance Electronics rach\u00e8te TX Cube"}]},{"@type":"WebSite","@id":"https:\/\/www.eenewseurope.com\/en\/#website","url":"https:\/\/www.eenewseurope.com\/en\/","name":"EENewsEurope","description":"Just another WordPress site","publisher":{"@id":"https:\/\/www.eenewseurope.com\/en\/#organization"},"potentialAction":[{"@type":"SearchAction","target":{"@type":"EntryPoint","urlTemplate":"https:\/\/www.eenewseurope.com\/en\/?s={search_term_string}"},"query-input":"required name=search_term_string"}],"inLanguage":"fr-FR"},{"@type":"Organization","@id":"https:\/\/www.eenewseurope.com\/en\/#organization","name":"EENewsEurope","url":"https:\/\/www.eenewseurope.com\/en\/","logo":{"@type":"ImageObject","inLanguage":"fr-FR","@id":"https:\/\/www.eenewseurope.com\/en\/#\/schema\/logo\/image\/","url":"https:\/\/www.ecinews.fr\/wp-content\/uploads\/2022\/02\/logo-1.jpg","contentUrl":"https:\/\/www.ecinews.fr\/wp-content\/uploads\/2022\/02\/logo-1.jpg","width":283,"height":113,"caption":"EENewsEurope"},"image":{"@id":"https:\/\/www.eenewseurope.com\/en\/#\/schema\/logo\/image\/"}},{"@type":"Person","@id":"https:\/\/www.eenewseurope.com\/en\/#\/schema\/person\/93c44cde463762f40a8236eaa44c1c17","name":"Daniel Cardon","image":{"@type":"ImageObject","inLanguage":"fr-FR","@id":"https:\/\/www.eenewseurope.com\/en\/#\/schema\/person\/image\/2b243f6bcc1cff7d86aadfb2cd0bd870","url":"https:\/\/secure.gravatar.com\/avatar\/de9edc136dfc061ad4778e04635baefa?s=96&d=mm&r=g","contentUrl":"https:\/\/secure.gravatar.com\/avatar\/de9edc136dfc061ad4778e04635baefa?s=96&d=mm&r=g","caption":"Daniel Cardon"}}]}},"authors":[{"term_id":1143,"user_id":11,"is_guest":0,"slug":"danielcardon","display_name":"Daniel Cardon","avatar_url":"https:\/\/secure.gravatar.com\/avatar\/de9edc136dfc061ad4778e04635baefa?s=96&d=mm&r=g","0":null,"1":"","2":"","3":"","4":"","5":"","6":"","7":"","8":""}],"_links":{"self":[{"href":"https:\/\/www.ecinews.fr\/fr\/wp-json\/wp\/v2\/posts\/462504"}],"collection":[{"href":"https:\/\/www.ecinews.fr\/fr\/wp-json\/wp\/v2\/posts"}],"about":[{"href":"https:\/\/www.ecinews.fr\/fr\/wp-json\/wp\/v2\/types\/post"}],"author":[{"embeddable":true,"href":"https:\/\/www.ecinews.fr\/fr\/wp-json\/wp\/v2\/users\/11"}],"replies":[{"embeddable":true,"href":"https:\/\/www.ecinews.fr\/fr\/wp-json\/wp\/v2\/comments?post=462504"}],"version-history":[{"count":0,"href":"https:\/\/www.ecinews.fr\/fr\/wp-json\/wp\/v2\/posts\/462504\/revisions"}],"wp:featuredmedia":[{"embeddable":true,"href":"https:\/\/www.ecinews.fr\/fr\/wp-json\/wp\/v2\/media\/462506"}],"wp:attachment":[{"href":"https:\/\/www.ecinews.fr\/fr\/wp-json\/wp\/v2\/media?parent=462504"}],"wp:term":[{"taxonomy":"category","embeddable":true,"href":"https:\/\/www.ecinews.fr\/fr\/wp-json\/wp\/v2\/categories?post=462504"},{"taxonomy":"post_tag","embeddable":true,"href":"https:\/\/www.ecinews.fr\/fr\/wp-json\/wp\/v2\/tags?post=462504"},{"taxonomy":"domains","embeddable":true,"href":"https:\/\/www.ecinews.fr\/fr\/wp-json\/wp\/v2\/domains?post=462504"},{"taxonomy":"author","embeddable":true,"href":"https:\/\/www.ecinews.fr\/fr\/wp-json\/wp\/v2\/ppma_author?post=462504"}],"curies":[{"name":"wp","href":"https:\/\/api.w.org\/{rel}","templated":true}]}}