{"id":462409,"date":"2024-10-09T09:58:18","date_gmt":"2024-10-09T07:58:18","guid":{"rendered":"https:\/\/www.ecinews.fr\/?p=462409"},"modified":"2024-10-09T09:58:18","modified_gmt":"2024-10-09T07:58:18","slug":"selon-yole-les-ecrans-microled-conservent-leur-elan","status":"publish","type":"post","link":"https:\/\/www.ecinews.fr\/fr\/selon-yole-les-ecrans-microled-conservent-leur-elan\/","title":{"rendered":"Selon Yole, les \u00e9crans MicroLED conservent leur \u00e9lan"},"content":{"rendered":"<h2>Le secteur des \u00e9crans microLED reste un environnement de R&amp;D dynamique malgr\u00e9 l&rsquo;annulation d&rsquo;un projet cl\u00e9 d&rsquo;Apple &#8211; apparemment pour une montre Apple &#8211; \u00e0 la fin de l&rsquo;ann\u00e9e 2022.<\/h2>\n<p>On s&rsquo;attendait \u00e0 ce qu&rsquo;alors que l&rsquo;OLED continuerait \u00e0 p\u00e9n\u00e9trer le march\u00e9 des smartphones, le microLED pourrait gagner un march\u00e9 commercial dans les \u00e9crans de plus petite taille et augmenter progressivement les tailles d&rsquo;\u00e9cran au fur et \u00e0 mesure qu&rsquo;il r\u00e9alisait des \u00e9conomies d&rsquo;\u00e9chelle.<\/p>\n<p>Avec le retrait d&rsquo;Apple, certaines entreprises se sont retir\u00e9es du march\u00e9 (voir Le <a href=\"https:\/\/www.eenewseurope.com\/en\/apple-blow-makes-ams-osram-re-assess-microled-strategy\/\">coup d&rsquo;Apple incite AMS-Osram \u00e0 r\u00e9\u00e9valuer sa strat\u00e9gie en mati\u00e8re de microLED<\/a>), tandis que d&rsquo;autres acc\u00e9l\u00e8rent leurs efforts, profitant de la diminution de la concurrence. Des alliances se forment selon des lignes g\u00e9ographiques, avec une trentaine de fabs ou de lignes pilotes toujours en cours, selon le cabinet d&rsquo;analyse Yole Group.<\/p>\n<p>N\u00e9anmoins, le secteur des microLED a besoin d&rsquo;avanc\u00e9es techniques dans la technologie des matrices et l&rsquo;\u00e9quipement de transfert s&rsquo;il veut offrir une augmentation significative des performances \u00e0 un co\u00fbt comparable \u00e0 celui de l&rsquo;OLED. Pour ce faire, il devra probablement remporter des victoires en mati\u00e8re de conception par rapport \u00e0 l&rsquo;OLED dans des formats d&rsquo;affichage plus grands tels que les smartphones. Il a \u00e9galement besoin que sa cha\u00eene d&rsquo;approvisionnement se consolide et devienne compl\u00e8te.<\/p>\n<p>\u00ab\u00a0L&rsquo;industrie doit maintenant relever le d\u00e9fi de passer de la validation du concept \u00e0 la production de masse. Elle doit prouver qu&rsquo;elle peut fournir des \u00e9crans performants et sans d\u00e9faut \u00e0 grande \u00e9chelle tout en r\u00e9alisant des \u00e9conomies d&rsquo;\u00e9chelle pour rester viable\u00a0\u00bb, a d\u00e9clar\u00e9 Eric Virey, analyste du march\u00e9 des \u00e9crans chez Yole, dans un communiqu\u00e9.<\/p>\n<p>Le moteur de croissance imm\u00e9diat de MicroLED est constitu\u00e9 par les micro-\u00e9crans LEDoS pour la r\u00e9alit\u00e9 augment\u00e9e, l&rsquo;IA ravivant l&rsquo;optimisme apr\u00e8s l'\u00a0\u00bbhiver AR\u00a0\u00bb de 2021 \u00e0 2023.<\/p>\n<p>AUO fournit des \u00e9chantillons d&rsquo;\u00e9crans microLED \u00e0 Tag Heuer et Garmin, tandis que Century Display met en place une ligne pilote d&rsquo;\u00e9crans microLED. Pour l&rsquo;instant, l&rsquo;OLED domine le design des smartwatches et, en l&rsquo;absence d&rsquo;Apple, aucune entreprise ne semble capable de faire progresser les microLED dans les smartphones.<\/p>\n<p>L&rsquo;OLED et le miniLED \u00e9clipsent le microLED dans les t\u00e9l\u00e9viseurs, bien qu&rsquo;il y ait un potentiel pour l&rsquo;utilisation du microLED dans les \u00e9crans ultra-larges de plus de 100 pouces, a d\u00e9clar\u00e9 Yole. De m\u00eame, il existe des ventes potentielles dans les applications automobiles, mais les co\u00fbts \u00e9lev\u00e9s et une cha\u00eene d&rsquo;approvisionnement immature retardent l&rsquo;adoption.<\/p>\n<p>La fermeture de l&rsquo;usine microLED d&rsquo;Osram et le retrait d&rsquo;Apple signifient que la microLED est confront\u00e9e au dilemme de l&rsquo;\u0153uf et de la poule : un volume \u00e9lev\u00e9 est n\u00e9cessaire pour faire baisser les co\u00fbts, mais des co\u00fbts plus bas sont n\u00e9cessaires pour stimuler la demande.<\/p>\n<h4>Liens et articles connexes :<\/h4>\n<p><u><a href=\"http:\/\/www.yolegroup.com\">www.yolegroup.com<\/a><\/u>.<\/p>\n<h4>Articles de presse :<\/h4>\n<p><a href=\"https:\/\/www.eenewseurope.com\/en\/microled-display-assembly-startup-vuereal-to-build-pilot-line\/\">VueReal, start-up sp\u00e9cialis\u00e9e dans l&rsquo;assemblage d&rsquo;\u00e9crans MicroLED, construit une ligne pilote<\/a><\/p>\n<p><a href=\"https:\/\/www.eenewseurope.com\/en\/compound-semiconductor-veterans-back-microled-startup-kubos\/\">Les v\u00e9t\u00e9rans des semi-conducteurs compos\u00e9s soutiennent la start-up Kubos, sp\u00e9cialis\u00e9e dans les microLED<\/a><\/p>\n<p><a href=\"https:\/\/www.eenewseurope.com\/en\/apple-blow-makes-ams-osram-re-assess-microled-strategy\/\">Le coup d&rsquo;\u00e9clat d&rsquo;Apple incite AMS-Osram \u00e0 r\u00e9\u00e9valuer sa strat\u00e9gie en mati\u00e8re de microLED<\/a><\/p>\n","protected":false},"excerpt":{"rendered":"<p>Le secteur des \u00e9crans microLED reste un environnement de R&amp;D dynamique malgr\u00e9 l&rsquo;annulation d&rsquo;un projet cl\u00e9 d&rsquo;Apple &#8211; apparemment pour une montre Apple &#8211; \u00e0 la fin de l&rsquo;ann\u00e9e 2022. On s&rsquo;attendait \u00e0 ce qu&rsquo;alors que l&rsquo;OLED continuerait \u00e0 p\u00e9n\u00e9trer le march\u00e9 des smartphones, le microLED pourrait gagner un march\u00e9 commercial dans les \u00e9crans de [&hellip;]<\/p>\n","protected":false},"author":40,"featured_media":181918,"comment_status":"closed","ping_status":"closed","sticky":false,"template":"","format":"standard","meta":{"_acf_changed":false,"footnotes":""},"categories":[888],"tags":[6271,4850],"domains":[47],"ppma_author":[3631,6199],"class_list":["post-462409","post","type-post","status-publish","format-standard","has-post-thumbnail","hentry","category-marche","tag-affichages","tag-microled-fr","domains-electronique-eci"],"acf":[],"yoast_head":"<title>Selon Yole, les \u00e9crans MicroLED conservent leur \u00e9lan ...<\/title>\n<meta name=\"description\" content=\"Le secteur des \u00e9crans microLED reste un environnement de R&amp;D dynamique malgr\u00e9 l&#039;annulation d&#039;un projet cl\u00e9 d&#039;Apple \u00e0 la fin de l&#039;ann\u00e9e 2022.\" \/>\n<meta name=\"robots\" content=\"index, follow, max-snippet:-1, max-image-preview:large, max-video-preview:-1\" \/>\n<link rel=\"canonical\" href=\"https:\/\/www.ecinews.fr\/fr\/wp-json\/wp\/v2\/posts\/462409\/\" \/>\n<meta property=\"og:locale\" content=\"fr_FR\" \/>\n<meta property=\"og:type\" content=\"article\" \/>\n<meta property=\"og:title\" content=\"Selon Yole, les \u00e9crans MicroLED conservent leur \u00e9lan\" \/>\n<meta property=\"og:description\" content=\"Le secteur des \u00e9crans microLED reste un environnement de R&amp;D dynamique malgr\u00e9 l&#039;annulation d&#039;un projet cl\u00e9 d&#039;Apple \u00e0 la fin de l&#039;ann\u00e9e 2022.\" \/>\n<meta property=\"og:url\" content=\"https:\/\/www.ecinews.fr\/fr\/wp-json\/wp\/v2\/posts\/462409\/\" \/>\n<meta property=\"og:site_name\" content=\"EENewsEurope\" \/>\n<meta property=\"article:published_time\" content=\"2024-10-09T07:58:18+00:00\" \/>\n<meta property=\"og:image\" content=\"https:\/\/www.ecinews.fr\/wp-content\/uploads\/import\/default\/files\/sites\/default\/files\/images\/2017-02-16-s20_microled_display_market_forecast.jpg\" \/>\n\t<meta property=\"og:image:width\" content=\"600\" \/>\n\t<meta property=\"og:image:height\" content=\"350\" \/>\n\t<meta property=\"og:image:type\" content=\"image\/jpeg\" \/>\n<meta name=\"author\" content=\"Peter Clarke, A Delapalisse\" \/>\n<meta name=\"twitter:card\" content=\"summary_large_image\" \/>\n<meta name=\"twitter:label1\" content=\"Written by\" \/>\n\t<meta name=\"twitter:data1\" content=\"A Delapalisse\" \/>\n\t<meta name=\"twitter:label2\" content=\"Est. reading time\" \/>\n\t<meta name=\"twitter:data2\" content=\"3 minutes\" \/>\n<script type=\"application\/ld+json\" class=\"yoast-schema-graph\">{\"@context\":\"https:\/\/schema.org\",\"@graph\":[{\"@type\":\"Article\",\"@id\":\"https:\/\/www.ecinews.fr\/fr\/selon-yole-les-ecrans-microled-conservent-leur-elan\/#article\",\"isPartOf\":{\"@id\":\"https:\/\/www.ecinews.fr\/fr\/selon-yole-les-ecrans-microled-conservent-leur-elan\/\"},\"author\":{\"name\":\"A Delapalisse\",\"@id\":\"https:\/\/www.ecinews.fr\/fr\/#\/schema\/person\/4b3db5ba5c953c5fddeb226df86d8635\"},\"headline\":\"Selon Yole, les \u00e9crans MicroLED conservent leur \u00e9lan\",\"datePublished\":\"2024-10-09T07:58:18+00:00\",\"dateModified\":\"2024-10-09T07:58:18+00:00\",\"mainEntityOfPage\":{\"@id\":\"https:\/\/www.ecinews.fr\/fr\/selon-yole-les-ecrans-microled-conservent-leur-elan\/\"},\"wordCount\":577,\"publisher\":{\"@id\":\"https:\/\/www.ecinews.fr\/fr\/#organization\"},\"keywords\":[\"affichages\",\"microLED\"],\"articleSection\":[\"March\u00e9\"],\"inLanguage\":\"fr-FR\"},{\"@type\":\"WebPage\",\"@id\":\"https:\/\/www.ecinews.fr\/fr\/selon-yole-les-ecrans-microled-conservent-leur-elan\/\",\"url\":\"https:\/\/www.ecinews.fr\/fr\/selon-yole-les-ecrans-microled-conservent-leur-elan\/\",\"name\":\"Selon Yole, les \u00e9crans MicroLED conservent leur \u00e9lan\",\"isPartOf\":{\"@id\":\"https:\/\/www.ecinews.fr\/fr\/#website\"},\"datePublished\":\"2024-10-09T07:58:18+00:00\",\"dateModified\":\"2024-10-09T07:58:18+00:00\",\"description\":\"Le secteur des \u00e9crans microLED reste un environnement de R&D dynamique malgr\u00e9 l'annulation d'un projet cl\u00e9 d'Apple \u00e0 la fin de l'ann\u00e9e 2022.\",\"breadcrumb\":{\"@id\":\"https:\/\/www.ecinews.fr\/fr\/selon-yole-les-ecrans-microled-conservent-leur-elan\/#breadcrumb\"},\"inLanguage\":\"fr-FR\",\"potentialAction\":[{\"@type\":\"ReadAction\",\"target\":[\"https:\/\/www.ecinews.fr\/fr\/selon-yole-les-ecrans-microled-conservent-leur-elan\/\"]}]},{\"@type\":\"BreadcrumbList\",\"@id\":\"https:\/\/www.ecinews.fr\/fr\/selon-yole-les-ecrans-microled-conservent-leur-elan\/#breadcrumb\",\"itemListElement\":[{\"@type\":\"ListItem\",\"position\":1,\"name\":\"Home\",\"item\":\"https:\/\/www.ecinews.fr\/fr\/\"},{\"@type\":\"ListItem\",\"position\":2,\"name\":\"Selon Yole, les \u00e9crans MicroLED conservent leur \u00e9lan\"}]},{\"@type\":\"WebSite\",\"@id\":\"https:\/\/www.ecinews.fr\/fr\/#website\",\"url\":\"https:\/\/www.ecinews.fr\/fr\/\",\"name\":\"EENewsEurope\",\"description\":\"Just another WordPress site\",\"publisher\":{\"@id\":\"https:\/\/www.ecinews.fr\/fr\/#organization\"},\"potentialAction\":[{\"@type\":\"SearchAction\",\"target\":{\"@type\":\"EntryPoint\",\"urlTemplate\":\"https:\/\/www.ecinews.fr\/fr\/?s={search_term_string}\"},\"query-input\":\"required name=search_term_string\"}],\"inLanguage\":\"fr-FR\"},{\"@type\":\"Organization\",\"@id\":\"https:\/\/www.ecinews.fr\/fr\/#organization\",\"name\":\"EENewsEurope\",\"url\":\"https:\/\/www.ecinews.fr\/fr\/\",\"logo\":{\"@type\":\"ImageObject\",\"inLanguage\":\"fr-FR\",\"@id\":\"https:\/\/www.ecinews.fr\/fr\/#\/schema\/logo\/image\/\",\"url\":\"https:\/\/www.ecinews.fr\/wp-content\/uploads\/2022\/02\/logo-1.jpg\",\"contentUrl\":\"https:\/\/www.ecinews.fr\/wp-content\/uploads\/2022\/02\/logo-1.jpg\",\"width\":283,\"height\":113,\"caption\":\"EENewsEurope\"},\"image\":{\"@id\":\"https:\/\/www.ecinews.fr\/fr\/#\/schema\/logo\/image\/\"}},{\"@type\":\"Person\",\"@id\":\"https:\/\/www.ecinews.fr\/fr\/#\/schema\/person\/4b3db5ba5c953c5fddeb226df86d8635\",\"name\":\"A Delapalisse\",\"image\":{\"@type\":\"ImageObject\",\"inLanguage\":\"fr-FR\",\"@id\":\"https:\/\/www.ecinews.fr\/fr\/#\/schema\/person\/image\/09af0e1236b95ff53924b8dfe5af278e\",\"url\":\"https:\/\/secure.gravatar.com\/avatar\/010f811c0933b47aea7e9204117b17c6?s=96&d=mm&r=g\",\"contentUrl\":\"https:\/\/secure.gravatar.com\/avatar\/010f811c0933b47aea7e9204117b17c6?s=96&d=mm&r=g\",\"caption\":\"A Delapalisse\"}}]}<\/script>","yoast_head_json":{"title":"Selon Yole, les \u00e9crans MicroLED conservent leur \u00e9lan ...","description":"Le secteur des \u00e9crans microLED reste un environnement de R&D dynamique malgr\u00e9 l'annulation d'un projet cl\u00e9 d'Apple \u00e0 la fin de l'ann\u00e9e 2022.","robots":{"index":"index","follow":"follow","max-snippet":"max-snippet:-1","max-image-preview":"max-image-preview:large","max-video-preview":"max-video-preview:-1"},"canonical":"https:\/\/www.ecinews.fr\/fr\/wp-json\/wp\/v2\/posts\/462409\/","og_locale":"fr_FR","og_type":"article","og_title":"Selon Yole, les \u00e9crans MicroLED conservent leur \u00e9lan","og_description":"Le secteur des \u00e9crans microLED reste un environnement de R&D dynamique malgr\u00e9 l'annulation d'un projet cl\u00e9 d'Apple \u00e0 la fin de l'ann\u00e9e 2022.","og_url":"https:\/\/www.ecinews.fr\/fr\/wp-json\/wp\/v2\/posts\/462409\/","og_site_name":"EENewsEurope","article_published_time":"2024-10-09T07:58:18+00:00","og_image":[{"width":600,"height":350,"url":"https:\/\/www.ecinews.fr\/wp-content\/uploads\/import\/default\/files\/sites\/default\/files\/images\/2017-02-16-s20_microled_display_market_forecast.jpg","type":"image\/jpeg"}],"author":"Peter Clarke, A Delapalisse","twitter_card":"summary_large_image","twitter_misc":{"Written by":"A Delapalisse","Est. reading time":"3 minutes"},"schema":{"@context":"https:\/\/schema.org","@graph":[{"@type":"Article","@id":"https:\/\/www.ecinews.fr\/fr\/selon-yole-les-ecrans-microled-conservent-leur-elan\/#article","isPartOf":{"@id":"https:\/\/www.ecinews.fr\/fr\/selon-yole-les-ecrans-microled-conservent-leur-elan\/"},"author":{"name":"A Delapalisse","@id":"https:\/\/www.ecinews.fr\/fr\/#\/schema\/person\/4b3db5ba5c953c5fddeb226df86d8635"},"headline":"Selon Yole, les \u00e9crans MicroLED conservent leur \u00e9lan","datePublished":"2024-10-09T07:58:18+00:00","dateModified":"2024-10-09T07:58:18+00:00","mainEntityOfPage":{"@id":"https:\/\/www.ecinews.fr\/fr\/selon-yole-les-ecrans-microled-conservent-leur-elan\/"},"wordCount":577,"publisher":{"@id":"https:\/\/www.ecinews.fr\/fr\/#organization"},"keywords":["affichages","microLED"],"articleSection":["March\u00e9"],"inLanguage":"fr-FR"},{"@type":"WebPage","@id":"https:\/\/www.ecinews.fr\/fr\/selon-yole-les-ecrans-microled-conservent-leur-elan\/","url":"https:\/\/www.ecinews.fr\/fr\/selon-yole-les-ecrans-microled-conservent-leur-elan\/","name":"Selon Yole, les \u00e9crans MicroLED conservent leur \u00e9lan","isPartOf":{"@id":"https:\/\/www.ecinews.fr\/fr\/#website"},"datePublished":"2024-10-09T07:58:18+00:00","dateModified":"2024-10-09T07:58:18+00:00","description":"Le secteur des \u00e9crans microLED reste un environnement de R&D dynamique malgr\u00e9 l'annulation d'un projet cl\u00e9 d'Apple \u00e0 la fin de l'ann\u00e9e 2022.","breadcrumb":{"@id":"https:\/\/www.ecinews.fr\/fr\/selon-yole-les-ecrans-microled-conservent-leur-elan\/#breadcrumb"},"inLanguage":"fr-FR","potentialAction":[{"@type":"ReadAction","target":["https:\/\/www.ecinews.fr\/fr\/selon-yole-les-ecrans-microled-conservent-leur-elan\/"]}]},{"@type":"BreadcrumbList","@id":"https:\/\/www.ecinews.fr\/fr\/selon-yole-les-ecrans-microled-conservent-leur-elan\/#breadcrumb","itemListElement":[{"@type":"ListItem","position":1,"name":"Home","item":"https:\/\/www.ecinews.fr\/fr\/"},{"@type":"ListItem","position":2,"name":"Selon Yole, les \u00e9crans MicroLED conservent leur \u00e9lan"}]},{"@type":"WebSite","@id":"https:\/\/www.ecinews.fr\/fr\/#website","url":"https:\/\/www.ecinews.fr\/fr\/","name":"EENewsEurope","description":"Just another WordPress site","publisher":{"@id":"https:\/\/www.ecinews.fr\/fr\/#organization"},"potentialAction":[{"@type":"SearchAction","target":{"@type":"EntryPoint","urlTemplate":"https:\/\/www.ecinews.fr\/fr\/?s={search_term_string}"},"query-input":"required name=search_term_string"}],"inLanguage":"fr-FR"},{"@type":"Organization","@id":"https:\/\/www.ecinews.fr\/fr\/#organization","name":"EENewsEurope","url":"https:\/\/www.ecinews.fr\/fr\/","logo":{"@type":"ImageObject","inLanguage":"fr-FR","@id":"https:\/\/www.ecinews.fr\/fr\/#\/schema\/logo\/image\/","url":"https:\/\/www.ecinews.fr\/wp-content\/uploads\/2022\/02\/logo-1.jpg","contentUrl":"https:\/\/www.ecinews.fr\/wp-content\/uploads\/2022\/02\/logo-1.jpg","width":283,"height":113,"caption":"EENewsEurope"},"image":{"@id":"https:\/\/www.ecinews.fr\/fr\/#\/schema\/logo\/image\/"}},{"@type":"Person","@id":"https:\/\/www.ecinews.fr\/fr\/#\/schema\/person\/4b3db5ba5c953c5fddeb226df86d8635","name":"A Delapalisse","image":{"@type":"ImageObject","inLanguage":"fr-FR","@id":"https:\/\/www.ecinews.fr\/fr\/#\/schema\/person\/image\/09af0e1236b95ff53924b8dfe5af278e","url":"https:\/\/secure.gravatar.com\/avatar\/010f811c0933b47aea7e9204117b17c6?s=96&d=mm&r=g","contentUrl":"https:\/\/secure.gravatar.com\/avatar\/010f811c0933b47aea7e9204117b17c6?s=96&d=mm&r=g","caption":"A Delapalisse"}}]}},"authors":[{"term_id":3631,"user_id":0,"is_guest":1,"slug":"peter-clarke","display_name":"Peter Clarke","avatar_url":"https:\/\/secure.gravatar.com\/avatar\/?s=96&d=mm&r=g","0":null,"1":"","2":"","3":"","4":"","5":"","6":"","7":"","8":""},{"term_id":6199,"user_id":40,"is_guest":0,"slug":"andre-rousselotemisys-com","display_name":"A Delapalisse","avatar_url":"https:\/\/secure.gravatar.com\/avatar\/010f811c0933b47aea7e9204117b17c6?s=96&d=mm&r=g","0":null,"1":"","2":"","3":"","4":"","5":"","6":"","7":"","8":""}],"_links":{"self":[{"href":"https:\/\/www.ecinews.fr\/fr\/wp-json\/wp\/v2\/posts\/462409"}],"collection":[{"href":"https:\/\/www.ecinews.fr\/fr\/wp-json\/wp\/v2\/posts"}],"about":[{"href":"https:\/\/www.ecinews.fr\/fr\/wp-json\/wp\/v2\/types\/post"}],"author":[{"embeddable":true,"href":"https:\/\/www.ecinews.fr\/fr\/wp-json\/wp\/v2\/users\/40"}],"replies":[{"embeddable":true,"href":"https:\/\/www.ecinews.fr\/fr\/wp-json\/wp\/v2\/comments?post=462409"}],"version-history":[{"count":0,"href":"https:\/\/www.ecinews.fr\/fr\/wp-json\/wp\/v2\/posts\/462409\/revisions"}],"wp:featuredmedia":[{"embeddable":true,"href":"https:\/\/www.ecinews.fr\/fr\/wp-json\/wp\/v2\/media\/181918"}],"wp:attachment":[{"href":"https:\/\/www.ecinews.fr\/fr\/wp-json\/wp\/v2\/media?parent=462409"}],"wp:term":[{"taxonomy":"category","embeddable":true,"href":"https:\/\/www.ecinews.fr\/fr\/wp-json\/wp\/v2\/categories?post=462409"},{"taxonomy":"post_tag","embeddable":true,"href":"https:\/\/www.ecinews.fr\/fr\/wp-json\/wp\/v2\/tags?post=462409"},{"taxonomy":"domains","embeddable":true,"href":"https:\/\/www.ecinews.fr\/fr\/wp-json\/wp\/v2\/domains?post=462409"},{"taxonomy":"author","embeddable":true,"href":"https:\/\/www.ecinews.fr\/fr\/wp-json\/wp\/v2\/ppma_author?post=462409"}],"curies":[{"name":"wp","href":"https:\/\/api.w.org\/{rel}","templated":true}]}}