{"id":462016,"date":"2024-10-03T16:11:42","date_gmt":"2024-10-03T14:11:42","guid":{"rendered":"https:\/\/www.eenewseurope.com\/?p=462016"},"modified":"2024-10-07T15:34:33","modified_gmt":"2024-10-07T13:34:33","slug":"semicon-europa-2024-le-rendez-vous-de-la-microelectronique-a-munich","status":"publish","type":"post","link":"https:\/\/www.ecinews.fr\/fr\/semicon-europa-2024-le-rendez-vous-de-la-microelectronique-a-munich\/","title":{"rendered":"Semicon Europa 2024. Le rendez-vous de la micro\u00e9lectronique \u00e0 Munich"},"content":{"rendered":"<h3><span style=\"font-size: 16px;\">Organis\u00e9 parall\u00e8lement au salon Electronica qui se tiendra \u00e0 Munich du 12 au 15 novembre 2024<a href=\"https:\/\/electronica.de\/en\/\">, <\/a>SEMICON Europa, est sans conteste le plus grand \u00e9v\u00e9nement et la plus grande conf\u00e9rence d&rsquo;Europe pour la cha\u00eene d&rsquo;approvisionnement en micro\u00e9lectronique.<\/span><\/h3>\n<p>la nouvelle \u00e9dition SEMICON Europa 2024 r\u00e9unira les principaux experts de l&rsquo;industrie. Ce sera l&rsquo;occasion de se plonger dans les derni\u00e8res innovations et tendances en mati\u00e8re de durabilit\u00e9, de mobilit\u00e9, de sant\u00e9, de mat\u00e9riaux, de conditionnement, de gestion des unit\u00e9 de fabrication de semiconducteurs (fab) et de personnel. La plus grande conf\u00e9rence d&rsquo;Europe consacr\u00e9e \u00e0 la micro\u00e9lectronique abordera les probl\u00e9matiques de\u00a0 la cha\u00eene d&rsquo;approvisionnement, proposera des pr\u00e9sentations d&rsquo;experts de l&rsquo;\u00e9cosyst\u00e8me de la conception et de la fabrication de produits \u00e9lectroniques, ainsi que des conf\u00e9rences d&rsquo;universitaires et de repr\u00e9sentants d&rsquo;institutions du domaine.<\/p>\n<p><strong>Le CxO Summit<\/strong><\/p>\n<p>L&rsquo;un des moments les plus importants de SEMICON Europa sera le CxO Summit, qui r\u00e9unira des experts de premier plan pour discuter des strat\u00e9gies et des moyens permettant \u00e0 l&rsquo;\u00e9cosyst\u00e8me europ\u00e9en de la micro\u00e9lectronique de collaborer et de maintenir un leadership strat\u00e9gique. Le sommet servira de cadre \u00e0 la promotion de partenariats approfondis sur les d\u00e9fis urgents et \u00e9mergents. Des dirigeants de AMS Osram, Bosch, Comet Group, Inficon, Porsche, Schneider Electric, Siemens, STMicroelectronics et d&rsquo;autres encore partageront leurs points de vue sur des questions cruciales qui constituent la base d&rsquo;une croissance exponentielle et durable de l&rsquo;industrie europ\u00e9enne des semiconducteurs.<\/p>\n<p>SEMICON Europa verra \u00e9galement le d\u00e9but du III-V Compound Summit, qui illustrera l&rsquo;importance critique et l&rsquo;impact \u00e9mergent des semiconducteurs compos\u00e9s de type III-V dans la conduite de l&rsquo;avenir de l&rsquo;\u00e9lectronique. Pour Ajit Manocha, Pr\u00e9sident et PDG de SEMI : \u00abLes avanc\u00e9es dans ce domaine sont cruciales pour la prochaine g\u00e9n\u00e9ration d&rsquo;appareils \u00e0 haute performance et \u00e0 haut rendement \u00e9nerg\u00e9tique, car elles aident l&rsquo;industrie \u00e0 surmonter les complexit\u00e9s de fabrication, \u00e0 accro\u00eetre l&rsquo;efficacit\u00e9 et \u00e0 r\u00e9duire les co\u00fbts\u00bb.<\/p>\n<p><a href=\"https:\/\/www.semiconeuropa.org\/\">Semicon Europa<\/a>\u00a0 &#8211;\u00a0 <a href=\"https:\/\/www.semiconeuropa.org\/program\/CxO-Summit\">CxO Summit<\/a> &#8211; <a href=\"https:\/\/www.semiconeuropa.org\/III-V-Summit%E2%80%93Integrated-Photonics\">III-V Compound Summit<\/a><\/p>\n<p>&nbsp;<\/p>\n<p>&nbsp;<\/p>\n","protected":false},"excerpt":{"rendered":"<p>Organis\u00e9 parall\u00e8lement au salon Electronica qui se tiendra \u00e0 Munich du 12 au 15 novembre 2024, SEMICON Europa, est sans conteste le plus grand \u00e9v\u00e9nement et la plus grande conf\u00e9rence d&rsquo;Europe pour la cha\u00eene d&rsquo;approvisionnement en micro\u00e9lectronique. la nouvelle \u00e9dition SEMICON Europa 2024 r\u00e9unira les principaux experts de l&rsquo;industrie. Ce sera l&rsquo;occasion de se plonger [&hellip;]<\/p>\n","protected":false},"author":11,"featured_media":462022,"comment_status":"closed","ping_status":"closed","sticky":true,"template":"","format":"standard","meta":{"_acf_changed":false,"footnotes":""},"categories":[886],"tags":[],"domains":[47],"ppma_author":[1143],"class_list":["post-462016","post","type-post","status-publish","format-standard","has-post-thumbnail","hentry","category-news-fr","domains-electronique-eci"],"acf":[],"yoast_head":"<title>Semicon Europa 2024. Le rendez-vous de la micro\u00e9lectronique \u00e0...<\/title>\n<meta name=\"description\" content=\"Organis\u00e9 parall\u00e8lement au salon Electronica qui se tiendra \u00e0 Munich du 12 au 15 novembre 2024, SEMICON Europa, est sans conteste le plus grand \u00e9v\u00e9nement...\" \/>\n<meta name=\"robots\" content=\"index, follow, max-snippet:-1, max-image-preview:large, max-video-preview:-1\" \/>\n<link rel=\"canonical\" href=\"https:\/\/www.ecinews.fr\/fr\/wp-json\/wp\/v2\/posts\/462016\/\" \/>\n<meta property=\"og:locale\" content=\"fr_FR\" \/>\n<meta property=\"og:type\" content=\"article\" \/>\n<meta property=\"og:title\" content=\"Semicon Europa 2024. Le rendez-vous de la micro\u00e9lectronique \u00e0 Munich\" \/>\n<meta property=\"og:description\" content=\"Organis\u00e9 parall\u00e8lement au salon Electronica qui se tiendra \u00e0 Munich du 12 au 15 novembre 2024, SEMICON Europa, est sans conteste le plus grand \u00e9v\u00e9nement et la plus grande conf\u00e9rence d&rsquo;Europe pour la cha\u00eene d&rsquo;approvisionnement en micro\u00e9lectronique. la nouvelle \u00e9dition SEMICON Europa 2024 r\u00e9unira les principaux experts de l&rsquo;industrie. Ce sera l&rsquo;occasion de se plonger [&hellip;]\" \/>\n<meta property=\"og:url\" content=\"https:\/\/www.ecinews.fr\/fr\/wp-json\/wp\/v2\/posts\/462016\/\" \/>\n<meta property=\"og:site_name\" content=\"EENewsEurope\" \/>\n<meta property=\"article:published_time\" content=\"2024-10-03T14:11:42+00:00\" \/>\n<meta property=\"article:modified_time\" content=\"2024-10-07T13:34:33+00:00\" \/>\n<meta property=\"og:image\" content=\"https:\/\/www.ecinews.fr\/wp-content\/uploads\/2024\/10\/seicon24.jpg\" \/>\n\t<meta property=\"og:image:width\" content=\"320\" \/>\n\t<meta property=\"og:image:height\" content=\"203\" \/>\n\t<meta property=\"og:image:type\" content=\"image\/jpeg\" \/>\n<meta name=\"author\" content=\"Daniel Cardon\" \/>\n<meta name=\"twitter:card\" content=\"summary_large_image\" \/>\n<meta name=\"twitter:label1\" content=\"Written by\" \/>\n\t<meta name=\"twitter:data1\" content=\"Daniel Cardon\" \/>\n\t<meta name=\"twitter:label2\" content=\"Est. reading time\" \/>\n\t<meta name=\"twitter:data2\" content=\"2 minutes\" \/>\n<script type=\"application\/ld+json\" class=\"yoast-schema-graph\">{\"@context\":\"https:\/\/schema.org\",\"@graph\":[{\"@type\":\"Article\",\"@id\":\"https:\/\/www.ecinews.fr\/fr\/semicon-europa-2024-le-rendez-vous-de-la-microelectronique-a-munich\/#article\",\"isPartOf\":{\"@id\":\"https:\/\/www.ecinews.fr\/fr\/semicon-europa-2024-le-rendez-vous-de-la-microelectronique-a-munich\/\"},\"author\":{\"name\":\"Daniel Cardon\",\"@id\":\"https:\/\/www.eenewseurope.com\/en\/#\/schema\/person\/93c44cde463762f40a8236eaa44c1c17\"},\"headline\":\"Semicon Europa 2024. Le rendez-vous de la micro\u00e9lectronique \u00e0 Munich\",\"datePublished\":\"2024-10-03T14:11:42+00:00\",\"dateModified\":\"2024-10-07T13:34:33+00:00\",\"mainEntityOfPage\":{\"@id\":\"https:\/\/www.ecinews.fr\/fr\/semicon-europa-2024-le-rendez-vous-de-la-microelectronique-a-munich\/\"},\"wordCount\":372,\"publisher\":{\"@id\":\"https:\/\/www.eenewseurope.com\/en\/#organization\"},\"articleSection\":[\"Actualit\u00e9 g\u00e9n\u00e9rale\"],\"inLanguage\":\"fr-FR\"},{\"@type\":\"WebPage\",\"@id\":\"https:\/\/www.ecinews.fr\/fr\/semicon-europa-2024-le-rendez-vous-de-la-microelectronique-a-munich\/\",\"url\":\"https:\/\/www.ecinews.fr\/fr\/semicon-europa-2024-le-rendez-vous-de-la-microelectronique-a-munich\/\",\"name\":\"Semicon Europa 2024. Le rendez-vous de la micro\u00e9lectronique \u00e0 Munich -\",\"isPartOf\":{\"@id\":\"https:\/\/www.eenewseurope.com\/en\/#website\"},\"datePublished\":\"2024-10-03T14:11:42+00:00\",\"dateModified\":\"2024-10-07T13:34:33+00:00\",\"breadcrumb\":{\"@id\":\"https:\/\/www.ecinews.fr\/fr\/semicon-europa-2024-le-rendez-vous-de-la-microelectronique-a-munich\/#breadcrumb\"},\"inLanguage\":\"fr-FR\",\"potentialAction\":[{\"@type\":\"ReadAction\",\"target\":[\"https:\/\/www.ecinews.fr\/fr\/semicon-europa-2024-le-rendez-vous-de-la-microelectronique-a-munich\/\"]}]},{\"@type\":\"BreadcrumbList\",\"@id\":\"https:\/\/www.ecinews.fr\/fr\/semicon-europa-2024-le-rendez-vous-de-la-microelectronique-a-munich\/#breadcrumb\",\"itemListElement\":[{\"@type\":\"ListItem\",\"position\":1,\"name\":\"Home\",\"item\":\"https:\/\/www.ecinews.fr\/fr\/\"},{\"@type\":\"ListItem\",\"position\":2,\"name\":\"Semicon Europa 2024. Le rendez-vous de la micro\u00e9lectronique \u00e0 Munich\"}]},{\"@type\":\"WebSite\",\"@id\":\"https:\/\/www.eenewseurope.com\/en\/#website\",\"url\":\"https:\/\/www.eenewseurope.com\/en\/\",\"name\":\"EENewsEurope\",\"description\":\"Just another WordPress site\",\"publisher\":{\"@id\":\"https:\/\/www.eenewseurope.com\/en\/#organization\"},\"potentialAction\":[{\"@type\":\"SearchAction\",\"target\":{\"@type\":\"EntryPoint\",\"urlTemplate\":\"https:\/\/www.eenewseurope.com\/en\/?s={search_term_string}\"},\"query-input\":\"required name=search_term_string\"}],\"inLanguage\":\"fr-FR\"},{\"@type\":\"Organization\",\"@id\":\"https:\/\/www.eenewseurope.com\/en\/#organization\",\"name\":\"EENewsEurope\",\"url\":\"https:\/\/www.eenewseurope.com\/en\/\",\"logo\":{\"@type\":\"ImageObject\",\"inLanguage\":\"fr-FR\",\"@id\":\"https:\/\/www.eenewseurope.com\/en\/#\/schema\/logo\/image\/\",\"url\":\"https:\/\/www.ecinews.fr\/wp-content\/uploads\/2022\/02\/logo-1.jpg\",\"contentUrl\":\"https:\/\/www.ecinews.fr\/wp-content\/uploads\/2022\/02\/logo-1.jpg\",\"width\":283,\"height\":113,\"caption\":\"EENewsEurope\"},\"image\":{\"@id\":\"https:\/\/www.eenewseurope.com\/en\/#\/schema\/logo\/image\/\"}},{\"@type\":\"Person\",\"@id\":\"https:\/\/www.eenewseurope.com\/en\/#\/schema\/person\/93c44cde463762f40a8236eaa44c1c17\",\"name\":\"Daniel Cardon\",\"image\":{\"@type\":\"ImageObject\",\"inLanguage\":\"fr-FR\",\"@id\":\"https:\/\/www.eenewseurope.com\/en\/#\/schema\/person\/image\/2b243f6bcc1cff7d86aadfb2cd0bd870\",\"url\":\"https:\/\/secure.gravatar.com\/avatar\/de9edc136dfc061ad4778e04635baefa?s=96&d=mm&r=g\",\"contentUrl\":\"https:\/\/secure.gravatar.com\/avatar\/de9edc136dfc061ad4778e04635baefa?s=96&d=mm&r=g\",\"caption\":\"Daniel Cardon\"}}]}<\/script>","yoast_head_json":{"title":"Semicon Europa 2024. Le rendez-vous de la micro\u00e9lectronique \u00e0...","description":"Organis\u00e9 parall\u00e8lement au salon Electronica qui se tiendra \u00e0 Munich du 12 au 15 novembre 2024, SEMICON Europa, est sans conteste le plus grand \u00e9v\u00e9nement...","robots":{"index":"index","follow":"follow","max-snippet":"max-snippet:-1","max-image-preview":"max-image-preview:large","max-video-preview":"max-video-preview:-1"},"canonical":"https:\/\/www.ecinews.fr\/fr\/wp-json\/wp\/v2\/posts\/462016\/","og_locale":"fr_FR","og_type":"article","og_title":"Semicon Europa 2024. Le rendez-vous de la micro\u00e9lectronique \u00e0 Munich","og_description":"Organis\u00e9 parall\u00e8lement au salon Electronica qui se tiendra \u00e0 Munich du 12 au 15 novembre 2024, SEMICON Europa, est sans conteste le plus grand \u00e9v\u00e9nement et la plus grande conf\u00e9rence d&rsquo;Europe pour la cha\u00eene d&rsquo;approvisionnement en micro\u00e9lectronique. la nouvelle \u00e9dition SEMICON Europa 2024 r\u00e9unira les principaux experts de l&rsquo;industrie. Ce sera l&rsquo;occasion de se plonger [&hellip;]","og_url":"https:\/\/www.ecinews.fr\/fr\/wp-json\/wp\/v2\/posts\/462016\/","og_site_name":"EENewsEurope","article_published_time":"2024-10-03T14:11:42+00:00","article_modified_time":"2024-10-07T13:34:33+00:00","og_image":[{"width":320,"height":203,"url":"https:\/\/www.ecinews.fr\/wp-content\/uploads\/2024\/10\/seicon24.jpg","type":"image\/jpeg"}],"author":"Daniel Cardon","twitter_card":"summary_large_image","twitter_misc":{"Written by":"Daniel Cardon","Est. reading time":"2 minutes"},"schema":{"@context":"https:\/\/schema.org","@graph":[{"@type":"Article","@id":"https:\/\/www.ecinews.fr\/fr\/semicon-europa-2024-le-rendez-vous-de-la-microelectronique-a-munich\/#article","isPartOf":{"@id":"https:\/\/www.ecinews.fr\/fr\/semicon-europa-2024-le-rendez-vous-de-la-microelectronique-a-munich\/"},"author":{"name":"Daniel Cardon","@id":"https:\/\/www.eenewseurope.com\/en\/#\/schema\/person\/93c44cde463762f40a8236eaa44c1c17"},"headline":"Semicon Europa 2024. Le rendez-vous de la micro\u00e9lectronique \u00e0 Munich","datePublished":"2024-10-03T14:11:42+00:00","dateModified":"2024-10-07T13:34:33+00:00","mainEntityOfPage":{"@id":"https:\/\/www.ecinews.fr\/fr\/semicon-europa-2024-le-rendez-vous-de-la-microelectronique-a-munich\/"},"wordCount":372,"publisher":{"@id":"https:\/\/www.eenewseurope.com\/en\/#organization"},"articleSection":["Actualit\u00e9 g\u00e9n\u00e9rale"],"inLanguage":"fr-FR"},{"@type":"WebPage","@id":"https:\/\/www.ecinews.fr\/fr\/semicon-europa-2024-le-rendez-vous-de-la-microelectronique-a-munich\/","url":"https:\/\/www.ecinews.fr\/fr\/semicon-europa-2024-le-rendez-vous-de-la-microelectronique-a-munich\/","name":"Semicon Europa 2024. Le rendez-vous de la micro\u00e9lectronique \u00e0 Munich -","isPartOf":{"@id":"https:\/\/www.eenewseurope.com\/en\/#website"},"datePublished":"2024-10-03T14:11:42+00:00","dateModified":"2024-10-07T13:34:33+00:00","breadcrumb":{"@id":"https:\/\/www.ecinews.fr\/fr\/semicon-europa-2024-le-rendez-vous-de-la-microelectronique-a-munich\/#breadcrumb"},"inLanguage":"fr-FR","potentialAction":[{"@type":"ReadAction","target":["https:\/\/www.ecinews.fr\/fr\/semicon-europa-2024-le-rendez-vous-de-la-microelectronique-a-munich\/"]}]},{"@type":"BreadcrumbList","@id":"https:\/\/www.ecinews.fr\/fr\/semicon-europa-2024-le-rendez-vous-de-la-microelectronique-a-munich\/#breadcrumb","itemListElement":[{"@type":"ListItem","position":1,"name":"Home","item":"https:\/\/www.ecinews.fr\/fr\/"},{"@type":"ListItem","position":2,"name":"Semicon Europa 2024. Le rendez-vous de la micro\u00e9lectronique \u00e0 Munich"}]},{"@type":"WebSite","@id":"https:\/\/www.eenewseurope.com\/en\/#website","url":"https:\/\/www.eenewseurope.com\/en\/","name":"EENewsEurope","description":"Just another WordPress site","publisher":{"@id":"https:\/\/www.eenewseurope.com\/en\/#organization"},"potentialAction":[{"@type":"SearchAction","target":{"@type":"EntryPoint","urlTemplate":"https:\/\/www.eenewseurope.com\/en\/?s={search_term_string}"},"query-input":"required name=search_term_string"}],"inLanguage":"fr-FR"},{"@type":"Organization","@id":"https:\/\/www.eenewseurope.com\/en\/#organization","name":"EENewsEurope","url":"https:\/\/www.eenewseurope.com\/en\/","logo":{"@type":"ImageObject","inLanguage":"fr-FR","@id":"https:\/\/www.eenewseurope.com\/en\/#\/schema\/logo\/image\/","url":"https:\/\/www.ecinews.fr\/wp-content\/uploads\/2022\/02\/logo-1.jpg","contentUrl":"https:\/\/www.ecinews.fr\/wp-content\/uploads\/2022\/02\/logo-1.jpg","width":283,"height":113,"caption":"EENewsEurope"},"image":{"@id":"https:\/\/www.eenewseurope.com\/en\/#\/schema\/logo\/image\/"}},{"@type":"Person","@id":"https:\/\/www.eenewseurope.com\/en\/#\/schema\/person\/93c44cde463762f40a8236eaa44c1c17","name":"Daniel Cardon","image":{"@type":"ImageObject","inLanguage":"fr-FR","@id":"https:\/\/www.eenewseurope.com\/en\/#\/schema\/person\/image\/2b243f6bcc1cff7d86aadfb2cd0bd870","url":"https:\/\/secure.gravatar.com\/avatar\/de9edc136dfc061ad4778e04635baefa?s=96&d=mm&r=g","contentUrl":"https:\/\/secure.gravatar.com\/avatar\/de9edc136dfc061ad4778e04635baefa?s=96&d=mm&r=g","caption":"Daniel Cardon"}}]}},"authors":[{"term_id":1143,"user_id":11,"is_guest":0,"slug":"danielcardon","display_name":"Daniel Cardon","avatar_url":"https:\/\/secure.gravatar.com\/avatar\/de9edc136dfc061ad4778e04635baefa?s=96&d=mm&r=g","0":null,"1":"","2":"","3":"","4":"","5":"","6":"","7":"","8":""}],"_links":{"self":[{"href":"https:\/\/www.ecinews.fr\/fr\/wp-json\/wp\/v2\/posts\/462016"}],"collection":[{"href":"https:\/\/www.ecinews.fr\/fr\/wp-json\/wp\/v2\/posts"}],"about":[{"href":"https:\/\/www.ecinews.fr\/fr\/wp-json\/wp\/v2\/types\/post"}],"author":[{"embeddable":true,"href":"https:\/\/www.ecinews.fr\/fr\/wp-json\/wp\/v2\/users\/11"}],"replies":[{"embeddable":true,"href":"https:\/\/www.ecinews.fr\/fr\/wp-json\/wp\/v2\/comments?post=462016"}],"version-history":[{"count":0,"href":"https:\/\/www.ecinews.fr\/fr\/wp-json\/wp\/v2\/posts\/462016\/revisions"}],"wp:featuredmedia":[{"embeddable":true,"href":"https:\/\/www.ecinews.fr\/fr\/wp-json\/wp\/v2\/media\/462022"}],"wp:attachment":[{"href":"https:\/\/www.ecinews.fr\/fr\/wp-json\/wp\/v2\/media?parent=462016"}],"wp:term":[{"taxonomy":"category","embeddable":true,"href":"https:\/\/www.ecinews.fr\/fr\/wp-json\/wp\/v2\/categories?post=462016"},{"taxonomy":"post_tag","embeddable":true,"href":"https:\/\/www.ecinews.fr\/fr\/wp-json\/wp\/v2\/tags?post=462016"},{"taxonomy":"domains","embeddable":true,"href":"https:\/\/www.ecinews.fr\/fr\/wp-json\/wp\/v2\/domains?post=462016"},{"taxonomy":"author","embeddable":true,"href":"https:\/\/www.ecinews.fr\/fr\/wp-json\/wp\/v2\/ppma_author?post=462016"}],"curies":[{"name":"wp","href":"https:\/\/api.w.org\/{rel}","templated":true}]}}