{"id":461898,"date":"2024-10-02T17:22:02","date_gmt":"2024-10-02T15:22:02","guid":{"rendered":"https:\/\/www.ecinews.fr\/?p=461898"},"modified":"2024-10-02T17:22:02","modified_gmt":"2024-10-02T15:22:02","slug":"la-france-et-les-usa-cooperent-sur-les-ip-et-les-brevets","status":"publish","type":"post","link":"https:\/\/www.ecinews.fr\/fr\/la-france-et-les-usa-cooperent-sur-les-ip-et-les-brevets\/","title":{"rendered":"La France et les USA coop\u00e8rent sur les IP et les brevets"},"content":{"rendered":"<h3>L&rsquo;Office fran\u00e7ais des brevets a sign\u00e9 un accord avec les \u00c9tats-Unis sur le partage de l&rsquo;information en mati\u00e8re de brevets et sur la protection et l&rsquo;application de la propri\u00e9t\u00e9 intellectuelle.<\/h3>\n<p>Un accord quinquennal entre l&rsquo;Institut national de la propri\u00e9t\u00e9 industrielle (INPI) et l&rsquo;Office am\u00e9ricain des brevets et des marques (USPTO) pr\u00e9voit des \u00e9changes d&rsquo;informations, des actions de sensibilisation aupr\u00e8s des entreprises locales et la promotion du programme Patent Prosecution Highway existant.<\/p>\n<p>Le nouveau protocole d&rsquo;accord sign\u00e9 par le directeur g\u00e9n\u00e9ral de l&rsquo;INPI, Pascal Faure, et la sous-secr\u00e9taire au commerce charg\u00e9e de la propri\u00e9t\u00e9 intellectuelle, Kathi Vidal, fournit un cadre pour la poursuite de la coop\u00e9ration entre les deux offices de propri\u00e9t\u00e9 intellectuelle en ce qui concerne la protection et l&rsquo;application des droits de propri\u00e9t\u00e9 intellectuelle.<\/p>\n<p>Cette d\u00e9cision fait suite \u00e0 un accord entre le <a href=\"https:\/\/www.eenewseurope.com\/en\/uk-us-team-on-essential-patents\/\">Royaume-Uni et les \u00c9tats-Unis sur les brevets essentiels<\/a>.<\/p>\n<blockquote class=\"wp-embedded-content\" data-secret=\"YVd97KrvEd\"><p><a href=\"https:\/\/www.eenewseurope.com\/en\/uk-launches-resource-hub-for-sep-standard-essential-patents\/\">UK launches resource hub for SEP Standard Essential Patents\u00a0<\/a><\/p><\/blockquote>\n<p><iframe class=\"wp-embedded-content lazyload\" sandbox=\"allow-scripts\" security=\"restricted\" style=\"position: absolute; visibility: hidden;\" title=\"&#8220;UK launches resource hub for SEP Standard Essential Patents\u00a0&#8221; &#8212; eeNews Europe\" data-src=\"https:\/\/www.eenewseurope.com\/en\/uk-launches-resource-hub-for-sep-standard-essential-patents\/embed\/#?secret=Ld1BxSmVOY#?secret=YVd97KrvEd\" data-secret=\"YVd97KrvEd\" width=\"500\" height=\"282\" frameborder=\"0\" marginwidth=\"0\" marginheight=\"0\" scrolling=\"no\" src=\"data:image\/svg+xml;base64,PHN2ZyB3aWR0aD0iMSIgaGVpZ2h0PSIxIiB4bWxucz0iaHR0cDovL3d3dy53My5vcmcvMjAwMC9zdmciPjwvc3ZnPg==\" data-load-mode=\"1\"><\/iframe><\/p>\n<p>\u00ab\u00a0Nous nous f\u00e9licitons de ce nouvel accord avec l&rsquo;INPI France, qui approfondit et \u00e9tend les relations d\u00e9j\u00e0 solides qui existent entre nos deux offices depuis de nombreuses ann\u00e9es\u00a0\u00bb, a d\u00e9clar\u00e9 le directeur de l&rsquo;USPTO, M. Vidal. \u00ab\u00a0Ce nouvel accord s&rsquo;appuiera sur cette histoire pour renforcer la coop\u00e9ration en mati\u00e8re de protection et d&rsquo;application des droits de propri\u00e9t\u00e9 intellectuelle dans nos deux pays.<\/p>\n<p>Le protocole d&rsquo;accord pr\u00e9voit l&rsquo;\u00e9change d&rsquo;informations sur les nouveaux d\u00e9fis en mati\u00e8re de protection et d&rsquo;application de la propri\u00e9t\u00e9 intellectuelle, la collaboration \u00e0 des initiatives de formation en mati\u00e8re de propri\u00e9t\u00e9 intellectuelle destin\u00e9es aux communaut\u00e9s locales de la propri\u00e9t\u00e9 intellectuelle et des affaires, et la promotion du programme Patent Prosecution Highway existant entre les deux offices, qui a \u00e9galement \u00e9t\u00e9 prolong\u00e9 pour une dur\u00e9e de cinq ans.<\/p>\n<p>L&rsquo;accord entre en vigueur \u00e0 la date de la signature et se poursuivra pendant cinq ans.<\/p>\n<p>Pour plus d&rsquo;informations sur la protection internationale de la propri\u00e9t\u00e9 intellectuelle, consultez la <a href=\"https:\/\/links-1.govdelivery.com\/CL0\/https:%2F%2Fwww.uspto.gov%2Fpatents%2Fbasics%2Finternational-protection%2Ffiling-patents-abroad%3Futm_campaign=subscriptioncenter%26utm_content=%26utm_medium=email%26utm_name=%26utm_source=govdelivery%26utm_term=\/1\/010001924d68603c-ab4c333a-e122-49a9-8c01-b6de168805fd-000000\/Nvoicw9w4BLJ1TwWjeU6wqOY61TvUYpks4CDeuh7s4U=373\">page web de<\/a> l&rsquo;USPTO consacr\u00e9e \u00e0 <a href=\"https:\/\/links-1.govdelivery.com\/CL0\/https:%2F%2Fwww.uspto.gov%2Fpatents%2Fbasics%2Finternational-protection%2Ffiling-patents-abroad%3Futm_campaign=subscriptioncenter%26utm_content=%26utm_medium=email%26utm_name=%26utm_source=govdelivery%26utm_term=\/1\/010001924d68603c-ab4c333a-e122-49a9-8c01-b6de168805fd-000000\/Nvoicw9w4BLJ1TwWjeU6wqOY61TvUYpks4CDeuh7s4U=373\">la protection internationale de la propri\u00e9t\u00e9 intellectuelle<\/a>. Pour plus d&rsquo;informations sur le programme pilote USPTO-INPI France Patent Prosecution Highway, visitez le <a href=\"https:\/\/links-1.govdelivery.com\/CL0\/https:%2F%2Fwww.uspto.gov%2Fpatents%2Fbasics%2Finternational-protection%2Fpatent-prosecution-highway%2Fpatent-prosecution-highway%3Futm_campaign=subscriptioncenter%26utm_content=%26utm_medium=email%26utm_name=%26utm_source=govdelivery%26utm_term=\/1\/010001924d68603c-ab4c333a-e122-49a9-8c01-b6de168805fd-000000\/PbrIYj8NPnjliPP0M3N6VR8WTUV5L6FhmhdLGbO_E2A=373\">site web de l&rsquo;USPTO<\/a>.<\/p>\n","protected":false},"excerpt":{"rendered":"<p>L&rsquo;Office fran\u00e7ais des brevets a sign\u00e9 un accord avec les \u00c9tats-Unis sur le partage de l&rsquo;information en mati\u00e8re de brevets et sur la protection et l&rsquo;application de la propri\u00e9t\u00e9 intellectuelle. Un accord quinquennal entre l&rsquo;Institut national de la propri\u00e9t\u00e9 industrielle (INPI) et l&rsquo;Office am\u00e9ricain des brevets et des marques (USPTO) pr\u00e9voit des \u00e9changes d&rsquo;informations, des [&hellip;]<\/p>\n","protected":false},"author":40,"featured_media":461892,"comment_status":"closed","ping_status":"closed","sticky":false,"template":"","format":"standard","meta":{"_acf_changed":false,"footnotes":""},"categories":[880],"tags":[],"domains":[47],"ppma_author":[3640,6199],"class_list":["post-461898","post","type-post","status-publish","format-standard","has-post-thumbnail","hentry","category-actualites-economiques","domains-electronique-eci"],"acf":[],"yoast_head":"<title>La France et les USA coop\u00e8rent sur les IP et les brevets ...<\/title>\n<meta name=\"description\" content=\"L&#039;Office fran\u00e7ais des brevets a sign\u00e9 un accord avec les USA sur le partage de l&#039;information en mati\u00e8re de brevets et les IP\" \/>\n<meta name=\"robots\" content=\"index, follow, max-snippet:-1, max-image-preview:large, max-video-preview:-1\" \/>\n<link rel=\"canonical\" href=\"https:\/\/www.ecinews.fr\/fr\/wp-json\/wp\/v2\/posts\/461898\/\" \/>\n<meta property=\"og:locale\" content=\"fr_FR\" \/>\n<meta property=\"og:type\" content=\"article\" \/>\n<meta property=\"og:title\" content=\"La France et les USA coop\u00e8rent sur les IP et les brevets\" \/>\n<meta property=\"og:description\" content=\"L&#039;Office fran\u00e7ais des brevets a sign\u00e9 un accord avec les USA sur le partage de l&#039;information en mati\u00e8re de brevets et les IP\" \/>\n<meta property=\"og:url\" content=\"https:\/\/www.ecinews.fr\/fr\/wp-json\/wp\/v2\/posts\/461898\/\" \/>\n<meta property=\"og:site_name\" content=\"EENewsEurope\" \/>\n<meta property=\"article:published_time\" content=\"2024-10-02T15:22:02+00:00\" \/>\n<meta property=\"og:image\" content=\"https:\/\/www.ecinews.fr\/wp-content\/uploads\/2024\/10\/France-US-IP.jpg\" \/>\n\t<meta property=\"og:image:width\" content=\"559\" \/>\n\t<meta property=\"og:image:height\" content=\"346\" \/>\n\t<meta property=\"og:image:type\" content=\"image\/jpeg\" \/>\n<meta name=\"author\" content=\"Nick Flaherty, A Delapalisse\" \/>\n<meta name=\"twitter:card\" content=\"summary_large_image\" \/>\n<meta name=\"twitter:label1\" content=\"Written by\" \/>\n\t<meta name=\"twitter:data1\" content=\"A Delapalisse\" \/>\n\t<meta name=\"twitter:label2\" content=\"Est. reading time\" \/>\n\t<meta name=\"twitter:data2\" content=\"2 minutes\" \/>\n<script type=\"application\/ld+json\" class=\"yoast-schema-graph\">{\"@context\":\"https:\/\/schema.org\",\"@graph\":[{\"@type\":\"Article\",\"@id\":\"https:\/\/www.ecinews.fr\/fr\/la-france-et-les-usa-cooperent-sur-les-ip-et-les-brevets\/#article\",\"isPartOf\":{\"@id\":\"https:\/\/www.ecinews.fr\/fr\/la-france-et-les-usa-cooperent-sur-les-ip-et-les-brevets\/\"},\"author\":{\"name\":\"A Delapalisse\",\"@id\":\"https:\/\/www.ecinews.fr\/fr\/#\/schema\/person\/4b3db5ba5c953c5fddeb226df86d8635\"},\"headline\":\"La France et les USA coop\u00e8rent sur les IP et les brevets\",\"datePublished\":\"2024-10-02T15:22:02+00:00\",\"dateModified\":\"2024-10-02T15:22:02+00:00\",\"mainEntityOfPage\":{\"@id\":\"https:\/\/www.ecinews.fr\/fr\/la-france-et-les-usa-cooperent-sur-les-ip-et-les-brevets\/\"},\"wordCount\":404,\"publisher\":{\"@id\":\"https:\/\/www.ecinews.fr\/fr\/#organization\"},\"articleSection\":[\"Actualit\u00e9s \u00e9conomiques\"],\"inLanguage\":\"fr-FR\"},{\"@type\":\"WebPage\",\"@id\":\"https:\/\/www.ecinews.fr\/fr\/la-france-et-les-usa-cooperent-sur-les-ip-et-les-brevets\/\",\"url\":\"https:\/\/www.ecinews.fr\/fr\/la-france-et-les-usa-cooperent-sur-les-ip-et-les-brevets\/\",\"name\":\"La France et les USA coop\u00e8rent sur les IP et les brevets -\",\"isPartOf\":{\"@id\":\"https:\/\/www.ecinews.fr\/fr\/#website\"},\"datePublished\":\"2024-10-02T15:22:02+00:00\",\"dateModified\":\"2024-10-02T15:22:02+00:00\",\"description\":\"L'Office fran\u00e7ais des brevets a sign\u00e9 un accord avec les USA sur le partage de l'information en mati\u00e8re de brevets et les IP\",\"breadcrumb\":{\"@id\":\"https:\/\/www.ecinews.fr\/fr\/la-france-et-les-usa-cooperent-sur-les-ip-et-les-brevets\/#breadcrumb\"},\"inLanguage\":\"fr-FR\",\"potentialAction\":[{\"@type\":\"ReadAction\",\"target\":[\"https:\/\/www.ecinews.fr\/fr\/la-france-et-les-usa-cooperent-sur-les-ip-et-les-brevets\/\"]}]},{\"@type\":\"BreadcrumbList\",\"@id\":\"https:\/\/www.ecinews.fr\/fr\/la-france-et-les-usa-cooperent-sur-les-ip-et-les-brevets\/#breadcrumb\",\"itemListElement\":[{\"@type\":\"ListItem\",\"position\":1,\"name\":\"Home\",\"item\":\"https:\/\/www.ecinews.fr\/fr\/\"},{\"@type\":\"ListItem\",\"position\":2,\"name\":\"La France et les USA coop\u00e8rent sur les IP et les brevets\"}]},{\"@type\":\"WebSite\",\"@id\":\"https:\/\/www.ecinews.fr\/fr\/#website\",\"url\":\"https:\/\/www.ecinews.fr\/fr\/\",\"name\":\"EENewsEurope\",\"description\":\"Just another WordPress site\",\"publisher\":{\"@id\":\"https:\/\/www.ecinews.fr\/fr\/#organization\"},\"potentialAction\":[{\"@type\":\"SearchAction\",\"target\":{\"@type\":\"EntryPoint\",\"urlTemplate\":\"https:\/\/www.ecinews.fr\/fr\/?s={search_term_string}\"},\"query-input\":\"required name=search_term_string\"}],\"inLanguage\":\"fr-FR\"},{\"@type\":\"Organization\",\"@id\":\"https:\/\/www.ecinews.fr\/fr\/#organization\",\"name\":\"EENewsEurope\",\"url\":\"https:\/\/www.ecinews.fr\/fr\/\",\"logo\":{\"@type\":\"ImageObject\",\"inLanguage\":\"fr-FR\",\"@id\":\"https:\/\/www.ecinews.fr\/fr\/#\/schema\/logo\/image\/\",\"url\":\"https:\/\/www.ecinews.fr\/wp-content\/uploads\/2022\/02\/logo-1.jpg\",\"contentUrl\":\"https:\/\/www.ecinews.fr\/wp-content\/uploads\/2022\/02\/logo-1.jpg\",\"width\":283,\"height\":113,\"caption\":\"EENewsEurope\"},\"image\":{\"@id\":\"https:\/\/www.ecinews.fr\/fr\/#\/schema\/logo\/image\/\"}},{\"@type\":\"Person\",\"@id\":\"https:\/\/www.ecinews.fr\/fr\/#\/schema\/person\/4b3db5ba5c953c5fddeb226df86d8635\",\"name\":\"A Delapalisse\",\"image\":{\"@type\":\"ImageObject\",\"inLanguage\":\"fr-FR\",\"@id\":\"https:\/\/www.ecinews.fr\/fr\/#\/schema\/person\/image\/09af0e1236b95ff53924b8dfe5af278e\",\"url\":\"https:\/\/secure.gravatar.com\/avatar\/010f811c0933b47aea7e9204117b17c6?s=96&d=mm&r=g\",\"contentUrl\":\"https:\/\/secure.gravatar.com\/avatar\/010f811c0933b47aea7e9204117b17c6?s=96&d=mm&r=g\",\"caption\":\"A Delapalisse\"}}]}<\/script>","yoast_head_json":{"title":"La France et les USA coop\u00e8rent sur les IP et les brevets ...","description":"L'Office fran\u00e7ais des brevets a sign\u00e9 un accord avec les USA sur le partage de l'information en mati\u00e8re de brevets et les IP","robots":{"index":"index","follow":"follow","max-snippet":"max-snippet:-1","max-image-preview":"max-image-preview:large","max-video-preview":"max-video-preview:-1"},"canonical":"https:\/\/www.ecinews.fr\/fr\/wp-json\/wp\/v2\/posts\/461898\/","og_locale":"fr_FR","og_type":"article","og_title":"La France et les USA coop\u00e8rent sur les IP et les brevets","og_description":"L'Office fran\u00e7ais des brevets a sign\u00e9 un accord avec les USA sur le partage de l'information en mati\u00e8re de brevets et les IP","og_url":"https:\/\/www.ecinews.fr\/fr\/wp-json\/wp\/v2\/posts\/461898\/","og_site_name":"EENewsEurope","article_published_time":"2024-10-02T15:22:02+00:00","og_image":[{"width":559,"height":346,"url":"https:\/\/www.ecinews.fr\/wp-content\/uploads\/2024\/10\/France-US-IP.jpg","type":"image\/jpeg"}],"author":"Nick Flaherty, A Delapalisse","twitter_card":"summary_large_image","twitter_misc":{"Written by":"A Delapalisse","Est. reading time":"2 minutes"},"schema":{"@context":"https:\/\/schema.org","@graph":[{"@type":"Article","@id":"https:\/\/www.ecinews.fr\/fr\/la-france-et-les-usa-cooperent-sur-les-ip-et-les-brevets\/#article","isPartOf":{"@id":"https:\/\/www.ecinews.fr\/fr\/la-france-et-les-usa-cooperent-sur-les-ip-et-les-brevets\/"},"author":{"name":"A Delapalisse","@id":"https:\/\/www.ecinews.fr\/fr\/#\/schema\/person\/4b3db5ba5c953c5fddeb226df86d8635"},"headline":"La France et les USA coop\u00e8rent sur les IP et les brevets","datePublished":"2024-10-02T15:22:02+00:00","dateModified":"2024-10-02T15:22:02+00:00","mainEntityOfPage":{"@id":"https:\/\/www.ecinews.fr\/fr\/la-france-et-les-usa-cooperent-sur-les-ip-et-les-brevets\/"},"wordCount":404,"publisher":{"@id":"https:\/\/www.ecinews.fr\/fr\/#organization"},"articleSection":["Actualit\u00e9s \u00e9conomiques"],"inLanguage":"fr-FR"},{"@type":"WebPage","@id":"https:\/\/www.ecinews.fr\/fr\/la-france-et-les-usa-cooperent-sur-les-ip-et-les-brevets\/","url":"https:\/\/www.ecinews.fr\/fr\/la-france-et-les-usa-cooperent-sur-les-ip-et-les-brevets\/","name":"La France et les USA coop\u00e8rent sur les IP et les brevets -","isPartOf":{"@id":"https:\/\/www.ecinews.fr\/fr\/#website"},"datePublished":"2024-10-02T15:22:02+00:00","dateModified":"2024-10-02T15:22:02+00:00","description":"L'Office fran\u00e7ais des brevets a sign\u00e9 un accord avec les USA sur le partage de l'information en mati\u00e8re de brevets et les IP","breadcrumb":{"@id":"https:\/\/www.ecinews.fr\/fr\/la-france-et-les-usa-cooperent-sur-les-ip-et-les-brevets\/#breadcrumb"},"inLanguage":"fr-FR","potentialAction":[{"@type":"ReadAction","target":["https:\/\/www.ecinews.fr\/fr\/la-france-et-les-usa-cooperent-sur-les-ip-et-les-brevets\/"]}]},{"@type":"BreadcrumbList","@id":"https:\/\/www.ecinews.fr\/fr\/la-france-et-les-usa-cooperent-sur-les-ip-et-les-brevets\/#breadcrumb","itemListElement":[{"@type":"ListItem","position":1,"name":"Home","item":"https:\/\/www.ecinews.fr\/fr\/"},{"@type":"ListItem","position":2,"name":"La France et les USA coop\u00e8rent sur les IP et les brevets"}]},{"@type":"WebSite","@id":"https:\/\/www.ecinews.fr\/fr\/#website","url":"https:\/\/www.ecinews.fr\/fr\/","name":"EENewsEurope","description":"Just another WordPress site","publisher":{"@id":"https:\/\/www.ecinews.fr\/fr\/#organization"},"potentialAction":[{"@type":"SearchAction","target":{"@type":"EntryPoint","urlTemplate":"https:\/\/www.ecinews.fr\/fr\/?s={search_term_string}"},"query-input":"required name=search_term_string"}],"inLanguage":"fr-FR"},{"@type":"Organization","@id":"https:\/\/www.ecinews.fr\/fr\/#organization","name":"EENewsEurope","url":"https:\/\/www.ecinews.fr\/fr\/","logo":{"@type":"ImageObject","inLanguage":"fr-FR","@id":"https:\/\/www.ecinews.fr\/fr\/#\/schema\/logo\/image\/","url":"https:\/\/www.ecinews.fr\/wp-content\/uploads\/2022\/02\/logo-1.jpg","contentUrl":"https:\/\/www.ecinews.fr\/wp-content\/uploads\/2022\/02\/logo-1.jpg","width":283,"height":113,"caption":"EENewsEurope"},"image":{"@id":"https:\/\/www.ecinews.fr\/fr\/#\/schema\/logo\/image\/"}},{"@type":"Person","@id":"https:\/\/www.ecinews.fr\/fr\/#\/schema\/person\/4b3db5ba5c953c5fddeb226df86d8635","name":"A Delapalisse","image":{"@type":"ImageObject","inLanguage":"fr-FR","@id":"https:\/\/www.ecinews.fr\/fr\/#\/schema\/person\/image\/09af0e1236b95ff53924b8dfe5af278e","url":"https:\/\/secure.gravatar.com\/avatar\/010f811c0933b47aea7e9204117b17c6?s=96&d=mm&r=g","contentUrl":"https:\/\/secure.gravatar.com\/avatar\/010f811c0933b47aea7e9204117b17c6?s=96&d=mm&r=g","caption":"A Delapalisse"}}]}},"authors":[{"term_id":3640,"user_id":0,"is_guest":1,"slug":"nick-flaherty","display_name":"Nick Flaherty","avatar_url":"https:\/\/secure.gravatar.com\/avatar\/?s=96&d=mm&r=g","0":null,"1":"","2":"","3":"","4":"","5":"","6":"","7":"","8":""},{"term_id":6199,"user_id":40,"is_guest":0,"slug":"andre-rousselotemisys-com","display_name":"A Delapalisse","avatar_url":"https:\/\/secure.gravatar.com\/avatar\/010f811c0933b47aea7e9204117b17c6?s=96&d=mm&r=g","0":null,"1":"","2":"","3":"","4":"","5":"","6":"","7":"","8":""}],"_links":{"self":[{"href":"https:\/\/www.ecinews.fr\/fr\/wp-json\/wp\/v2\/posts\/461898"}],"collection":[{"href":"https:\/\/www.ecinews.fr\/fr\/wp-json\/wp\/v2\/posts"}],"about":[{"href":"https:\/\/www.ecinews.fr\/fr\/wp-json\/wp\/v2\/types\/post"}],"author":[{"embeddable":true,"href":"https:\/\/www.ecinews.fr\/fr\/wp-json\/wp\/v2\/users\/40"}],"replies":[{"embeddable":true,"href":"https:\/\/www.ecinews.fr\/fr\/wp-json\/wp\/v2\/comments?post=461898"}],"version-history":[{"count":0,"href":"https:\/\/www.ecinews.fr\/fr\/wp-json\/wp\/v2\/posts\/461898\/revisions"}],"wp:featuredmedia":[{"embeddable":true,"href":"https:\/\/www.ecinews.fr\/fr\/wp-json\/wp\/v2\/media\/461892"}],"wp:attachment":[{"href":"https:\/\/www.ecinews.fr\/fr\/wp-json\/wp\/v2\/media?parent=461898"}],"wp:term":[{"taxonomy":"category","embeddable":true,"href":"https:\/\/www.ecinews.fr\/fr\/wp-json\/wp\/v2\/categories?post=461898"},{"taxonomy":"post_tag","embeddable":true,"href":"https:\/\/www.ecinews.fr\/fr\/wp-json\/wp\/v2\/tags?post=461898"},{"taxonomy":"domains","embeddable":true,"href":"https:\/\/www.ecinews.fr\/fr\/wp-json\/wp\/v2\/domains?post=461898"},{"taxonomy":"author","embeddable":true,"href":"https:\/\/www.ecinews.fr\/fr\/wp-json\/wp\/v2\/ppma_author?post=461898"}],"curies":[{"name":"wp","href":"https:\/\/api.w.org\/{rel}","templated":true}]}}