{"id":461499,"date":"2024-09-28T09:18:45","date_gmt":"2024-09-28T07:18:45","guid":{"rendered":"https:\/\/www.ecinews.fr\/?p=461499"},"modified":"2024-09-28T09:18:45","modified_gmt":"2024-09-28T07:18:45","slug":"orange-etudie-des-reseaux-a-fibres-optiques-econome-en-energie","status":"publish","type":"post","link":"https:\/\/www.ecinews.fr\/fr\/orange-etudie-des-reseaux-a-fibres-optiques-econome-en-energie\/","title":{"rendered":"Orange \u00e9tudie des r\u00e9seaux \u00e0 fibres optiques \u00e9conome en \u00e9nergie"},"content":{"rendered":"<h3>Un projet lanc\u00e9 par le Broadband Forum vise \u00e0 am\u00e9liorer l&rsquo;efficacit\u00e9 \u00e9nerg\u00e9tique des composants \u00e9lectroniques des r\u00e9seaux de fibres \u00e0 large bande.<\/h3>\n<p>Le projet \u00ab\u00a0Energy Power Saving Requirements, Test Plan, and Data Model\u00a0\u00bb est men\u00e9 par BT Group, Orange, Calix, Futurewei, Huawei et <a href=\"https:\/\/www.eenewseurope.com\/en\/super-coherent-optics-on-live-network-reaches-400gbit-s\/\">Nokia<\/a> pour r\u00e9duire la consommation d&rsquo;\u00e9nergie des \u00e9quipements dans un r\u00e9seau \u00e0 large bande en fibre optique.<\/p>\n<p>Le projet du groupe de travail sur les r\u00e9seaux d&rsquo;acc\u00e8s \u00e0 la fibre (FAN) du Broadband Forum verra un certain nombre de normes et de sp\u00e9cifications du Broadband Forum int\u00e9grer ces nouvelles exigences en mati\u00e8re d&rsquo;\u00e9conomie d&rsquo;\u00e9nergie, auxquelles l&rsquo;industrie devra se conformer. Ce projet s&rsquo;appuie sur le suppl\u00e9ment 45 de l&rsquo;ITU-T, s\u00e9rie G, qui a publi\u00e9 des recommandations et des lignes directrices sur l&rsquo;\u00e9conomie d&rsquo;\u00e9nergie dans les \u00e9quipements de r\u00e9seaux optiques passifs (PON).<\/p>\n<p>Les sp\u00e9cifications devraient \u00eatre publi\u00e9es \u00e0 l&rsquo;\u00e9t\u00e9 2025 afin d&rsquo;encourager le d\u00e9veloppement de technologies qui satisfont aux exigences en mati\u00e8re d&rsquo;\u00e9conomie d&rsquo;\u00e9nergie, au plan d&rsquo;essai et au mod\u00e8le de donn\u00e9es qu&rsquo;elles d\u00e9finissent.<\/p>\n<p>Le d\u00e9veloppement de fonctionnalit\u00e9s d&rsquo;\u00e9conomie d&rsquo;\u00e9nergie pour les unit\u00e9s de r\u00e9seau optique (ONU) et les terminaux de ligne optique (OLT) est une priorit\u00e9. M\u00eame si les r\u00e9seaux FTTH offrent une meilleure efficacit\u00e9 \u00e9nerg\u00e9tique que les anciens r\u00e9seaux en cuivre, les ONU consomment encore g\u00e9n\u00e9ralement une quantit\u00e9 importante d&rsquo;\u00e9nergie, lorsqu&rsquo;ils sont actifs et m\u00eame lorsqu&rsquo;ils sont inactifs, ce qui peut entra\u00eener des fuites de courant.<\/p>\n<p>Il s&rsquo;agira notamment de sp\u00e9cifications relatives au d\u00e9lestage de l&rsquo;ONU, c&rsquo;est-\u00e0-dire \u00e0 la r\u00e9duction de la puissance pour les fonctions non essentielles tout en garantissant une liaison optique op\u00e9rationnelle, et aux modes de veille vigilants, qui garantissent que seul le mat\u00e9riel concern\u00e9 reste allum\u00e9.<\/p>\n<blockquote class=\"wp-embedded-content\" data-secret=\"ptiPqHCVF6\"><p><a href=\"https:\/\/www.eenewseurope.com\/en\/project-for-low-latency-broadband-vr-boost\/\">Project for low latency broadband VR boost<\/a><\/p><\/blockquote>\n<p><iframe class=\"wp-embedded-content lazyload\" sandbox=\"allow-scripts\" security=\"restricted\" style=\"position: absolute; visibility: hidden;\" title=\"&#8220;Project for low latency broadband VR boost&#8221; &#8212; eeNews Europe\" data-src=\"https:\/\/www.eenewseurope.com\/en\/project-for-low-latency-broadband-vr-boost\/embed\/#?secret=8EYJemIe8i#?secret=ptiPqHCVF6\" data-secret=\"ptiPqHCVF6\" width=\"500\" height=\"282\" frameborder=\"0\" marginwidth=\"0\" marginheight=\"0\" scrolling=\"no\" src=\"data:image\/svg+xml;base64,PHN2ZyB3aWR0aD0iMSIgaGVpZ2h0PSIxIiB4bWxucz0iaHR0cDovL3d3dy53My5vcmcvMjAwMC9zdmciPjwvc3ZnPg==\" data-load-mode=\"1\"><\/iframe><\/p>\n<p>\u00ab\u00a0L&rsquo;efficacit\u00e9 \u00e9nerg\u00e9tique des \u00e9quipements fixes \u00e0 haut d\u00e9bit est essentielle pour r\u00e9duire les co\u00fbts \u00e9nerg\u00e9tiques et les \u00e9missions de CO2 pour les op\u00e9rateurs et leurs clients. Alors que la demande de connectivit\u00e9 \u00e0 haut d\u00e9bit continue d&rsquo;augmenter, il devient crucial que les r\u00e9seaux FTTH fonctionnent de mani\u00e8re durable, en veillant \u00e0 ce que la connectivit\u00e9 permette \u00e0 l&rsquo;utilisateur final de s&rsquo;\u00e9panouir tout en pr\u00e9servant la plan\u00e8te\u00a0\u00bb, a d\u00e9clar\u00e9 Hugues Le Bras, ing\u00e9nieur r\u00e9seau pour les r\u00e9seaux d&rsquo;acc\u00e8s fixe chez Orange et r\u00e9dacteur du projet. \u00ab\u00a0Pour y parvenir, le nouveau projet d\u00e9crit les exigences en mati\u00e8re d&rsquo;\u00e9conomie d&rsquo;\u00e9nergie, la surveillance de la mesure de la puissance et les m\u00e9thodes d&rsquo;essai n\u00e9cessaires pour am\u00e9liorer l&rsquo;efficacit\u00e9 \u00e9nerg\u00e9tique.<\/p>\n<p>\u00ab\u00a0Nous avons besoin que les fournisseurs de services s&rsquo;engagent \u00e0 r\u00e9duire la consommation d&rsquo;\u00e9nergie, que les fournisseurs d&rsquo;\u00e9quipements et de composants se conforment \u00e0 ces objectifs et que les laboratoires d&rsquo;essai testent l&rsquo;interop\u00e9rabilit\u00e9 et la fonctionnalit\u00e9 des m\u00e9thodologies d&rsquo;\u00e9conomie d&rsquo;\u00e9nergie sp\u00e9cifiques aux protocoles une fois qu&rsquo;elles auront \u00e9t\u00e9 approuv\u00e9es\u00a0\u00bb, a-t-il d\u00e9clar\u00e9.<\/p>\n<p>\u00ab\u00a0L&rsquo;industrie de la fibre optique continue de chercher des m\u00e9thodes pour devenir plus efficace sur le plan \u00e9nerg\u00e9tique et en incorporant ces recommandations d&rsquo;\u00e9conomie d&rsquo;\u00e9nergie dans les sp\u00e9cifications existantes du Broadband Forum, les fournisseurs de services disposent d&rsquo;un plan d\u00e9taill\u00e9 pour s&rsquo;attaquer de front \u00e0 la question de la r\u00e9duction de leur empreinte carbone\u00a0\u00bb, a d\u00e9clar\u00e9 Marta Seda de Calix, qui est \u00e9galement directrice du domaine de travail Fibre Access Network (FAN) au Broadband Forum.<\/p>\n<p><a href=\"http:\/\/www.broadband-forum.org\">www.broadband-forum.org<\/a><\/p>\n<p>&nbsp;<\/p>\n","protected":false},"excerpt":{"rendered":"<p>Un projet lanc\u00e9 par le Broadband Forum vise \u00e0 am\u00e9liorer l&rsquo;efficacit\u00e9 \u00e9nerg\u00e9tique des composants \u00e9lectroniques des r\u00e9seaux de fibres \u00e0 large bande. Le projet \u00ab\u00a0Energy Power Saving Requirements, Test Plan, and Data Model\u00a0\u00bb est men\u00e9 par BT Group, Orange, Calix, Futurewei, Huawei et Nokia pour r\u00e9duire la consommation d&rsquo;\u00e9nergie des \u00e9quipements dans un r\u00e9seau \u00e0 [&hellip;]<\/p>\n","protected":false},"author":34,"featured_media":461297,"comment_status":"closed","ping_status":"closed","sticky":false,"template":"","format":"standard","meta":{"_acf_changed":false,"footnotes":""},"categories":[883],"tags":[2120,7712],"domains":[47],"ppma_author":[3640,1153],"class_list":["post-461499","post","type-post","status-publish","format-standard","has-post-thumbnail","hentry","category-technologies","tag-fibre-optique","tag-ftth-fr","domains-electronique-eci"],"acf":[],"yoast_head":"<title>Orange \u00e9tudie des r\u00e9seaux \u00e0 fibres optiques \u00e9conome en \u00e9ne...<\/title>\n<meta name=\"description\" content=\"Broadband Forum vise \u00e0 am\u00e9liorer l&#039;efficacit\u00e9 \u00e9nerg\u00e9tique des composants \u00e9lectroniques des \u00e9quipements des r\u00e9seaux de fibres \u00e0 large bande.\" \/>\n<meta name=\"robots\" content=\"index, follow, max-snippet:-1, max-image-preview:large, max-video-preview:-1\" \/>\n<link rel=\"canonical\" href=\"https:\/\/www.ecinews.fr\/fr\/wp-json\/wp\/v2\/posts\/461499\/\" \/>\n<meta property=\"og:locale\" content=\"fr_FR\" \/>\n<meta property=\"og:type\" content=\"article\" \/>\n<meta property=\"og:title\" content=\"Orange \u00e9tudie des r\u00e9seaux \u00e0 fibres optiques \u00e9conome en \u00e9nergie\" \/>\n<meta property=\"og:description\" content=\"Broadband Forum vise \u00e0 am\u00e9liorer l&#039;efficacit\u00e9 \u00e9nerg\u00e9tique des composants \u00e9lectroniques des \u00e9quipements des r\u00e9seaux de fibres \u00e0 large bande.\" \/>\n<meta property=\"og:url\" content=\"https:\/\/www.ecinews.fr\/fr\/wp-json\/wp\/v2\/posts\/461499\/\" \/>\n<meta property=\"og:site_name\" content=\"EENewsEurope\" \/>\n<meta property=\"article:published_time\" content=\"2024-09-28T07:18:45+00:00\" \/>\n<meta property=\"og:image\" content=\"https:\/\/www.ecinews.fr\/wp-content\/uploads\/2024\/09\/exchangefullfibrekitcloseup-3-scaled.jpg\" \/>\n\t<meta property=\"og:image:width\" content=\"1080\" \/>\n\t<meta property=\"og:image:height\" content=\"720\" \/>\n\t<meta property=\"og:image:type\" content=\"image\/jpeg\" \/>\n<meta name=\"author\" content=\"Nick Flaherty, A Delapalisse\" \/>\n<meta name=\"twitter:card\" content=\"summary_large_image\" \/>\n<meta name=\"twitter:label1\" content=\"Written by\" \/>\n\t<meta name=\"twitter:data1\" content=\"A Delapalisse\" \/>\n\t<meta name=\"twitter:label2\" content=\"Est. reading time\" \/>\n\t<meta name=\"twitter:data2\" content=\"3 minutes\" \/>\n<script type=\"application\/ld+json\" class=\"yoast-schema-graph\">{\"@context\":\"https:\/\/schema.org\",\"@graph\":[{\"@type\":\"Article\",\"@id\":\"https:\/\/www.ecinews.fr\/fr\/orange-etudie-des-reseaux-a-fibres-optiques-econome-en-energie\/#article\",\"isPartOf\":{\"@id\":\"https:\/\/www.ecinews.fr\/fr\/orange-etudie-des-reseaux-a-fibres-optiques-econome-en-energie\/\"},\"author\":{\"name\":\"A Delapalisse\",\"@id\":\"https:\/\/www.eenewseurope.com\/en\/#\/schema\/person\/0aa2cfb0bd8949724a68cbac8d8321b4\"},\"headline\":\"Orange \u00e9tudie des r\u00e9seaux \u00e0 fibres optiques \u00e9conome en \u00e9nergie\",\"datePublished\":\"2024-09-28T07:18:45+00:00\",\"dateModified\":\"2024-09-28T07:18:45+00:00\",\"mainEntityOfPage\":{\"@id\":\"https:\/\/www.ecinews.fr\/fr\/orange-etudie-des-reseaux-a-fibres-optiques-econome-en-energie\/\"},\"wordCount\":637,\"publisher\":{\"@id\":\"https:\/\/www.eenewseurope.com\/en\/#organization\"},\"keywords\":[\"Fibre optique\",\"FTTH\"],\"articleSection\":[\"Technologies\"],\"inLanguage\":\"fr-FR\"},{\"@type\":\"WebPage\",\"@id\":\"https:\/\/www.ecinews.fr\/fr\/orange-etudie-des-reseaux-a-fibres-optiques-econome-en-energie\/\",\"url\":\"https:\/\/www.ecinews.fr\/fr\/orange-etudie-des-reseaux-a-fibres-optiques-econome-en-energie\/\",\"name\":\"Orange \u00e9tudie des r\u00e9seaux \u00e0 fibres optiques \u00e9conome en \u00e9nergie -\",\"isPartOf\":{\"@id\":\"https:\/\/www.eenewseurope.com\/en\/#website\"},\"datePublished\":\"2024-09-28T07:18:45+00:00\",\"dateModified\":\"2024-09-28T07:18:45+00:00\",\"description\":\"Broadband Forum vise \u00e0 am\u00e9liorer l'efficacit\u00e9 \u00e9nerg\u00e9tique des composants \u00e9lectroniques des \u00e9quipements des r\u00e9seaux de fibres \u00e0 large bande.\",\"breadcrumb\":{\"@id\":\"https:\/\/www.ecinews.fr\/fr\/orange-etudie-des-reseaux-a-fibres-optiques-econome-en-energie\/#breadcrumb\"},\"inLanguage\":\"fr-FR\",\"potentialAction\":[{\"@type\":\"ReadAction\",\"target\":[\"https:\/\/www.ecinews.fr\/fr\/orange-etudie-des-reseaux-a-fibres-optiques-econome-en-energie\/\"]}]},{\"@type\":\"BreadcrumbList\",\"@id\":\"https:\/\/www.ecinews.fr\/fr\/orange-etudie-des-reseaux-a-fibres-optiques-econome-en-energie\/#breadcrumb\",\"itemListElement\":[{\"@type\":\"ListItem\",\"position\":1,\"name\":\"Home\",\"item\":\"https:\/\/www.ecinews.fr\/fr\/\"},{\"@type\":\"ListItem\",\"position\":2,\"name\":\"Orange \u00e9tudie des r\u00e9seaux \u00e0 fibres optiques \u00e9conome en \u00e9nergie\"}]},{\"@type\":\"WebSite\",\"@id\":\"https:\/\/www.eenewseurope.com\/en\/#website\",\"url\":\"https:\/\/www.eenewseurope.com\/en\/\",\"name\":\"EENewsEurope\",\"description\":\"Just another WordPress site\",\"publisher\":{\"@id\":\"https:\/\/www.eenewseurope.com\/en\/#organization\"},\"potentialAction\":[{\"@type\":\"SearchAction\",\"target\":{\"@type\":\"EntryPoint\",\"urlTemplate\":\"https:\/\/www.eenewseurope.com\/en\/?s={search_term_string}\"},\"query-input\":\"required name=search_term_string\"}],\"inLanguage\":\"fr-FR\"},{\"@type\":\"Organization\",\"@id\":\"https:\/\/www.eenewseurope.com\/en\/#organization\",\"name\":\"EENewsEurope\",\"url\":\"https:\/\/www.eenewseurope.com\/en\/\",\"logo\":{\"@type\":\"ImageObject\",\"inLanguage\":\"fr-FR\",\"@id\":\"https:\/\/www.eenewseurope.com\/en\/#\/schema\/logo\/image\/\",\"url\":\"https:\/\/www.ecinews.fr\/wp-content\/uploads\/2022\/02\/logo-1.jpg\",\"contentUrl\":\"https:\/\/www.ecinews.fr\/wp-content\/uploads\/2022\/02\/logo-1.jpg\",\"width\":283,\"height\":113,\"caption\":\"EENewsEurope\"},\"image\":{\"@id\":\"https:\/\/www.eenewseurope.com\/en\/#\/schema\/logo\/image\/\"}},{\"@type\":\"Person\",\"@id\":\"https:\/\/www.eenewseurope.com\/en\/#\/schema\/person\/0aa2cfb0bd8949724a68cbac8d8321b4\",\"name\":\"A Delapalisse\",\"image\":{\"@type\":\"ImageObject\",\"inLanguage\":\"fr-FR\",\"@id\":\"https:\/\/www.eenewseurope.com\/en\/#\/schema\/person\/image\/211ac42237c2e9683c0964086c393cb4\",\"url\":\"https:\/\/secure.gravatar.com\/avatar\/ad45a8c5da24bc9c7c4940dd1c48a695?s=96&d=mm&r=g\",\"contentUrl\":\"https:\/\/secure.gravatar.com\/avatar\/ad45a8c5da24bc9c7c4940dd1c48a695?s=96&d=mm&r=g\",\"caption\":\"A Delapalisse\"},\"sameAs\":[\"http:\/\/ECI\"]}]}<\/script>","yoast_head_json":{"title":"Orange \u00e9tudie des r\u00e9seaux \u00e0 fibres optiques \u00e9conome en \u00e9ne...","description":"Broadband Forum vise \u00e0 am\u00e9liorer l'efficacit\u00e9 \u00e9nerg\u00e9tique des composants \u00e9lectroniques des \u00e9quipements des r\u00e9seaux de fibres \u00e0 large bande.","robots":{"index":"index","follow":"follow","max-snippet":"max-snippet:-1","max-image-preview":"max-image-preview:large","max-video-preview":"max-video-preview:-1"},"canonical":"https:\/\/www.ecinews.fr\/fr\/wp-json\/wp\/v2\/posts\/461499\/","og_locale":"fr_FR","og_type":"article","og_title":"Orange \u00e9tudie des r\u00e9seaux \u00e0 fibres optiques \u00e9conome en \u00e9nergie","og_description":"Broadband Forum vise \u00e0 am\u00e9liorer l'efficacit\u00e9 \u00e9nerg\u00e9tique des composants \u00e9lectroniques des \u00e9quipements des r\u00e9seaux de fibres \u00e0 large bande.","og_url":"https:\/\/www.ecinews.fr\/fr\/wp-json\/wp\/v2\/posts\/461499\/","og_site_name":"EENewsEurope","article_published_time":"2024-09-28T07:18:45+00:00","og_image":[{"width":1080,"height":720,"url":"https:\/\/www.ecinews.fr\/wp-content\/uploads\/2024\/09\/exchangefullfibrekitcloseup-3-scaled.jpg","type":"image\/jpeg"}],"author":"Nick Flaherty, A Delapalisse","twitter_card":"summary_large_image","twitter_misc":{"Written by":"A Delapalisse","Est. reading time":"3 minutes"},"schema":{"@context":"https:\/\/schema.org","@graph":[{"@type":"Article","@id":"https:\/\/www.ecinews.fr\/fr\/orange-etudie-des-reseaux-a-fibres-optiques-econome-en-energie\/#article","isPartOf":{"@id":"https:\/\/www.ecinews.fr\/fr\/orange-etudie-des-reseaux-a-fibres-optiques-econome-en-energie\/"},"author":{"name":"A Delapalisse","@id":"https:\/\/www.eenewseurope.com\/en\/#\/schema\/person\/0aa2cfb0bd8949724a68cbac8d8321b4"},"headline":"Orange \u00e9tudie des r\u00e9seaux \u00e0 fibres optiques \u00e9conome en \u00e9nergie","datePublished":"2024-09-28T07:18:45+00:00","dateModified":"2024-09-28T07:18:45+00:00","mainEntityOfPage":{"@id":"https:\/\/www.ecinews.fr\/fr\/orange-etudie-des-reseaux-a-fibres-optiques-econome-en-energie\/"},"wordCount":637,"publisher":{"@id":"https:\/\/www.eenewseurope.com\/en\/#organization"},"keywords":["Fibre optique","FTTH"],"articleSection":["Technologies"],"inLanguage":"fr-FR"},{"@type":"WebPage","@id":"https:\/\/www.ecinews.fr\/fr\/orange-etudie-des-reseaux-a-fibres-optiques-econome-en-energie\/","url":"https:\/\/www.ecinews.fr\/fr\/orange-etudie-des-reseaux-a-fibres-optiques-econome-en-energie\/","name":"Orange \u00e9tudie des r\u00e9seaux \u00e0 fibres optiques \u00e9conome en \u00e9nergie -","isPartOf":{"@id":"https:\/\/www.eenewseurope.com\/en\/#website"},"datePublished":"2024-09-28T07:18:45+00:00","dateModified":"2024-09-28T07:18:45+00:00","description":"Broadband Forum vise \u00e0 am\u00e9liorer l'efficacit\u00e9 \u00e9nerg\u00e9tique des composants \u00e9lectroniques des \u00e9quipements des r\u00e9seaux de fibres \u00e0 large bande.","breadcrumb":{"@id":"https:\/\/www.ecinews.fr\/fr\/orange-etudie-des-reseaux-a-fibres-optiques-econome-en-energie\/#breadcrumb"},"inLanguage":"fr-FR","potentialAction":[{"@type":"ReadAction","target":["https:\/\/www.ecinews.fr\/fr\/orange-etudie-des-reseaux-a-fibres-optiques-econome-en-energie\/"]}]},{"@type":"BreadcrumbList","@id":"https:\/\/www.ecinews.fr\/fr\/orange-etudie-des-reseaux-a-fibres-optiques-econome-en-energie\/#breadcrumb","itemListElement":[{"@type":"ListItem","position":1,"name":"Home","item":"https:\/\/www.ecinews.fr\/fr\/"},{"@type":"ListItem","position":2,"name":"Orange \u00e9tudie des r\u00e9seaux \u00e0 fibres optiques \u00e9conome en \u00e9nergie"}]},{"@type":"WebSite","@id":"https:\/\/www.eenewseurope.com\/en\/#website","url":"https:\/\/www.eenewseurope.com\/en\/","name":"EENewsEurope","description":"Just another WordPress site","publisher":{"@id":"https:\/\/www.eenewseurope.com\/en\/#organization"},"potentialAction":[{"@type":"SearchAction","target":{"@type":"EntryPoint","urlTemplate":"https:\/\/www.eenewseurope.com\/en\/?s={search_term_string}"},"query-input":"required name=search_term_string"}],"inLanguage":"fr-FR"},{"@type":"Organization","@id":"https:\/\/www.eenewseurope.com\/en\/#organization","name":"EENewsEurope","url":"https:\/\/www.eenewseurope.com\/en\/","logo":{"@type":"ImageObject","inLanguage":"fr-FR","@id":"https:\/\/www.eenewseurope.com\/en\/#\/schema\/logo\/image\/","url":"https:\/\/www.ecinews.fr\/wp-content\/uploads\/2022\/02\/logo-1.jpg","contentUrl":"https:\/\/www.ecinews.fr\/wp-content\/uploads\/2022\/02\/logo-1.jpg","width":283,"height":113,"caption":"EENewsEurope"},"image":{"@id":"https:\/\/www.eenewseurope.com\/en\/#\/schema\/logo\/image\/"}},{"@type":"Person","@id":"https:\/\/www.eenewseurope.com\/en\/#\/schema\/person\/0aa2cfb0bd8949724a68cbac8d8321b4","name":"A Delapalisse","image":{"@type":"ImageObject","inLanguage":"fr-FR","@id":"https:\/\/www.eenewseurope.com\/en\/#\/schema\/person\/image\/211ac42237c2e9683c0964086c393cb4","url":"https:\/\/secure.gravatar.com\/avatar\/ad45a8c5da24bc9c7c4940dd1c48a695?s=96&d=mm&r=g","contentUrl":"https:\/\/secure.gravatar.com\/avatar\/ad45a8c5da24bc9c7c4940dd1c48a695?s=96&d=mm&r=g","caption":"A Delapalisse"},"sameAs":["http:\/\/ECI"]}]}},"authors":[{"term_id":3640,"user_id":0,"is_guest":1,"slug":"nick-flaherty","display_name":"Nick Flaherty","avatar_url":"https:\/\/secure.gravatar.com\/avatar\/?s=96&d=mm&r=g","0":null,"1":"","2":"","3":"","4":"","5":"","6":"","7":"","8":""},{"term_id":1153,"user_id":34,"is_guest":0,"slug":"adelapalisse","display_name":"A Delapalisse","avatar_url":"https:\/\/secure.gravatar.com\/avatar\/ad45a8c5da24bc9c7c4940dd1c48a695?s=96&d=mm&r=g","0":null,"1":"","2":"","3":"","4":"","5":"","6":"","7":"","8":""}],"_links":{"self":[{"href":"https:\/\/www.ecinews.fr\/fr\/wp-json\/wp\/v2\/posts\/461499"}],"collection":[{"href":"https:\/\/www.ecinews.fr\/fr\/wp-json\/wp\/v2\/posts"}],"about":[{"href":"https:\/\/www.ecinews.fr\/fr\/wp-json\/wp\/v2\/types\/post"}],"author":[{"embeddable":true,"href":"https:\/\/www.ecinews.fr\/fr\/wp-json\/wp\/v2\/users\/34"}],"replies":[{"embeddable":true,"href":"https:\/\/www.ecinews.fr\/fr\/wp-json\/wp\/v2\/comments?post=461499"}],"version-history":[{"count":0,"href":"https:\/\/www.ecinews.fr\/fr\/wp-json\/wp\/v2\/posts\/461499\/revisions"}],"wp:featuredmedia":[{"embeddable":true,"href":"https:\/\/www.ecinews.fr\/fr\/wp-json\/wp\/v2\/media\/461297"}],"wp:attachment":[{"href":"https:\/\/www.ecinews.fr\/fr\/wp-json\/wp\/v2\/media?parent=461499"}],"wp:term":[{"taxonomy":"category","embeddable":true,"href":"https:\/\/www.ecinews.fr\/fr\/wp-json\/wp\/v2\/categories?post=461499"},{"taxonomy":"post_tag","embeddable":true,"href":"https:\/\/www.ecinews.fr\/fr\/wp-json\/wp\/v2\/tags?post=461499"},{"taxonomy":"domains","embeddable":true,"href":"https:\/\/www.ecinews.fr\/fr\/wp-json\/wp\/v2\/domains?post=461499"},{"taxonomy":"author","embeddable":true,"href":"https:\/\/www.ecinews.fr\/fr\/wp-json\/wp\/v2\/ppma_author?post=461499"}],"curies":[{"name":"wp","href":"https:\/\/api.w.org\/{rel}","templated":true}]}}