{"id":461431,"date":"2024-09-27T09:30:41","date_gmt":"2024-09-27T07:30:41","guid":{"rendered":"https:\/\/www.ecinews.fr\/?p=461431"},"modified":"2024-09-26T23:48:05","modified_gmt":"2024-09-26T21:48:05","slug":"element14-lancement-du-concours-de-conception-start-a-movement","status":"publish","type":"post","link":"https:\/\/www.ecinews.fr\/fr\/element14-lancement-du-concours-de-conception-start-a-movement\/","title":{"rendered":"element14 : lancement du concours de conception \u00ab Start a Movement \u00bb"},"content":{"rendered":"<p>Le concours de conception \u00ab\u00a0Start a Movement\u00a0\u00bb, lanc\u00e9 par <a href=\"https:\/\/community.element14.com\/\">element14<\/a>, membre de la communaut\u00e9 Avnet, offrira \u00e0 20\u00a0ing\u00e9nieurs l\u2019opportunit\u00e9 de construire un projet de leur choix comportant un composant mobile. Les candidats utiliseront le <a href=\"https:\/\/www.analog.com\/en\/resources\/evaluation-hardware-and-software\/evaluation-boards-kits\/tmc5272-eval.html#eb-relatedsoftware\">kit TMC5272-EVAL<\/a> ainsi que le <a href=\"https:\/\/uk.farnell.com\/trinamic\/qsh4218-51-10-049\/stepper-motor-1-8deg-1a-0-49nm\/dp\/1010727?srsltid=AfmBOoqKvlevKtXX03cfUmEoIyqf93gmtUVRXpu92gaL51qVDdZdHIqs\">moteur pas \u00e0 pas QSH4218 NEMA 17<\/a> et le <a href=\"https:\/\/uk.farnell.com\/multicomp-pro\/mp004777\/adapter-ac-dc-24v-1a\/dp\/3497107\">bloc d\u2019alimentation<\/a> d\u2019Analog\u00a0Devices pour donner vie \u00e0 leurs projets gr\u00e2ce au mouvement automatis\u00e9.<\/p>\n<p>Les concepteurs sont encourag\u00e9s \u00e0 laisser libre cours \u00e0 leur cr\u00e9ativit\u00e9 \u00e0 l\u2019heure de choisir la mani\u00e8re dont ils souhaitent int\u00e9grer des composants mobiles dans leurs projets. Les exemples de t\u00e2ches qui peuvent \u00eatre effectu\u00e9es incluent, sans toutefois s\u2019y limiter\u00a0:<\/p>\n<ul>\n<li>Contr\u00f4le de mouvement<\/li>\n<li>Mouvement pr\u00e9cis<\/li>\n<li>Technologies portables<\/li>\n<li>Composants portables personnels<\/li>\n<li>Syst\u00e8mes optiques, contr\u00f4le des lentilles<\/li>\n<li>Vid\u00e9osurveillance, Surveillance, Syst\u00e8mes de conf\u00e9rence, Mise au point\/zoom et Contr\u00f4le panoramique\/de l\u2019inclinaison<\/li>\n<li>Patchs et pompes \u00e0 insuline<\/li>\n<li>Pipettes et manipulation des liquides<\/li>\n<li>Petits appareils d\u2019impression et de num\u00e9risation<\/li>\n<li>Automatisation des laboratoires et des bureaux<\/li>\n<li>Applications de moteurs pas \u00e0 pas avec espace restreint<\/li>\n<li>Contr\u00f4le de mouvement \u00e9conome en \u00e9nergie<\/li>\n<\/ul>\n<p>\u00ab\u00a0Les capacit\u00e9s de mouvement sont cruciales pour tous les \u00e9l\u00e9ments technologiques de la vie quotidienne\u00a0\u00bb, a d\u00e9clar\u00e9 <strong>Andreea Teodorescu, Global Director of Product Marketing &amp; element14 Community. <\/strong>\u00ab\u00a0Nous esp\u00e9rons que ce concours incitera nos membres \u00e0 int\u00e9grer davantage de composants mobiles et automatis\u00e9s dans leurs futures cr\u00e9ations et les conduira potentiellement \u00e0 concevoir de nouvelles innovations de pointe\u00a0\u00bb<\/p>\n<p>Les candidatures sont ouvertes jusqu\u2019au <strong>18<\/strong>\u00a0<strong>octobre.<\/strong> Une fois s\u00e9lectionn\u00e9s, les participants auront jusqu\u2019\u00e0 <strong>3\u00a0d\u00e9cembre<\/strong> pour construire leurs projets. Pour \u00eatre consid\u00e9r\u00e9s comme ayant termin\u00e9 le concours, les participants s\u00e9lectionn\u00e9s doivent publier cinq articles de blog ou de forum sur le site du concours pour pr\u00e9senter leur processus de construction et un article sur le r\u00e9sultat final de leur projet. Les publications qui incluent des photos, des vid\u00e9os et des exemples de code seront jug\u00e9es plus favorablement.\u00a0<\/p>\n<p>Le gagnant du grand prix recevra un <a href=\"https:\/\/www.amazon.co.uk\/KELKART-Electric-Battery-Outdoor-Commuter\/dp\/B0B1DC7997\">v\u00e9lo \u00e9lectrique KELKART de 27,5\u00a0pouces<\/a>. La deuxi\u00e8me place recevra un <a href=\"https:\/\/www.amazon.co.uk\/Fafrees-Electric-Folding-Removable-Battery\/dp\/B0C7LBP94W\">v\u00e9lo \u00e9lectrique Fafrees<\/a> et les autres finalistes du concours recevront un <a href=\"https:\/\/be.farnell.com\/tenma\/72-13430\/dmm-handheld-auto-manual-2000\/dp\/2887385\">kit de multim\u00e8tre MultiComp\u00a0Pro<\/a>.<\/p>\n<p>Pour en savoir plus sur le concours de conception \u00ab\u00a0Start a Movement\u00a0\u00bb et pour y participer, rendez-vous sur <a href=\"https:\/\/community.element14.com\/start-a-movement\">https:\/\/community.element14.com\/start-a-movement<\/a>.<\/p>\n<p><a href=\"https:\/\/www.farnell.com\/\">Farnell<\/a><strong> | <\/strong><a href=\"https:\/\/community.element14.com\/\">element14<\/a><\/p>\n","protected":false},"excerpt":{"rendered":"<p>Le concours de conception \u00ab\u00a0Start a Movement\u00a0\u00bb, lanc\u00e9 par element14, membre de la communaut\u00e9 Avnet, offrira \u00e0 20\u00a0ing\u00e9nieurs l\u2019opportunit\u00e9 de construire un projet de leur choix comportant un composant mobile. Les candidats utiliseront le kit TMC5272-EVAL ainsi que le moteur pas \u00e0 pas QSH4218 NEMA 17 et le bloc d\u2019alimentation d\u2019Analog\u00a0Devices pour donner vie \u00e0 [&hellip;]<\/p>\n","protected":false},"author":39,"featured_media":461436,"comment_status":"closed","ping_status":"closed","sticky":false,"template":"","format":"standard","meta":{"_acf_changed":false,"footnotes":""},"categories":[886],"tags":[5754,7710],"domains":[47],"ppma_author":[6113],"class_list":["post-461431","post","type-post","status-publish","format-standard","has-post-thumbnail","hentry","category-news-fr","tag-conception","tag-concours-2","domains-electronique-eci"],"acf":[],"yoast_head":"<title>element14 : lancement du concours de conception \u00ab Start a Move...<\/title>\n<meta name=\"description\" content=\"Le concours de conception \u00ab\u00a0Start a Movement\u00a0\u00bb, lanc\u00e9 par element14, membre de la communaut\u00e9 Avnet, offrira \u00e0 20\u00a0ing\u00e9nieurs l\u2019opportunit\u00e9 de...\" \/>\n<meta name=\"robots\" content=\"index, follow, max-snippet:-1, max-image-preview:large, max-video-preview:-1\" \/>\n<link rel=\"canonical\" href=\"https:\/\/www.ecinews.fr\/fr\/wp-json\/wp\/v2\/posts\/461431\/\" \/>\n<meta property=\"og:locale\" content=\"fr_FR\" \/>\n<meta property=\"og:type\" content=\"article\" \/>\n<meta property=\"og:title\" content=\"element14 : lancement du concours de conception \u00ab Start a Movement \u00bb\" \/>\n<meta property=\"og:description\" content=\"Le concours de conception \u00ab\u00a0Start a Movement\u00a0\u00bb, lanc\u00e9 par element14, membre de la communaut\u00e9 Avnet, offrira \u00e0 20\u00a0ing\u00e9nieurs l\u2019opportunit\u00e9 de construire un projet de leur choix comportant un composant mobile. Les candidats utiliseront le kit TMC5272-EVAL ainsi que le moteur pas \u00e0 pas QSH4218 NEMA 17 et le bloc d\u2019alimentation d\u2019Analog\u00a0Devices pour donner vie \u00e0 leurs projets gr\u00e2ce au mouvement automatis\u00e9.\" \/>\n<meta property=\"og:url\" content=\"https:\/\/www.ecinews.fr\/fr\/wp-json\/wp\/v2\/posts\/461431\/\" \/>\n<meta property=\"og:site_name\" content=\"EENewsEurope\" \/>\n<meta property=\"article:published_time\" content=\"2024-09-27T07:30:41+00:00\" \/>\n<meta property=\"article:modified_time\" content=\"2024-09-26T21:48:05+00:00\" \/>\n<meta property=\"og:image\" content=\"https:\/\/www.ecinews.fr\/wp-content\/uploads\/2024\/09\/ECI4474-La-communaute-element14-lance-le-concours-de-conception-Start-a-Movement-FR-scaled.jpg\" \/>\n\t<meta property=\"og:image:width\" content=\"1080\" \/>\n\t<meta property=\"og:image:height\" content=\"608\" \/>\n\t<meta property=\"og:image:type\" content=\"image\/jpeg\" \/>\n<meta name=\"author\" content=\"NicolasFeste\" \/>\n<meta name=\"twitter:card\" content=\"summary_large_image\" \/>\n<meta name=\"twitter:label1\" content=\"Written by\" \/>\n\t<meta name=\"twitter:data1\" content=\"NicolasFeste\" \/>\n\t<meta name=\"twitter:label2\" content=\"Est. reading time\" \/>\n\t<meta name=\"twitter:data2\" content=\"2 minutes\" \/>\n<script type=\"application\/ld+json\" class=\"yoast-schema-graph\">{\"@context\":\"https:\/\/schema.org\",\"@graph\":[{\"@type\":\"Article\",\"@id\":\"https:\/\/www.ecinews.fr\/fr\/element14-lancement-du-concours-de-conception-start-a-movement\/#article\",\"isPartOf\":{\"@id\":\"https:\/\/www.ecinews.fr\/fr\/element14-lancement-du-concours-de-conception-start-a-movement\/\"},\"author\":{\"name\":\"NicolasFeste\",\"@id\":\"https:\/\/www.eenewseurope.com\/en\/#\/schema\/person\/c7104a72b466a801f257e51481de0c43\"},\"headline\":\"element14 : lancement du concours de conception \u00ab Start a Movement \u00bb\",\"datePublished\":\"2024-09-27T07:30:41+00:00\",\"dateModified\":\"2024-09-26T21:48:05+00:00\",\"mainEntityOfPage\":{\"@id\":\"https:\/\/www.ecinews.fr\/fr\/element14-lancement-du-concours-de-conception-start-a-movement\/\"},\"wordCount\":407,\"publisher\":{\"@id\":\"https:\/\/www.eenewseurope.com\/en\/#organization\"},\"keywords\":[\"Conception\",\"Concours\"],\"articleSection\":[\"Actualit\u00e9 g\u00e9n\u00e9rale\"],\"inLanguage\":\"fr-FR\"},{\"@type\":\"WebPage\",\"@id\":\"https:\/\/www.ecinews.fr\/fr\/element14-lancement-du-concours-de-conception-start-a-movement\/\",\"url\":\"https:\/\/www.ecinews.fr\/fr\/element14-lancement-du-concours-de-conception-start-a-movement\/\",\"name\":\"element14 : lancement du concours de conception \u00ab Start a Movement \u00bb -\",\"isPartOf\":{\"@id\":\"https:\/\/www.eenewseurope.com\/en\/#website\"},\"datePublished\":\"2024-09-27T07:30:41+00:00\",\"dateModified\":\"2024-09-26T21:48:05+00:00\",\"description\":\"Le concours de conception \u00ab\u00a0Start a Movement\u00a0\u00bb, lanc\u00e9 par element14, membre de la communaut\u00e9 Avnet, offrira \u00e0 20\u00a0ing\u00e9nieurs l\u2019opportunit\u00e9 de construire un projet de leur choix comportant un composant mobile. Les candidats utiliseront le kit TMC5272-EVAL ainsi que le moteur pas \u00e0 pas QSH4218 NEMA 17 et le bloc d\u2019alimentation d\u2019Analog\u00a0Devices pour donner vie \u00e0 leurs projets gr\u00e2ce au mouvement automatis\u00e9.\",\"breadcrumb\":{\"@id\":\"https:\/\/www.ecinews.fr\/fr\/element14-lancement-du-concours-de-conception-start-a-movement\/#breadcrumb\"},\"inLanguage\":\"fr-FR\",\"potentialAction\":[{\"@type\":\"ReadAction\",\"target\":[\"https:\/\/www.ecinews.fr\/fr\/element14-lancement-du-concours-de-conception-start-a-movement\/\"]}]},{\"@type\":\"BreadcrumbList\",\"@id\":\"https:\/\/www.ecinews.fr\/fr\/element14-lancement-du-concours-de-conception-start-a-movement\/#breadcrumb\",\"itemListElement\":[{\"@type\":\"ListItem\",\"position\":1,\"name\":\"Home\",\"item\":\"https:\/\/www.ecinews.fr\/fr\/\"},{\"@type\":\"ListItem\",\"position\":2,\"name\":\"element14 : lancement du concours de conception \u00ab Start a Movement \u00bb\"}]},{\"@type\":\"WebSite\",\"@id\":\"https:\/\/www.eenewseurope.com\/en\/#website\",\"url\":\"https:\/\/www.eenewseurope.com\/en\/\",\"name\":\"EENewsEurope\",\"description\":\"Just another WordPress site\",\"publisher\":{\"@id\":\"https:\/\/www.eenewseurope.com\/en\/#organization\"},\"potentialAction\":[{\"@type\":\"SearchAction\",\"target\":{\"@type\":\"EntryPoint\",\"urlTemplate\":\"https:\/\/www.eenewseurope.com\/en\/?s={search_term_string}\"},\"query-input\":\"required name=search_term_string\"}],\"inLanguage\":\"fr-FR\"},{\"@type\":\"Organization\",\"@id\":\"https:\/\/www.eenewseurope.com\/en\/#organization\",\"name\":\"EENewsEurope\",\"url\":\"https:\/\/www.eenewseurope.com\/en\/\",\"logo\":{\"@type\":\"ImageObject\",\"inLanguage\":\"fr-FR\",\"@id\":\"https:\/\/www.eenewseurope.com\/en\/#\/schema\/logo\/image\/\",\"url\":\"https:\/\/www.ecinews.fr\/wp-content\/uploads\/2022\/02\/logo-1.jpg\",\"contentUrl\":\"https:\/\/www.ecinews.fr\/wp-content\/uploads\/2022\/02\/logo-1.jpg\",\"width\":283,\"height\":113,\"caption\":\"EENewsEurope\"},\"image\":{\"@id\":\"https:\/\/www.eenewseurope.com\/en\/#\/schema\/logo\/image\/\"}},{\"@type\":\"Person\",\"@id\":\"https:\/\/www.eenewseurope.com\/en\/#\/schema\/person\/c7104a72b466a801f257e51481de0c43\",\"name\":\"NicolasFeste\",\"image\":{\"@type\":\"ImageObject\",\"inLanguage\":\"fr-FR\",\"@id\":\"https:\/\/www.eenewseurope.com\/en\/#\/schema\/person\/image\/1ea421e7d03c1e96a9ea2bcf2705734a\",\"url\":\"https:\/\/secure.gravatar.com\/avatar\/2e187f4d96902933ba445ed6c760e11c?s=96&d=mm&r=g\",\"contentUrl\":\"https:\/\/secure.gravatar.com\/avatar\/2e187f4d96902933ba445ed6c760e11c?s=96&d=mm&r=g\",\"caption\":\"NicolasFeste\"}}]}<\/script>","yoast_head_json":{"title":"element14 : lancement du concours de conception \u00ab Start a Move...","description":"Le concours de conception \u00ab\u00a0Start a Movement\u00a0\u00bb, lanc\u00e9 par element14, membre de la communaut\u00e9 Avnet, offrira \u00e0 20\u00a0ing\u00e9nieurs l\u2019opportunit\u00e9 de...","robots":{"index":"index","follow":"follow","max-snippet":"max-snippet:-1","max-image-preview":"max-image-preview:large","max-video-preview":"max-video-preview:-1"},"canonical":"https:\/\/www.ecinews.fr\/fr\/wp-json\/wp\/v2\/posts\/461431\/","og_locale":"fr_FR","og_type":"article","og_title":"element14 : lancement du concours de conception \u00ab Start a Movement \u00bb","og_description":"Le concours de conception \u00ab\u00a0Start a Movement\u00a0\u00bb, lanc\u00e9 par element14, membre de la communaut\u00e9 Avnet, offrira \u00e0 20\u00a0ing\u00e9nieurs l\u2019opportunit\u00e9 de construire un projet de leur choix comportant un composant mobile. Les candidats utiliseront le kit TMC5272-EVAL ainsi que le moteur pas \u00e0 pas QSH4218 NEMA 17 et le bloc d\u2019alimentation d\u2019Analog\u00a0Devices pour donner vie \u00e0 leurs projets gr\u00e2ce au mouvement automatis\u00e9.","og_url":"https:\/\/www.ecinews.fr\/fr\/wp-json\/wp\/v2\/posts\/461431\/","og_site_name":"EENewsEurope","article_published_time":"2024-09-27T07:30:41+00:00","article_modified_time":"2024-09-26T21:48:05+00:00","og_image":[{"width":1080,"height":608,"url":"https:\/\/www.ecinews.fr\/wp-content\/uploads\/2024\/09\/ECI4474-La-communaute-element14-lance-le-concours-de-conception-Start-a-Movement-FR-scaled.jpg","type":"image\/jpeg"}],"author":"NicolasFeste","twitter_card":"summary_large_image","twitter_misc":{"Written by":"NicolasFeste","Est. reading time":"2 minutes"},"schema":{"@context":"https:\/\/schema.org","@graph":[{"@type":"Article","@id":"https:\/\/www.ecinews.fr\/fr\/element14-lancement-du-concours-de-conception-start-a-movement\/#article","isPartOf":{"@id":"https:\/\/www.ecinews.fr\/fr\/element14-lancement-du-concours-de-conception-start-a-movement\/"},"author":{"name":"NicolasFeste","@id":"https:\/\/www.eenewseurope.com\/en\/#\/schema\/person\/c7104a72b466a801f257e51481de0c43"},"headline":"element14 : lancement du concours de conception \u00ab Start a Movement \u00bb","datePublished":"2024-09-27T07:30:41+00:00","dateModified":"2024-09-26T21:48:05+00:00","mainEntityOfPage":{"@id":"https:\/\/www.ecinews.fr\/fr\/element14-lancement-du-concours-de-conception-start-a-movement\/"},"wordCount":407,"publisher":{"@id":"https:\/\/www.eenewseurope.com\/en\/#organization"},"keywords":["Conception","Concours"],"articleSection":["Actualit\u00e9 g\u00e9n\u00e9rale"],"inLanguage":"fr-FR"},{"@type":"WebPage","@id":"https:\/\/www.ecinews.fr\/fr\/element14-lancement-du-concours-de-conception-start-a-movement\/","url":"https:\/\/www.ecinews.fr\/fr\/element14-lancement-du-concours-de-conception-start-a-movement\/","name":"element14 : lancement du concours de conception \u00ab Start a Movement \u00bb -","isPartOf":{"@id":"https:\/\/www.eenewseurope.com\/en\/#website"},"datePublished":"2024-09-27T07:30:41+00:00","dateModified":"2024-09-26T21:48:05+00:00","description":"Le concours de conception \u00ab\u00a0Start a Movement\u00a0\u00bb, lanc\u00e9 par element14, membre de la communaut\u00e9 Avnet, offrira \u00e0 20\u00a0ing\u00e9nieurs l\u2019opportunit\u00e9 de construire un projet de leur choix comportant un composant mobile. Les candidats utiliseront le kit TMC5272-EVAL ainsi que le moteur pas \u00e0 pas QSH4218 NEMA 17 et le bloc d\u2019alimentation d\u2019Analog\u00a0Devices pour donner vie \u00e0 leurs projets gr\u00e2ce au mouvement automatis\u00e9.","breadcrumb":{"@id":"https:\/\/www.ecinews.fr\/fr\/element14-lancement-du-concours-de-conception-start-a-movement\/#breadcrumb"},"inLanguage":"fr-FR","potentialAction":[{"@type":"ReadAction","target":["https:\/\/www.ecinews.fr\/fr\/element14-lancement-du-concours-de-conception-start-a-movement\/"]}]},{"@type":"BreadcrumbList","@id":"https:\/\/www.ecinews.fr\/fr\/element14-lancement-du-concours-de-conception-start-a-movement\/#breadcrumb","itemListElement":[{"@type":"ListItem","position":1,"name":"Home","item":"https:\/\/www.ecinews.fr\/fr\/"},{"@type":"ListItem","position":2,"name":"element14 : lancement du concours de conception \u00ab Start a Movement \u00bb"}]},{"@type":"WebSite","@id":"https:\/\/www.eenewseurope.com\/en\/#website","url":"https:\/\/www.eenewseurope.com\/en\/","name":"EENewsEurope","description":"Just another WordPress site","publisher":{"@id":"https:\/\/www.eenewseurope.com\/en\/#organization"},"potentialAction":[{"@type":"SearchAction","target":{"@type":"EntryPoint","urlTemplate":"https:\/\/www.eenewseurope.com\/en\/?s={search_term_string}"},"query-input":"required name=search_term_string"}],"inLanguage":"fr-FR"},{"@type":"Organization","@id":"https:\/\/www.eenewseurope.com\/en\/#organization","name":"EENewsEurope","url":"https:\/\/www.eenewseurope.com\/en\/","logo":{"@type":"ImageObject","inLanguage":"fr-FR","@id":"https:\/\/www.eenewseurope.com\/en\/#\/schema\/logo\/image\/","url":"https:\/\/www.ecinews.fr\/wp-content\/uploads\/2022\/02\/logo-1.jpg","contentUrl":"https:\/\/www.ecinews.fr\/wp-content\/uploads\/2022\/02\/logo-1.jpg","width":283,"height":113,"caption":"EENewsEurope"},"image":{"@id":"https:\/\/www.eenewseurope.com\/en\/#\/schema\/logo\/image\/"}},{"@type":"Person","@id":"https:\/\/www.eenewseurope.com\/en\/#\/schema\/person\/c7104a72b466a801f257e51481de0c43","name":"NicolasFeste","image":{"@type":"ImageObject","inLanguage":"fr-FR","@id":"https:\/\/www.eenewseurope.com\/en\/#\/schema\/person\/image\/1ea421e7d03c1e96a9ea2bcf2705734a","url":"https:\/\/secure.gravatar.com\/avatar\/2e187f4d96902933ba445ed6c760e11c?s=96&d=mm&r=g","contentUrl":"https:\/\/secure.gravatar.com\/avatar\/2e187f4d96902933ba445ed6c760e11c?s=96&d=mm&r=g","caption":"NicolasFeste"}}]}},"authors":[{"term_id":6113,"user_id":39,"is_guest":0,"slug":"nicolasfeste","display_name":"NicolasFeste","avatar_url":"https:\/\/secure.gravatar.com\/avatar\/2e187f4d96902933ba445ed6c760e11c?s=96&d=mm&r=g","0":null,"1":"","2":"","3":"","4":"","5":"","6":"","7":"","8":""}],"_links":{"self":[{"href":"https:\/\/www.ecinews.fr\/fr\/wp-json\/wp\/v2\/posts\/461431"}],"collection":[{"href":"https:\/\/www.ecinews.fr\/fr\/wp-json\/wp\/v2\/posts"}],"about":[{"href":"https:\/\/www.ecinews.fr\/fr\/wp-json\/wp\/v2\/types\/post"}],"author":[{"embeddable":true,"href":"https:\/\/www.ecinews.fr\/fr\/wp-json\/wp\/v2\/users\/39"}],"replies":[{"embeddable":true,"href":"https:\/\/www.ecinews.fr\/fr\/wp-json\/wp\/v2\/comments?post=461431"}],"version-history":[{"count":0,"href":"https:\/\/www.ecinews.fr\/fr\/wp-json\/wp\/v2\/posts\/461431\/revisions"}],"wp:featuredmedia":[{"embeddable":true,"href":"https:\/\/www.ecinews.fr\/fr\/wp-json\/wp\/v2\/media\/461436"}],"wp:attachment":[{"href":"https:\/\/www.ecinews.fr\/fr\/wp-json\/wp\/v2\/media?parent=461431"}],"wp:term":[{"taxonomy":"category","embeddable":true,"href":"https:\/\/www.ecinews.fr\/fr\/wp-json\/wp\/v2\/categories?post=461431"},{"taxonomy":"post_tag","embeddable":true,"href":"https:\/\/www.ecinews.fr\/fr\/wp-json\/wp\/v2\/tags?post=461431"},{"taxonomy":"domains","embeddable":true,"href":"https:\/\/www.ecinews.fr\/fr\/wp-json\/wp\/v2\/domains?post=461431"},{"taxonomy":"author","embeddable":true,"href":"https:\/\/www.ecinews.fr\/fr\/wp-json\/wp\/v2\/ppma_author?post=461431"}],"curies":[{"name":"wp","href":"https:\/\/api.w.org\/{rel}","templated":true}]}}