{"id":461115,"date":"2024-09-23T09:00:51","date_gmt":"2024-09-23T07:00:51","guid":{"rendered":"https:\/\/www.ecinews.fr\/?p=461115"},"modified":"2024-09-23T22:53:29","modified_gmt":"2024-09-23T20:53:29","slug":"panasonic-prise-en-charge-du-ndi-par-ses-cameras","status":"publish","type":"post","link":"https:\/\/www.ecinews.fr\/fr\/panasonic-prise-en-charge-du-ndi-par-ses-cameras\/","title":{"rendered":"PANASONIC : Prise en charge du NDI par ses cam\u00e9ras"},"content":{"rendered":"<h3>Les cam\u00e9ras PTZ int\u00e9gr\u00e9es 4K (AW-UE40, UE50, HE145 et UE150) de Panasonic Connect Europe ainsi qu&rsquo;\u00e0 l\u2019enregistreur de cam\u00e9ra sur carte m\u00e9moire AG-CX350 re\u00e7oivent l\u2019extension de prise en charge du protocole NDI (Network Device Interface), un standard ouvert pour la connexion d\u2019appareils vid\u00e9o sur un r\u00e9seau.<\/h3>\n<p>Ces mises \u00e0 niveau, qui n\u00e9cessitaient auparavant une licence payante de Vizrt NDI AB, seront disponibles gratuitement via une mise \u00e0 jour firmware entre d\u00e9cembre 2024 et avril 2025. Apr\u00e8s cette p\u00e9riode, les mod\u00e8les seront livr\u00e9s avec la fonctionnalit\u00e9 NDI activ\u00e9e d\u2019office.\u00a0<\/p>\n<p>Cette mise \u00e0 niveau gratuite activera la fonctionnalit\u00e9 NDI en tant que caract\u00e9ristique standard dans plus de 80 000 unit\u00e9s actuellement en service dans divers environnements de production vid\u00e9o. Alors que l&rsquo;int\u00e9gration de la technologie IP dans les \u00e9quipements vid\u00e9o s&rsquo;acc\u00e9l\u00e8re, cette initiative contribuera \u00e0 l&rsquo;expansion de l&rsquo;\u00e9cosyst\u00e8me NDI, offrant ainsi une plus grande efficacit\u00e9 et flexibilit\u00e9 des workflows.\u00a0<\/p>\n<p>NDI est un standard ouvert permettant la connexion d\u2019\u00e9quipements vid\u00e9o sur les r\u00e9seaux IP, permettant l&rsquo;utilisation de dispositifs NDI pour construire des infrastructures sur des r\u00e9seaux IP gigabit standard. Cette technologie simplifie la transition vers l\u2019IP, en permettant \u00e0 davantage de dispositifs d&rsquo;acc\u00e9der \u00e0 tous les \u00e9quipements NDI pr\u00e9sents sur le r\u00e9seau. Parmi ces dispositifs, on retrouve des m\u00e9langeurs, des cam\u00e9ras et des serveurs m\u00e9dias, ce qui permet d&rsquo;utiliser un contenu diversifi\u00e9 dans la production vid\u00e9o. De plus, les cam\u00e9ras PTZ de Panasonic compatibles avec NDI et prenant en charge le PoE \u2013 une solution \u00e0 c\u00e2ble unique pour l&rsquo;alimentation, le contr\u00f4le et la transmission audio\/vid\u00e9o \u2013 r\u00e9duisent consid\u00e9rablement les co\u00fbts et la complexit\u00e9 li\u00e9s \u00e0 l&rsquo;installation et au c\u00e2blage.\u00a0<\/p>\n<p>Les produits Panasonic compatibles NDI incluent les cam\u00e9ras PTZ telles que les AW-UE160, UE100 et UE80, les cam\u00e9ras studio comme l\u2019AK-UCX100, les cam\u00e9ras 4K multi-usages AW-UB50 et UB10, les m\u00e9langeurs compacts AV-HSW10 et UHS500, ainsi que la plateforme IT\/IP KAIROS et le plug-in Video Mixer de la Media Production Suite. Ensemble, ces dispositifs peuvent \u00eatre utilis\u00e9s pour cr\u00e9er des syst\u00e8mes de production vid\u00e9o sur IP flexibles et efficaces r\u00e9pondant \u00e0 un large \u00e9ventail de besoins.\u00a0<\/p>\n<p>En standardisant l\u2019int\u00e9gration du NDI dans sa gamme de produits, Panasonic vise \u00e0 faire progresser la mise en r\u00e9seau IP des \u00e9quipements vid\u00e9o.\u00a0<\/p>\n<p><a href=\"https:\/\/www.panasonic.com\/\">Panasonic<\/a><\/p>\n","protected":false},"excerpt":{"rendered":"<p>Les cam\u00e9ras PTZ int\u00e9gr\u00e9es 4K (AW-UE40, UE50, HE145 et UE150) de Panasonic Connect Europe ainsi qu&rsquo;\u00e0 l\u2019enregistreur de cam\u00e9ra sur carte m\u00e9moire AG-CX350 re\u00e7oivent l\u2019extension de prise en charge du protocole NDI (Network Device Interface), un standard ouvert pour la connexion d\u2019appareils vid\u00e9o sur un r\u00e9seau. Ces mises \u00e0 niveau, qui n\u00e9cessitaient auparavant une licence [&hellip;]<\/p>\n","protected":false},"author":39,"featured_media":461118,"comment_status":"closed","ping_status":"closed","sticky":false,"template":"","format":"standard","meta":{"_acf_changed":false,"footnotes":""},"categories":[886,883],"tags":[7669,7668],"domains":[47],"ppma_author":[6113],"class_list":["post-461115","post","type-post","status-publish","format-standard","has-post-thumbnail","hentry","category-news-fr","category-technologies","tag-connection-reseau","tag-protocole-ndi","domains-electronique-eci"],"acf":[],"yoast_head":"<title>PANASONIC : Prise en charge du NDI par ses cam\u00e9ras ...<\/title>\n<meta name=\"description\" content=\"Les cam\u00e9ras PTZ int\u00e9gr\u00e9es 4K (AW-UE40, UE50, HE145 et UE150) de Panasonic Connect Europe ainsi qu&#039;\u00e0 l\u2019enregistreur de cam\u00e9ra sur carte m\u00e9moire...\" \/>\n<meta name=\"robots\" content=\"index, follow, max-snippet:-1, max-image-preview:large, max-video-preview:-1\" \/>\n<link rel=\"canonical\" href=\"https:\/\/www.ecinews.fr\/fr\/wp-json\/wp\/v2\/posts\/461115\/\" \/>\n<meta property=\"og:locale\" content=\"fr_FR\" \/>\n<meta property=\"og:type\" content=\"article\" \/>\n<meta property=\"og:title\" content=\"PANASONIC : Prise en charge du NDI par ses cam\u00e9ras\" \/>\n<meta property=\"og:description\" content=\"Les cam\u00e9ras PTZ int\u00e9gr\u00e9es 4K (AW-UE40, UE50, HE145 et UE150) de Panasonic Connect Europe ainsi qu&#039;\u00e0 l\u2019enregistreur de cam\u00e9ra sur carte m\u00e9moire AG-CX350 re\u00e7oivent l\u2019extension de prise en charge du protocole NDI (Network Device Interface), un standard ouvert pour la connexion d\u2019appareils vid\u00e9o sur un r\u00e9seau.\" \/>\n<meta property=\"og:url\" content=\"https:\/\/www.ecinews.fr\/fr\/wp-json\/wp\/v2\/posts\/461115\/\" \/>\n<meta property=\"og:site_name\" content=\"EENewsEurope\" \/>\n<meta property=\"article:published_time\" content=\"2024-09-23T07:00:51+00:00\" \/>\n<meta property=\"article:modified_time\" content=\"2024-09-23T20:53:29+00:00\" \/>\n<meta property=\"og:image\" content=\"https:\/\/www.ecinews.fr\/wp-content\/uploads\/2024\/09\/ECI4458-CP-Panasonic_Prise-en-charge-NDI.jpg\" \/>\n\t<meta property=\"og:image:width\" content=\"550\" \/>\n\t<meta property=\"og:image:height\" content=\"341\" \/>\n\t<meta property=\"og:image:type\" content=\"image\/jpeg\" \/>\n<meta name=\"author\" content=\"NicolasFeste\" \/>\n<meta name=\"twitter:card\" content=\"summary_large_image\" \/>\n<meta name=\"twitter:label1\" content=\"Written by\" \/>\n\t<meta name=\"twitter:data1\" content=\"NicolasFeste\" \/>\n\t<meta name=\"twitter:label2\" content=\"Est. reading time\" \/>\n\t<meta name=\"twitter:data2\" content=\"2 minutes\" \/>\n<script type=\"application\/ld+json\" class=\"yoast-schema-graph\">{\"@context\":\"https:\/\/schema.org\",\"@graph\":[{\"@type\":\"Article\",\"@id\":\"https:\/\/www.ecinews.fr\/fr\/panasonic-prise-en-charge-du-ndi-par-ses-cameras\/#article\",\"isPartOf\":{\"@id\":\"https:\/\/www.ecinews.fr\/fr\/panasonic-prise-en-charge-du-ndi-par-ses-cameras\/\"},\"author\":{\"name\":\"NicolasFeste\",\"@id\":\"https:\/\/www.eenewseurope.com\/en\/#\/schema\/person\/c7104a72b466a801f257e51481de0c43\"},\"headline\":\"PANASONIC : Prise en charge du NDI par ses cam\u00e9ras\",\"datePublished\":\"2024-09-23T07:00:51+00:00\",\"dateModified\":\"2024-09-23T20:53:29+00:00\",\"mainEntityOfPage\":{\"@id\":\"https:\/\/www.ecinews.fr\/fr\/panasonic-prise-en-charge-du-ndi-par-ses-cameras\/\"},\"wordCount\":433,\"publisher\":{\"@id\":\"https:\/\/www.eenewseurope.com\/en\/#organization\"},\"keywords\":[\"Connection r\u00e9seau\",\"Protocole NDI\"],\"articleSection\":[\"Actualit\u00e9 g\u00e9n\u00e9rale\",\"Technologies\"],\"inLanguage\":\"fr-FR\"},{\"@type\":\"WebPage\",\"@id\":\"https:\/\/www.ecinews.fr\/fr\/panasonic-prise-en-charge-du-ndi-par-ses-cameras\/\",\"url\":\"https:\/\/www.ecinews.fr\/fr\/panasonic-prise-en-charge-du-ndi-par-ses-cameras\/\",\"name\":\"PANASONIC : Prise en charge du NDI par ses cam\u00e9ras -\",\"isPartOf\":{\"@id\":\"https:\/\/www.eenewseurope.com\/en\/#website\"},\"datePublished\":\"2024-09-23T07:00:51+00:00\",\"dateModified\":\"2024-09-23T20:53:29+00:00\",\"description\":\"Les cam\u00e9ras PTZ int\u00e9gr\u00e9es 4K (AW-UE40, UE50, HE145 et UE150) de Panasonic Connect Europe ainsi qu'\u00e0 l\u2019enregistreur de cam\u00e9ra sur carte m\u00e9moire AG-CX350 re\u00e7oivent l\u2019extension de prise en charge du protocole NDI (Network Device Interface), un standard ouvert pour la connexion d\u2019appareils vid\u00e9o sur un r\u00e9seau.\",\"breadcrumb\":{\"@id\":\"https:\/\/www.ecinews.fr\/fr\/panasonic-prise-en-charge-du-ndi-par-ses-cameras\/#breadcrumb\"},\"inLanguage\":\"fr-FR\",\"potentialAction\":[{\"@type\":\"ReadAction\",\"target\":[\"https:\/\/www.ecinews.fr\/fr\/panasonic-prise-en-charge-du-ndi-par-ses-cameras\/\"]}]},{\"@type\":\"BreadcrumbList\",\"@id\":\"https:\/\/www.ecinews.fr\/fr\/panasonic-prise-en-charge-du-ndi-par-ses-cameras\/#breadcrumb\",\"itemListElement\":[{\"@type\":\"ListItem\",\"position\":1,\"name\":\"Home\",\"item\":\"https:\/\/www.ecinews.fr\/fr\/\"},{\"@type\":\"ListItem\",\"position\":2,\"name\":\"PANASONIC : Prise en charge du NDI par ses cam\u00e9ras\"}]},{\"@type\":\"WebSite\",\"@id\":\"https:\/\/www.eenewseurope.com\/en\/#website\",\"url\":\"https:\/\/www.eenewseurope.com\/en\/\",\"name\":\"EENewsEurope\",\"description\":\"Just another WordPress site\",\"publisher\":{\"@id\":\"https:\/\/www.eenewseurope.com\/en\/#organization\"},\"potentialAction\":[{\"@type\":\"SearchAction\",\"target\":{\"@type\":\"EntryPoint\",\"urlTemplate\":\"https:\/\/www.eenewseurope.com\/en\/?s={search_term_string}\"},\"query-input\":\"required name=search_term_string\"}],\"inLanguage\":\"fr-FR\"},{\"@type\":\"Organization\",\"@id\":\"https:\/\/www.eenewseurope.com\/en\/#organization\",\"name\":\"EENewsEurope\",\"url\":\"https:\/\/www.eenewseurope.com\/en\/\",\"logo\":{\"@type\":\"ImageObject\",\"inLanguage\":\"fr-FR\",\"@id\":\"https:\/\/www.eenewseurope.com\/en\/#\/schema\/logo\/image\/\",\"url\":\"https:\/\/www.ecinews.fr\/wp-content\/uploads\/2022\/02\/logo-1.jpg\",\"contentUrl\":\"https:\/\/www.ecinews.fr\/wp-content\/uploads\/2022\/02\/logo-1.jpg\",\"width\":283,\"height\":113,\"caption\":\"EENewsEurope\"},\"image\":{\"@id\":\"https:\/\/www.eenewseurope.com\/en\/#\/schema\/logo\/image\/\"}},{\"@type\":\"Person\",\"@id\":\"https:\/\/www.eenewseurope.com\/en\/#\/schema\/person\/c7104a72b466a801f257e51481de0c43\",\"name\":\"NicolasFeste\",\"image\":{\"@type\":\"ImageObject\",\"inLanguage\":\"fr-FR\",\"@id\":\"https:\/\/www.eenewseurope.com\/en\/#\/schema\/person\/image\/1ea421e7d03c1e96a9ea2bcf2705734a\",\"url\":\"https:\/\/secure.gravatar.com\/avatar\/2e187f4d96902933ba445ed6c760e11c?s=96&d=mm&r=g\",\"contentUrl\":\"https:\/\/secure.gravatar.com\/avatar\/2e187f4d96902933ba445ed6c760e11c?s=96&d=mm&r=g\",\"caption\":\"NicolasFeste\"}}]}<\/script>","yoast_head_json":{"title":"PANASONIC : Prise en charge du NDI par ses cam\u00e9ras ...","description":"Les cam\u00e9ras PTZ int\u00e9gr\u00e9es 4K (AW-UE40, UE50, HE145 et UE150) de Panasonic Connect Europe ainsi qu'\u00e0 l\u2019enregistreur de cam\u00e9ra sur carte m\u00e9moire...","robots":{"index":"index","follow":"follow","max-snippet":"max-snippet:-1","max-image-preview":"max-image-preview:large","max-video-preview":"max-video-preview:-1"},"canonical":"https:\/\/www.ecinews.fr\/fr\/wp-json\/wp\/v2\/posts\/461115\/","og_locale":"fr_FR","og_type":"article","og_title":"PANASONIC : Prise en charge du NDI par ses cam\u00e9ras","og_description":"Les cam\u00e9ras PTZ int\u00e9gr\u00e9es 4K (AW-UE40, UE50, HE145 et UE150) de Panasonic Connect Europe ainsi qu'\u00e0 l\u2019enregistreur de cam\u00e9ra sur carte m\u00e9moire AG-CX350 re\u00e7oivent l\u2019extension de prise en charge du protocole NDI (Network Device Interface), un standard ouvert pour la connexion d\u2019appareils vid\u00e9o sur un r\u00e9seau.","og_url":"https:\/\/www.ecinews.fr\/fr\/wp-json\/wp\/v2\/posts\/461115\/","og_site_name":"EENewsEurope","article_published_time":"2024-09-23T07:00:51+00:00","article_modified_time":"2024-09-23T20:53:29+00:00","og_image":[{"width":550,"height":341,"url":"https:\/\/www.ecinews.fr\/wp-content\/uploads\/2024\/09\/ECI4458-CP-Panasonic_Prise-en-charge-NDI.jpg","type":"image\/jpeg"}],"author":"NicolasFeste","twitter_card":"summary_large_image","twitter_misc":{"Written by":"NicolasFeste","Est. reading time":"2 minutes"},"schema":{"@context":"https:\/\/schema.org","@graph":[{"@type":"Article","@id":"https:\/\/www.ecinews.fr\/fr\/panasonic-prise-en-charge-du-ndi-par-ses-cameras\/#article","isPartOf":{"@id":"https:\/\/www.ecinews.fr\/fr\/panasonic-prise-en-charge-du-ndi-par-ses-cameras\/"},"author":{"name":"NicolasFeste","@id":"https:\/\/www.eenewseurope.com\/en\/#\/schema\/person\/c7104a72b466a801f257e51481de0c43"},"headline":"PANASONIC : Prise en charge du NDI par ses cam\u00e9ras","datePublished":"2024-09-23T07:00:51+00:00","dateModified":"2024-09-23T20:53:29+00:00","mainEntityOfPage":{"@id":"https:\/\/www.ecinews.fr\/fr\/panasonic-prise-en-charge-du-ndi-par-ses-cameras\/"},"wordCount":433,"publisher":{"@id":"https:\/\/www.eenewseurope.com\/en\/#organization"},"keywords":["Connection r\u00e9seau","Protocole NDI"],"articleSection":["Actualit\u00e9 g\u00e9n\u00e9rale","Technologies"],"inLanguage":"fr-FR"},{"@type":"WebPage","@id":"https:\/\/www.ecinews.fr\/fr\/panasonic-prise-en-charge-du-ndi-par-ses-cameras\/","url":"https:\/\/www.ecinews.fr\/fr\/panasonic-prise-en-charge-du-ndi-par-ses-cameras\/","name":"PANASONIC : Prise en charge du NDI par ses cam\u00e9ras -","isPartOf":{"@id":"https:\/\/www.eenewseurope.com\/en\/#website"},"datePublished":"2024-09-23T07:00:51+00:00","dateModified":"2024-09-23T20:53:29+00:00","description":"Les cam\u00e9ras PTZ int\u00e9gr\u00e9es 4K (AW-UE40, UE50, HE145 et UE150) de Panasonic Connect Europe ainsi qu'\u00e0 l\u2019enregistreur de cam\u00e9ra sur carte m\u00e9moire AG-CX350 re\u00e7oivent l\u2019extension de prise en charge du protocole NDI (Network Device Interface), un standard ouvert pour la connexion d\u2019appareils vid\u00e9o sur un r\u00e9seau.","breadcrumb":{"@id":"https:\/\/www.ecinews.fr\/fr\/panasonic-prise-en-charge-du-ndi-par-ses-cameras\/#breadcrumb"},"inLanguage":"fr-FR","potentialAction":[{"@type":"ReadAction","target":["https:\/\/www.ecinews.fr\/fr\/panasonic-prise-en-charge-du-ndi-par-ses-cameras\/"]}]},{"@type":"BreadcrumbList","@id":"https:\/\/www.ecinews.fr\/fr\/panasonic-prise-en-charge-du-ndi-par-ses-cameras\/#breadcrumb","itemListElement":[{"@type":"ListItem","position":1,"name":"Home","item":"https:\/\/www.ecinews.fr\/fr\/"},{"@type":"ListItem","position":2,"name":"PANASONIC : Prise en charge du NDI par ses cam\u00e9ras"}]},{"@type":"WebSite","@id":"https:\/\/www.eenewseurope.com\/en\/#website","url":"https:\/\/www.eenewseurope.com\/en\/","name":"EENewsEurope","description":"Just another WordPress site","publisher":{"@id":"https:\/\/www.eenewseurope.com\/en\/#organization"},"potentialAction":[{"@type":"SearchAction","target":{"@type":"EntryPoint","urlTemplate":"https:\/\/www.eenewseurope.com\/en\/?s={search_term_string}"},"query-input":"required name=search_term_string"}],"inLanguage":"fr-FR"},{"@type":"Organization","@id":"https:\/\/www.eenewseurope.com\/en\/#organization","name":"EENewsEurope","url":"https:\/\/www.eenewseurope.com\/en\/","logo":{"@type":"ImageObject","inLanguage":"fr-FR","@id":"https:\/\/www.eenewseurope.com\/en\/#\/schema\/logo\/image\/","url":"https:\/\/www.ecinews.fr\/wp-content\/uploads\/2022\/02\/logo-1.jpg","contentUrl":"https:\/\/www.ecinews.fr\/wp-content\/uploads\/2022\/02\/logo-1.jpg","width":283,"height":113,"caption":"EENewsEurope"},"image":{"@id":"https:\/\/www.eenewseurope.com\/en\/#\/schema\/logo\/image\/"}},{"@type":"Person","@id":"https:\/\/www.eenewseurope.com\/en\/#\/schema\/person\/c7104a72b466a801f257e51481de0c43","name":"NicolasFeste","image":{"@type":"ImageObject","inLanguage":"fr-FR","@id":"https:\/\/www.eenewseurope.com\/en\/#\/schema\/person\/image\/1ea421e7d03c1e96a9ea2bcf2705734a","url":"https:\/\/secure.gravatar.com\/avatar\/2e187f4d96902933ba445ed6c760e11c?s=96&d=mm&r=g","contentUrl":"https:\/\/secure.gravatar.com\/avatar\/2e187f4d96902933ba445ed6c760e11c?s=96&d=mm&r=g","caption":"NicolasFeste"}}]}},"authors":[{"term_id":6113,"user_id":39,"is_guest":0,"slug":"nicolasfeste","display_name":"NicolasFeste","avatar_url":"https:\/\/secure.gravatar.com\/avatar\/2e187f4d96902933ba445ed6c760e11c?s=96&d=mm&r=g","0":null,"1":"","2":"","3":"","4":"","5":"","6":"","7":"","8":""}],"_links":{"self":[{"href":"https:\/\/www.ecinews.fr\/fr\/wp-json\/wp\/v2\/posts\/461115"}],"collection":[{"href":"https:\/\/www.ecinews.fr\/fr\/wp-json\/wp\/v2\/posts"}],"about":[{"href":"https:\/\/www.ecinews.fr\/fr\/wp-json\/wp\/v2\/types\/post"}],"author":[{"embeddable":true,"href":"https:\/\/www.ecinews.fr\/fr\/wp-json\/wp\/v2\/users\/39"}],"replies":[{"embeddable":true,"href":"https:\/\/www.ecinews.fr\/fr\/wp-json\/wp\/v2\/comments?post=461115"}],"version-history":[{"count":0,"href":"https:\/\/www.ecinews.fr\/fr\/wp-json\/wp\/v2\/posts\/461115\/revisions"}],"wp:featuredmedia":[{"embeddable":true,"href":"https:\/\/www.ecinews.fr\/fr\/wp-json\/wp\/v2\/media\/461118"}],"wp:attachment":[{"href":"https:\/\/www.ecinews.fr\/fr\/wp-json\/wp\/v2\/media?parent=461115"}],"wp:term":[{"taxonomy":"category","embeddable":true,"href":"https:\/\/www.ecinews.fr\/fr\/wp-json\/wp\/v2\/categories?post=461115"},{"taxonomy":"post_tag","embeddable":true,"href":"https:\/\/www.ecinews.fr\/fr\/wp-json\/wp\/v2\/tags?post=461115"},{"taxonomy":"domains","embeddable":true,"href":"https:\/\/www.ecinews.fr\/fr\/wp-json\/wp\/v2\/domains?post=461115"},{"taxonomy":"author","embeddable":true,"href":"https:\/\/www.ecinews.fr\/fr\/wp-json\/wp\/v2\/ppma_author?post=461115"}],"curies":[{"name":"wp","href":"https:\/\/api.w.org\/{rel}","templated":true}]}}