{"id":460492,"date":"2024-09-14T17:14:38","date_gmt":"2024-09-14T15:14:38","guid":{"rendered":"https:\/\/www.ecinews.fr\/?p=460492"},"modified":"2024-09-14T17:14:38","modified_gmt":"2024-09-14T15:14:38","slug":"leurope-vulnerable-face-au-prochain-downturn-du-marche-des-puces","status":"publish","type":"post","link":"https:\/\/www.ecinews.fr\/fr\/leurope-vulnerable-face-au-prochain-downturn-du-marche-des-puces\/","title":{"rendered":"L&rsquo;Europe vuln\u00e9rable face au prochain downturn du march\u00e9 des puces"},"content":{"rendered":"<h3>Le march\u00e9 europ\u00e9en des semi-conducteurs est en r\u00e9cession et particuli\u00e8rement vuln\u00e9rable, selon la derni\u00e8re mise \u00e0 jour de Future Horizons.<\/h3>\n<p>\u00ab\u00a0Il y a beaucoup d&rsquo;incertitude pour cette ann\u00e9e\u00a0\u00bb, a d\u00e9clar\u00e9 Malcolm Penn, pr\u00e9sident-directeur g\u00e9n\u00e9ral de la soci\u00e9t\u00e9 d&rsquo;\u00e9tudes de march\u00e9 Future Horizons, dans son rapport trimestriel sur le march\u00e9 des semi-conducteurs.<\/p>\n<p>Il pr\u00e9voit une croissance du march\u00e9 des semi-conducteurs de 15 % en 2024 et de 8 % en 2025, lorsque le ralentissement s&rsquo;amorcera. \u00ab\u00a0Tous les voyants lumineux clignotent au moins en orange, voire en rouge\u00a0\u00bb, a-t-il d\u00e9clar\u00e9.<\/p>\n<p>\u00ab\u00a0Les perspectives initiales pour 2024 \u00e9taient de 16 % et, \u00e0 partir de janvier, <a href=\"https:\/\/www.eenewseurope.com\/en\/analyst-drops-chip-market-forecast-after-1q24-train-wreck\/\">c&rsquo;\u00e9tait le naufrage<\/a>, un virage vraiment dramatique, une p\u00e9riode tumultueuse\u00a0\u00bb, a-t-il d\u00e9clar\u00e9.<\/p>\n<p>\u00ab\u00a0L&rsquo;Europe n&rsquo;est pas en bonne sant\u00e9. Lorsque le <a href=\"https:\/\/www.eenewseurope.com\/en\/future-horizons-sounds-warnings-over-chip-market-rebound\/\">march\u00e9 s&rsquo;est repli\u00e9,<\/a> l&rsquo;Europe est rest\u00e9e forte gr\u00e2ce \u00e0 l&rsquo;industrie et \u00e0 l&rsquo;automobile. Cette situation s&rsquo;est effondr\u00e9e. Elle est entr\u00e9e en r\u00e9cession peut-\u00eatre un an apr\u00e8s le reste du monde et maintenant l&rsquo;automobile et l&rsquo;industrie ne se portent pas bien, de sorte que nous observons une croissance n\u00e9gative dans cette r\u00e9gion.<\/p>\n<p>L&rsquo;explosion des d\u00e9penses en mati\u00e8re de capacit\u00e9 de production de semi-conducteurs est une source d&rsquo;inqui\u00e9tude certaine, m\u00eame si ces d\u00e9penses ralentissent.<\/p>\n<p>\u00ab\u00a046,5 % des d\u00e9penses totales en capital sont consacr\u00e9es \u00e0 la Chine, qui ne fabrique que 10 % des unit\u00e9s. Il y a plusieurs choses inqui\u00e9tantes \u00e0 ce sujet, car les d\u00e9penses en capital concernent les technologies les plus matures, l&rsquo;analogique et les micro-contr\u00f4leurs. Les deux r\u00e9gions les plus vuln\u00e9rables sont l&rsquo;Europe et le Japon plut\u00f4t que les \u00c9tats-Unis.<\/p>\n<p>\u00ab\u00a0Tous ces investissements chinois concernent la technologie de 300 mm, alors que la plupart des pays sont en 200 mm, et il sera tr\u00e8s difficile de rivaliser avec une structure de co\u00fbts de 300 mm. Cela pourrait obliger les entreprises traditionnelles \u00e0 se moderniser, ce qui signifie la n\u00e9cessit\u00e9 de construire de nouvelles usines, car les plafonds ne sont pas assez haurs dans les fabs pour des equipements 300mm equipment, ce qui pourrait conduire \u00e0 une consolidation accrue ou \u00e0 des \u00e9quipements exc\u00e9dentaires\u00a0\u00bb, a-t-il d\u00e9clar\u00e9.<\/p>\n<p><img decoding=\"async\" class=\"alignnone wp-image-460470 lazyload\" data-src=\"https:\/\/www.eenewseurope.com\/wp-content\/uploads\/2024\/09\/Screenshot-2024-09-13-165416-1024x598.png\" alt=\"\" width=\"500\" height=\"292\" data-srcset=\"https:\/\/www.ecinews.fr\/wp-content\/uploads\/2024\/09\/Screenshot-2024-09-13-165416-1024x598.png 1024w, https:\/\/www.ecinews.fr\/wp-content\/uploads\/2024\/09\/Screenshot-2024-09-13-165416-300x175.png 300w, https:\/\/www.ecinews.fr\/wp-content\/uploads\/2024\/09\/Screenshot-2024-09-13-165416-768x448.png 768w, https:\/\/www.ecinews.fr\/wp-content\/uploads\/2024\/09\/Screenshot-2024-09-13-165416.png 1080w\" data-sizes=\"(max-width: 500px) 100vw, 500px\" src=\"data:image\/svg+xml;base64,PHN2ZyB3aWR0aD0iMSIgaGVpZ2h0PSIxIiB4bWxucz0iaHR0cDovL3d3dy53My5vcmcvMjAwMC9zdmciPjwvc3ZnPg==\" style=\"--smush-placeholder-width: 500px; --smush-placeholder-aspect-ratio: 500\/292;\" \/><\/p>\n<p>Le <a href=\"https:\/\/www.eenewseurope.com\/en\/chip-market-crash-will-highlight-need-for-change\/\">ralentissement<\/a> devrait se produire au d\u00e9but de 2025 avant que le march\u00e9 europ\u00e9en des semi-conducteurs ne se r\u00e9tablisse.<\/p>\n<p>\u00ab\u00a0La croix de la mort signalera le moment o\u00f9 l&rsquo;industrie conna\u00eetra \u00e0 nouveau des temps difficiles\u00a0\u00bb, a-t-il d\u00e9clar\u00e9. \u00ab\u00a0Il est tr\u00e8s peu probable que cela se produise cette ann\u00e9e, mais c&rsquo;est probable au cours du premier trimestre 2025. Certains dangers se profilent \u00e0 l&rsquo;horizon. L&rsquo;opto\u00e9lectronique et les composants discrets n&rsquo;ont pas donn\u00e9 de bons r\u00e9sultats, alors qu&rsquo;il y a des composants discrets dans chaque produit \u00e9lectronique, et le march\u00e9 des micro-contr\u00f4leurs est en train de s&rsquo;essouffler et de devenir n\u00e9gatif. Le march\u00e9 analogique a \u00e9galement connu 17 mois de croissance n\u00e9gative, ce qui est un signal d&rsquo;alarme pour l&rsquo;industrie.<\/p>\n<p>\u00ab\u00a0Il faudra six mois pour ma\u00eetriser les stocks et il faudra beaucoup de temps pour absorber les 20 % de surcapacit\u00e9, mais nous ajoutons de la capacit\u00e9 et nous avons donc potentiellement une surcapacit\u00e9 qui durera toute l&rsquo;ann\u00e9e 2025 et peut-\u00eatre plus longtemps.<\/p>\n<p>Selon lui, la loi de Moore continuera \u00e0 stimuler l&rsquo;industrie, m\u00eame si Intel continuera \u00e0 \u00e9prouver des difficult\u00e9s.<\/p>\n<p>\u00ab\u00a0La loi de Moore a \u00e9t\u00e9 tu\u00e9e plus souvent que Dracula, mais elle n&rsquo;est pas morte, elle n&rsquo;est m\u00eame pas malade, la mise \u00e0 l&rsquo;\u00e9chelle de Dennard est termin\u00e9e, c&rsquo;est certain, mais cela n&rsquo;a jamais \u00e9t\u00e9 la loi de Moore. Nous construisons actuellement de nombreuses structures en 3D, tant verticalement qu&rsquo;horizontalement, et ces feuilles de route sont assez s\u00fbres pour les dix \u00e0 quinze prochaines ann\u00e9es\u00a0\u00bb, a-t-il d\u00e9clar\u00e9.<\/p>\n<p>\u00ab\u00a0Intel a un sacr\u00e9 d\u00e9fi \u00e0 relever\u00a0\u00bb, a-t-il d\u00e9clar\u00e9. \u00ab\u00a0Ils sont en difficult\u00e9, perdent de l&rsquo;argent et r\u00e9duisent leurs effectifs, ce qui n&rsquo;est pas de bon augure.<\/p>\n<p>\u00ab\u00a0Quand on prend du retard, il faut dix ans pour le rattraper. Le passionn\u00e9 de semi-conducteurs qui est en moi esp\u00e8re qu&rsquo;ils r\u00e9ussiront, car ils ont perdu le fil. Techniquement, ils devraient \u00eatre capables de le faire s&rsquo;ils peuvent trouver le personnel n\u00e9cessaire, mais les ing\u00e9nieurs veulent aussi travailler pour des entreprises prosp\u00e8res qui ont des d\u00e9fis techniques \u00e0 relever.<\/p>\n<p>Mais il faut une forte concurrence \u00e0 TSMC et Samsung \u00e0 la pointe de la fabrication de puces. \u00ab\u00a0Nous avons besoin de plus que deux entreprises pour la concurrence, ce n&rsquo;est pas bon pour l&rsquo;industrie\u00a0\u00bb, a-t-il d\u00e9clar\u00e9.<\/p>\n<p><a href=\"http:\/\/www.futurehorizons.com\">www.futurehorizons.com<\/a><\/p>\n","protected":false},"excerpt":{"rendered":"<p>Le march\u00e9 europ\u00e9en des semi-conducteurs est en r\u00e9cession et particuli\u00e8rement vuln\u00e9rable, selon la derni\u00e8re mise \u00e0 jour de Future Horizons. \u00ab\u00a0Il y a beaucoup d&rsquo;incertitude pour cette ann\u00e9e\u00a0\u00bb, a d\u00e9clar\u00e9 Malcolm Penn, pr\u00e9sident-directeur g\u00e9n\u00e9ral de la soci\u00e9t\u00e9 d&rsquo;\u00e9tudes de march\u00e9 Future Horizons, dans son rapport trimestriel sur le march\u00e9 des semi-conducteurs. Il pr\u00e9voit une croissance [&hellip;]<\/p>\n","protected":false},"author":34,"featured_media":460469,"comment_status":"closed","ping_status":"closed","sticky":false,"template":"","format":"standard","meta":{"_acf_changed":false,"footnotes":""},"categories":[888],"tags":[3544,2327,906,1558],"domains":[47],"ppma_author":[3640,1153],"class_list":["post-460492","post","type-post","status-publish","format-standard","has-post-thumbnail","hentry","category-marche","tag-europe","tag-marche","tag-mpus-mcus-fr","tag-semiconducteurs","domains-electronique-eci"],"acf":[],"yoast_head":"<title>L&#039;Europe vuln\u00e9rable face au prochain downturn du march\u00e9 des p...<\/title>\n<meta name=\"description\" content=\"Le march\u00e9 europ\u00e9en des semi-conducteurs est en r\u00e9cession et particuli\u00e8rement vuln\u00e9rable, selon la derni\u00e8re mise \u00e0 jour de Future Horizons.\" \/>\n<meta name=\"robots\" content=\"index, follow, max-snippet:-1, max-image-preview:large, max-video-preview:-1\" \/>\n<link rel=\"canonical\" href=\"https:\/\/www.ecinews.fr\/fr\/wp-json\/wp\/v2\/posts\/460492\/\" \/>\n<meta property=\"og:locale\" content=\"fr_FR\" \/>\n<meta property=\"og:type\" content=\"article\" \/>\n<meta property=\"og:title\" content=\"L&#039;Europe vuln\u00e9rable face au prochain downturn du march\u00e9 des puces\" \/>\n<meta property=\"og:description\" content=\"Le march\u00e9 europ\u00e9en des semi-conducteurs est en r\u00e9cession et particuli\u00e8rement vuln\u00e9rable, selon la derni\u00e8re mise \u00e0 jour de Future Horizons.\" \/>\n<meta property=\"og:url\" content=\"https:\/\/www.ecinews.fr\/fr\/wp-json\/wp\/v2\/posts\/460492\/\" \/>\n<meta property=\"og:site_name\" content=\"EENewsEurope\" \/>\n<meta property=\"article:published_time\" content=\"2024-09-14T15:14:38+00:00\" \/>\n<meta property=\"og:image\" content=\"https:\/\/test.ecinews.fr\/wp-content\/uploads\/2024\/09\/European-semiconductor-sales-scaled.jpg\" \/>\n\t<meta property=\"og:image:width\" content=\"1080\" \/>\n\t<meta property=\"og:image:height\" content=\"1080\" \/>\n\t<meta property=\"og:image:type\" content=\"image\/jpeg\" \/>\n<meta name=\"author\" content=\"Nick Flaherty, A Delapalisse\" \/>\n<meta name=\"twitter:card\" content=\"summary_large_image\" \/>\n<meta name=\"twitter:label1\" content=\"Written by\" \/>\n\t<meta name=\"twitter:data1\" content=\"A Delapalisse\" \/>\n\t<meta name=\"twitter:label2\" content=\"Est. reading time\" \/>\n\t<meta name=\"twitter:data2\" content=\"4 minutes\" \/>\n<script type=\"application\/ld+json\" class=\"yoast-schema-graph\">{\"@context\":\"https:\/\/schema.org\",\"@graph\":[{\"@type\":\"Article\",\"@id\":\"https:\/\/test.ecinews.fr\/fr\/leurope-vulnerable-face-au-prochain-downturn-du-marche-des-puces\/#article\",\"isPartOf\":{\"@id\":\"https:\/\/test.ecinews.fr\/fr\/leurope-vulnerable-face-au-prochain-downturn-du-marche-des-puces\/\"},\"author\":{\"name\":\"A Delapalisse\",\"@id\":\"https:\/\/www.ecinews.fr\/fr\/#\/schema\/person\/0aa2cfb0bd8949724a68cbac8d8321b4\"},\"headline\":\"L&rsquo;Europe vuln\u00e9rable face au prochain downturn du march\u00e9 des puces\",\"datePublished\":\"2024-09-14T15:14:38+00:00\",\"dateModified\":\"2024-09-14T15:14:38+00:00\",\"mainEntityOfPage\":{\"@id\":\"https:\/\/test.ecinews.fr\/fr\/leurope-vulnerable-face-au-prochain-downturn-du-marche-des-puces\/\"},\"wordCount\":799,\"publisher\":{\"@id\":\"https:\/\/www.ecinews.fr\/fr\/#organization\"},\"keywords\":[\"Europe\",\"March\u00e9\",\"MPUs\/MCUs\",\"Semiconducteurs\"],\"articleSection\":[\"March\u00e9\"],\"inLanguage\":\"fr-FR\"},{\"@type\":\"WebPage\",\"@id\":\"https:\/\/test.ecinews.fr\/fr\/leurope-vulnerable-face-au-prochain-downturn-du-marche-des-puces\/\",\"url\":\"https:\/\/test.ecinews.fr\/fr\/leurope-vulnerable-face-au-prochain-downturn-du-marche-des-puces\/\",\"name\":\"L'Europe vuln\u00e9rable face au prochain downturn du march\u00e9 des puces -\",\"isPartOf\":{\"@id\":\"https:\/\/www.ecinews.fr\/fr\/#website\"},\"datePublished\":\"2024-09-14T15:14:38+00:00\",\"dateModified\":\"2024-09-14T15:14:38+00:00\",\"description\":\"Le march\u00e9 europ\u00e9en des semi-conducteurs est en r\u00e9cession et particuli\u00e8rement vuln\u00e9rable, selon la derni\u00e8re mise \u00e0 jour de Future Horizons.\",\"breadcrumb\":{\"@id\":\"https:\/\/test.ecinews.fr\/fr\/leurope-vulnerable-face-au-prochain-downturn-du-marche-des-puces\/#breadcrumb\"},\"inLanguage\":\"fr-FR\",\"potentialAction\":[{\"@type\":\"ReadAction\",\"target\":[\"https:\/\/test.ecinews.fr\/fr\/leurope-vulnerable-face-au-prochain-downturn-du-marche-des-puces\/\"]}]},{\"@type\":\"BreadcrumbList\",\"@id\":\"https:\/\/test.ecinews.fr\/fr\/leurope-vulnerable-face-au-prochain-downturn-du-marche-des-puces\/#breadcrumb\",\"itemListElement\":[{\"@type\":\"ListItem\",\"position\":1,\"name\":\"Home\",\"item\":\"https:\/\/www.ecinews.fr\/fr\/\"},{\"@type\":\"ListItem\",\"position\":2,\"name\":\"L&rsquo;Europe vuln\u00e9rable face au prochain downturn du march\u00e9 des puces\"}]},{\"@type\":\"WebSite\",\"@id\":\"https:\/\/www.ecinews.fr\/fr\/#website\",\"url\":\"https:\/\/www.ecinews.fr\/fr\/\",\"name\":\"EENewsEurope\",\"description\":\"Just another WordPress site\",\"publisher\":{\"@id\":\"https:\/\/www.ecinews.fr\/fr\/#organization\"},\"potentialAction\":[{\"@type\":\"SearchAction\",\"target\":{\"@type\":\"EntryPoint\",\"urlTemplate\":\"https:\/\/www.ecinews.fr\/fr\/?s={search_term_string}\"},\"query-input\":\"required name=search_term_string\"}],\"inLanguage\":\"fr-FR\"},{\"@type\":\"Organization\",\"@id\":\"https:\/\/www.ecinews.fr\/fr\/#organization\",\"name\":\"EENewsEurope\",\"url\":\"https:\/\/www.ecinews.fr\/fr\/\",\"logo\":{\"@type\":\"ImageObject\",\"inLanguage\":\"fr-FR\",\"@id\":\"https:\/\/www.ecinews.fr\/fr\/#\/schema\/logo\/image\/\",\"url\":\"https:\/\/www.ecinews.fr\/wp-content\/uploads\/2022\/02\/logo-1.jpg\",\"contentUrl\":\"https:\/\/www.ecinews.fr\/wp-content\/uploads\/2022\/02\/logo-1.jpg\",\"width\":283,\"height\":113,\"caption\":\"EENewsEurope\"},\"image\":{\"@id\":\"https:\/\/www.ecinews.fr\/fr\/#\/schema\/logo\/image\/\"}},{\"@type\":\"Person\",\"@id\":\"https:\/\/www.ecinews.fr\/fr\/#\/schema\/person\/0aa2cfb0bd8949724a68cbac8d8321b4\",\"name\":\"A Delapalisse\",\"image\":{\"@type\":\"ImageObject\",\"inLanguage\":\"fr-FR\",\"@id\":\"https:\/\/www.ecinews.fr\/fr\/#\/schema\/person\/image\/211ac42237c2e9683c0964086c393cb4\",\"url\":\"https:\/\/secure.gravatar.com\/avatar\/ad45a8c5da24bc9c7c4940dd1c48a695?s=96&d=mm&r=g\",\"contentUrl\":\"https:\/\/secure.gravatar.com\/avatar\/ad45a8c5da24bc9c7c4940dd1c48a695?s=96&d=mm&r=g\",\"caption\":\"A Delapalisse\"},\"sameAs\":[\"http:\/\/ECI\"]}]}<\/script>","yoast_head_json":{"title":"L'Europe vuln\u00e9rable face au prochain downturn du march\u00e9 des p...","description":"Le march\u00e9 europ\u00e9en des semi-conducteurs est en r\u00e9cession et particuli\u00e8rement vuln\u00e9rable, selon la derni\u00e8re mise \u00e0 jour de Future Horizons.","robots":{"index":"index","follow":"follow","max-snippet":"max-snippet:-1","max-image-preview":"max-image-preview:large","max-video-preview":"max-video-preview:-1"},"canonical":"https:\/\/www.ecinews.fr\/fr\/wp-json\/wp\/v2\/posts\/460492\/","og_locale":"fr_FR","og_type":"article","og_title":"L'Europe vuln\u00e9rable face au prochain downturn du march\u00e9 des puces","og_description":"Le march\u00e9 europ\u00e9en des semi-conducteurs est en r\u00e9cession et particuli\u00e8rement vuln\u00e9rable, selon la derni\u00e8re mise \u00e0 jour de Future Horizons.","og_url":"https:\/\/www.ecinews.fr\/fr\/wp-json\/wp\/v2\/posts\/460492\/","og_site_name":"EENewsEurope","article_published_time":"2024-09-14T15:14:38+00:00","og_image":[{"width":1080,"height":1080,"url":"https:\/\/test.ecinews.fr\/wp-content\/uploads\/2024\/09\/European-semiconductor-sales-scaled.jpg","type":"image\/jpeg"}],"author":"Nick Flaherty, A Delapalisse","twitter_card":"summary_large_image","twitter_misc":{"Written by":"A Delapalisse","Est. reading time":"4 minutes"},"schema":{"@context":"https:\/\/schema.org","@graph":[{"@type":"Article","@id":"https:\/\/test.ecinews.fr\/fr\/leurope-vulnerable-face-au-prochain-downturn-du-marche-des-puces\/#article","isPartOf":{"@id":"https:\/\/test.ecinews.fr\/fr\/leurope-vulnerable-face-au-prochain-downturn-du-marche-des-puces\/"},"author":{"name":"A Delapalisse","@id":"https:\/\/www.ecinews.fr\/fr\/#\/schema\/person\/0aa2cfb0bd8949724a68cbac8d8321b4"},"headline":"L&rsquo;Europe vuln\u00e9rable face au prochain downturn du march\u00e9 des puces","datePublished":"2024-09-14T15:14:38+00:00","dateModified":"2024-09-14T15:14:38+00:00","mainEntityOfPage":{"@id":"https:\/\/test.ecinews.fr\/fr\/leurope-vulnerable-face-au-prochain-downturn-du-marche-des-puces\/"},"wordCount":799,"publisher":{"@id":"https:\/\/www.ecinews.fr\/fr\/#organization"},"keywords":["Europe","March\u00e9","MPUs\/MCUs","Semiconducteurs"],"articleSection":["March\u00e9"],"inLanguage":"fr-FR"},{"@type":"WebPage","@id":"https:\/\/test.ecinews.fr\/fr\/leurope-vulnerable-face-au-prochain-downturn-du-marche-des-puces\/","url":"https:\/\/test.ecinews.fr\/fr\/leurope-vulnerable-face-au-prochain-downturn-du-marche-des-puces\/","name":"L'Europe vuln\u00e9rable face au prochain downturn du march\u00e9 des puces -","isPartOf":{"@id":"https:\/\/www.ecinews.fr\/fr\/#website"},"datePublished":"2024-09-14T15:14:38+00:00","dateModified":"2024-09-14T15:14:38+00:00","description":"Le march\u00e9 europ\u00e9en des semi-conducteurs est en r\u00e9cession et particuli\u00e8rement vuln\u00e9rable, selon la derni\u00e8re mise \u00e0 jour de Future Horizons.","breadcrumb":{"@id":"https:\/\/test.ecinews.fr\/fr\/leurope-vulnerable-face-au-prochain-downturn-du-marche-des-puces\/#breadcrumb"},"inLanguage":"fr-FR","potentialAction":[{"@type":"ReadAction","target":["https:\/\/test.ecinews.fr\/fr\/leurope-vulnerable-face-au-prochain-downturn-du-marche-des-puces\/"]}]},{"@type":"BreadcrumbList","@id":"https:\/\/test.ecinews.fr\/fr\/leurope-vulnerable-face-au-prochain-downturn-du-marche-des-puces\/#breadcrumb","itemListElement":[{"@type":"ListItem","position":1,"name":"Home","item":"https:\/\/www.ecinews.fr\/fr\/"},{"@type":"ListItem","position":2,"name":"L&rsquo;Europe vuln\u00e9rable face au prochain downturn du march\u00e9 des puces"}]},{"@type":"WebSite","@id":"https:\/\/www.ecinews.fr\/fr\/#website","url":"https:\/\/www.ecinews.fr\/fr\/","name":"EENewsEurope","description":"Just another WordPress site","publisher":{"@id":"https:\/\/www.ecinews.fr\/fr\/#organization"},"potentialAction":[{"@type":"SearchAction","target":{"@type":"EntryPoint","urlTemplate":"https:\/\/www.ecinews.fr\/fr\/?s={search_term_string}"},"query-input":"required name=search_term_string"}],"inLanguage":"fr-FR"},{"@type":"Organization","@id":"https:\/\/www.ecinews.fr\/fr\/#organization","name":"EENewsEurope","url":"https:\/\/www.ecinews.fr\/fr\/","logo":{"@type":"ImageObject","inLanguage":"fr-FR","@id":"https:\/\/www.ecinews.fr\/fr\/#\/schema\/logo\/image\/","url":"https:\/\/www.ecinews.fr\/wp-content\/uploads\/2022\/02\/logo-1.jpg","contentUrl":"https:\/\/www.ecinews.fr\/wp-content\/uploads\/2022\/02\/logo-1.jpg","width":283,"height":113,"caption":"EENewsEurope"},"image":{"@id":"https:\/\/www.ecinews.fr\/fr\/#\/schema\/logo\/image\/"}},{"@type":"Person","@id":"https:\/\/www.ecinews.fr\/fr\/#\/schema\/person\/0aa2cfb0bd8949724a68cbac8d8321b4","name":"A Delapalisse","image":{"@type":"ImageObject","inLanguage":"fr-FR","@id":"https:\/\/www.ecinews.fr\/fr\/#\/schema\/person\/image\/211ac42237c2e9683c0964086c393cb4","url":"https:\/\/secure.gravatar.com\/avatar\/ad45a8c5da24bc9c7c4940dd1c48a695?s=96&d=mm&r=g","contentUrl":"https:\/\/secure.gravatar.com\/avatar\/ad45a8c5da24bc9c7c4940dd1c48a695?s=96&d=mm&r=g","caption":"A Delapalisse"},"sameAs":["http:\/\/ECI"]}]}},"authors":[{"term_id":3640,"user_id":0,"is_guest":1,"slug":"nick-flaherty","display_name":"Nick Flaherty","avatar_url":"https:\/\/secure.gravatar.com\/avatar\/?s=96&d=mm&r=g","0":null,"1":"","2":"","3":"","4":"","5":"","6":"","7":"","8":""},{"term_id":1153,"user_id":34,"is_guest":0,"slug":"adelapalisse","display_name":"A Delapalisse","avatar_url":"https:\/\/secure.gravatar.com\/avatar\/ad45a8c5da24bc9c7c4940dd1c48a695?s=96&d=mm&r=g","0":null,"1":"","2":"","3":"","4":"","5":"","6":"","7":"","8":""}],"_links":{"self":[{"href":"https:\/\/www.ecinews.fr\/fr\/wp-json\/wp\/v2\/posts\/460492"}],"collection":[{"href":"https:\/\/www.ecinews.fr\/fr\/wp-json\/wp\/v2\/posts"}],"about":[{"href":"https:\/\/www.ecinews.fr\/fr\/wp-json\/wp\/v2\/types\/post"}],"author":[{"embeddable":true,"href":"https:\/\/www.ecinews.fr\/fr\/wp-json\/wp\/v2\/users\/34"}],"replies":[{"embeddable":true,"href":"https:\/\/www.ecinews.fr\/fr\/wp-json\/wp\/v2\/comments?post=460492"}],"version-history":[{"count":0,"href":"https:\/\/www.ecinews.fr\/fr\/wp-json\/wp\/v2\/posts\/460492\/revisions"}],"wp:featuredmedia":[{"embeddable":true,"href":"https:\/\/www.ecinews.fr\/fr\/wp-json\/wp\/v2\/media\/460469"}],"wp:attachment":[{"href":"https:\/\/www.ecinews.fr\/fr\/wp-json\/wp\/v2\/media?parent=460492"}],"wp:term":[{"taxonomy":"category","embeddable":true,"href":"https:\/\/www.ecinews.fr\/fr\/wp-json\/wp\/v2\/categories?post=460492"},{"taxonomy":"post_tag","embeddable":true,"href":"https:\/\/www.ecinews.fr\/fr\/wp-json\/wp\/v2\/tags?post=460492"},{"taxonomy":"domains","embeddable":true,"href":"https:\/\/www.ecinews.fr\/fr\/wp-json\/wp\/v2\/domains?post=460492"},{"taxonomy":"author","embeddable":true,"href":"https:\/\/www.ecinews.fr\/fr\/wp-json\/wp\/v2\/ppma_author?post=460492"}],"curies":[{"name":"wp","href":"https:\/\/api.w.org\/{rel}","templated":true}]}}