{"id":460382,"date":"2024-09-12T09:47:05","date_gmt":"2024-09-12T07:47:05","guid":{"rendered":"https:\/\/www.ecinews.fr\/?p=460382"},"modified":"2024-09-12T09:47:05","modified_gmt":"2024-09-12T07:47:05","slug":"factorial-lance-une-batterie-solide-de-450wh-kg-pour-mercedes","status":"publish","type":"post","link":"https:\/\/www.ecinews.fr\/fr\/factorial-lance-une-batterie-solide-de-450wh-kg-pour-mercedes\/","title":{"rendered":"Factorial lance une batterie solide de 450Wh\/kg pour Mercedes"},"content":{"rendered":"<h3>La soci\u00e9t\u00e9 am\u00e9ricaine Factorial a pr\u00e9sent\u00e9 sa deuxi\u00e8me g\u00e9n\u00e9ration de batterie \u00e0 sulfure \u00e0 l&rsquo;\u00e9tat solide, qui devrait \u00eatre utilis\u00e9e dans les voitures Mercedes.<\/h3>\n<p>La batterie \u00e0 l&rsquo;\u00e9tat solide Solstice a \u00e9t\u00e9 d\u00e9velopp\u00e9e par Factorial et Mercedes-Benz avec une densit\u00e9 \u00e9nerg\u00e9tique allant jusqu&rsquo;\u00e0 450Wh\/kg en utilisant un nouveau processus de rev\u00eatement \u00e0 sec de la cathode pour r\u00e9duire les co\u00fbts.<\/p>\n<p>\u00ab\u00a0La technologie de batterie \u00e0 l&rsquo;\u00e9tat solide Solstice repr\u00e9sente une autre \u00e9tape importante dans notre partenariat avec Factorial, qui est une pierre angulaire de la strat\u00e9gie et de l&rsquo;engagement de Mercedes-Benz \u00e0 mener la charge dans le d\u00e9veloppement des batteries\u00a0\u00bb, a d\u00e9clar\u00e9 Markus Sch\u00e4fer, directeur de la technologie et membre du conseil d&rsquo;administration de Mercedes-Benz Group AG. \u00ab\u00a0Solstice offre de nouvelles am\u00e9liorations en termes de densit\u00e9 \u00e9nerg\u00e9tique et de caract\u00e9ristiques de s\u00e9curit\u00e9 qui nous aideront \u00e0 d\u00e9velopper des v\u00e9hicules \u00e9lectriques qui \u00e9tablissent de nouvelles normes en mati\u00e8re d&rsquo;autonomie, de co\u00fbt et de performance.\u00a0\u00bb<\/p>\n<blockquote class=\"wp-embedded-content\" data-secret=\"jvaWB0g2iN\"><p><a href=\"https:\/\/www.eenewseurope.com\/en\/european-car-makers-back-us-solid-state-battery-tech\/\">European car makers back US solid state battery tech<\/a><\/p><\/blockquote>\n<p><iframe class=\"wp-embedded-content lazyload\" sandbox=\"allow-scripts\" security=\"restricted\" style=\"position: absolute; visibility: hidden;\" title=\"&#8220;European car makers back US solid state battery tech&#8221; &#8212; eeNews Europe\" data-src=\"https:\/\/www.eenewseurope.com\/en\/european-car-makers-back-us-solid-state-battery-tech\/embed\/#?secret=IShUtRbmg9#?secret=jvaWB0g2iN\" data-secret=\"jvaWB0g2iN\" width=\"500\" height=\"282\" frameborder=\"0\" marginwidth=\"0\" marginheight=\"0\" scrolling=\"no\" src=\"data:image\/svg+xml;base64,PHN2ZyB3aWR0aD0iMSIgaGVpZ2h0PSIxIiB4bWxucz0iaHR0cDovL3d3dy53My5vcmcvMjAwMC9zdmciPjwvc3ZnPg==\" data-load-mode=\"1\"><\/iframe><\/p>\n<p>Factorial pr\u00e9voit que la technologie Solstice sera introduite par les \u00e9quipementiers avant la fin de la d\u00e9cennie, ce qui permettra de r\u00e9duire le poids des v\u00e9hicules et d&rsquo;accro\u00eetre leur efficacit\u00e9 pour augmenter leur autonomie. Le syst\u00e8me d&rsquo;\u00e9lectrolyte \u00e0 l&rsquo;\u00e9tat solide \u00e0 base de sulfure r\u00e9pond aux probl\u00e8mes de s\u00e9curit\u00e9 associ\u00e9s aux \u00e9lectrolytes liquides plus inflammables et plus volatils, en visant un niveau de s\u00e9curit\u00e9 EUCAR de 2 et en maintenant la stabilit\u00e9 \u00e0 des temp\u00e9ratures de fonctionnement sup\u00e9rieures \u00e0 90\u00b0C. Ce syst\u00e8me permet \u00e9galement de r\u00e9duire les exigences du syst\u00e8me de refroidissement du bloc-batterie et de diminuer le co\u00fbt global du v\u00e9hicule.<\/p>\n<p>\u00ab\u00a0Solstice incarne le leadership technologique de notre \u00e9quipe et le potentiel des batteries \u00e0 l&rsquo;\u00e9tat solide pour surmonter les obstacles les plus importants \u00e0 l&rsquo;adoption des v\u00e9hicules \u00e9lectriques\u00a0\u00bb, a d\u00e9clar\u00e9 Siyu Huang, PDG et cofondateur de Factorial. \u00ab\u00a0Non seulement la batterie Solstice am\u00e9liorera l&rsquo;autonomie et les performances des v\u00e9hicules \u00e9lectriques, mais elle s&rsquo;inscrit \u00e9galement dans notre vision d&rsquo;un avenir plus durable. Nous sommes reconnaissants \u00e0 Mercedes-Benz pour son soutien continu, qui souligne notre capacit\u00e9 \u00e0 r\u00e9pondre aux besoins des constructeurs automobiles mondiaux aujourd&rsquo;hui et \u00e0 l&rsquo;avenir.\u00a0\u00bb<\/p>\n<ul>\n<li><a href=\"https:\/\/www.eenewseurope.com\/en\/electrovaya-shows-solid-state-battery-tech\/\">Electrovaya pr\u00e9sente une technologie de batterie \u00e0 l&rsquo;\u00e9tat solide<\/a><\/li>\n<li><a href=\"https:\/\/www.eenewseurope.com\/en\/prologium-details-solid-state-battery-as-it-readies-production\/\">Prologium pr\u00e9sente des batteries \u00e0 l&rsquo;\u00e9tat solide et pr\u00e9pare la production<\/a><\/li>\n<\/ul>\n<p>Le proc\u00e9d\u00e9 de rev\u00eatement \u00e0 sec \u00e9limine la n\u00e9cessit\u00e9 d&rsquo;utiliser des solvants dangereux et les \u00e9tapes \u00e0 forte consommation d&rsquo;\u00e9nergie couramment utilis\u00e9es dans la production traditionnelle de cathodes. La technologie contourne \u00e9galement le processus de formation, l&rsquo;\u00e9tape la plus \u00e9nergivore de la fabrication des batteries lithium-ion. Cela permet de r\u00e9duire les co\u00fbts d&rsquo;exploitation, la consommation d&rsquo;\u00e9nergie et l&rsquo;impact sur l&rsquo;environnement, ouvrant ainsi la voie \u00e0 un avenir plus durable pour la production de batteries.<\/p>\n<p>Factorial a exp\u00e9di\u00e9 des \u00e9chantillons B de ses cellules \u00e0 semi-conducteurs utilisant sa technologie Factorial Electrolyte System Technology (FEST) \u00e0 Mercedes \u00e0 la suite d&rsquo;un accord de d\u00e9veloppement conjoint en 2021 et d&rsquo;un investissement de 200 millions de dollars en 2022. Cela ouvre la voie \u00e0 la batterie Solstice et \u00e0 la prochaine g\u00e9n\u00e9ration de v\u00e9hicules \u00e9lectriques, selon Factorial.<\/p>\n<p>Outre Mercedes, l&rsquo;entreprise a conclu des accords de d\u00e9veloppement conjoint avec Stellantis, Hyundai et Kia.<\/p>\n<p><a href=\"https:\/\/cts.businesswire.com\/ct\/CT?id=smartlink&amp;url=http%3A%2F%2Fwww.factorialenergy.com%2F&amp;esheet=54119653&amp;newsitemid=20240910561651&amp;lan=en-US&amp;anchor=www.factorialenergy.com&amp;index=2&amp;md5=295ce87d988a3d73e36378be7b1a934a\">www.factorialenergy.com<\/a><\/p>\n<p>&nbsp;<\/p>\n","protected":false},"excerpt":{"rendered":"<p>La soci\u00e9t\u00e9 am\u00e9ricaine Factorial a pr\u00e9sent\u00e9 sa deuxi\u00e8me g\u00e9n\u00e9ration de batterie \u00e0 sulfure \u00e0 l&rsquo;\u00e9tat solide, qui devrait \u00eatre utilis\u00e9e dans les voitures Mercedes. La batterie \u00e0 l&rsquo;\u00e9tat solide Solstice a \u00e9t\u00e9 d\u00e9velopp\u00e9e par Factorial et Mercedes-Benz avec une densit\u00e9 \u00e9nerg\u00e9tique allant jusqu&rsquo;\u00e0 450Wh\/kg en utilisant un nouveau processus de rev\u00eatement \u00e0 sec de la [&hellip;]<\/p>\n","protected":false},"author":2,"featured_media":460337,"comment_status":"closed","ping_status":"closed","sticky":false,"template":"","format":"standard","meta":{"_acf_changed":false,"footnotes":""},"categories":[883],"tags":[1640,4611,2741],"domains":[47],"ppma_author":[3640],"class_list":["post-460382","post","type-post","status-publish","format-standard","has-post-thumbnail","hentry","category-technologies","tag-automobile","tag-batteries-solid-state","tag-ve","domains-electronique-eci"],"acf":[],"yoast_head":"<title>Factorial lance une batterie solide de 450Wh\/kg pour Mercedes ...<\/title>\n<meta name=\"description\" content=\"La soci\u00e9t\u00e9 US Factorial a pr\u00e9sent\u00e9 sa deuxi\u00e8me g\u00e9n\u00e9ration de batterie \u00e0 sulfure \u00e0 l&#039;\u00e9tat solide, qui devrait \u00eatre utilis\u00e9e par Mercedes.\" \/>\n<meta name=\"robots\" content=\"index, follow, max-snippet:-1, max-image-preview:large, max-video-preview:-1\" \/>\n<link rel=\"canonical\" href=\"https:\/\/www.ecinews.fr\/fr\/wp-json\/wp\/v2\/posts\/460382\/\" \/>\n<meta property=\"og:locale\" content=\"fr_FR\" \/>\n<meta property=\"og:type\" content=\"article\" \/>\n<meta property=\"og:title\" content=\"Factorial lance une batterie solide de 450Wh\/kg pour Mercedes\" \/>\n<meta property=\"og:description\" content=\"La soci\u00e9t\u00e9 US Factorial a pr\u00e9sent\u00e9 sa deuxi\u00e8me g\u00e9n\u00e9ration de batterie \u00e0 sulfure \u00e0 l&#039;\u00e9tat solide, qui devrait \u00eatre utilis\u00e9e par Mercedes.\" \/>\n<meta property=\"og:url\" content=\"https:\/\/www.ecinews.fr\/fr\/wp-json\/wp\/v2\/posts\/460382\/\" \/>\n<meta property=\"og:site_name\" content=\"EENewsEurope\" \/>\n<meta property=\"article:published_time\" content=\"2024-09-12T07:47:05+00:00\" \/>\n<meta property=\"og:image\" content=\"https:\/\/www.ecinews.fr\/wp-content\/uploads\/2024\/09\/Solstice_PR_JPG.jpg\" \/>\n\t<meta property=\"og:image:width\" content=\"480\" \/>\n\t<meta property=\"og:image:height\" content=\"467\" \/>\n\t<meta property=\"og:image:type\" content=\"image\/jpeg\" \/>\n<meta name=\"author\" content=\"Nick Flaherty\" \/>\n<meta name=\"twitter:card\" content=\"summary_large_image\" \/>\n<meta name=\"twitter:label1\" content=\"Written by\" \/>\n\t<meta name=\"twitter:data1\" content=\"NicolasR\" \/>\n\t<meta name=\"twitter:label2\" content=\"Est. reading time\" \/>\n\t<meta name=\"twitter:data2\" content=\"3 minutes\" \/>\n<script type=\"application\/ld+json\" class=\"yoast-schema-graph\">{\"@context\":\"https:\/\/schema.org\",\"@graph\":[{\"@type\":\"Article\",\"@id\":\"https:\/\/www.ecinews.fr\/fr\/factorial-lance-une-batterie-solide-de-450wh-kg-pour-mercedes\/#article\",\"isPartOf\":{\"@id\":\"https:\/\/www.ecinews.fr\/fr\/factorial-lance-une-batterie-solide-de-450wh-kg-pour-mercedes\/\"},\"author\":{\"name\":\"NicolasR\",\"@id\":\"https:\/\/www.ecinews.fr\/fr\/#\/schema\/person\/78961bf5e4a331d3b8b2d58fdfef976c\"},\"headline\":\"Factorial lance une batterie solide de 450Wh\/kg pour Mercedes\",\"datePublished\":\"2024-09-12T07:47:05+00:00\",\"dateModified\":\"2024-09-12T07:47:05+00:00\",\"mainEntityOfPage\":{\"@id\":\"https:\/\/www.ecinews.fr\/fr\/factorial-lance-une-batterie-solide-de-450wh-kg-pour-mercedes\/\"},\"wordCount\":592,\"publisher\":{\"@id\":\"https:\/\/www.ecinews.fr\/fr\/#organization\"},\"keywords\":[\"Automobile\",\"Batteries Solid State\",\"VE\"],\"articleSection\":[\"Technologies\"],\"inLanguage\":\"fr-FR\"},{\"@type\":\"WebPage\",\"@id\":\"https:\/\/www.ecinews.fr\/fr\/factorial-lance-une-batterie-solide-de-450wh-kg-pour-mercedes\/\",\"url\":\"https:\/\/www.ecinews.fr\/fr\/factorial-lance-une-batterie-solide-de-450wh-kg-pour-mercedes\/\",\"name\":\"Factorial lance une batterie solide de 450Wh\/kg pour Mercedes -\",\"isPartOf\":{\"@id\":\"https:\/\/www.ecinews.fr\/fr\/#website\"},\"datePublished\":\"2024-09-12T07:47:05+00:00\",\"dateModified\":\"2024-09-12T07:47:05+00:00\",\"description\":\"La soci\u00e9t\u00e9 US Factorial a pr\u00e9sent\u00e9 sa deuxi\u00e8me g\u00e9n\u00e9ration de batterie \u00e0 sulfure \u00e0 l'\u00e9tat solide, qui devrait \u00eatre utilis\u00e9e par Mercedes.\",\"breadcrumb\":{\"@id\":\"https:\/\/www.ecinews.fr\/fr\/factorial-lance-une-batterie-solide-de-450wh-kg-pour-mercedes\/#breadcrumb\"},\"inLanguage\":\"fr-FR\",\"potentialAction\":[{\"@type\":\"ReadAction\",\"target\":[\"https:\/\/www.ecinews.fr\/fr\/factorial-lance-une-batterie-solide-de-450wh-kg-pour-mercedes\/\"]}]},{\"@type\":\"BreadcrumbList\",\"@id\":\"https:\/\/www.ecinews.fr\/fr\/factorial-lance-une-batterie-solide-de-450wh-kg-pour-mercedes\/#breadcrumb\",\"itemListElement\":[{\"@type\":\"ListItem\",\"position\":1,\"name\":\"Home\",\"item\":\"https:\/\/www.ecinews.fr\/fr\/\"},{\"@type\":\"ListItem\",\"position\":2,\"name\":\"Factorial lance une batterie solide de 450Wh\/kg pour Mercedes\"}]},{\"@type\":\"WebSite\",\"@id\":\"https:\/\/www.ecinews.fr\/fr\/#website\",\"url\":\"https:\/\/www.ecinews.fr\/fr\/\",\"name\":\"EENewsEurope\",\"description\":\"Just another WordPress site\",\"publisher\":{\"@id\":\"https:\/\/www.ecinews.fr\/fr\/#organization\"},\"potentialAction\":[{\"@type\":\"SearchAction\",\"target\":{\"@type\":\"EntryPoint\",\"urlTemplate\":\"https:\/\/www.ecinews.fr\/fr\/?s={search_term_string}\"},\"query-input\":\"required name=search_term_string\"}],\"inLanguage\":\"fr-FR\"},{\"@type\":\"Organization\",\"@id\":\"https:\/\/www.ecinews.fr\/fr\/#organization\",\"name\":\"EENewsEurope\",\"url\":\"https:\/\/www.ecinews.fr\/fr\/\",\"logo\":{\"@type\":\"ImageObject\",\"inLanguage\":\"fr-FR\",\"@id\":\"https:\/\/www.ecinews.fr\/fr\/#\/schema\/logo\/image\/\",\"url\":\"https:\/\/www.ecinews.fr\/wp-content\/uploads\/2022\/02\/logo-1.jpg\",\"contentUrl\":\"https:\/\/www.ecinews.fr\/wp-content\/uploads\/2022\/02\/logo-1.jpg\",\"width\":283,\"height\":113,\"caption\":\"EENewsEurope\"},\"image\":{\"@id\":\"https:\/\/www.ecinews.fr\/fr\/#\/schema\/logo\/image\/\"}},{\"@type\":\"Person\",\"@id\":\"https:\/\/www.ecinews.fr\/fr\/#\/schema\/person\/78961bf5e4a331d3b8b2d58fdfef976c\",\"name\":\"NicolasR\",\"image\":{\"@type\":\"ImageObject\",\"inLanguage\":\"fr-FR\",\"@id\":\"https:\/\/www.ecinews.fr\/fr\/#\/schema\/person\/image\/1113513d73c6c997fc7ac1ecedfff8d9\",\"url\":\"https:\/\/secure.gravatar.com\/avatar\/8c46107760468ab8a00c814c26c19ab4?s=96&d=mm&r=g\",\"contentUrl\":\"https:\/\/secure.gravatar.com\/avatar\/8c46107760468ab8a00c814c26c19ab4?s=96&d=mm&r=g\",\"caption\":\"NicolasR\"}}]}<\/script>","yoast_head_json":{"title":"Factorial lance une batterie solide de 450Wh\/kg pour Mercedes ...","description":"La soci\u00e9t\u00e9 US Factorial a pr\u00e9sent\u00e9 sa deuxi\u00e8me g\u00e9n\u00e9ration de batterie \u00e0 sulfure \u00e0 l'\u00e9tat solide, qui devrait \u00eatre utilis\u00e9e par Mercedes.","robots":{"index":"index","follow":"follow","max-snippet":"max-snippet:-1","max-image-preview":"max-image-preview:large","max-video-preview":"max-video-preview:-1"},"canonical":"https:\/\/www.ecinews.fr\/fr\/wp-json\/wp\/v2\/posts\/460382\/","og_locale":"fr_FR","og_type":"article","og_title":"Factorial lance une batterie solide de 450Wh\/kg pour Mercedes","og_description":"La soci\u00e9t\u00e9 US Factorial a pr\u00e9sent\u00e9 sa deuxi\u00e8me g\u00e9n\u00e9ration de batterie \u00e0 sulfure \u00e0 l'\u00e9tat solide, qui devrait \u00eatre utilis\u00e9e par Mercedes.","og_url":"https:\/\/www.ecinews.fr\/fr\/wp-json\/wp\/v2\/posts\/460382\/","og_site_name":"EENewsEurope","article_published_time":"2024-09-12T07:47:05+00:00","og_image":[{"width":480,"height":467,"url":"https:\/\/www.ecinews.fr\/wp-content\/uploads\/2024\/09\/Solstice_PR_JPG.jpg","type":"image\/jpeg"}],"author":"Nick Flaherty","twitter_card":"summary_large_image","twitter_misc":{"Written by":"NicolasR","Est. reading time":"3 minutes"},"schema":{"@context":"https:\/\/schema.org","@graph":[{"@type":"Article","@id":"https:\/\/www.ecinews.fr\/fr\/factorial-lance-une-batterie-solide-de-450wh-kg-pour-mercedes\/#article","isPartOf":{"@id":"https:\/\/www.ecinews.fr\/fr\/factorial-lance-une-batterie-solide-de-450wh-kg-pour-mercedes\/"},"author":{"name":"NicolasR","@id":"https:\/\/www.ecinews.fr\/fr\/#\/schema\/person\/78961bf5e4a331d3b8b2d58fdfef976c"},"headline":"Factorial lance une batterie solide de 450Wh\/kg pour Mercedes","datePublished":"2024-09-12T07:47:05+00:00","dateModified":"2024-09-12T07:47:05+00:00","mainEntityOfPage":{"@id":"https:\/\/www.ecinews.fr\/fr\/factorial-lance-une-batterie-solide-de-450wh-kg-pour-mercedes\/"},"wordCount":592,"publisher":{"@id":"https:\/\/www.ecinews.fr\/fr\/#organization"},"keywords":["Automobile","Batteries Solid State","VE"],"articleSection":["Technologies"],"inLanguage":"fr-FR"},{"@type":"WebPage","@id":"https:\/\/www.ecinews.fr\/fr\/factorial-lance-une-batterie-solide-de-450wh-kg-pour-mercedes\/","url":"https:\/\/www.ecinews.fr\/fr\/factorial-lance-une-batterie-solide-de-450wh-kg-pour-mercedes\/","name":"Factorial lance une batterie solide de 450Wh\/kg pour Mercedes -","isPartOf":{"@id":"https:\/\/www.ecinews.fr\/fr\/#website"},"datePublished":"2024-09-12T07:47:05+00:00","dateModified":"2024-09-12T07:47:05+00:00","description":"La soci\u00e9t\u00e9 US Factorial a pr\u00e9sent\u00e9 sa deuxi\u00e8me g\u00e9n\u00e9ration de batterie \u00e0 sulfure \u00e0 l'\u00e9tat solide, qui devrait \u00eatre utilis\u00e9e par Mercedes.","breadcrumb":{"@id":"https:\/\/www.ecinews.fr\/fr\/factorial-lance-une-batterie-solide-de-450wh-kg-pour-mercedes\/#breadcrumb"},"inLanguage":"fr-FR","potentialAction":[{"@type":"ReadAction","target":["https:\/\/www.ecinews.fr\/fr\/factorial-lance-une-batterie-solide-de-450wh-kg-pour-mercedes\/"]}]},{"@type":"BreadcrumbList","@id":"https:\/\/www.ecinews.fr\/fr\/factorial-lance-une-batterie-solide-de-450wh-kg-pour-mercedes\/#breadcrumb","itemListElement":[{"@type":"ListItem","position":1,"name":"Home","item":"https:\/\/www.ecinews.fr\/fr\/"},{"@type":"ListItem","position":2,"name":"Factorial lance une batterie solide de 450Wh\/kg pour Mercedes"}]},{"@type":"WebSite","@id":"https:\/\/www.ecinews.fr\/fr\/#website","url":"https:\/\/www.ecinews.fr\/fr\/","name":"EENewsEurope","description":"Just another WordPress site","publisher":{"@id":"https:\/\/www.ecinews.fr\/fr\/#organization"},"potentialAction":[{"@type":"SearchAction","target":{"@type":"EntryPoint","urlTemplate":"https:\/\/www.ecinews.fr\/fr\/?s={search_term_string}"},"query-input":"required name=search_term_string"}],"inLanguage":"fr-FR"},{"@type":"Organization","@id":"https:\/\/www.ecinews.fr\/fr\/#organization","name":"EENewsEurope","url":"https:\/\/www.ecinews.fr\/fr\/","logo":{"@type":"ImageObject","inLanguage":"fr-FR","@id":"https:\/\/www.ecinews.fr\/fr\/#\/schema\/logo\/image\/","url":"https:\/\/www.ecinews.fr\/wp-content\/uploads\/2022\/02\/logo-1.jpg","contentUrl":"https:\/\/www.ecinews.fr\/wp-content\/uploads\/2022\/02\/logo-1.jpg","width":283,"height":113,"caption":"EENewsEurope"},"image":{"@id":"https:\/\/www.ecinews.fr\/fr\/#\/schema\/logo\/image\/"}},{"@type":"Person","@id":"https:\/\/www.ecinews.fr\/fr\/#\/schema\/person\/78961bf5e4a331d3b8b2d58fdfef976c","name":"NicolasR","image":{"@type":"ImageObject","inLanguage":"fr-FR","@id":"https:\/\/www.ecinews.fr\/fr\/#\/schema\/person\/image\/1113513d73c6c997fc7ac1ecedfff8d9","url":"https:\/\/secure.gravatar.com\/avatar\/8c46107760468ab8a00c814c26c19ab4?s=96&d=mm&r=g","contentUrl":"https:\/\/secure.gravatar.com\/avatar\/8c46107760468ab8a00c814c26c19ab4?s=96&d=mm&r=g","caption":"NicolasR"}}]}},"authors":[{"term_id":3640,"user_id":0,"is_guest":1,"slug":"nick-flaherty","display_name":"Nick Flaherty","avatar_url":"https:\/\/secure.gravatar.com\/avatar\/?s=96&d=mm&r=g","0":null,"1":"","2":"","3":"","4":"","5":"","6":"","7":"","8":""}],"_links":{"self":[{"href":"https:\/\/www.ecinews.fr\/fr\/wp-json\/wp\/v2\/posts\/460382"}],"collection":[{"href":"https:\/\/www.ecinews.fr\/fr\/wp-json\/wp\/v2\/posts"}],"about":[{"href":"https:\/\/www.ecinews.fr\/fr\/wp-json\/wp\/v2\/types\/post"}],"author":[{"embeddable":true,"href":"https:\/\/www.ecinews.fr\/fr\/wp-json\/wp\/v2\/users\/2"}],"replies":[{"embeddable":true,"href":"https:\/\/www.ecinews.fr\/fr\/wp-json\/wp\/v2\/comments?post=460382"}],"version-history":[{"count":0,"href":"https:\/\/www.ecinews.fr\/fr\/wp-json\/wp\/v2\/posts\/460382\/revisions"}],"wp:featuredmedia":[{"embeddable":true,"href":"https:\/\/www.ecinews.fr\/fr\/wp-json\/wp\/v2\/media\/460337"}],"wp:attachment":[{"href":"https:\/\/www.ecinews.fr\/fr\/wp-json\/wp\/v2\/media?parent=460382"}],"wp:term":[{"taxonomy":"category","embeddable":true,"href":"https:\/\/www.ecinews.fr\/fr\/wp-json\/wp\/v2\/categories?post=460382"},{"taxonomy":"post_tag","embeddable":true,"href":"https:\/\/www.ecinews.fr\/fr\/wp-json\/wp\/v2\/tags?post=460382"},{"taxonomy":"domains","embeddable":true,"href":"https:\/\/www.ecinews.fr\/fr\/wp-json\/wp\/v2\/domains?post=460382"},{"taxonomy":"author","embeddable":true,"href":"https:\/\/www.ecinews.fr\/fr\/wp-json\/wp\/v2\/ppma_author?post=460382"}],"curies":[{"name":"wp","href":"https:\/\/api.w.org\/{rel}","templated":true}]}}