{"id":46034,"date":"2020-09-06T22:31:44","date_gmt":"2020-09-06T22:31:44","guid":{"rendered":"https:\/\/\/electronica-2020-se-tiendra-numeriquement\/"},"modified":"2020-09-06T22:31:44","modified_gmt":"2020-09-06T22:31:44","slug":"electronica-2020-se-tiendra-numeriquement","status":"publish","type":"post","link":"https:\/\/www.ecinews.fr\/fr\/electronica-2020-se-tiendra-numeriquement\/","title":{"rendered":"electronica 2020 se tiendra num\u00e9riquement"},"content":{"rendered":"<p>Kurt Sievers, PDG de NXP Semiconductors et pr\u00e9sident du&nbsp;Conseil consultatif d&rsquo;electronica, a ajout\u00e9&nbsp;: \u00ab&nbsp;Apr\u00e8s avoir r\u00e9\u00e9valu\u00e9 la situation, je consid\u00e8re&nbsp;la d\u00e9cision de Messe M\u00fcnchen&nbsp;comme&nbsp;tr\u00e8s appropri\u00e9e et responsable. Nous sommes&nbsp;heureux qu\u2019electronica virtual&nbsp;permetteaux exposants d&rsquo;atteindre leurs clients internationaux, m\u00eame dans&nbsp;cette&nbsp;p\u00e9riode de pand\u00e9mie difficile. Via cette plateforme num\u00e9rique, les exposants pourront&nbsp;pr\u00e9senter leurs&nbsp;innovations,&nbsp;expliquer&nbsp;les tendances de l&rsquo;industrie et&nbsp;renforcer leur r\u00e9seau de&nbsp;clients&nbsp;et fournisseurs&nbsp;\u00bb.<\/p>\n<p><strong><u>Un salon professionnel en ligne avec pr\u00e9sentation virtuelle<\/u><\/strong><\/p>\n<p>Le format virtuel d&rsquo;electronica fournira \u00e0 l&rsquo;industrie \u00e9lectronique une&nbsp;plate-forme pour les discussions de l&rsquo;industrie mondiale en novembre.&nbsp;Diff\u00e9rentes&nbsp;opportunit\u00e9s offriront notamment&nbsp;la possibilit\u00e9 d\u2019inclure des kiosques virtuels, qui permettront aux exposants de continuer \u00e0 communiquer avec leurs clients internationaux et leur vendre leurs produits et solutions. L&rsquo;\u00e9v\u00e9nement virtuel sera compl\u00e9t\u00e9 par une conf\u00e9rence num\u00e9rique et un programme de soutien. Conf\u00e9rences individuelles et tables rondes sur des sujets tendance comme l&rsquo;industrie automobile, les syst\u00e8mes embarqu\u00e9s, l\u2019IIoT, la 5G ou encore l&rsquo;\u00e9lectronique m\u00e9dicale&nbsp;seront accessibles en ligne.<\/p>\n<p><a href=\"http:\/\/www.electronica.de\">www.electronica.de<\/a><\/p>\n","protected":false},"excerpt":{"rendered":"<p>De nouveaux d\u00e9veloppements li\u00e9s \u00e0 la pand\u00e9mie de coronavirus ont incit\u00e9 Messe M\u00fcnchen \u00e0 organiser l&rsquo;\u00e9lectronica 2020 comme un \u00e9v\u00e9nement virtuel. \u00c0 la lumi\u00e8re des restrictions de voyage impos\u00e9es par un grand nombre de visiteurs et pays exposants, electronica aurait perdu son caract\u00e8re de salon leader mondial s&rsquo;il avait eu lieu en personne en novembre. \u00ab M\u00eame si le salon aurait pu \u00eatre organis\u00e9 gr\u00e2ce \u00e0 notre concept de s\u00e9curit\u00e9 et d&rsquo;hygi\u00e8ne, les derniers d\u00e9veloppements li\u00e9s aux restrictions de voyage dans de nombreux pays nous ont oblig\u00e9s \u00e0 repenser nos plans. \u00bb a d\u00e9clar\u00e9 Falk Senger, Managing Director de Messe M\u00fcnchen<\/p>\n","protected":false},"author":9,"featured_media":46035,"comment_status":"closed","ping_status":"closed","sticky":false,"template":"","format":"standard","meta":{"_acf_changed":false,"footnotes":""},"categories":[],"tags":[],"domains":[47],"ppma_author":[1141],"class_list":["post-46034","post","type-post","status-publish","format-standard","has-post-thumbnail","hentry","domains-electronique-eci"],"acf":[],"yoast_head":"<title>electronica 2020 se tiendra num\u00e9riquement ...<\/title>\n<meta name=\"description\" content=\"De nouveaux d\u00e9veloppements li\u00e9s \u00e0 la pand\u00e9mie de coronavirus ont incit\u00e9 Messe M\u00fcnchen \u00e0 organiser l&#039;\u00e9lectronica 2020 comme un \u00e9v\u00e9nement virtuel. \u00c0...\" \/>\n<meta name=\"robots\" content=\"index, follow, max-snippet:-1, max-image-preview:large, max-video-preview:-1\" \/>\n<link rel=\"canonical\" href=\"https:\/\/www.ecinews.fr\/fr\/wp-json\/wp\/v2\/posts\/46034\/\" \/>\n<meta property=\"og:locale\" content=\"fr_FR\" \/>\n<meta property=\"og:type\" content=\"article\" \/>\n<meta property=\"og:title\" content=\"electronica 2020 se tiendra num\u00e9riquement\" \/>\n<meta property=\"og:description\" content=\"De nouveaux d\u00e9veloppements li\u00e9s \u00e0 la pand\u00e9mie de coronavirus ont incit\u00e9 Messe M\u00fcnchen \u00e0 organiser l&#039;\u00e9lectronica 2020 comme un \u00e9v\u00e9nement virtuel. \u00c0 la lumi\u00e8re des restrictions de voyage impos\u00e9es par un grand nombre de visiteurs et pays exposants, electronica aurait perdu son caract\u00e8re de salon leader mondial s&#039;il avait eu lieu en personne en novembre. \u00ab M\u00eame si le salon aurait pu \u00eatre organis\u00e9 gr\u00e2ce \u00e0 notre concept de s\u00e9curit\u00e9 et d&#039;hygi\u00e8ne, les derniers d\u00e9veloppements li\u00e9s aux restrictions de voyage dans de nombreux pays nous ont oblig\u00e9s \u00e0 repenser nos plans. \u00bb a d\u00e9clar\u00e9 Falk Senger, Managing Director de Messe M\u00fcnchen\" \/>\n<meta property=\"og:url\" content=\"https:\/\/www.ecinews.fr\/fr\/wp-json\/wp\/v2\/posts\/46034\/\" \/>\n<meta property=\"og:site_name\" content=\"EENewsEurope\" \/>\n<meta property=\"article:published_time\" content=\"2020-09-06T22:31:44+00:00\" \/>\n<meta property=\"og:image\" content=\"https:\/\/www.ecinews.fr\/wp-content\/uploads\/import\/default\/files\/sites\/default\/files\/images\/eci8796_electronica.jpg\" \/>\n\t<meta property=\"og:image:width\" content=\"106\" \/>\n\t<meta property=\"og:image:height\" content=\"103\" \/>\n\t<meta property=\"og:image:type\" content=\"image\/jpeg\" \/>\n<meta name=\"author\" content=\"Alain Dieul\" \/>\n<meta name=\"twitter:card\" content=\"summary_large_image\" \/>\n<meta name=\"twitter:label1\" content=\"Written by\" \/>\n\t<meta name=\"twitter:data1\" content=\"Alain Dieul\" \/>\n\t<meta name=\"twitter:label2\" content=\"Est. reading time\" \/>\n\t<meta name=\"twitter:data2\" content=\"1 minute\" \/>\n<script type=\"application\/ld+json\" class=\"yoast-schema-graph\">{\"@context\":\"https:\/\/schema.org\",\"@graph\":[{\"@type\":\"Article\",\"@id\":\"https:\/\/www.ecinews.fr\/fr\/electronica-2020-se-tiendra-numeriquement\/#article\",\"isPartOf\":{\"@id\":\"https:\/\/www.ecinews.fr\/fr\/electronica-2020-se-tiendra-numeriquement\/\"},\"author\":{\"name\":\"Alain Dieul\",\"@id\":\"https:\/\/www.eenewseurope.com\/en\/#\/schema\/person\/568c789a4794bd460460501ba91f5daf\"},\"headline\":\"electronica 2020 se tiendra num\u00e9riquement\",\"datePublished\":\"2020-09-06T22:31:44+00:00\",\"dateModified\":\"2020-09-06T22:31:44+00:00\",\"mainEntityOfPage\":{\"@id\":\"https:\/\/www.ecinews.fr\/fr\/electronica-2020-se-tiendra-numeriquement\/\"},\"wordCount\":232,\"publisher\":{\"@id\":\"https:\/\/www.eenewseurope.com\/en\/#organization\"},\"inLanguage\":\"fr-FR\"},{\"@type\":\"WebPage\",\"@id\":\"https:\/\/www.ecinews.fr\/fr\/electronica-2020-se-tiendra-numeriquement\/\",\"url\":\"https:\/\/www.ecinews.fr\/fr\/electronica-2020-se-tiendra-numeriquement\/\",\"name\":\"electronica 2020 se tiendra num\u00e9riquement -\",\"isPartOf\":{\"@id\":\"https:\/\/www.eenewseurope.com\/en\/#website\"},\"datePublished\":\"2020-09-06T22:31:44+00:00\",\"dateModified\":\"2020-09-06T22:31:44+00:00\",\"breadcrumb\":{\"@id\":\"https:\/\/www.ecinews.fr\/fr\/electronica-2020-se-tiendra-numeriquement\/#breadcrumb\"},\"inLanguage\":\"fr-FR\",\"potentialAction\":[{\"@type\":\"ReadAction\",\"target\":[\"https:\/\/www.ecinews.fr\/fr\/electronica-2020-se-tiendra-numeriquement\/\"]}]},{\"@type\":\"BreadcrumbList\",\"@id\":\"https:\/\/www.ecinews.fr\/fr\/electronica-2020-se-tiendra-numeriquement\/#breadcrumb\",\"itemListElement\":[{\"@type\":\"ListItem\",\"position\":1,\"name\":\"Home\",\"item\":\"https:\/\/www.ecinews.fr\/fr\/\"},{\"@type\":\"ListItem\",\"position\":2,\"name\":\"electronica 2020 se tiendra num\u00e9riquement\"}]},{\"@type\":\"WebSite\",\"@id\":\"https:\/\/www.eenewseurope.com\/en\/#website\",\"url\":\"https:\/\/www.eenewseurope.com\/en\/\",\"name\":\"EENewsEurope\",\"description\":\"Just another WordPress site\",\"publisher\":{\"@id\":\"https:\/\/www.eenewseurope.com\/en\/#organization\"},\"potentialAction\":[{\"@type\":\"SearchAction\",\"target\":{\"@type\":\"EntryPoint\",\"urlTemplate\":\"https:\/\/www.eenewseurope.com\/en\/?s={search_term_string}\"},\"query-input\":\"required name=search_term_string\"}],\"inLanguage\":\"fr-FR\"},{\"@type\":\"Organization\",\"@id\":\"https:\/\/www.eenewseurope.com\/en\/#organization\",\"name\":\"EENewsEurope\",\"url\":\"https:\/\/www.eenewseurope.com\/en\/\",\"logo\":{\"@type\":\"ImageObject\",\"inLanguage\":\"fr-FR\",\"@id\":\"https:\/\/www.eenewseurope.com\/en\/#\/schema\/logo\/image\/\",\"url\":\"https:\/\/www.ecinews.fr\/wp-content\/uploads\/2022\/02\/logo-1.jpg\",\"contentUrl\":\"https:\/\/www.ecinews.fr\/wp-content\/uploads\/2022\/02\/logo-1.jpg\",\"width\":283,\"height\":113,\"caption\":\"EENewsEurope\"},\"image\":{\"@id\":\"https:\/\/www.eenewseurope.com\/en\/#\/schema\/logo\/image\/\"}},{\"@type\":\"Person\",\"@id\":\"https:\/\/www.eenewseurope.com\/en\/#\/schema\/person\/568c789a4794bd460460501ba91f5daf\",\"name\":\"Alain Dieul\",\"image\":{\"@type\":\"ImageObject\",\"inLanguage\":\"fr-FR\",\"@id\":\"https:\/\/www.eenewseurope.com\/en\/#\/schema\/person\/image\/6d32dc651fbcef3b338066625b118364\",\"url\":\"https:\/\/secure.gravatar.com\/avatar\/93708ec89b35deb10f4cfbfe144b4e07?s=96&d=mm&r=g\",\"contentUrl\":\"https:\/\/secure.gravatar.com\/avatar\/93708ec89b35deb10f4cfbfe144b4e07?s=96&d=mm&r=g\",\"caption\":\"Alain Dieul\"}}]}<\/script>","yoast_head_json":{"title":"electronica 2020 se tiendra num\u00e9riquement ...","description":"De nouveaux d\u00e9veloppements li\u00e9s \u00e0 la pand\u00e9mie de coronavirus ont incit\u00e9 Messe M\u00fcnchen \u00e0 organiser l'\u00e9lectronica 2020 comme un \u00e9v\u00e9nement virtuel. \u00c0...","robots":{"index":"index","follow":"follow","max-snippet":"max-snippet:-1","max-image-preview":"max-image-preview:large","max-video-preview":"max-video-preview:-1"},"canonical":"https:\/\/www.ecinews.fr\/fr\/wp-json\/wp\/v2\/posts\/46034\/","og_locale":"fr_FR","og_type":"article","og_title":"electronica 2020 se tiendra num\u00e9riquement","og_description":"De nouveaux d\u00e9veloppements li\u00e9s \u00e0 la pand\u00e9mie de coronavirus ont incit\u00e9 Messe M\u00fcnchen \u00e0 organiser l'\u00e9lectronica 2020 comme un \u00e9v\u00e9nement virtuel. \u00c0 la lumi\u00e8re des restrictions de voyage impos\u00e9es par un grand nombre de visiteurs et pays exposants, electronica aurait perdu son caract\u00e8re de salon leader mondial s'il avait eu lieu en personne en novembre. \u00ab M\u00eame si le salon aurait pu \u00eatre organis\u00e9 gr\u00e2ce \u00e0 notre concept de s\u00e9curit\u00e9 et d'hygi\u00e8ne, les derniers d\u00e9veloppements li\u00e9s aux restrictions de voyage dans de nombreux pays nous ont oblig\u00e9s \u00e0 repenser nos plans. \u00bb a d\u00e9clar\u00e9 Falk Senger, Managing Director de Messe M\u00fcnchen","og_url":"https:\/\/www.ecinews.fr\/fr\/wp-json\/wp\/v2\/posts\/46034\/","og_site_name":"EENewsEurope","article_published_time":"2020-09-06T22:31:44+00:00","og_image":[{"width":106,"height":103,"url":"https:\/\/www.ecinews.fr\/wp-content\/uploads\/import\/default\/files\/sites\/default\/files\/images\/eci8796_electronica.jpg","type":"image\/jpeg"}],"author":"Alain Dieul","twitter_card":"summary_large_image","twitter_misc":{"Written by":"Alain Dieul","Est. reading time":"1 minute"},"schema":{"@context":"https:\/\/schema.org","@graph":[{"@type":"Article","@id":"https:\/\/www.ecinews.fr\/fr\/electronica-2020-se-tiendra-numeriquement\/#article","isPartOf":{"@id":"https:\/\/www.ecinews.fr\/fr\/electronica-2020-se-tiendra-numeriquement\/"},"author":{"name":"Alain Dieul","@id":"https:\/\/www.eenewseurope.com\/en\/#\/schema\/person\/568c789a4794bd460460501ba91f5daf"},"headline":"electronica 2020 se tiendra num\u00e9riquement","datePublished":"2020-09-06T22:31:44+00:00","dateModified":"2020-09-06T22:31:44+00:00","mainEntityOfPage":{"@id":"https:\/\/www.ecinews.fr\/fr\/electronica-2020-se-tiendra-numeriquement\/"},"wordCount":232,"publisher":{"@id":"https:\/\/www.eenewseurope.com\/en\/#organization"},"inLanguage":"fr-FR"},{"@type":"WebPage","@id":"https:\/\/www.ecinews.fr\/fr\/electronica-2020-se-tiendra-numeriquement\/","url":"https:\/\/www.ecinews.fr\/fr\/electronica-2020-se-tiendra-numeriquement\/","name":"electronica 2020 se tiendra num\u00e9riquement -","isPartOf":{"@id":"https:\/\/www.eenewseurope.com\/en\/#website"},"datePublished":"2020-09-06T22:31:44+00:00","dateModified":"2020-09-06T22:31:44+00:00","breadcrumb":{"@id":"https:\/\/www.ecinews.fr\/fr\/electronica-2020-se-tiendra-numeriquement\/#breadcrumb"},"inLanguage":"fr-FR","potentialAction":[{"@type":"ReadAction","target":["https:\/\/www.ecinews.fr\/fr\/electronica-2020-se-tiendra-numeriquement\/"]}]},{"@type":"BreadcrumbList","@id":"https:\/\/www.ecinews.fr\/fr\/electronica-2020-se-tiendra-numeriquement\/#breadcrumb","itemListElement":[{"@type":"ListItem","position":1,"name":"Home","item":"https:\/\/www.ecinews.fr\/fr\/"},{"@type":"ListItem","position":2,"name":"electronica 2020 se tiendra num\u00e9riquement"}]},{"@type":"WebSite","@id":"https:\/\/www.eenewseurope.com\/en\/#website","url":"https:\/\/www.eenewseurope.com\/en\/","name":"EENewsEurope","description":"Just another WordPress site","publisher":{"@id":"https:\/\/www.eenewseurope.com\/en\/#organization"},"potentialAction":[{"@type":"SearchAction","target":{"@type":"EntryPoint","urlTemplate":"https:\/\/www.eenewseurope.com\/en\/?s={search_term_string}"},"query-input":"required name=search_term_string"}],"inLanguage":"fr-FR"},{"@type":"Organization","@id":"https:\/\/www.eenewseurope.com\/en\/#organization","name":"EENewsEurope","url":"https:\/\/www.eenewseurope.com\/en\/","logo":{"@type":"ImageObject","inLanguage":"fr-FR","@id":"https:\/\/www.eenewseurope.com\/en\/#\/schema\/logo\/image\/","url":"https:\/\/www.ecinews.fr\/wp-content\/uploads\/2022\/02\/logo-1.jpg","contentUrl":"https:\/\/www.ecinews.fr\/wp-content\/uploads\/2022\/02\/logo-1.jpg","width":283,"height":113,"caption":"EENewsEurope"},"image":{"@id":"https:\/\/www.eenewseurope.com\/en\/#\/schema\/logo\/image\/"}},{"@type":"Person","@id":"https:\/\/www.eenewseurope.com\/en\/#\/schema\/person\/568c789a4794bd460460501ba91f5daf","name":"Alain Dieul","image":{"@type":"ImageObject","inLanguage":"fr-FR","@id":"https:\/\/www.eenewseurope.com\/en\/#\/schema\/person\/image\/6d32dc651fbcef3b338066625b118364","url":"https:\/\/secure.gravatar.com\/avatar\/93708ec89b35deb10f4cfbfe144b4e07?s=96&d=mm&r=g","contentUrl":"https:\/\/secure.gravatar.com\/avatar\/93708ec89b35deb10f4cfbfe144b4e07?s=96&d=mm&r=g","caption":"Alain Dieul"}}]}},"authors":[{"term_id":1141,"user_id":9,"is_guest":0,"slug":"alaindieul","display_name":"Alain Dieul","avatar_url":"https:\/\/secure.gravatar.com\/avatar\/93708ec89b35deb10f4cfbfe144b4e07?s=96&d=mm&r=g","0":null,"1":"","2":"","3":"","4":"","5":"","6":"","7":"","8":""}],"_links":{"self":[{"href":"https:\/\/www.ecinews.fr\/fr\/wp-json\/wp\/v2\/posts\/46034"}],"collection":[{"href":"https:\/\/www.ecinews.fr\/fr\/wp-json\/wp\/v2\/posts"}],"about":[{"href":"https:\/\/www.ecinews.fr\/fr\/wp-json\/wp\/v2\/types\/post"}],"author":[{"embeddable":true,"href":"https:\/\/www.ecinews.fr\/fr\/wp-json\/wp\/v2\/users\/9"}],"replies":[{"embeddable":true,"href":"https:\/\/www.ecinews.fr\/fr\/wp-json\/wp\/v2\/comments?post=46034"}],"version-history":[{"count":0,"href":"https:\/\/www.ecinews.fr\/fr\/wp-json\/wp\/v2\/posts\/46034\/revisions"}],"wp:featuredmedia":[{"embeddable":true,"href":"https:\/\/www.ecinews.fr\/fr\/wp-json\/wp\/v2\/media\/46035"}],"wp:attachment":[{"href":"https:\/\/www.ecinews.fr\/fr\/wp-json\/wp\/v2\/media?parent=46034"}],"wp:term":[{"taxonomy":"category","embeddable":true,"href":"https:\/\/www.ecinews.fr\/fr\/wp-json\/wp\/v2\/categories?post=46034"},{"taxonomy":"post_tag","embeddable":true,"href":"https:\/\/www.ecinews.fr\/fr\/wp-json\/wp\/v2\/tags?post=46034"},{"taxonomy":"domains","embeddable":true,"href":"https:\/\/www.ecinews.fr\/fr\/wp-json\/wp\/v2\/domains?post=46034"},{"taxonomy":"author","embeddable":true,"href":"https:\/\/www.ecinews.fr\/fr\/wp-json\/wp\/v2\/ppma_author?post=46034"}],"curies":[{"name":"wp","href":"https:\/\/api.w.org\/{rel}","templated":true}]}}