{"id":460194,"date":"2024-09-10T09:21:30","date_gmt":"2024-09-10T07:21:30","guid":{"rendered":"https:\/\/www.ecinews.fr\/?p=460194"},"modified":"2024-09-10T09:26:22","modified_gmt":"2024-09-10T07:26:22","slug":"la-chine-met-en-garde-asml-sur-les-blocages-concernant-sur-le-duv","status":"publish","type":"post","link":"https:\/\/www.ecinews.fr\/fr\/la-chine-met-en-garde-asml-sur-les-blocages-concernant-sur-le-duv\/","title":{"rendered":"La Chine avertit ASML sur les contr\u00f4les sur le DUV"},"content":{"rendered":"<h2>Le gouvernement chinois a exprim\u00e9 son \u00ab\u00a0vif m\u00e9contentement\u00a0\u00bb face \u00e0 ce qu&rsquo;il consid\u00e8re comme un \u00e9largissement des contr\u00f4les \u00e0 l&rsquo;exportation des \u00e9quipements de lithographie des semi-conducteurs, selon le <em>Global Times.<\/em><\/h2>\n<p><em>Global Times <\/em>est la propri\u00e9t\u00e9 du Comit\u00e9 central du Parti communiste chinois.<\/p>\n<p>Un porte-parole du minist\u00e8re du commerce (MOFCOM) a condamn\u00e9 les \u00c9tats-Unis pour avoir fait pression sur d&rsquo;autres pays afin qu&rsquo;ils renforcent les contr\u00f4les \u00e0 l&rsquo;exportation et a appel\u00e9 les Pays-Bas \u00e0 respecter les accords commerciaux internationaux, a rapport\u00e9 le <em>Global Times<\/em>.<\/p>\n<p>ASML a annonc\u00e9 le vendredi 6 septembre qu&rsquo;elle devrait demander des licences au gouvernement n\u00e9erlandais pour exporter les syst\u00e8mes de lithographie par immersion en UV profond Twinscan 1970i et 1980i vers des clients en Chine. Il s&rsquo;agit d&rsquo;\u00e9quipements de lithographie DUV de sp\u00e9cifications inf\u00e9rieures \u00e0 celles qui ont \u00e9t\u00e9 incluses dans les licences d&rsquo;exportation en 2023.<\/p>\n<p>&nbsp;<\/p>\n<blockquote class=\"wp-embedded-content\" data-secret=\"hAihg6ec8j\"><p><a href=\"https:\/\/www.eenewseurope.com\/en\/asml-sees-export-controls-on-latest-duv-lithography-equipment\/\">ASML sees export controls on latest DUV lithography equipment<\/a><\/p><\/blockquote>\n<p><iframe class=\"wp-embedded-content lazyload\" sandbox=\"allow-scripts\" security=\"restricted\" style=\"position: absolute; visibility: hidden;\" title=\"&#8220;ASML sees export controls on latest DUV lithography equipment&#8221; &#8212; eeNews Europe\" data-src=\"https:\/\/www.eenewseurope.com\/en\/asml-sees-export-controls-on-latest-duv-lithography-equipment\/embed\/#?secret=a3eYODt99n#?secret=hAihg6ec8j\" data-secret=\"hAihg6ec8j\" width=\"500\" height=\"282\" frameborder=\"0\" marginwidth=\"0\" marginheight=\"0\" scrolling=\"no\" src=\"data:image\/svg+xml;base64,PHN2ZyB3aWR0aD0iMSIgaGVpZ2h0PSIxIiB4bWxucz0iaHR0cDovL3d3dy53My5vcmcvMjAwMC9zdmciPjwvc3ZnPg==\" data-load-mode=\"1\"><\/iframe><\/p>\n<p>Le lendemain, le m\u00eame journal citait le MOFCOM d\u00e9clarant que les fonctionnaires chinois et am\u00e9ricains avaient eu des entretiens \u00ab\u00a0professionnels, rationnels et pragmatiques\u00a0\u00bb sur des questions politiques d&rsquo;int\u00e9r\u00eat commun. Cette d\u00e9claration a \u00e9t\u00e9 faite apr\u00e8s que le repr\u00e9sentant chinois du commerce international, Wang Shouwen, et la sous-secr\u00e9taire am\u00e9ricaine au commerce international, Marisa Lago, ont co-pr\u00e9sid\u00e9 une r\u00e9union vice-minist\u00e9rielle du groupe de travail commercial Chine-\u00c9tats-Unis \u00e0 Tianjin.<\/p>\n<p>Cette r\u00e9union avait une port\u00e9e plus large que les seuls semi-conducteurs<em>. Global Times <\/em> a cit\u00e9 des experts anonymes : \u00ab\u00a0Washington doit cesser sa campagne de r\u00e9pression contre le d\u00e9veloppement de la Chine.<\/p>\n<p>Les fabricants chinois de puces ont d\u00e9j\u00e0 install\u00e9 de nombreuses machines de lithographie DUV d&rsquo;ASML, mais le dernier contr\u00f4le \u00e0 l&rsquo;exportation inclut probablement la fourniture de pi\u00e8ces d\u00e9tach\u00e9es et de consommables et pourrait d\u00e9sormais porter atteinte \u00e0 la capacit\u00e9 de la Chine \u00e0 fabriquer plusieurs g\u00e9n\u00e9rations de technologie des semi-conducteurs. Les contr\u00f4les \u00e0 l&rsquo;exportation pr\u00e9c\u00e9demment impos\u00e9s ont effectivement emp\u00each\u00e9 la Chine d&rsquo;acc\u00e9der aux \u00e9quipements de lithographie par ultraviolet extr\u00eame (EUV) et \u00e0 certains scanners DUV haut de gamme.<\/p>\n<p>ASML a pr\u00e9sent\u00e9 ce dernier changement comme un transfert d&rsquo;autorit\u00e9 des \u00c9tats-Unis vers les Pays-Bas, conform\u00e9ment \u00e0 la r\u00e9glementation am\u00e9ricaine en mati\u00e8re d&rsquo;administration des exportations, plut\u00f4t que comme une extension de son champ d&rsquo;application.<\/p>\n<p>Le changement est entr\u00e9 en vigueur le samedi 7 septembre.<\/p>\n<p>L&rsquo;article du <em>Global Times<\/em> cite un analyste : \u00ab\u00a0Si cette mesure de contr\u00f4le est mise en \u0153uvre et restreint l&rsquo;exportation de certains produits d&rsquo;ASML vers la Chine, l&rsquo;impact sur ASML pourrait \u00eatre substantiel.<\/p>\n<p>Un commentaire anonyme a \u00e9galement permis de faire la pr\u00e9diction suivante : \u00ab\u00a0Si les Pays-Bas suivent l&rsquo;ordre am\u00e9ricain de refuser le service aux clients chinois d&rsquo;ASML, il se peut que l&rsquo;entreprise ne retrouve jamais le grand march\u00e9 chinois\u00a0\u00bb.<\/p>\n<p>ASML a d\u00e9clar\u00e9 que son annonce ne devrait pas avoir d&rsquo;impact sur les perspectives financi\u00e8res pour 2024 ou pour des sc\u00e9narios \u00e0 plus long terme.<\/p>\n<h4>Liens et articles connexes :<\/h4>\n<p><em><a href=\"https:\/\/www.globaltimes.cn\/page\/202409\/1319445.shtml\">Article du Global Times<\/a><\/em><\/p>\n<p><a href=\"http:\/\/www.asml.com\">www.asml.com<\/a><\/p>\n<h4>Articles de presse :<\/h4>\n<p><a href=\"https:\/\/www.eenewseurope.com\/en\/asml-has-started-shipping-second-high-na-euv-litho-machine\/\">ASML a commenc\u00e9 \u00e0 livrer une deuxi\u00e8me machine de lithographie EUV \u00e0 haute intensit\u00e9 d&rsquo;azote<\/a><\/p>\n<p><a href=\"https:\/\/www.eenewseurope.com\/en\/asml-sees-export-controls-on-latest-duv-lithography-equipment\/\">ASML envisage des contr\u00f4les \u00e0 l&rsquo;exportation pour son dernier \u00e9quipement de lithographie DUV<\/a><\/p>\n","protected":false},"excerpt":{"rendered":"<p>Le gouvernement chinois a exprim\u00e9 son \u00ab\u00a0vif m\u00e9contentement\u00a0\u00bb face \u00e0 ce qu&rsquo;il consid\u00e8re comme un \u00e9largissement des contr\u00f4les \u00e0 l&rsquo;exportation des \u00e9quipements de lithographie des semi-conducteurs, selon le Global Times. Global Times est la propri\u00e9t\u00e9 du Comit\u00e9 central du Parti communiste chinois. Un porte-parole du minist\u00e8re du commerce (MOFCOM) a condamn\u00e9 les \u00c9tats-Unis pour avoir [&hellip;]<\/p>\n","protected":false},"author":40,"featured_media":460158,"comment_status":"closed","ping_status":"closed","sticky":false,"template":"","format":"standard","meta":{"_acf_changed":false,"footnotes":""},"categories":[880],"tags":[2933,2128,3018,3104],"domains":[47],"ppma_author":[3631,6199],"class_list":["post-460194","post","type-post","status-publish","format-standard","has-post-thumbnail","hentry","category-actualites-economiques","tag-asml","tag-china-fr","tag-duv","tag-lithographie","domains-electronique-eci"],"acf":[],"yoast_head":"<title>La Chine avertit ASML sur les contr\u00f4les sur le DUV ...<\/title>\n<meta name=\"description\" content=\"La Chine a exprim\u00e9 son &quot;profond m\u00e9contentement&quot; face \u00e0 une extension des contr\u00f4les \u00e0 l&#039;exportation des \u00e9quipements de lithographie.\" \/>\n<meta name=\"robots\" content=\"index, follow, max-snippet:-1, max-image-preview:large, max-video-preview:-1\" \/>\n<link rel=\"canonical\" href=\"https:\/\/www.ecinews.fr\/fr\/wp-json\/wp\/v2\/posts\/460194\/\" \/>\n<meta property=\"og:locale\" content=\"fr_FR\" \/>\n<meta property=\"og:type\" content=\"article\" \/>\n<meta property=\"og:title\" content=\"La Chine avertit ASML sur les contr\u00f4les sur le DUV\" \/>\n<meta property=\"og:description\" content=\"La Chine a exprim\u00e9 son &quot;profond m\u00e9contentement&quot; face \u00e0 une extension des contr\u00f4les \u00e0 l&#039;exportation des \u00e9quipements de lithographie.\" \/>\n<meta property=\"og:url\" content=\"https:\/\/www.ecinews.fr\/fr\/wp-json\/wp\/v2\/posts\/460194\/\" \/>\n<meta property=\"og:site_name\" content=\"EENewsEurope\" \/>\n<meta property=\"article:published_time\" content=\"2024-09-10T07:21:30+00:00\" \/>\n<meta property=\"article:modified_time\" content=\"2024-09-10T07:26:22+00:00\" \/>\n<meta property=\"og:image\" content=\"https:\/\/www.ecinews.fr\/wp-content\/uploads\/2024\/09\/ASMl18070i.jpg\" \/>\n\t<meta property=\"og:image:width\" content=\"630\" \/>\n\t<meta property=\"og:image:height\" content=\"400\" \/>\n\t<meta property=\"og:image:type\" content=\"image\/jpeg\" \/>\n<meta name=\"author\" content=\"Peter Clarke, A Delapalisse\" \/>\n<meta name=\"twitter:card\" content=\"summary_large_image\" \/>\n<meta name=\"twitter:label1\" content=\"Written by\" \/>\n\t<meta name=\"twitter:data1\" content=\"A Delapalisse\" \/>\n\t<meta name=\"twitter:label2\" content=\"Est. reading time\" \/>\n\t<meta name=\"twitter:data2\" content=\"3 minutes\" \/>\n<script type=\"application\/ld+json\" class=\"yoast-schema-graph\">{\"@context\":\"https:\/\/schema.org\",\"@graph\":[{\"@type\":\"Article\",\"@id\":\"https:\/\/www.ecinews.fr\/fr\/la-chine-met-en-garde-asml-sur-les-blocages-concernant-sur-le-duv\/#article\",\"isPartOf\":{\"@id\":\"https:\/\/www.ecinews.fr\/fr\/la-chine-met-en-garde-asml-sur-les-blocages-concernant-sur-le-duv\/\"},\"author\":{\"name\":\"A Delapalisse\",\"@id\":\"https:\/\/www.eenewseurope.com\/en\/#\/schema\/person\/4b3db5ba5c953c5fddeb226df86d8635\"},\"headline\":\"La Chine avertit ASML sur les contr\u00f4les sur le DUV\",\"datePublished\":\"2024-09-10T07:21:30+00:00\",\"dateModified\":\"2024-09-10T07:26:22+00:00\",\"mainEntityOfPage\":{\"@id\":\"https:\/\/www.ecinews.fr\/fr\/la-chine-met-en-garde-asml-sur-les-blocages-concernant-sur-le-duv\/\"},\"wordCount\":576,\"publisher\":{\"@id\":\"https:\/\/www.eenewseurope.com\/en\/#organization\"},\"keywords\":[\"ASML\",\"Chine\",\"DUV\",\"Lithographie\"],\"articleSection\":[\"Actualit\u00e9s \u00e9conomiques\"],\"inLanguage\":\"fr-FR\"},{\"@type\":\"WebPage\",\"@id\":\"https:\/\/www.ecinews.fr\/fr\/la-chine-met-en-garde-asml-sur-les-blocages-concernant-sur-le-duv\/\",\"url\":\"https:\/\/www.ecinews.fr\/fr\/la-chine-met-en-garde-asml-sur-les-blocages-concernant-sur-le-duv\/\",\"name\":\"La Chine avertit ASML sur les contr\u00f4les sur le DUV\",\"isPartOf\":{\"@id\":\"https:\/\/www.eenewseurope.com\/en\/#website\"},\"datePublished\":\"2024-09-10T07:21:30+00:00\",\"dateModified\":\"2024-09-10T07:26:22+00:00\",\"description\":\"La Chine a exprim\u00e9 son \\\"profond m\u00e9contentement\\\" face \u00e0 une extension des contr\u00f4les \u00e0 l'exportation des \u00e9quipements de lithographie.\",\"breadcrumb\":{\"@id\":\"https:\/\/www.ecinews.fr\/fr\/la-chine-met-en-garde-asml-sur-les-blocages-concernant-sur-le-duv\/#breadcrumb\"},\"inLanguage\":\"fr-FR\",\"potentialAction\":[{\"@type\":\"ReadAction\",\"target\":[\"https:\/\/www.ecinews.fr\/fr\/la-chine-met-en-garde-asml-sur-les-blocages-concernant-sur-le-duv\/\"]}]},{\"@type\":\"BreadcrumbList\",\"@id\":\"https:\/\/www.ecinews.fr\/fr\/la-chine-met-en-garde-asml-sur-les-blocages-concernant-sur-le-duv\/#breadcrumb\",\"itemListElement\":[{\"@type\":\"ListItem\",\"position\":1,\"name\":\"Home\",\"item\":\"https:\/\/www.ecinews.fr\/fr\/\"},{\"@type\":\"ListItem\",\"position\":2,\"name\":\"La Chine avertit ASML sur les contr\u00f4les sur le DUV\"}]},{\"@type\":\"WebSite\",\"@id\":\"https:\/\/www.eenewseurope.com\/en\/#website\",\"url\":\"https:\/\/www.eenewseurope.com\/en\/\",\"name\":\"EENewsEurope\",\"description\":\"Just another WordPress site\",\"publisher\":{\"@id\":\"https:\/\/www.eenewseurope.com\/en\/#organization\"},\"potentialAction\":[{\"@type\":\"SearchAction\",\"target\":{\"@type\":\"EntryPoint\",\"urlTemplate\":\"https:\/\/www.eenewseurope.com\/en\/?s={search_term_string}\"},\"query-input\":\"required name=search_term_string\"}],\"inLanguage\":\"fr-FR\"},{\"@type\":\"Organization\",\"@id\":\"https:\/\/www.eenewseurope.com\/en\/#organization\",\"name\":\"EENewsEurope\",\"url\":\"https:\/\/www.eenewseurope.com\/en\/\",\"logo\":{\"@type\":\"ImageObject\",\"inLanguage\":\"fr-FR\",\"@id\":\"https:\/\/www.eenewseurope.com\/en\/#\/schema\/logo\/image\/\",\"url\":\"https:\/\/www.ecinews.fr\/wp-content\/uploads\/2022\/02\/logo-1.jpg\",\"contentUrl\":\"https:\/\/www.ecinews.fr\/wp-content\/uploads\/2022\/02\/logo-1.jpg\",\"width\":283,\"height\":113,\"caption\":\"EENewsEurope\"},\"image\":{\"@id\":\"https:\/\/www.eenewseurope.com\/en\/#\/schema\/logo\/image\/\"}},{\"@type\":\"Person\",\"@id\":\"https:\/\/www.eenewseurope.com\/en\/#\/schema\/person\/4b3db5ba5c953c5fddeb226df86d8635\",\"name\":\"A Delapalisse\",\"image\":{\"@type\":\"ImageObject\",\"inLanguage\":\"fr-FR\",\"@id\":\"https:\/\/www.eenewseurope.com\/en\/#\/schema\/person\/image\/09af0e1236b95ff53924b8dfe5af278e\",\"url\":\"https:\/\/secure.gravatar.com\/avatar\/010f811c0933b47aea7e9204117b17c6?s=96&d=mm&r=g\",\"contentUrl\":\"https:\/\/secure.gravatar.com\/avatar\/010f811c0933b47aea7e9204117b17c6?s=96&d=mm&r=g\",\"caption\":\"A Delapalisse\"}}]}<\/script>","yoast_head_json":{"title":"La Chine avertit ASML sur les contr\u00f4les sur le DUV ...","description":"La Chine a exprim\u00e9 son \"profond m\u00e9contentement\" face \u00e0 une extension des contr\u00f4les \u00e0 l'exportation des \u00e9quipements de lithographie.","robots":{"index":"index","follow":"follow","max-snippet":"max-snippet:-1","max-image-preview":"max-image-preview:large","max-video-preview":"max-video-preview:-1"},"canonical":"https:\/\/www.ecinews.fr\/fr\/wp-json\/wp\/v2\/posts\/460194\/","og_locale":"fr_FR","og_type":"article","og_title":"La Chine avertit ASML sur les contr\u00f4les sur le DUV","og_description":"La Chine a exprim\u00e9 son \"profond m\u00e9contentement\" face \u00e0 une extension des contr\u00f4les \u00e0 l'exportation des \u00e9quipements de lithographie.","og_url":"https:\/\/www.ecinews.fr\/fr\/wp-json\/wp\/v2\/posts\/460194\/","og_site_name":"EENewsEurope","article_published_time":"2024-09-10T07:21:30+00:00","article_modified_time":"2024-09-10T07:26:22+00:00","og_image":[{"width":630,"height":400,"url":"https:\/\/www.ecinews.fr\/wp-content\/uploads\/2024\/09\/ASMl18070i.jpg","type":"image\/jpeg"}],"author":"Peter Clarke, A Delapalisse","twitter_card":"summary_large_image","twitter_misc":{"Written by":"A Delapalisse","Est. reading time":"3 minutes"},"schema":{"@context":"https:\/\/schema.org","@graph":[{"@type":"Article","@id":"https:\/\/www.ecinews.fr\/fr\/la-chine-met-en-garde-asml-sur-les-blocages-concernant-sur-le-duv\/#article","isPartOf":{"@id":"https:\/\/www.ecinews.fr\/fr\/la-chine-met-en-garde-asml-sur-les-blocages-concernant-sur-le-duv\/"},"author":{"name":"A Delapalisse","@id":"https:\/\/www.eenewseurope.com\/en\/#\/schema\/person\/4b3db5ba5c953c5fddeb226df86d8635"},"headline":"La Chine avertit ASML sur les contr\u00f4les sur le DUV","datePublished":"2024-09-10T07:21:30+00:00","dateModified":"2024-09-10T07:26:22+00:00","mainEntityOfPage":{"@id":"https:\/\/www.ecinews.fr\/fr\/la-chine-met-en-garde-asml-sur-les-blocages-concernant-sur-le-duv\/"},"wordCount":576,"publisher":{"@id":"https:\/\/www.eenewseurope.com\/en\/#organization"},"keywords":["ASML","Chine","DUV","Lithographie"],"articleSection":["Actualit\u00e9s \u00e9conomiques"],"inLanguage":"fr-FR"},{"@type":"WebPage","@id":"https:\/\/www.ecinews.fr\/fr\/la-chine-met-en-garde-asml-sur-les-blocages-concernant-sur-le-duv\/","url":"https:\/\/www.ecinews.fr\/fr\/la-chine-met-en-garde-asml-sur-les-blocages-concernant-sur-le-duv\/","name":"La Chine avertit ASML sur les contr\u00f4les sur le DUV","isPartOf":{"@id":"https:\/\/www.eenewseurope.com\/en\/#website"},"datePublished":"2024-09-10T07:21:30+00:00","dateModified":"2024-09-10T07:26:22+00:00","description":"La Chine a exprim\u00e9 son \"profond m\u00e9contentement\" face \u00e0 une extension des contr\u00f4les \u00e0 l'exportation des \u00e9quipements de lithographie.","breadcrumb":{"@id":"https:\/\/www.ecinews.fr\/fr\/la-chine-met-en-garde-asml-sur-les-blocages-concernant-sur-le-duv\/#breadcrumb"},"inLanguage":"fr-FR","potentialAction":[{"@type":"ReadAction","target":["https:\/\/www.ecinews.fr\/fr\/la-chine-met-en-garde-asml-sur-les-blocages-concernant-sur-le-duv\/"]}]},{"@type":"BreadcrumbList","@id":"https:\/\/www.ecinews.fr\/fr\/la-chine-met-en-garde-asml-sur-les-blocages-concernant-sur-le-duv\/#breadcrumb","itemListElement":[{"@type":"ListItem","position":1,"name":"Home","item":"https:\/\/www.ecinews.fr\/fr\/"},{"@type":"ListItem","position":2,"name":"La Chine avertit ASML sur les contr\u00f4les sur le DUV"}]},{"@type":"WebSite","@id":"https:\/\/www.eenewseurope.com\/en\/#website","url":"https:\/\/www.eenewseurope.com\/en\/","name":"EENewsEurope","description":"Just another WordPress site","publisher":{"@id":"https:\/\/www.eenewseurope.com\/en\/#organization"},"potentialAction":[{"@type":"SearchAction","target":{"@type":"EntryPoint","urlTemplate":"https:\/\/www.eenewseurope.com\/en\/?s={search_term_string}"},"query-input":"required name=search_term_string"}],"inLanguage":"fr-FR"},{"@type":"Organization","@id":"https:\/\/www.eenewseurope.com\/en\/#organization","name":"EENewsEurope","url":"https:\/\/www.eenewseurope.com\/en\/","logo":{"@type":"ImageObject","inLanguage":"fr-FR","@id":"https:\/\/www.eenewseurope.com\/en\/#\/schema\/logo\/image\/","url":"https:\/\/www.ecinews.fr\/wp-content\/uploads\/2022\/02\/logo-1.jpg","contentUrl":"https:\/\/www.ecinews.fr\/wp-content\/uploads\/2022\/02\/logo-1.jpg","width":283,"height":113,"caption":"EENewsEurope"},"image":{"@id":"https:\/\/www.eenewseurope.com\/en\/#\/schema\/logo\/image\/"}},{"@type":"Person","@id":"https:\/\/www.eenewseurope.com\/en\/#\/schema\/person\/4b3db5ba5c953c5fddeb226df86d8635","name":"A Delapalisse","image":{"@type":"ImageObject","inLanguage":"fr-FR","@id":"https:\/\/www.eenewseurope.com\/en\/#\/schema\/person\/image\/09af0e1236b95ff53924b8dfe5af278e","url":"https:\/\/secure.gravatar.com\/avatar\/010f811c0933b47aea7e9204117b17c6?s=96&d=mm&r=g","contentUrl":"https:\/\/secure.gravatar.com\/avatar\/010f811c0933b47aea7e9204117b17c6?s=96&d=mm&r=g","caption":"A Delapalisse"}}]}},"authors":[{"term_id":3631,"user_id":0,"is_guest":1,"slug":"peter-clarke","display_name":"Peter Clarke","avatar_url":"https:\/\/secure.gravatar.com\/avatar\/?s=96&d=mm&r=g","0":null,"1":"","2":"","3":"","4":"","5":"","6":"","7":"","8":""},{"term_id":6199,"user_id":40,"is_guest":0,"slug":"andre-rousselotemisys-com","display_name":"A Delapalisse","avatar_url":"https:\/\/secure.gravatar.com\/avatar\/010f811c0933b47aea7e9204117b17c6?s=96&d=mm&r=g","0":null,"1":"","2":"","3":"","4":"","5":"","6":"","7":"","8":""}],"_links":{"self":[{"href":"https:\/\/www.ecinews.fr\/fr\/wp-json\/wp\/v2\/posts\/460194"}],"collection":[{"href":"https:\/\/www.ecinews.fr\/fr\/wp-json\/wp\/v2\/posts"}],"about":[{"href":"https:\/\/www.ecinews.fr\/fr\/wp-json\/wp\/v2\/types\/post"}],"author":[{"embeddable":true,"href":"https:\/\/www.ecinews.fr\/fr\/wp-json\/wp\/v2\/users\/40"}],"replies":[{"embeddable":true,"href":"https:\/\/www.ecinews.fr\/fr\/wp-json\/wp\/v2\/comments?post=460194"}],"version-history":[{"count":0,"href":"https:\/\/www.ecinews.fr\/fr\/wp-json\/wp\/v2\/posts\/460194\/revisions"}],"wp:featuredmedia":[{"embeddable":true,"href":"https:\/\/www.ecinews.fr\/fr\/wp-json\/wp\/v2\/media\/460158"}],"wp:attachment":[{"href":"https:\/\/www.ecinews.fr\/fr\/wp-json\/wp\/v2\/media?parent=460194"}],"wp:term":[{"taxonomy":"category","embeddable":true,"href":"https:\/\/www.ecinews.fr\/fr\/wp-json\/wp\/v2\/categories?post=460194"},{"taxonomy":"post_tag","embeddable":true,"href":"https:\/\/www.ecinews.fr\/fr\/wp-json\/wp\/v2\/tags?post=460194"},{"taxonomy":"domains","embeddable":true,"href":"https:\/\/www.ecinews.fr\/fr\/wp-json\/wp\/v2\/domains?post=460194"},{"taxonomy":"author","embeddable":true,"href":"https:\/\/www.ecinews.fr\/fr\/wp-json\/wp\/v2\/ppma_author?post=460194"}],"curies":[{"name":"wp","href":"https:\/\/api.w.org\/{rel}","templated":true}]}}