{"id":459622,"date":"2024-09-11T09:00:02","date_gmt":"2024-09-11T07:00:02","guid":{"rendered":"https:\/\/www.ecinews.fr\/?p=459622"},"modified":"2024-09-08T18:08:25","modified_gmt":"2024-09-08T16:08:25","slug":"controleur-logique-programmable-pour-ajouter-des-images-intelligentes-aux-commandes-industrielles","status":"publish","type":"post","link":"https:\/\/www.ecinews.fr\/fr\/controleur-logique-programmable-pour-ajouter-des-images-intelligentes-aux-commandes-industrielles\/","title":{"rendered":"Contr\u00f4leur logique programmable pour ajouter des images intelligentes aux commandes industrielles"},"content":{"rendered":"<h3>Le contr\u00f4leur logique programmable (PLC) <a href=\"https:\/\/eu.mouser.com\/new\/display-visions\/display-visions-ea-plc-control-unit-touch-display\/?utm_source=publitek-media-for-pr&amp;utm_medium=pr&amp;utm_campaign=EMEA_PR&amp;utm_content=2024&amp;pid=mouser&amp;cid=pr\">EA PLCC28<\/a> de <a href=\"https:\/\/eu.mouser.com\/manufacturer\/display-visions\/?utm_source=publitek-media-for-pr&amp;utm_medium=pr&amp;utm_campaign=EMEA_PR&amp;utm_content=2024&amp;pid=mouser&amp;cid=pr\">DISPLAY VISIONS<\/a>, disponible chez Mouser, PLC ajoute un \u00e9cran tactile int\u00e9gr\u00e9 \u00e0 la petite unit\u00e9 de commande classique dans l\u2019armoire de commande, et permet d\u2019afficher jusqu\u2019\u00e0 50 images satellite.<\/h3>\n<p>Ce PLC convient donc parfaitement \u00e0 de nombreuses applications d\u2019<a href=\"https:\/\/resources.mouser.com\/audio-video\/?utm_source=publitek-media-for-pr&amp;utm_medium=pr&amp;utm_campaign=EMEA_PR&amp;utm_content=2024&amp;pid=mouser&amp;cid=pr\">AV<\/a>, de l\u2019<a href=\"https:\/\/resources.mouser.com\/iot\/?utm_source=publitek-media-for-pr&amp;utm_medium=pr&amp;utm_campaign=EMEA_PR&amp;utm_content=2024&amp;pid=mouser&amp;cid=pr\">IdO<\/a>, domestiques et <a href=\"https:\/\/resources.mouser.com\/industrial\/?utm_source=publitek-media-for-pr&amp;utm_medium=pr&amp;utm_campaign=EMEA_PR&amp;utm_content=2024&amp;pid=mouser&amp;cid=pr\">industrielles<\/a> dans lesquelles il est important de pouvoir traiter, entrer et visualiser des donn\u00e9es provenant de plusieurs emplacements.<\/p>\n<p>L\u2019EA PLCC28 est facile \u00e0 utiliser, et affiche des mesures et donn\u00e9es sur un \u00e9cran 2,8&Prime; \u00e0 commutation dans le plan (IPS) (320 \u00d7 240) avec un \u00e9cran tactile capacitif projet\u00e9 (PCAP).<\/p>\n<p>L\u2019EA PLCC28 offre huit entr\u00e9es num\u00e9riques, quatre sorties relais, quatre entr\u00e9es analogiques (0-10 V ou 4-20 mA) et une connectivit\u00e9 Wi-Fi, RS-232, RS-485 et Ethernet. Les connexions Wi-Fi, RS-485 et Ethernet sont r\u00e9serv\u00e9es \u00e0 l\u2019interconnexion des \u00e9crans satellite. Le c\u0153ur du PLC se connecte facilement aux terminaux satellite, et les valeurs et param\u00e8tres mesur\u00e9s sont automatiquement mis \u00e0 jour sur les \u00e9crans connect\u00e9s. Les terminaux satellite permettent de visualiser et d\u2019entrer des donn\u00e9es de processus \u00e0 divers endroits.<\/p>\n<p>L\u2019EA PLCC28 est facile \u00e0 programmer \u00e0 l\u2019aide de l\u2019outil PLCdesigner. Ce logiciel convivial comporte une interface par glisser-d\u00e9poser et de nombreux \u00e9l\u00e9ments pr\u00eats \u00e0 l\u2019emploi, permettant aux utilisateurs de cr\u00e9er des pages personnalis\u00e9es en un rien de temps.<\/p>\n<p><a href=\"https:\/\/www.mouser.fr\/\">Mouser Electronics<\/a> | <a href=\"https:\/\/www.displayvisions.us\/\">DISPLAY VISIONS<\/a><\/p>\n","protected":false},"excerpt":{"rendered":"<p>Le contr\u00f4leur logique programmable (PLC) EA PLCC28 de DISPLAY VISIONS, disponible chez Mouser, PLC ajoute un \u00e9cran tactile int\u00e9gr\u00e9 \u00e0 la petite unit\u00e9 de commande classique dans l\u2019armoire de commande, et permet d\u2019afficher jusqu\u2019\u00e0 50 images satellite. Ce PLC convient donc parfaitement \u00e0 de nombreuses applications d\u2019AV, de l\u2019IdO, domestiques et industrielles dans lesquelles il [&hellip;]<\/p>\n","protected":false},"author":39,"featured_media":459643,"comment_status":"closed","ping_status":"closed","sticky":false,"template":"","format":"standard","meta":{"_acf_changed":false,"footnotes":""},"categories":[881],"tags":[1586,2176],"domains":[47],"ppma_author":[6113],"class_list":["post-459622","post","type-post","status-publish","format-standard","has-post-thumbnail","hentry","category-nouveaux-produits","tag-affichage","tag-plc","domains-electronique-eci"],"acf":[],"yoast_head":"<title>Contr\u00f4leur logique programmable pour ajouter des images intell...<\/title>\n<meta name=\"description\" content=\"Le contr\u00f4leur logique programmable (PLC) EA PLCC28 de DISPLAY VISIONS, disponible chez Mouser, PLC ajoute un \u00e9cran tactile int\u00e9gr\u00e9 \u00e0 la petite unit\u00e9 de...\" \/>\n<meta name=\"robots\" content=\"index, follow, max-snippet:-1, max-image-preview:large, max-video-preview:-1\" \/>\n<link rel=\"canonical\" href=\"https:\/\/www.ecinews.fr\/fr\/wp-json\/wp\/v2\/posts\/459622\/\" \/>\n<meta property=\"og:locale\" content=\"fr_FR\" \/>\n<meta property=\"og:type\" content=\"article\" \/>\n<meta property=\"og:title\" content=\"Contr\u00f4leur logique programmable pour ajouter des images intelligentes aux commandes industrielles\" \/>\n<meta property=\"og:description\" content=\"Le contr\u00f4leur logique programmable (PLC) EA PLCC28 de DISPLAY VISIONS, disponible chez Mouser, PLC ajoute un \u00e9cran tactile int\u00e9gr\u00e9 \u00e0 la petite unit\u00e9 de commande classique dans l\u2019armoire de commande, et permet d\u2019afficher jusqu\u2019\u00e0 50 images satellite.\" \/>\n<meta property=\"og:url\" content=\"https:\/\/www.ecinews.fr\/fr\/wp-json\/wp\/v2\/posts\/459622\/\" \/>\n<meta property=\"og:site_name\" content=\"EENewsEurope\" \/>\n<meta property=\"article:published_time\" content=\"2024-09-11T07:00:02+00:00\" \/>\n<meta property=\"article:modified_time\" content=\"2024-09-08T16:08:25+00:00\" \/>\n<meta property=\"og:image\" content=\"https:\/\/www.ecinews.fr\/wp-content\/uploads\/2024\/09\/ECI4417-MR620ADisplayVisionsSeriesControl.jpg\" \/>\n\t<meta property=\"og:image:width\" content=\"1000\" \/>\n\t<meta property=\"og:image:height\" content=\"835\" \/>\n\t<meta property=\"og:image:type\" content=\"image\/jpeg\" \/>\n<meta name=\"author\" content=\"NicolasFeste\" \/>\n<meta name=\"twitter:card\" content=\"summary_large_image\" \/>\n<meta name=\"twitter:label1\" content=\"Written by\" \/>\n\t<meta name=\"twitter:data1\" content=\"NicolasFeste\" \/>\n\t<meta name=\"twitter:label2\" content=\"Est. reading time\" \/>\n\t<meta name=\"twitter:data2\" content=\"1 minute\" \/>\n<script type=\"application\/ld+json\" class=\"yoast-schema-graph\">{\"@context\":\"https:\/\/schema.org\",\"@graph\":[{\"@type\":\"Article\",\"@id\":\"https:\/\/www.ecinews.fr\/fr\/controleur-logique-programmable-pour-ajouter-des-images-intelligentes-aux-commandes-industrielles\/#article\",\"isPartOf\":{\"@id\":\"https:\/\/www.ecinews.fr\/fr\/controleur-logique-programmable-pour-ajouter-des-images-intelligentes-aux-commandes-industrielles\/\"},\"author\":{\"name\":\"NicolasFeste\",\"@id\":\"https:\/\/www.ecinews.fr\/fr\/#\/schema\/person\/c7104a72b466a801f257e51481de0c43\"},\"headline\":\"Contr\u00f4leur logique programmable pour ajouter des images intelligentes aux commandes industrielles\",\"datePublished\":\"2024-09-11T07:00:02+00:00\",\"dateModified\":\"2024-09-08T16:08:25+00:00\",\"mainEntityOfPage\":{\"@id\":\"https:\/\/www.ecinews.fr\/fr\/controleur-logique-programmable-pour-ajouter-des-images-intelligentes-aux-commandes-industrielles\/\"},\"wordCount\":250,\"publisher\":{\"@id\":\"https:\/\/www.ecinews.fr\/fr\/#organization\"},\"keywords\":[\"Affichage\",\"PLC\"],\"articleSection\":[\"Nouveaux produits\"],\"inLanguage\":\"fr-FR\"},{\"@type\":\"WebPage\",\"@id\":\"https:\/\/www.ecinews.fr\/fr\/controleur-logique-programmable-pour-ajouter-des-images-intelligentes-aux-commandes-industrielles\/\",\"url\":\"https:\/\/www.ecinews.fr\/fr\/controleur-logique-programmable-pour-ajouter-des-images-intelligentes-aux-commandes-industrielles\/\",\"name\":\"Contr\u00f4leur logique programmable pour ajouter des images intelligentes aux commandes industrielles -\",\"isPartOf\":{\"@id\":\"https:\/\/www.ecinews.fr\/fr\/#website\"},\"datePublished\":\"2024-09-11T07:00:02+00:00\",\"dateModified\":\"2024-09-08T16:08:25+00:00\",\"description\":\"Le contr\u00f4leur logique programmable (PLC) EA PLCC28 de DISPLAY VISIONS, disponible chez Mouser, PLC ajoute un \u00e9cran tactile int\u00e9gr\u00e9 \u00e0 la petite unit\u00e9 de commande classique dans l\u2019armoire de commande, et permet d\u2019afficher jusqu\u2019\u00e0 50 images satellite.\",\"breadcrumb\":{\"@id\":\"https:\/\/www.ecinews.fr\/fr\/controleur-logique-programmable-pour-ajouter-des-images-intelligentes-aux-commandes-industrielles\/#breadcrumb\"},\"inLanguage\":\"fr-FR\",\"potentialAction\":[{\"@type\":\"ReadAction\",\"target\":[\"https:\/\/www.ecinews.fr\/fr\/controleur-logique-programmable-pour-ajouter-des-images-intelligentes-aux-commandes-industrielles\/\"]}]},{\"@type\":\"BreadcrumbList\",\"@id\":\"https:\/\/www.ecinews.fr\/fr\/controleur-logique-programmable-pour-ajouter-des-images-intelligentes-aux-commandes-industrielles\/#breadcrumb\",\"itemListElement\":[{\"@type\":\"ListItem\",\"position\":1,\"name\":\"Home\",\"item\":\"https:\/\/www.ecinews.fr\/fr\/\"},{\"@type\":\"ListItem\",\"position\":2,\"name\":\"Contr\u00f4leur logique programmable pour ajouter des images intelligentes aux commandes industrielles\"}]},{\"@type\":\"WebSite\",\"@id\":\"https:\/\/www.ecinews.fr\/fr\/#website\",\"url\":\"https:\/\/www.ecinews.fr\/fr\/\",\"name\":\"EENewsEurope\",\"description\":\"Just another WordPress site\",\"publisher\":{\"@id\":\"https:\/\/www.ecinews.fr\/fr\/#organization\"},\"potentialAction\":[{\"@type\":\"SearchAction\",\"target\":{\"@type\":\"EntryPoint\",\"urlTemplate\":\"https:\/\/www.ecinews.fr\/fr\/?s={search_term_string}\"},\"query-input\":\"required name=search_term_string\"}],\"inLanguage\":\"fr-FR\"},{\"@type\":\"Organization\",\"@id\":\"https:\/\/www.ecinews.fr\/fr\/#organization\",\"name\":\"EENewsEurope\",\"url\":\"https:\/\/www.ecinews.fr\/fr\/\",\"logo\":{\"@type\":\"ImageObject\",\"inLanguage\":\"fr-FR\",\"@id\":\"https:\/\/www.ecinews.fr\/fr\/#\/schema\/logo\/image\/\",\"url\":\"https:\/\/www.ecinews.fr\/wp-content\/uploads\/2022\/02\/logo-1.jpg\",\"contentUrl\":\"https:\/\/www.ecinews.fr\/wp-content\/uploads\/2022\/02\/logo-1.jpg\",\"width\":283,\"height\":113,\"caption\":\"EENewsEurope\"},\"image\":{\"@id\":\"https:\/\/www.ecinews.fr\/fr\/#\/schema\/logo\/image\/\"}},{\"@type\":\"Person\",\"@id\":\"https:\/\/www.ecinews.fr\/fr\/#\/schema\/person\/c7104a72b466a801f257e51481de0c43\",\"name\":\"NicolasFeste\",\"image\":{\"@type\":\"ImageObject\",\"inLanguage\":\"fr-FR\",\"@id\":\"https:\/\/www.ecinews.fr\/fr\/#\/schema\/person\/image\/1ea421e7d03c1e96a9ea2bcf2705734a\",\"url\":\"https:\/\/secure.gravatar.com\/avatar\/2e187f4d96902933ba445ed6c760e11c?s=96&d=mm&r=g\",\"contentUrl\":\"https:\/\/secure.gravatar.com\/avatar\/2e187f4d96902933ba445ed6c760e11c?s=96&d=mm&r=g\",\"caption\":\"NicolasFeste\"}}]}<\/script>","yoast_head_json":{"title":"Contr\u00f4leur logique programmable pour ajouter des images intell...","description":"Le contr\u00f4leur logique programmable (PLC) EA PLCC28 de DISPLAY VISIONS, disponible chez Mouser, PLC ajoute un \u00e9cran tactile int\u00e9gr\u00e9 \u00e0 la petite unit\u00e9 de...","robots":{"index":"index","follow":"follow","max-snippet":"max-snippet:-1","max-image-preview":"max-image-preview:large","max-video-preview":"max-video-preview:-1"},"canonical":"https:\/\/www.ecinews.fr\/fr\/wp-json\/wp\/v2\/posts\/459622\/","og_locale":"fr_FR","og_type":"article","og_title":"Contr\u00f4leur logique programmable pour ajouter des images intelligentes aux commandes industrielles","og_description":"Le contr\u00f4leur logique programmable (PLC) EA PLCC28 de DISPLAY VISIONS, disponible chez Mouser, PLC ajoute un \u00e9cran tactile int\u00e9gr\u00e9 \u00e0 la petite unit\u00e9 de commande classique dans l\u2019armoire de commande, et permet d\u2019afficher jusqu\u2019\u00e0 50 images satellite.","og_url":"https:\/\/www.ecinews.fr\/fr\/wp-json\/wp\/v2\/posts\/459622\/","og_site_name":"EENewsEurope","article_published_time":"2024-09-11T07:00:02+00:00","article_modified_time":"2024-09-08T16:08:25+00:00","og_image":[{"width":1000,"height":835,"url":"https:\/\/www.ecinews.fr\/wp-content\/uploads\/2024\/09\/ECI4417-MR620ADisplayVisionsSeriesControl.jpg","type":"image\/jpeg"}],"author":"NicolasFeste","twitter_card":"summary_large_image","twitter_misc":{"Written by":"NicolasFeste","Est. reading time":"1 minute"},"schema":{"@context":"https:\/\/schema.org","@graph":[{"@type":"Article","@id":"https:\/\/www.ecinews.fr\/fr\/controleur-logique-programmable-pour-ajouter-des-images-intelligentes-aux-commandes-industrielles\/#article","isPartOf":{"@id":"https:\/\/www.ecinews.fr\/fr\/controleur-logique-programmable-pour-ajouter-des-images-intelligentes-aux-commandes-industrielles\/"},"author":{"name":"NicolasFeste","@id":"https:\/\/www.ecinews.fr\/fr\/#\/schema\/person\/c7104a72b466a801f257e51481de0c43"},"headline":"Contr\u00f4leur logique programmable pour ajouter des images intelligentes aux commandes industrielles","datePublished":"2024-09-11T07:00:02+00:00","dateModified":"2024-09-08T16:08:25+00:00","mainEntityOfPage":{"@id":"https:\/\/www.ecinews.fr\/fr\/controleur-logique-programmable-pour-ajouter-des-images-intelligentes-aux-commandes-industrielles\/"},"wordCount":250,"publisher":{"@id":"https:\/\/www.ecinews.fr\/fr\/#organization"},"keywords":["Affichage","PLC"],"articleSection":["Nouveaux produits"],"inLanguage":"fr-FR"},{"@type":"WebPage","@id":"https:\/\/www.ecinews.fr\/fr\/controleur-logique-programmable-pour-ajouter-des-images-intelligentes-aux-commandes-industrielles\/","url":"https:\/\/www.ecinews.fr\/fr\/controleur-logique-programmable-pour-ajouter-des-images-intelligentes-aux-commandes-industrielles\/","name":"Contr\u00f4leur logique programmable pour ajouter des images intelligentes aux commandes industrielles -","isPartOf":{"@id":"https:\/\/www.ecinews.fr\/fr\/#website"},"datePublished":"2024-09-11T07:00:02+00:00","dateModified":"2024-09-08T16:08:25+00:00","description":"Le contr\u00f4leur logique programmable (PLC) EA PLCC28 de DISPLAY VISIONS, disponible chez Mouser, PLC ajoute un \u00e9cran tactile int\u00e9gr\u00e9 \u00e0 la petite unit\u00e9 de commande classique dans l\u2019armoire de commande, et permet d\u2019afficher jusqu\u2019\u00e0 50 images satellite.","breadcrumb":{"@id":"https:\/\/www.ecinews.fr\/fr\/controleur-logique-programmable-pour-ajouter-des-images-intelligentes-aux-commandes-industrielles\/#breadcrumb"},"inLanguage":"fr-FR","potentialAction":[{"@type":"ReadAction","target":["https:\/\/www.ecinews.fr\/fr\/controleur-logique-programmable-pour-ajouter-des-images-intelligentes-aux-commandes-industrielles\/"]}]},{"@type":"BreadcrumbList","@id":"https:\/\/www.ecinews.fr\/fr\/controleur-logique-programmable-pour-ajouter-des-images-intelligentes-aux-commandes-industrielles\/#breadcrumb","itemListElement":[{"@type":"ListItem","position":1,"name":"Home","item":"https:\/\/www.ecinews.fr\/fr\/"},{"@type":"ListItem","position":2,"name":"Contr\u00f4leur logique programmable pour ajouter des images intelligentes aux commandes industrielles"}]},{"@type":"WebSite","@id":"https:\/\/www.ecinews.fr\/fr\/#website","url":"https:\/\/www.ecinews.fr\/fr\/","name":"EENewsEurope","description":"Just another WordPress site","publisher":{"@id":"https:\/\/www.ecinews.fr\/fr\/#organization"},"potentialAction":[{"@type":"SearchAction","target":{"@type":"EntryPoint","urlTemplate":"https:\/\/www.ecinews.fr\/fr\/?s={search_term_string}"},"query-input":"required name=search_term_string"}],"inLanguage":"fr-FR"},{"@type":"Organization","@id":"https:\/\/www.ecinews.fr\/fr\/#organization","name":"EENewsEurope","url":"https:\/\/www.ecinews.fr\/fr\/","logo":{"@type":"ImageObject","inLanguage":"fr-FR","@id":"https:\/\/www.ecinews.fr\/fr\/#\/schema\/logo\/image\/","url":"https:\/\/www.ecinews.fr\/wp-content\/uploads\/2022\/02\/logo-1.jpg","contentUrl":"https:\/\/www.ecinews.fr\/wp-content\/uploads\/2022\/02\/logo-1.jpg","width":283,"height":113,"caption":"EENewsEurope"},"image":{"@id":"https:\/\/www.ecinews.fr\/fr\/#\/schema\/logo\/image\/"}},{"@type":"Person","@id":"https:\/\/www.ecinews.fr\/fr\/#\/schema\/person\/c7104a72b466a801f257e51481de0c43","name":"NicolasFeste","image":{"@type":"ImageObject","inLanguage":"fr-FR","@id":"https:\/\/www.ecinews.fr\/fr\/#\/schema\/person\/image\/1ea421e7d03c1e96a9ea2bcf2705734a","url":"https:\/\/secure.gravatar.com\/avatar\/2e187f4d96902933ba445ed6c760e11c?s=96&d=mm&r=g","contentUrl":"https:\/\/secure.gravatar.com\/avatar\/2e187f4d96902933ba445ed6c760e11c?s=96&d=mm&r=g","caption":"NicolasFeste"}}]}},"authors":[{"term_id":6113,"user_id":39,"is_guest":0,"slug":"nicolasfeste","display_name":"NicolasFeste","avatar_url":"https:\/\/secure.gravatar.com\/avatar\/2e187f4d96902933ba445ed6c760e11c?s=96&d=mm&r=g","0":null,"1":"","2":"","3":"","4":"","5":"","6":"","7":"","8":""}],"_links":{"self":[{"href":"https:\/\/www.ecinews.fr\/fr\/wp-json\/wp\/v2\/posts\/459622"}],"collection":[{"href":"https:\/\/www.ecinews.fr\/fr\/wp-json\/wp\/v2\/posts"}],"about":[{"href":"https:\/\/www.ecinews.fr\/fr\/wp-json\/wp\/v2\/types\/post"}],"author":[{"embeddable":true,"href":"https:\/\/www.ecinews.fr\/fr\/wp-json\/wp\/v2\/users\/39"}],"replies":[{"embeddable":true,"href":"https:\/\/www.ecinews.fr\/fr\/wp-json\/wp\/v2\/comments?post=459622"}],"version-history":[{"count":0,"href":"https:\/\/www.ecinews.fr\/fr\/wp-json\/wp\/v2\/posts\/459622\/revisions"}],"wp:featuredmedia":[{"embeddable":true,"href":"https:\/\/www.ecinews.fr\/fr\/wp-json\/wp\/v2\/media\/459643"}],"wp:attachment":[{"href":"https:\/\/www.ecinews.fr\/fr\/wp-json\/wp\/v2\/media?parent=459622"}],"wp:term":[{"taxonomy":"category","embeddable":true,"href":"https:\/\/www.ecinews.fr\/fr\/wp-json\/wp\/v2\/categories?post=459622"},{"taxonomy":"post_tag","embeddable":true,"href":"https:\/\/www.ecinews.fr\/fr\/wp-json\/wp\/v2\/tags?post=459622"},{"taxonomy":"domains","embeddable":true,"href":"https:\/\/www.ecinews.fr\/fr\/wp-json\/wp\/v2\/domains?post=459622"},{"taxonomy":"author","embeddable":true,"href":"https:\/\/www.ecinews.fr\/fr\/wp-json\/wp\/v2\/ppma_author?post=459622"}],"curies":[{"name":"wp","href":"https:\/\/api.w.org\/{rel}","templated":true}]}}