{"id":459493,"date":"2024-08-31T18:31:40","date_gmt":"2024-08-31T16:31:40","guid":{"rendered":"https:\/\/www.eenewseurope.com\/?p=459493"},"modified":"2024-09-02T10:30:35","modified_gmt":"2024-09-02T08:30:35","slug":"investissement-de-15-me-de-nexans-en-france","status":"publish","type":"post","link":"https:\/\/www.ecinews.fr\/fr\/investissement-de-15-me-de-nexans-en-france\/","title":{"rendered":"Nexans Investit 15 M\u20ac en France"},"content":{"rendered":"<h3 class=\"news-page--cover__title\"><span style=\"font-size: 16px;\">Nexans investit 15M\u20ac dans son site de Bourg-en-Bresse en Auvergne-Rh\u00f4ne-Alpes. pour renforcer sa production de c\u00e2bles moyenne tension bas carbone.<\/span><\/h3>\n<p>Cet investissement qui s\u2019\u00e9tale de 2024 \u00e0 2026 se traduira notamment par l&rsquo;installation d&rsquo;une nouvelle c\u00e2bleuse de m\u00e9tallurgie capable de produire de nouvelles sections de c\u00e2bles en aluminium plus importantes, dont le 400 mm\u00b2. Un autre investissement concernera une nouvelle ligne de triple extrusion XLPE, qui offrira la meilleure technologie de sa cat\u00e9gorie.\u00a0 Les Equipements seront op\u00e9rationnels au premier semestre 2026<\/p>\n<p>Parall\u00e8lement, le Groupe modernisera une partie de son outil industriel, notamment les lignes de gainage et d&rsquo;assemblage, afin d&rsquo;am\u00e9liorer la s\u00e9curit\u00e9 des salari\u00e9s et la productivit\u00e9 du site. Par le biais de ces \u00e9volutions, Nexans entend aussi renforcer la production de ses\u00a0c\u00e2bles \u00e0 enterrabilit\u00e9 directe renforc\u00e9e [1] EDRMAX\u00ae, reconnus pour faciliter les processus d\u2019installation, r\u00e9duire les co\u00fbts et minimiser l&#8217;empreinte carbone.<\/p>\n<p>Des outils digitaux de pointe seront \u00e9galement int\u00e9gr\u00e9s dans les ateliers, renfor\u00e7ant la qualit\u00e9 des contr\u00f4les et l&rsquo;exp\u00e9rience des collaborateurs. Cet effort de modernisation des processus vise \u00e0 faire du site de Bourg-en-Bresse une usine digitalis\u00e9e 4.0 au service d&rsquo;une production locale et durable, particuli\u00e8rement attractive pour les jeunes talents.<\/p>\n<p>Elyette Roux,\u00a0Directrice G\u00e9n\u00e9rale de la business unit Power distribution Cables &amp; Accessories a d\u00e9clar\u00e9 :\u00a0\u00bb gr\u00e2ce \u00e0 cette modernisation de l&rsquo;usine, nous serons en mesure de proposer \u00e0 nos clients une offre constitu\u00e9e de c\u00e2bles encore plus performants et \u00e0 faibles en \u00e9missions carbone. \u201d<\/p>\n<p><a href=\"https:\/\/www.nexans.fr\/fr\/\">Nexans\u00a0<\/a> &#8211;\u00a0 \u00a0<a href=\"https:\/\/www.nexans.fr\/fr\/products\/Power-Infrastructure\/Medium-Voltage-power-distribution\/Underground-MV-cables\/NEXANS-EDR37849.html\">c\u00e2bles \u00e0 enterrabilit\u00e9 directe renforc\u00e9e<\/a><\/p>\n<p><a href=\"https:\/\/news.google.com\/publications\/CAAqBwgKMJbcwQswuPfYAw?hl=fr&amp;gl=BE&amp;ceid=BE:fr\" target=\"news.google.com\" rel=\"noopener\">Suivre ECInews sur Google news<\/a><\/p>\n<p>&nbsp;<\/p>\n","protected":false},"excerpt":{"rendered":"<p>Nexans investit 15M\u20ac dans son site de Bourg-en-Bresse en Auvergne-Rh\u00f4ne-Alpes. pour renforcer sa production de c\u00e2bles moyenne tension bas carbone. Cet investissement qui s\u2019\u00e9tale de 2024 \u00e0 2026 se traduira notamment par l&rsquo;installation d&rsquo;une nouvelle c\u00e2bleuse de m\u00e9tallurgie capable de produire de nouvelles sections de c\u00e2bles en aluminium plus importantes, dont le 400 mm\u00b2. Un [&hellip;]<\/p>\n","protected":false},"author":11,"featured_media":459495,"comment_status":"closed","ping_status":"closed","sticky":true,"template":"","format":"standard","meta":{"_acf_changed":false,"footnotes":""},"categories":[886],"tags":[4768,7488],"domains":[47],"ppma_author":[1143],"class_list":["post-459493","post","type-post","status-publish","format-standard","has-post-thumbnail","hentry","category-news-fr","tag-cables-fr","tag-newans","domains-electronique-eci"],"acf":[],"yoast_head":"<title>Nexans Investit 15 M\u20ac en France ...<\/title>\n<meta name=\"description\" content=\"Nexans investit 15M\u20ac pour renforcer sa production de c\u00e2bles moyenne tension bas carbone.\" \/>\n<meta name=\"robots\" content=\"index, follow, max-snippet:-1, max-image-preview:large, max-video-preview:-1\" \/>\n<link rel=\"canonical\" href=\"https:\/\/www.ecinews.fr\/fr\/wp-json\/wp\/v2\/posts\/459493\/\" \/>\n<meta property=\"og:locale\" content=\"fr_FR\" \/>\n<meta property=\"og:type\" content=\"article\" \/>\n<meta property=\"og:title\" content=\"Nexans Investit 15 M\u20ac en France\" \/>\n<meta property=\"og:description\" content=\"Nexans investit 15M\u20ac pour renforcer sa production de c\u00e2bles moyenne tension bas carbone.\" \/>\n<meta property=\"og:url\" content=\"https:\/\/www.ecinews.fr\/fr\/wp-json\/wp\/v2\/posts\/459493\/\" \/>\n<meta property=\"og:site_name\" content=\"EENewsEurope\" \/>\n<meta property=\"article:published_time\" content=\"2024-08-31T16:31:40+00:00\" \/>\n<meta property=\"article:modified_time\" content=\"2024-09-02T08:30:35+00:00\" \/>\n<meta property=\"og:image\" content=\"https:\/\/www.ecinews.fr\/wp-content\/uploads\/2024\/08\/NEXANS.jpg\" \/>\n\t<meta property=\"og:image:width\" content=\"300\" \/>\n\t<meta property=\"og:image:height\" content=\"169\" \/>\n\t<meta property=\"og:image:type\" content=\"image\/jpeg\" \/>\n<meta name=\"author\" content=\"Daniel Cardon\" \/>\n<meta name=\"twitter:card\" content=\"summary_large_image\" \/>\n<meta name=\"twitter:label1\" content=\"Written by\" \/>\n\t<meta name=\"twitter:data1\" content=\"Daniel Cardon\" \/>\n\t<meta name=\"twitter:label2\" content=\"Est. reading time\" \/>\n\t<meta name=\"twitter:data2\" content=\"2 minutes\" \/>\n<script type=\"application\/ld+json\" class=\"yoast-schema-graph\">{\"@context\":\"https:\/\/schema.org\",\"@graph\":[{\"@type\":\"Article\",\"@id\":\"https:\/\/www.ecinews.fr\/fr\/investissement-de-15-me-de-nexans-en-france\/#article\",\"isPartOf\":{\"@id\":\"https:\/\/www.ecinews.fr\/fr\/investissement-de-15-me-de-nexans-en-france\/\"},\"author\":{\"name\":\"Daniel Cardon\",\"@id\":\"https:\/\/www.eenewseurope.com\/en\/#\/schema\/person\/93c44cde463762f40a8236eaa44c1c17\"},\"headline\":\"Nexans Investit 15 M\u20ac en France\",\"datePublished\":\"2024-08-31T16:31:40+00:00\",\"dateModified\":\"2024-09-02T08:30:35+00:00\",\"mainEntityOfPage\":{\"@id\":\"https:\/\/www.ecinews.fr\/fr\/investissement-de-15-me-de-nexans-en-france\/\"},\"wordCount\":282,\"publisher\":{\"@id\":\"https:\/\/www.eenewseurope.com\/en\/#organization\"},\"keywords\":[\"Cables\",\"Newans\"],\"articleSection\":[\"Actualit\u00e9 g\u00e9n\u00e9rale\"],\"inLanguage\":\"fr-FR\"},{\"@type\":\"WebPage\",\"@id\":\"https:\/\/www.ecinews.fr\/fr\/investissement-de-15-me-de-nexans-en-france\/\",\"url\":\"https:\/\/www.ecinews.fr\/fr\/investissement-de-15-me-de-nexans-en-france\/\",\"name\":\"Nexans Investit 15 M\u20ac en France -\",\"isPartOf\":{\"@id\":\"https:\/\/www.eenewseurope.com\/en\/#website\"},\"datePublished\":\"2024-08-31T16:31:40+00:00\",\"dateModified\":\"2024-09-02T08:30:35+00:00\",\"description\":\"Nexans investit 15M\u20ac pour renforcer sa production de c\u00e2bles moyenne tension bas carbone.\",\"breadcrumb\":{\"@id\":\"https:\/\/www.ecinews.fr\/fr\/investissement-de-15-me-de-nexans-en-france\/#breadcrumb\"},\"inLanguage\":\"fr-FR\",\"potentialAction\":[{\"@type\":\"ReadAction\",\"target\":[\"https:\/\/www.ecinews.fr\/fr\/investissement-de-15-me-de-nexans-en-france\/\"]}]},{\"@type\":\"BreadcrumbList\",\"@id\":\"https:\/\/www.ecinews.fr\/fr\/investissement-de-15-me-de-nexans-en-france\/#breadcrumb\",\"itemListElement\":[{\"@type\":\"ListItem\",\"position\":1,\"name\":\"Home\",\"item\":\"https:\/\/www.ecinews.fr\/fr\/\"},{\"@type\":\"ListItem\",\"position\":2,\"name\":\"Nexans Investit 15 M\u20ac en France\"}]},{\"@type\":\"WebSite\",\"@id\":\"https:\/\/www.eenewseurope.com\/en\/#website\",\"url\":\"https:\/\/www.eenewseurope.com\/en\/\",\"name\":\"EENewsEurope\",\"description\":\"Just another WordPress site\",\"publisher\":{\"@id\":\"https:\/\/www.eenewseurope.com\/en\/#organization\"},\"potentialAction\":[{\"@type\":\"SearchAction\",\"target\":{\"@type\":\"EntryPoint\",\"urlTemplate\":\"https:\/\/www.eenewseurope.com\/en\/?s={search_term_string}\"},\"query-input\":\"required name=search_term_string\"}],\"inLanguage\":\"fr-FR\"},{\"@type\":\"Organization\",\"@id\":\"https:\/\/www.eenewseurope.com\/en\/#organization\",\"name\":\"EENewsEurope\",\"url\":\"https:\/\/www.eenewseurope.com\/en\/\",\"logo\":{\"@type\":\"ImageObject\",\"inLanguage\":\"fr-FR\",\"@id\":\"https:\/\/www.eenewseurope.com\/en\/#\/schema\/logo\/image\/\",\"url\":\"https:\/\/www.ecinews.fr\/wp-content\/uploads\/2022\/02\/logo-1.jpg\",\"contentUrl\":\"https:\/\/www.ecinews.fr\/wp-content\/uploads\/2022\/02\/logo-1.jpg\",\"width\":283,\"height\":113,\"caption\":\"EENewsEurope\"},\"image\":{\"@id\":\"https:\/\/www.eenewseurope.com\/en\/#\/schema\/logo\/image\/\"}},{\"@type\":\"Person\",\"@id\":\"https:\/\/www.eenewseurope.com\/en\/#\/schema\/person\/93c44cde463762f40a8236eaa44c1c17\",\"name\":\"Daniel Cardon\",\"image\":{\"@type\":\"ImageObject\",\"inLanguage\":\"fr-FR\",\"@id\":\"https:\/\/www.eenewseurope.com\/en\/#\/schema\/person\/image\/2b243f6bcc1cff7d86aadfb2cd0bd870\",\"url\":\"https:\/\/secure.gravatar.com\/avatar\/de9edc136dfc061ad4778e04635baefa?s=96&d=mm&r=g\",\"contentUrl\":\"https:\/\/secure.gravatar.com\/avatar\/de9edc136dfc061ad4778e04635baefa?s=96&d=mm&r=g\",\"caption\":\"Daniel Cardon\"}}]}<\/script>","yoast_head_json":{"title":"Nexans Investit 15 M\u20ac en France ...","description":"Nexans investit 15M\u20ac pour renforcer sa production de c\u00e2bles moyenne tension bas carbone.","robots":{"index":"index","follow":"follow","max-snippet":"max-snippet:-1","max-image-preview":"max-image-preview:large","max-video-preview":"max-video-preview:-1"},"canonical":"https:\/\/www.ecinews.fr\/fr\/wp-json\/wp\/v2\/posts\/459493\/","og_locale":"fr_FR","og_type":"article","og_title":"Nexans Investit 15 M\u20ac en France","og_description":"Nexans investit 15M\u20ac pour renforcer sa production de c\u00e2bles moyenne tension bas carbone.","og_url":"https:\/\/www.ecinews.fr\/fr\/wp-json\/wp\/v2\/posts\/459493\/","og_site_name":"EENewsEurope","article_published_time":"2024-08-31T16:31:40+00:00","article_modified_time":"2024-09-02T08:30:35+00:00","og_image":[{"width":300,"height":169,"url":"https:\/\/www.ecinews.fr\/wp-content\/uploads\/2024\/08\/NEXANS.jpg","type":"image\/jpeg"}],"author":"Daniel Cardon","twitter_card":"summary_large_image","twitter_misc":{"Written by":"Daniel Cardon","Est. reading time":"2 minutes"},"schema":{"@context":"https:\/\/schema.org","@graph":[{"@type":"Article","@id":"https:\/\/www.ecinews.fr\/fr\/investissement-de-15-me-de-nexans-en-france\/#article","isPartOf":{"@id":"https:\/\/www.ecinews.fr\/fr\/investissement-de-15-me-de-nexans-en-france\/"},"author":{"name":"Daniel Cardon","@id":"https:\/\/www.eenewseurope.com\/en\/#\/schema\/person\/93c44cde463762f40a8236eaa44c1c17"},"headline":"Nexans Investit 15 M\u20ac en France","datePublished":"2024-08-31T16:31:40+00:00","dateModified":"2024-09-02T08:30:35+00:00","mainEntityOfPage":{"@id":"https:\/\/www.ecinews.fr\/fr\/investissement-de-15-me-de-nexans-en-france\/"},"wordCount":282,"publisher":{"@id":"https:\/\/www.eenewseurope.com\/en\/#organization"},"keywords":["Cables","Newans"],"articleSection":["Actualit\u00e9 g\u00e9n\u00e9rale"],"inLanguage":"fr-FR"},{"@type":"WebPage","@id":"https:\/\/www.ecinews.fr\/fr\/investissement-de-15-me-de-nexans-en-france\/","url":"https:\/\/www.ecinews.fr\/fr\/investissement-de-15-me-de-nexans-en-france\/","name":"Nexans Investit 15 M\u20ac en France -","isPartOf":{"@id":"https:\/\/www.eenewseurope.com\/en\/#website"},"datePublished":"2024-08-31T16:31:40+00:00","dateModified":"2024-09-02T08:30:35+00:00","description":"Nexans investit 15M\u20ac pour renforcer sa production de c\u00e2bles moyenne tension bas carbone.","breadcrumb":{"@id":"https:\/\/www.ecinews.fr\/fr\/investissement-de-15-me-de-nexans-en-france\/#breadcrumb"},"inLanguage":"fr-FR","potentialAction":[{"@type":"ReadAction","target":["https:\/\/www.ecinews.fr\/fr\/investissement-de-15-me-de-nexans-en-france\/"]}]},{"@type":"BreadcrumbList","@id":"https:\/\/www.ecinews.fr\/fr\/investissement-de-15-me-de-nexans-en-france\/#breadcrumb","itemListElement":[{"@type":"ListItem","position":1,"name":"Home","item":"https:\/\/www.ecinews.fr\/fr\/"},{"@type":"ListItem","position":2,"name":"Nexans Investit 15 M\u20ac en France"}]},{"@type":"WebSite","@id":"https:\/\/www.eenewseurope.com\/en\/#website","url":"https:\/\/www.eenewseurope.com\/en\/","name":"EENewsEurope","description":"Just another WordPress site","publisher":{"@id":"https:\/\/www.eenewseurope.com\/en\/#organization"},"potentialAction":[{"@type":"SearchAction","target":{"@type":"EntryPoint","urlTemplate":"https:\/\/www.eenewseurope.com\/en\/?s={search_term_string}"},"query-input":"required name=search_term_string"}],"inLanguage":"fr-FR"},{"@type":"Organization","@id":"https:\/\/www.eenewseurope.com\/en\/#organization","name":"EENewsEurope","url":"https:\/\/www.eenewseurope.com\/en\/","logo":{"@type":"ImageObject","inLanguage":"fr-FR","@id":"https:\/\/www.eenewseurope.com\/en\/#\/schema\/logo\/image\/","url":"https:\/\/www.ecinews.fr\/wp-content\/uploads\/2022\/02\/logo-1.jpg","contentUrl":"https:\/\/www.ecinews.fr\/wp-content\/uploads\/2022\/02\/logo-1.jpg","width":283,"height":113,"caption":"EENewsEurope"},"image":{"@id":"https:\/\/www.eenewseurope.com\/en\/#\/schema\/logo\/image\/"}},{"@type":"Person","@id":"https:\/\/www.eenewseurope.com\/en\/#\/schema\/person\/93c44cde463762f40a8236eaa44c1c17","name":"Daniel Cardon","image":{"@type":"ImageObject","inLanguage":"fr-FR","@id":"https:\/\/www.eenewseurope.com\/en\/#\/schema\/person\/image\/2b243f6bcc1cff7d86aadfb2cd0bd870","url":"https:\/\/secure.gravatar.com\/avatar\/de9edc136dfc061ad4778e04635baefa?s=96&d=mm&r=g","contentUrl":"https:\/\/secure.gravatar.com\/avatar\/de9edc136dfc061ad4778e04635baefa?s=96&d=mm&r=g","caption":"Daniel Cardon"}}]}},"authors":[{"term_id":1143,"user_id":11,"is_guest":0,"slug":"danielcardon","display_name":"Daniel Cardon","avatar_url":"https:\/\/secure.gravatar.com\/avatar\/de9edc136dfc061ad4778e04635baefa?s=96&d=mm&r=g","0":null,"1":"","2":"","3":"","4":"","5":"","6":"","7":"","8":""}],"_links":{"self":[{"href":"https:\/\/www.ecinews.fr\/fr\/wp-json\/wp\/v2\/posts\/459493"}],"collection":[{"href":"https:\/\/www.ecinews.fr\/fr\/wp-json\/wp\/v2\/posts"}],"about":[{"href":"https:\/\/www.ecinews.fr\/fr\/wp-json\/wp\/v2\/types\/post"}],"author":[{"embeddable":true,"href":"https:\/\/www.ecinews.fr\/fr\/wp-json\/wp\/v2\/users\/11"}],"replies":[{"embeddable":true,"href":"https:\/\/www.ecinews.fr\/fr\/wp-json\/wp\/v2\/comments?post=459493"}],"version-history":[{"count":0,"href":"https:\/\/www.ecinews.fr\/fr\/wp-json\/wp\/v2\/posts\/459493\/revisions"}],"wp:featuredmedia":[{"embeddable":true,"href":"https:\/\/www.ecinews.fr\/fr\/wp-json\/wp\/v2\/media\/459495"}],"wp:attachment":[{"href":"https:\/\/www.ecinews.fr\/fr\/wp-json\/wp\/v2\/media?parent=459493"}],"wp:term":[{"taxonomy":"category","embeddable":true,"href":"https:\/\/www.ecinews.fr\/fr\/wp-json\/wp\/v2\/categories?post=459493"},{"taxonomy":"post_tag","embeddable":true,"href":"https:\/\/www.ecinews.fr\/fr\/wp-json\/wp\/v2\/tags?post=459493"},{"taxonomy":"domains","embeddable":true,"href":"https:\/\/www.ecinews.fr\/fr\/wp-json\/wp\/v2\/domains?post=459493"},{"taxonomy":"author","embeddable":true,"href":"https:\/\/www.ecinews.fr\/fr\/wp-json\/wp\/v2\/ppma_author?post=459493"}],"curies":[{"name":"wp","href":"https:\/\/api.w.org\/{rel}","templated":true}]}}