{"id":459160,"date":"2024-08-28T08:53:45","date_gmt":"2024-08-28T06:53:45","guid":{"rendered":"https:\/\/www.eenewseurope.com\/?p=459160"},"modified":"2024-08-27T19:00:41","modified_gmt":"2024-08-27T17:00:41","slug":"un-analyste-reduit-ses-previsions-du-marche-des-puces-en-2024","status":"publish","type":"post","link":"https:\/\/www.ecinews.fr\/fr\/un-analyste-reduit-ses-previsions-du-marche-des-puces-en-2024\/","title":{"rendered":"Un analyste r\u00e9duit ses pr\u00e9visions du march\u00e9 des puces en 2024"},"content":{"rendered":"<h2>L&rsquo;institut d&rsquo;\u00e9tudes de march\u00e9 Semiconductor Intelligence a r\u00e9duit d&rsquo;un point de pourcentage sa pr\u00e9vision de croissance du march\u00e9 des puces en 2024 par rapport \u00e0 2023, la ramenant \u00e0 17 %, contre 18 % en f\u00e9vrier 2024.<\/h2>\n<p>Cela peut s&rsquo;expliquer en partie par la faiblesse du march\u00e9 des puces au premier trimestre de l&rsquo;ann\u00e9e 24. Toutefois, \u00e0 partir d&rsquo;avril, le march\u00e9 semble avoir \u00e9t\u00e9 vigoureux, la fi\u00e8vre de l&rsquo;IA ayant stimul\u00e9 les ventes de processeurs et fait grimper les prix des m\u00e9moires.<\/p>\n<p>Pour 2025, les pr\u00e9visions de croissance du march\u00e9 mondial des puces, \u00e9tablies par de nombreux analystes, varient entre 11 % et 15,6 %.<\/p>\n<p>Le march\u00e9 mondial des semi-conducteurs a atteint 149,9 milliards de dollars au 2e trimestre 24, selon WSTS, soit une augmentation de 6,5 % par rapport au 1er trimestre 24 et de 18,3 % par rapport au m\u00eame trimestre de l&rsquo;ann\u00e9e pr\u00e9c\u00e9dente.<\/p>\n<blockquote class=\"wp-embedded-content\" data-secret=\"Cc4iRTae0z\"><p><a href=\"https:\/\/www.eenewseurope.com\/en\/global-chip-market-climbed-to-us150-billion-in-2q24\/\">Global chip market climbed to US$150 billion in 2Q24<\/a><\/p><\/blockquote>\n<p><iframe class=\"wp-embedded-content lazyload\" sandbox=\"allow-scripts\" security=\"restricted\" style=\"position: absolute; visibility: hidden;\" title=\"&#8220;Global chip market climbed to US$150 billion in 2Q24&#8221; &#8212; eeNews Europe\" data-src=\"https:\/\/www.eenewseurope.com\/en\/global-chip-market-climbed-to-us150-billion-in-2q24\/embed\/#?secret=w5AYOmlfvi#?secret=Cc4iRTae0z\" data-secret=\"Cc4iRTae0z\" width=\"500\" height=\"282\" frameborder=\"0\" marginwidth=\"0\" marginheight=\"0\" scrolling=\"no\" src=\"data:image\/svg+xml;base64,PHN2ZyB3aWR0aD0iMSIgaGVpZ2h0PSIxIiB4bWxucz0iaHR0cDovL3d3dy53My5vcmcvMjAwMC9zdmciPjwvc3ZnPg==\" data-load-mode=\"1\"><\/iframe><\/p>\n<p>Les principales soci\u00e9t\u00e9s de semi-conducteurs ont g\u00e9n\u00e9ralement enregistr\u00e9 une forte augmentation de leurs recettes au deuxi\u00e8me trimestre de l&rsquo;ann\u00e9e 24 par rapport au premier trimestre de l&rsquo;ann\u00e9e 24. Sur les quinze premi\u00e8res entreprises, seules deux &#8211; MediaTek et STMicroelectronics &#8211; ont enregistr\u00e9 une baisse de leurs recettes au deuxi\u00e8me trimestre de l&rsquo;ann\u00e9e 24. La croissance la plus forte a \u00e9t\u00e9 enregistr\u00e9e par les fabricants de m\u00e9moires, SK Hynix et Kioxia ayant chacun augment\u00e9 de plus de 30 %, Samsung Semiconductor de 23 % et Micron Technology de 17 %. La croissance moyenne pond\u00e9r\u00e9e des quinze premi\u00e8res entreprises au deuxi\u00e8me trimestre 24 par rapport au premier trimestre 24 a \u00e9t\u00e9 de 8 %, avec une augmentation de 22 % pour les entreprises de m\u00e9moires et de 3 % pour les entreprises de produits non-m\u00e9moires.<\/p>\n<div id=\"attachment_459145\" style=\"width: 610px\" class=\"wp-caption alignleft\"><img decoding=\"async\" aria-describedby=\"caption-attachment-459145\" class=\"size-full wp-image-459145 lazyload\" data-src=\"https:\/\/www.eenewseurope.com\/wp-content\/uploads\/2024\/08\/SCIQ600.jpg\" alt=\"\" width=\"600\" height=\"343\" data-srcset=\"https:\/\/www.ecinews.fr\/wp-content\/uploads\/2024\/08\/SCIQ600.jpg 600w, https:\/\/www.ecinews.fr\/wp-content\/uploads\/2024\/08\/SCIQ600-300x172.jpg 300w\" data-sizes=\"(max-width: 600px) 100vw, 600px\" src=\"data:image\/svg+xml;base64,PHN2ZyB3aWR0aD0iMSIgaGVpZ2h0PSIxIiB4bWxucz0iaHR0cDovL3d3dy53My5vcmcvMjAwMC9zdmciPjwvc3ZnPg==\" style=\"--smush-placeholder-width: 600px; --smush-placeholder-aspect-ratio: 600\/343;\" \/><p id=\"caption-attachment-459145\" class=\"wp-caption-text\"><em><strong>Pr\u00e9visions du march\u00e9 mondial des puces pour 2024 et 2025. Source : Semiconductor Intelligence : Semiconductor Intelligence.<\/strong><\/em><\/p><\/div>\n<p>Les pr\u00e9visions de recettes pour le troisi\u00e8me trimestre de l&rsquo;ann\u00e9e 2024 sont positives, mais avec un large \u00e9ventail de perspectives. AMD s&rsquo;attend \u00e0 ce que les recettes du troisi\u00e8me trimestre 2024 augmentent de 15 % en s\u00e9quentiel, gr\u00e2ce \u00e0 la forte croissance des centres de donn\u00e9es et de l&rsquo;informatique client. Micron a indiqu\u00e9 que le boom des m\u00e9moires se poursuivra, l&rsquo;offre \u00e9tant inf\u00e9rieure \u00e0 la demande, et a pr\u00e9vu une croissance de 12 %.<\/p>\n<p>Les entreprises qui pr\u00e9voient une faible croissance de leur chiffre d&rsquo;affaires au troisi\u00e8me trimestre de l&rsquo;ann\u00e9e 24, de l&rsquo;ordre de 1 %, sont les suivantes : Intel, MediaTek et STMicroelectronics. STMicroelectronics et NXP Semiconductors pr\u00e9voient une am\u00e9lioration dans le secteur de l&rsquo;automobile au troisi\u00e8me trimestre de l&rsquo;ann\u00e9e 24, mais des probl\u00e8mes de stocks subsistent dans le secteur industriel.<\/p>\n<h4>Liens et articles connexes :<\/h4>\n<p><a href=\"http:\/\/www.semiconductorintelligence.com\">www.semiconductorintelligence.com<\/a><\/p>\n<h4>Articles de presse :<\/h4>\n<p><a href=\"https:\/\/www.eenewseurope.com\/en\/global-chip-market-climbed-to-us150-billion-in-2q24\/\">Le march\u00e9 mondial des puces a atteint 150 milliards de dollars au deuxi\u00e8me trimestre de l&rsquo;ann\u00e9e 24 <\/a><\/p>\n<p><a href=\"https:\/\/www.eenewseurope.com\/en\/wsts-predicts-2024-chip-market-will-grow-16\/\">Le WSTS pr\u00e9voit une croissance de 16 % du march\u00e9 des puces en 2024<\/a><\/p>\n<p><a href=\"https:\/\/www.eenewseurope.com\/en\/analyst-drops-chip-market-forecast-after-1q24-train-wreck\/\">Un analyste abandonne ses pr\u00e9visions concernant le march\u00e9 des puces apr\u00e8s le \u00ab\u00a0naufrage\u00a0\u00bb du premier trimestre de l&rsquo;ann\u00e9e 24<\/a><\/p>\n<p><a href=\"https:\/\/www.eenewseurope.com\/en\/analyst-lifts-2024-chip-market-growth-forecast\/\">Les analystes l\u00e8vent les pr\u00e9visions de croissance du march\u00e9 des puces pour 2024<\/a><\/p>\n","protected":false},"excerpt":{"rendered":"<p>L&rsquo;institut d&rsquo;\u00e9tudes de march\u00e9 Semiconductor Intelligence a r\u00e9duit d&rsquo;un point de pourcentage sa pr\u00e9vision de croissance du march\u00e9 des puces en 2024 par rapport \u00e0 2023, la ramenant \u00e0 17 %, contre 18 % en f\u00e9vrier 2024. Cela peut s&rsquo;expliquer en partie par la faiblesse du march\u00e9 des puces au premier trimestre de l&rsquo;ann\u00e9e 24. [&hellip;]<\/p>\n","protected":false},"author":34,"featured_media":459148,"comment_status":"closed","ping_status":"closed","sticky":false,"template":"","format":"standard","meta":{"_acf_changed":false,"footnotes":""},"categories":[888],"tags":[2327,4833,1558],"domains":[47],"ppma_author":[3631,1153],"class_list":["post-459160","post","type-post","status-publish","format-standard","has-post-thumbnail","hentry","category-marche","tag-marche","tag-marche-des-puces","tag-semiconducteurs","domains-electronique-eci"],"acf":[],"yoast_head":"<title>Un analyste r\u00e9duit ses pr\u00e9visions du march\u00e9 des puces en 2024 ...<\/title>\n<meta name=\"description\" content=\"Semiconductor Intelligence a r\u00e9duit d&#039;un point de pourcentage sa pr\u00e9vision de croissance du march\u00e9 des puces en 2024, la ramenant \u00e0 17 %\" \/>\n<meta name=\"robots\" content=\"index, follow, max-snippet:-1, max-image-preview:large, max-video-preview:-1\" \/>\n<link rel=\"canonical\" href=\"https:\/\/www.ecinews.fr\/fr\/wp-json\/wp\/v2\/posts\/459160\/\" \/>\n<meta property=\"og:locale\" content=\"fr_FR\" \/>\n<meta property=\"og:type\" content=\"article\" \/>\n<meta property=\"og:title\" content=\"Un analyste r\u00e9duit ses pr\u00e9visions du march\u00e9 des puces en 2024\" \/>\n<meta property=\"og:description\" content=\"Semiconductor Intelligence a r\u00e9duit d&#039;un point de pourcentage sa pr\u00e9vision de croissance du march\u00e9 des puces en 2024, la ramenant \u00e0 17 %\" \/>\n<meta property=\"og:url\" content=\"https:\/\/www.ecinews.fr\/fr\/wp-json\/wp\/v2\/posts\/459160\/\" \/>\n<meta property=\"og:site_name\" content=\"EENewsEurope\" \/>\n<meta property=\"article:published_time\" content=\"2024-08-28T06:53:45+00:00\" \/>\n<meta property=\"article:modified_time\" content=\"2024-08-27T17:00:41+00:00\" \/>\n<meta property=\"og:image\" content=\"https:\/\/www.ecinews.fr\/wp-content\/uploads\/2024\/08\/SCIQ630.jpg\" \/>\n\t<meta property=\"og:image:width\" content=\"630\" \/>\n\t<meta property=\"og:image:height\" content=\"378\" \/>\n\t<meta property=\"og:image:type\" content=\"image\/jpeg\" \/>\n<meta name=\"author\" content=\"Peter Clarke, A Delapalisse\" \/>\n<meta name=\"twitter:card\" content=\"summary_large_image\" \/>\n<meta name=\"twitter:label1\" content=\"Written by\" \/>\n\t<meta name=\"twitter:data1\" content=\"A Delapalisse\" \/>\n\t<meta name=\"twitter:label2\" content=\"Est. reading time\" \/>\n\t<meta name=\"twitter:data2\" content=\"3 minutes\" \/>\n<script type=\"application\/ld+json\" class=\"yoast-schema-graph\">{\"@context\":\"https:\/\/schema.org\",\"@graph\":[{\"@type\":\"Article\",\"@id\":\"https:\/\/www.ecinews.fr\/fr\/un-analyste-reduit-ses-previsions-du-marche-des-puces-en-2024\/#article\",\"isPartOf\":{\"@id\":\"https:\/\/www.ecinews.fr\/fr\/un-analyste-reduit-ses-previsions-du-marche-des-puces-en-2024\/\"},\"author\":{\"name\":\"A Delapalisse\",\"@id\":\"https:\/\/www.ecinews.fr\/fr\/#\/schema\/person\/0aa2cfb0bd8949724a68cbac8d8321b4\"},\"headline\":\"Un analyste r\u00e9duit ses pr\u00e9visions du march\u00e9 des puces en 2024\",\"datePublished\":\"2024-08-28T06:53:45+00:00\",\"dateModified\":\"2024-08-27T17:00:41+00:00\",\"mainEntityOfPage\":{\"@id\":\"https:\/\/www.ecinews.fr\/fr\/un-analyste-reduit-ses-previsions-du-marche-des-puces-en-2024\/\"},\"wordCount\":541,\"publisher\":{\"@id\":\"https:\/\/www.ecinews.fr\/fr\/#organization\"},\"keywords\":[\"March\u00e9\",\"march\u00e9 des puces\",\"Semiconducteurs\"],\"articleSection\":[\"March\u00e9\"],\"inLanguage\":\"fr-FR\"},{\"@type\":\"WebPage\",\"@id\":\"https:\/\/www.ecinews.fr\/fr\/un-analyste-reduit-ses-previsions-du-marche-des-puces-en-2024\/\",\"url\":\"https:\/\/www.ecinews.fr\/fr\/un-analyste-reduit-ses-previsions-du-marche-des-puces-en-2024\/\",\"name\":\"Un analyste r\u00e9duit ses pr\u00e9visions du march\u00e9 des puces en 2024\",\"isPartOf\":{\"@id\":\"https:\/\/www.ecinews.fr\/fr\/#website\"},\"datePublished\":\"2024-08-28T06:53:45+00:00\",\"dateModified\":\"2024-08-27T17:00:41+00:00\",\"description\":\"Semiconductor Intelligence a r\u00e9duit d'un point de pourcentage sa pr\u00e9vision de croissance du march\u00e9 des puces en 2024, la ramenant \u00e0 17 %\",\"breadcrumb\":{\"@id\":\"https:\/\/www.ecinews.fr\/fr\/un-analyste-reduit-ses-previsions-du-marche-des-puces-en-2024\/#breadcrumb\"},\"inLanguage\":\"fr-FR\",\"potentialAction\":[{\"@type\":\"ReadAction\",\"target\":[\"https:\/\/www.ecinews.fr\/fr\/un-analyste-reduit-ses-previsions-du-marche-des-puces-en-2024\/\"]}]},{\"@type\":\"BreadcrumbList\",\"@id\":\"https:\/\/www.ecinews.fr\/fr\/un-analyste-reduit-ses-previsions-du-marche-des-puces-en-2024\/#breadcrumb\",\"itemListElement\":[{\"@type\":\"ListItem\",\"position\":1,\"name\":\"Home\",\"item\":\"https:\/\/www.ecinews.fr\/fr\/\"},{\"@type\":\"ListItem\",\"position\":2,\"name\":\"Un analyste r\u00e9duit ses pr\u00e9visions du march\u00e9 des puces en 2024\"}]},{\"@type\":\"WebSite\",\"@id\":\"https:\/\/www.ecinews.fr\/fr\/#website\",\"url\":\"https:\/\/www.ecinews.fr\/fr\/\",\"name\":\"EENewsEurope\",\"description\":\"Just another WordPress site\",\"publisher\":{\"@id\":\"https:\/\/www.ecinews.fr\/fr\/#organization\"},\"potentialAction\":[{\"@type\":\"SearchAction\",\"target\":{\"@type\":\"EntryPoint\",\"urlTemplate\":\"https:\/\/www.ecinews.fr\/fr\/?s={search_term_string}\"},\"query-input\":\"required name=search_term_string\"}],\"inLanguage\":\"fr-FR\"},{\"@type\":\"Organization\",\"@id\":\"https:\/\/www.ecinews.fr\/fr\/#organization\",\"name\":\"EENewsEurope\",\"url\":\"https:\/\/www.ecinews.fr\/fr\/\",\"logo\":{\"@type\":\"ImageObject\",\"inLanguage\":\"fr-FR\",\"@id\":\"https:\/\/www.ecinews.fr\/fr\/#\/schema\/logo\/image\/\",\"url\":\"https:\/\/www.ecinews.fr\/wp-content\/uploads\/2022\/02\/logo-1.jpg\",\"contentUrl\":\"https:\/\/www.ecinews.fr\/wp-content\/uploads\/2022\/02\/logo-1.jpg\",\"width\":283,\"height\":113,\"caption\":\"EENewsEurope\"},\"image\":{\"@id\":\"https:\/\/www.ecinews.fr\/fr\/#\/schema\/logo\/image\/\"}},{\"@type\":\"Person\",\"@id\":\"https:\/\/www.ecinews.fr\/fr\/#\/schema\/person\/0aa2cfb0bd8949724a68cbac8d8321b4\",\"name\":\"A Delapalisse\",\"image\":{\"@type\":\"ImageObject\",\"inLanguage\":\"fr-FR\",\"@id\":\"https:\/\/www.ecinews.fr\/fr\/#\/schema\/person\/image\/211ac42237c2e9683c0964086c393cb4\",\"url\":\"https:\/\/secure.gravatar.com\/avatar\/ad45a8c5da24bc9c7c4940dd1c48a695?s=96&d=mm&r=g\",\"contentUrl\":\"https:\/\/secure.gravatar.com\/avatar\/ad45a8c5da24bc9c7c4940dd1c48a695?s=96&d=mm&r=g\",\"caption\":\"A Delapalisse\"},\"sameAs\":[\"http:\/\/ECI\"]}]}<\/script>","yoast_head_json":{"title":"Un analyste r\u00e9duit ses pr\u00e9visions du march\u00e9 des puces en 2024 ...","description":"Semiconductor Intelligence a r\u00e9duit d'un point de pourcentage sa pr\u00e9vision de croissance du march\u00e9 des puces en 2024, la ramenant \u00e0 17 %","robots":{"index":"index","follow":"follow","max-snippet":"max-snippet:-1","max-image-preview":"max-image-preview:large","max-video-preview":"max-video-preview:-1"},"canonical":"https:\/\/www.ecinews.fr\/fr\/wp-json\/wp\/v2\/posts\/459160\/","og_locale":"fr_FR","og_type":"article","og_title":"Un analyste r\u00e9duit ses pr\u00e9visions du march\u00e9 des puces en 2024","og_description":"Semiconductor Intelligence a r\u00e9duit d'un point de pourcentage sa pr\u00e9vision de croissance du march\u00e9 des puces en 2024, la ramenant \u00e0 17 %","og_url":"https:\/\/www.ecinews.fr\/fr\/wp-json\/wp\/v2\/posts\/459160\/","og_site_name":"EENewsEurope","article_published_time":"2024-08-28T06:53:45+00:00","article_modified_time":"2024-08-27T17:00:41+00:00","og_image":[{"width":630,"height":378,"url":"https:\/\/www.ecinews.fr\/wp-content\/uploads\/2024\/08\/SCIQ630.jpg","type":"image\/jpeg"}],"author":"Peter Clarke, A Delapalisse","twitter_card":"summary_large_image","twitter_misc":{"Written by":"A Delapalisse","Est. reading time":"3 minutes"},"schema":{"@context":"https:\/\/schema.org","@graph":[{"@type":"Article","@id":"https:\/\/www.ecinews.fr\/fr\/un-analyste-reduit-ses-previsions-du-marche-des-puces-en-2024\/#article","isPartOf":{"@id":"https:\/\/www.ecinews.fr\/fr\/un-analyste-reduit-ses-previsions-du-marche-des-puces-en-2024\/"},"author":{"name":"A Delapalisse","@id":"https:\/\/www.ecinews.fr\/fr\/#\/schema\/person\/0aa2cfb0bd8949724a68cbac8d8321b4"},"headline":"Un analyste r\u00e9duit ses pr\u00e9visions du march\u00e9 des puces en 2024","datePublished":"2024-08-28T06:53:45+00:00","dateModified":"2024-08-27T17:00:41+00:00","mainEntityOfPage":{"@id":"https:\/\/www.ecinews.fr\/fr\/un-analyste-reduit-ses-previsions-du-marche-des-puces-en-2024\/"},"wordCount":541,"publisher":{"@id":"https:\/\/www.ecinews.fr\/fr\/#organization"},"keywords":["March\u00e9","march\u00e9 des puces","Semiconducteurs"],"articleSection":["March\u00e9"],"inLanguage":"fr-FR"},{"@type":"WebPage","@id":"https:\/\/www.ecinews.fr\/fr\/un-analyste-reduit-ses-previsions-du-marche-des-puces-en-2024\/","url":"https:\/\/www.ecinews.fr\/fr\/un-analyste-reduit-ses-previsions-du-marche-des-puces-en-2024\/","name":"Un analyste r\u00e9duit ses pr\u00e9visions du march\u00e9 des puces en 2024","isPartOf":{"@id":"https:\/\/www.ecinews.fr\/fr\/#website"},"datePublished":"2024-08-28T06:53:45+00:00","dateModified":"2024-08-27T17:00:41+00:00","description":"Semiconductor Intelligence a r\u00e9duit d'un point de pourcentage sa pr\u00e9vision de croissance du march\u00e9 des puces en 2024, la ramenant \u00e0 17 %","breadcrumb":{"@id":"https:\/\/www.ecinews.fr\/fr\/un-analyste-reduit-ses-previsions-du-marche-des-puces-en-2024\/#breadcrumb"},"inLanguage":"fr-FR","potentialAction":[{"@type":"ReadAction","target":["https:\/\/www.ecinews.fr\/fr\/un-analyste-reduit-ses-previsions-du-marche-des-puces-en-2024\/"]}]},{"@type":"BreadcrumbList","@id":"https:\/\/www.ecinews.fr\/fr\/un-analyste-reduit-ses-previsions-du-marche-des-puces-en-2024\/#breadcrumb","itemListElement":[{"@type":"ListItem","position":1,"name":"Home","item":"https:\/\/www.ecinews.fr\/fr\/"},{"@type":"ListItem","position":2,"name":"Un analyste r\u00e9duit ses pr\u00e9visions du march\u00e9 des puces en 2024"}]},{"@type":"WebSite","@id":"https:\/\/www.ecinews.fr\/fr\/#website","url":"https:\/\/www.ecinews.fr\/fr\/","name":"EENewsEurope","description":"Just another WordPress site","publisher":{"@id":"https:\/\/www.ecinews.fr\/fr\/#organization"},"potentialAction":[{"@type":"SearchAction","target":{"@type":"EntryPoint","urlTemplate":"https:\/\/www.ecinews.fr\/fr\/?s={search_term_string}"},"query-input":"required name=search_term_string"}],"inLanguage":"fr-FR"},{"@type":"Organization","@id":"https:\/\/www.ecinews.fr\/fr\/#organization","name":"EENewsEurope","url":"https:\/\/www.ecinews.fr\/fr\/","logo":{"@type":"ImageObject","inLanguage":"fr-FR","@id":"https:\/\/www.ecinews.fr\/fr\/#\/schema\/logo\/image\/","url":"https:\/\/www.ecinews.fr\/wp-content\/uploads\/2022\/02\/logo-1.jpg","contentUrl":"https:\/\/www.ecinews.fr\/wp-content\/uploads\/2022\/02\/logo-1.jpg","width":283,"height":113,"caption":"EENewsEurope"},"image":{"@id":"https:\/\/www.ecinews.fr\/fr\/#\/schema\/logo\/image\/"}},{"@type":"Person","@id":"https:\/\/www.ecinews.fr\/fr\/#\/schema\/person\/0aa2cfb0bd8949724a68cbac8d8321b4","name":"A Delapalisse","image":{"@type":"ImageObject","inLanguage":"fr-FR","@id":"https:\/\/www.ecinews.fr\/fr\/#\/schema\/person\/image\/211ac42237c2e9683c0964086c393cb4","url":"https:\/\/secure.gravatar.com\/avatar\/ad45a8c5da24bc9c7c4940dd1c48a695?s=96&d=mm&r=g","contentUrl":"https:\/\/secure.gravatar.com\/avatar\/ad45a8c5da24bc9c7c4940dd1c48a695?s=96&d=mm&r=g","caption":"A Delapalisse"},"sameAs":["http:\/\/ECI"]}]}},"authors":[{"term_id":3631,"user_id":0,"is_guest":1,"slug":"peter-clarke","display_name":"Peter Clarke","avatar_url":"https:\/\/secure.gravatar.com\/avatar\/?s=96&d=mm&r=g","0":null,"1":"","2":"","3":"","4":"","5":"","6":"","7":"","8":""},{"term_id":1153,"user_id":34,"is_guest":0,"slug":"adelapalisse","display_name":"A Delapalisse","avatar_url":"https:\/\/secure.gravatar.com\/avatar\/ad45a8c5da24bc9c7c4940dd1c48a695?s=96&d=mm&r=g","0":null,"1":"","2":"","3":"","4":"","5":"","6":"","7":"","8":""}],"_links":{"self":[{"href":"https:\/\/www.ecinews.fr\/fr\/wp-json\/wp\/v2\/posts\/459160"}],"collection":[{"href":"https:\/\/www.ecinews.fr\/fr\/wp-json\/wp\/v2\/posts"}],"about":[{"href":"https:\/\/www.ecinews.fr\/fr\/wp-json\/wp\/v2\/types\/post"}],"author":[{"embeddable":true,"href":"https:\/\/www.ecinews.fr\/fr\/wp-json\/wp\/v2\/users\/34"}],"replies":[{"embeddable":true,"href":"https:\/\/www.ecinews.fr\/fr\/wp-json\/wp\/v2\/comments?post=459160"}],"version-history":[{"count":0,"href":"https:\/\/www.ecinews.fr\/fr\/wp-json\/wp\/v2\/posts\/459160\/revisions"}],"wp:featuredmedia":[{"embeddable":true,"href":"https:\/\/www.ecinews.fr\/fr\/wp-json\/wp\/v2\/media\/459148"}],"wp:attachment":[{"href":"https:\/\/www.ecinews.fr\/fr\/wp-json\/wp\/v2\/media?parent=459160"}],"wp:term":[{"taxonomy":"category","embeddable":true,"href":"https:\/\/www.ecinews.fr\/fr\/wp-json\/wp\/v2\/categories?post=459160"},{"taxonomy":"post_tag","embeddable":true,"href":"https:\/\/www.ecinews.fr\/fr\/wp-json\/wp\/v2\/tags?post=459160"},{"taxonomy":"domains","embeddable":true,"href":"https:\/\/www.ecinews.fr\/fr\/wp-json\/wp\/v2\/domains?post=459160"},{"taxonomy":"author","embeddable":true,"href":"https:\/\/www.ecinews.fr\/fr\/wp-json\/wp\/v2\/ppma_author?post=459160"}],"curies":[{"name":"wp","href":"https:\/\/api.w.org\/{rel}","templated":true}]}}