{"id":458547,"date":"2024-08-19T12:42:22","date_gmt":"2024-08-19T10:42:22","guid":{"rendered":"https:\/\/www.eenewseurope.com\/?p=458547"},"modified":"2024-08-19T12:42:22","modified_gmt":"2024-08-19T10:42:22","slug":"intel-lance-sa-premiere-puce-graphique-dediee-a-lautomobile","status":"publish","type":"post","link":"https:\/\/www.ecinews.fr\/fr\/intel-lance-sa-premiere-puce-graphique-dediee-a-lautomobile\/","title":{"rendered":"Intel lance sa premi\u00e8re puce graphique d\u00e9di\u00e9e \u00e0 l&rsquo;automobile"},"content":{"rendered":"<h3><span style=\"font-size: 16px;\">Intel a lanc\u00e9 sa premi\u00e8re puce de traitement graphique discret (dGPU) pour les \u00e9crans et l&rsquo;IA dans les conceptions automobiles.<\/span><\/h3>\n<p>L&rsquo;Intel \u00ab\u00a0Arc Graphics for Automotive\u00a0\u00bb est destin\u00e9 \u00e0 la conception de cockpits d&rsquo;IA et pourrait \u00eatre d\u00e9ploy\u00e9 commercialement dans les v\u00e9hicules en Chine d\u00e8s 2025.<\/p>\n<p>Le GPU discret A760A est destin\u00e9 \u00e0 l&rsquo;\u00e9volution vers les v\u00e9hicules d\u00e9finis par logiciel (SDV) afin que les constructeurs automobiles puissent concevoir une plateforme de v\u00e9hicule unique qui s&rsquo;adapte \u00e0 tous les niveaux de finition. Les mod\u00e8les d&rsquo;entr\u00e9e et de milieu de gamme peuvent utiliser le <a href=\"https:\/\/www.eenewseurope.com\/en\/intel-launches-integrated-ev-chip\/\">SoC SDV d&rsquo;Intel<\/a>, tandis que les v\u00e9hicules plus haut de gamme peuvent b\u00e9n\u00e9ficier de la puissance suppl\u00e9mentaire du dGPU pour ajouter des fonctions haut de niveau. Cela permet de rationaliser le d\u00e9veloppement car les logiciels sont enti\u00e8rement compatibles avec le GPU int\u00e9gr\u00e9 et le GPU discret.<\/p>\n<p>\u00ab\u00a0La strat\u00e9gie d&rsquo;Intel est d&rsquo;apporter la puissance de l&rsquo;IA dans des appareils de toutes tailles et de toutes formes, et nous sommes ravis d&rsquo;apporter cette expertise et notre vaste \u00e9cosyst\u00e8me ouvert d&rsquo;IA \u00e0 l&rsquo;industrie automobile\u00a0\u00bb, a d\u00e9clar\u00e9 Jack Weast, vice-pr\u00e9sident et directeur g\u00e9n\u00e9ral d&rsquo;Intel Automotive (ci-dessus). \u00ab\u00a0Les cycles de d\u00e9veloppement rapides des v\u00e9hicules \u00e9lectriques et l&rsquo;adoption de technologies avanc\u00e9es en Chine en font un terrain d&rsquo;essai id\u00e9al pour nos technologies de nouvelle g\u00e9n\u00e9ration.\u00a0\u00bb<\/p>\n<p>Le dGPU Arc A760A de 225W poss\u00e8de 28 c\u0153urs Xe et 28 unit\u00e9s de ray tracing pour les \u00e9crans, ainsi que 448 moteurs matriciels pour l&rsquo;IA et 448 moteurs vectoriels pour 14 FP32 TOPS. Il y a \u00e9galement des moteurs de compression et de d\u00e9compression AVC et HEVC ainsi qu&rsquo;un hyperviseur ACRN pour ex\u00e9cuter diff\u00e9rents logiciels, y compris Android. Il prend en charge Vulkan, OpenGl, OpenGL ainsi que OpenVINO et OneAPI d&rsquo;Inte&rsquo;.<\/p>\n<p>Thundersoft a fait une d\u00e9monstration d&rsquo;une interface utilisateur de cockpit de nouvelle g\u00e9n\u00e9ration sur le dGPU Arc, qui prend en charge sept \u00e9crans haute d\u00e9finition pour le rendu des graphiques 3D, ainsi que six cam\u00e9ras embarqu\u00e9es et des fonctions interactives. L&rsquo;interface utilisateur peut \u00e9galement ex\u00e9cuter simultan\u00e9ment des jeux et des applications AI PC pour un travail mobile intelligent. Le programme AI PC Accelerator d&rsquo;Intel compte plus de 100 partenaires \u00e9diteurs de logiciels ind\u00e9pendants (ISV) qui ont cr\u00e9\u00e9 plus de 500 fonctions et applications d&rsquo;IA.<\/p>\n<p>Le dGPU peut \u00e9galement \u00eatre utilis\u00e9 pour les algorithmes d&rsquo;IA qui apprennent les pr\u00e9f\u00e9rences du conducteur et adaptent les param\u00e8tres du cockpit sans commande vocale. L&rsquo;assistant automobile IA de Zhipu a d\u00e9montr\u00e9 la puissance des grands mod\u00e8les de langage locaux (LLM) fonctionnant sur la plateforme de calcul d&rsquo;Intel. Une d\u00e9monstration a mis en \u00e9vidence la capacit\u00e9 d&rsquo;ex\u00e9cuter des commandes complexes de contr\u00f4le du v\u00e9hicule par le biais du traitement du langage naturel, de r\u00e9pondre avec pr\u00e9cision aux questions relatives au v\u00e9hicule et m\u00eame de discuter tranquillement avec les utilisateurs, offrant ainsi un voyage plus interactif et plus agr\u00e9able.<\/p>\n<p>Le dGPU A760A Arc sera disponible au premier trimestre 2025.<\/p>\n<p><a href=\"http:\/\/www.intel.com\">www.intel.com<\/a><\/p>\n<p>&nbsp;<\/p>\n","protected":false},"excerpt":{"rendered":"<p>Intel a lanc\u00e9 sa premi\u00e8re puce de traitement graphique discret (dGPU) pour les \u00e9crans et l&rsquo;IA dans les conceptions automobiles. L&rsquo;Intel \u00ab\u00a0Arc Graphics for Automotive\u00a0\u00bb est destin\u00e9 \u00e0 la conception de cockpits d&rsquo;IA et pourrait \u00eatre d\u00e9ploy\u00e9 commercialement dans les v\u00e9hicules en Chine d\u00e8s 2025. Le GPU discret A760A est destin\u00e9 \u00e0 l&rsquo;\u00e9volution vers les [&hellip;]<\/p>\n","protected":false},"author":11,"featured_media":458304,"comment_status":"closed","ping_status":"closed","sticky":false,"template":"","format":"standard","meta":{"_acf_changed":false,"footnotes":""},"categories":[881],"tags":[1640,7302,3950],"domains":[47],"ppma_author":[3640,1143],"class_list":["post-458547","post","type-post","status-publish","format-standard","has-post-thumbnail","hentry","category-nouveaux-produits","tag-automobile","tag-coqpit","tag-gpu-fr","domains-electronique-eci"],"acf":[],"yoast_head":"<title>Intel lance sa premi\u00e8re puce graphique d\u00e9di\u00e9e \u00e0 l&#039;automobile ...<\/title>\n<meta name=\"description\" content=\"Intel a lanc\u00e9 sa premi\u00e8re puce de traitement graphique discret (dGPU) pour les \u00e9crans et l&#039;IA dans les conceptions automobiles.\" \/>\n<meta name=\"robots\" content=\"index, follow, max-snippet:-1, max-image-preview:large, max-video-preview:-1\" \/>\n<link rel=\"canonical\" href=\"https:\/\/www.ecinews.fr\/fr\/wp-json\/wp\/v2\/posts\/458547\/\" \/>\n<meta property=\"og:locale\" content=\"fr_FR\" \/>\n<meta property=\"og:type\" content=\"article\" \/>\n<meta property=\"og:title\" content=\"Intel lance sa premi\u00e8re puce graphique d\u00e9di\u00e9e \u00e0 l&#039;automobile\" \/>\n<meta property=\"og:description\" content=\"Intel a lanc\u00e9 sa premi\u00e8re puce de traitement graphique discret (dGPU) pour les \u00e9crans et l&#039;IA dans les conceptions automobiles.\" \/>\n<meta property=\"og:url\" content=\"https:\/\/www.ecinews.fr\/fr\/wp-json\/wp\/v2\/posts\/458547\/\" \/>\n<meta property=\"og:site_name\" content=\"EENewsEurope\" \/>\n<meta property=\"article:published_time\" content=\"2024-08-19T10:42:22+00:00\" \/>\n<meta property=\"og:image\" content=\"https:\/\/www.eenewseurope.com\/wp-content\/uploads\/2024\/08\/Intel-ARc-dGPU.jpg\" \/>\n\t<meta property=\"og:image:width\" content=\"451\" \/>\n\t<meta property=\"og:image:height\" content=\"254\" \/>\n\t<meta property=\"og:image:type\" content=\"image\/jpeg\" \/>\n<meta name=\"author\" content=\"Nick Flaherty, Daniel Cardon\" \/>\n<meta name=\"twitter:card\" content=\"summary_large_image\" \/>\n<meta name=\"twitter:label1\" content=\"Written by\" \/>\n\t<meta name=\"twitter:data1\" content=\"Daniel Cardon\" \/>\n\t<meta name=\"twitter:label2\" content=\"Est. reading time\" \/>\n\t<meta name=\"twitter:data2\" content=\"3 minutes\" \/>\n<script type=\"application\/ld+json\" class=\"yoast-schema-graph\">{\"@context\":\"https:\/\/schema.org\",\"@graph\":[{\"@type\":\"Article\",\"@id\":\"https:\/\/www.eenewseurope.com\/fr\/intel-lance-sa-premiere-puce-graphique-dediee-a-lautomobile\/#article\",\"isPartOf\":{\"@id\":\"https:\/\/www.eenewseurope.com\/fr\/intel-lance-sa-premiere-puce-graphique-dediee-a-lautomobile\/\"},\"author\":{\"name\":\"Daniel Cardon\",\"@id\":\"https:\/\/www.ecinews.fr\/fr\/#\/schema\/person\/93c44cde463762f40a8236eaa44c1c17\"},\"headline\":\"Intel lance sa premi\u00e8re puce graphique d\u00e9di\u00e9e \u00e0 l&rsquo;automobile\",\"datePublished\":\"2024-08-19T10:42:22+00:00\",\"dateModified\":\"2024-08-19T10:42:22+00:00\",\"mainEntityOfPage\":{\"@id\":\"https:\/\/www.eenewseurope.com\/fr\/intel-lance-sa-premiere-puce-graphique-dediee-a-lautomobile\/\"},\"wordCount\":564,\"publisher\":{\"@id\":\"https:\/\/www.ecinews.fr\/fr\/#organization\"},\"keywords\":[\"Automobile\",\"Coqpit\",\"GPU\"],\"articleSection\":[\"Nouveaux produits\"],\"inLanguage\":\"fr-FR\"},{\"@type\":\"WebPage\",\"@id\":\"https:\/\/www.eenewseurope.com\/fr\/intel-lance-sa-premiere-puce-graphique-dediee-a-lautomobile\/\",\"url\":\"https:\/\/www.eenewseurope.com\/fr\/intel-lance-sa-premiere-puce-graphique-dediee-a-lautomobile\/\",\"name\":\"Intel lance sa premi\u00e8re puce graphique d\u00e9di\u00e9e \u00e0 l'automobile -\",\"isPartOf\":{\"@id\":\"https:\/\/www.ecinews.fr\/fr\/#website\"},\"datePublished\":\"2024-08-19T10:42:22+00:00\",\"dateModified\":\"2024-08-19T10:42:22+00:00\",\"description\":\"Intel a lanc\u00e9 sa premi\u00e8re puce de traitement graphique discret (dGPU) pour les \u00e9crans et l'IA dans les conceptions automobiles.\",\"breadcrumb\":{\"@id\":\"https:\/\/www.eenewseurope.com\/fr\/intel-lance-sa-premiere-puce-graphique-dediee-a-lautomobile\/#breadcrumb\"},\"inLanguage\":\"fr-FR\",\"potentialAction\":[{\"@type\":\"ReadAction\",\"target\":[\"https:\/\/www.eenewseurope.com\/fr\/intel-lance-sa-premiere-puce-graphique-dediee-a-lautomobile\/\"]}]},{\"@type\":\"BreadcrumbList\",\"@id\":\"https:\/\/www.eenewseurope.com\/fr\/intel-lance-sa-premiere-puce-graphique-dediee-a-lautomobile\/#breadcrumb\",\"itemListElement\":[{\"@type\":\"ListItem\",\"position\":1,\"name\":\"Home\",\"item\":\"https:\/\/www.ecinews.fr\/fr\/\"},{\"@type\":\"ListItem\",\"position\":2,\"name\":\"Intel lance sa premi\u00e8re puce graphique d\u00e9di\u00e9e \u00e0 l&rsquo;automobile\"}]},{\"@type\":\"WebSite\",\"@id\":\"https:\/\/www.ecinews.fr\/fr\/#website\",\"url\":\"https:\/\/www.ecinews.fr\/fr\/\",\"name\":\"EENewsEurope\",\"description\":\"Just another WordPress site\",\"publisher\":{\"@id\":\"https:\/\/www.ecinews.fr\/fr\/#organization\"},\"potentialAction\":[{\"@type\":\"SearchAction\",\"target\":{\"@type\":\"EntryPoint\",\"urlTemplate\":\"https:\/\/www.ecinews.fr\/fr\/?s={search_term_string}\"},\"query-input\":\"required name=search_term_string\"}],\"inLanguage\":\"fr-FR\"},{\"@type\":\"Organization\",\"@id\":\"https:\/\/www.ecinews.fr\/fr\/#organization\",\"name\":\"EENewsEurope\",\"url\":\"https:\/\/www.ecinews.fr\/fr\/\",\"logo\":{\"@type\":\"ImageObject\",\"inLanguage\":\"fr-FR\",\"@id\":\"https:\/\/www.ecinews.fr\/fr\/#\/schema\/logo\/image\/\",\"url\":\"https:\/\/www.ecinews.fr\/wp-content\/uploads\/2022\/02\/logo-1.jpg\",\"contentUrl\":\"https:\/\/www.ecinews.fr\/wp-content\/uploads\/2022\/02\/logo-1.jpg\",\"width\":283,\"height\":113,\"caption\":\"EENewsEurope\"},\"image\":{\"@id\":\"https:\/\/www.ecinews.fr\/fr\/#\/schema\/logo\/image\/\"}},{\"@type\":\"Person\",\"@id\":\"https:\/\/www.ecinews.fr\/fr\/#\/schema\/person\/93c44cde463762f40a8236eaa44c1c17\",\"name\":\"Daniel Cardon\",\"image\":{\"@type\":\"ImageObject\",\"inLanguage\":\"fr-FR\",\"@id\":\"https:\/\/www.ecinews.fr\/fr\/#\/schema\/person\/image\/2b243f6bcc1cff7d86aadfb2cd0bd870\",\"url\":\"https:\/\/secure.gravatar.com\/avatar\/de9edc136dfc061ad4778e04635baefa?s=96&d=mm&r=g\",\"contentUrl\":\"https:\/\/secure.gravatar.com\/avatar\/de9edc136dfc061ad4778e04635baefa?s=96&d=mm&r=g\",\"caption\":\"Daniel Cardon\"}}]}<\/script>","yoast_head_json":{"title":"Intel lance sa premi\u00e8re puce graphique d\u00e9di\u00e9e \u00e0 l'automobile ...","description":"Intel a lanc\u00e9 sa premi\u00e8re puce de traitement graphique discret (dGPU) pour les \u00e9crans et l'IA dans les conceptions automobiles.","robots":{"index":"index","follow":"follow","max-snippet":"max-snippet:-1","max-image-preview":"max-image-preview:large","max-video-preview":"max-video-preview:-1"},"canonical":"https:\/\/www.ecinews.fr\/fr\/wp-json\/wp\/v2\/posts\/458547\/","og_locale":"fr_FR","og_type":"article","og_title":"Intel lance sa premi\u00e8re puce graphique d\u00e9di\u00e9e \u00e0 l'automobile","og_description":"Intel a lanc\u00e9 sa premi\u00e8re puce de traitement graphique discret (dGPU) pour les \u00e9crans et l'IA dans les conceptions automobiles.","og_url":"https:\/\/www.ecinews.fr\/fr\/wp-json\/wp\/v2\/posts\/458547\/","og_site_name":"EENewsEurope","article_published_time":"2024-08-19T10:42:22+00:00","og_image":[{"width":451,"height":254,"url":"https:\/\/www.eenewseurope.com\/wp-content\/uploads\/2024\/08\/Intel-ARc-dGPU.jpg","type":"image\/jpeg"}],"author":"Nick Flaherty, Daniel Cardon","twitter_card":"summary_large_image","twitter_misc":{"Written by":"Daniel Cardon","Est. reading time":"3 minutes"},"schema":{"@context":"https:\/\/schema.org","@graph":[{"@type":"Article","@id":"https:\/\/www.eenewseurope.com\/fr\/intel-lance-sa-premiere-puce-graphique-dediee-a-lautomobile\/#article","isPartOf":{"@id":"https:\/\/www.eenewseurope.com\/fr\/intel-lance-sa-premiere-puce-graphique-dediee-a-lautomobile\/"},"author":{"name":"Daniel Cardon","@id":"https:\/\/www.ecinews.fr\/fr\/#\/schema\/person\/93c44cde463762f40a8236eaa44c1c17"},"headline":"Intel lance sa premi\u00e8re puce graphique d\u00e9di\u00e9e \u00e0 l&rsquo;automobile","datePublished":"2024-08-19T10:42:22+00:00","dateModified":"2024-08-19T10:42:22+00:00","mainEntityOfPage":{"@id":"https:\/\/www.eenewseurope.com\/fr\/intel-lance-sa-premiere-puce-graphique-dediee-a-lautomobile\/"},"wordCount":564,"publisher":{"@id":"https:\/\/www.ecinews.fr\/fr\/#organization"},"keywords":["Automobile","Coqpit","GPU"],"articleSection":["Nouveaux produits"],"inLanguage":"fr-FR"},{"@type":"WebPage","@id":"https:\/\/www.eenewseurope.com\/fr\/intel-lance-sa-premiere-puce-graphique-dediee-a-lautomobile\/","url":"https:\/\/www.eenewseurope.com\/fr\/intel-lance-sa-premiere-puce-graphique-dediee-a-lautomobile\/","name":"Intel lance sa premi\u00e8re puce graphique d\u00e9di\u00e9e \u00e0 l'automobile -","isPartOf":{"@id":"https:\/\/www.ecinews.fr\/fr\/#website"},"datePublished":"2024-08-19T10:42:22+00:00","dateModified":"2024-08-19T10:42:22+00:00","description":"Intel a lanc\u00e9 sa premi\u00e8re puce de traitement graphique discret (dGPU) pour les \u00e9crans et l'IA dans les conceptions automobiles.","breadcrumb":{"@id":"https:\/\/www.eenewseurope.com\/fr\/intel-lance-sa-premiere-puce-graphique-dediee-a-lautomobile\/#breadcrumb"},"inLanguage":"fr-FR","potentialAction":[{"@type":"ReadAction","target":["https:\/\/www.eenewseurope.com\/fr\/intel-lance-sa-premiere-puce-graphique-dediee-a-lautomobile\/"]}]},{"@type":"BreadcrumbList","@id":"https:\/\/www.eenewseurope.com\/fr\/intel-lance-sa-premiere-puce-graphique-dediee-a-lautomobile\/#breadcrumb","itemListElement":[{"@type":"ListItem","position":1,"name":"Home","item":"https:\/\/www.ecinews.fr\/fr\/"},{"@type":"ListItem","position":2,"name":"Intel lance sa premi\u00e8re puce graphique d\u00e9di\u00e9e \u00e0 l&rsquo;automobile"}]},{"@type":"WebSite","@id":"https:\/\/www.ecinews.fr\/fr\/#website","url":"https:\/\/www.ecinews.fr\/fr\/","name":"EENewsEurope","description":"Just another WordPress site","publisher":{"@id":"https:\/\/www.ecinews.fr\/fr\/#organization"},"potentialAction":[{"@type":"SearchAction","target":{"@type":"EntryPoint","urlTemplate":"https:\/\/www.ecinews.fr\/fr\/?s={search_term_string}"},"query-input":"required name=search_term_string"}],"inLanguage":"fr-FR"},{"@type":"Organization","@id":"https:\/\/www.ecinews.fr\/fr\/#organization","name":"EENewsEurope","url":"https:\/\/www.ecinews.fr\/fr\/","logo":{"@type":"ImageObject","inLanguage":"fr-FR","@id":"https:\/\/www.ecinews.fr\/fr\/#\/schema\/logo\/image\/","url":"https:\/\/www.ecinews.fr\/wp-content\/uploads\/2022\/02\/logo-1.jpg","contentUrl":"https:\/\/www.ecinews.fr\/wp-content\/uploads\/2022\/02\/logo-1.jpg","width":283,"height":113,"caption":"EENewsEurope"},"image":{"@id":"https:\/\/www.ecinews.fr\/fr\/#\/schema\/logo\/image\/"}},{"@type":"Person","@id":"https:\/\/www.ecinews.fr\/fr\/#\/schema\/person\/93c44cde463762f40a8236eaa44c1c17","name":"Daniel Cardon","image":{"@type":"ImageObject","inLanguage":"fr-FR","@id":"https:\/\/www.ecinews.fr\/fr\/#\/schema\/person\/image\/2b243f6bcc1cff7d86aadfb2cd0bd870","url":"https:\/\/secure.gravatar.com\/avatar\/de9edc136dfc061ad4778e04635baefa?s=96&d=mm&r=g","contentUrl":"https:\/\/secure.gravatar.com\/avatar\/de9edc136dfc061ad4778e04635baefa?s=96&d=mm&r=g","caption":"Daniel Cardon"}}]}},"authors":[{"term_id":3640,"user_id":0,"is_guest":1,"slug":"nick-flaherty","display_name":"Nick Flaherty","avatar_url":"https:\/\/secure.gravatar.com\/avatar\/?s=96&d=mm&r=g","0":null,"1":"","2":"","3":"","4":"","5":"","6":"","7":"","8":""},{"term_id":1143,"user_id":11,"is_guest":0,"slug":"danielcardon","display_name":"Daniel Cardon","avatar_url":"https:\/\/secure.gravatar.com\/avatar\/de9edc136dfc061ad4778e04635baefa?s=96&d=mm&r=g","0":null,"1":"","2":"","3":"","4":"","5":"","6":"","7":"","8":""}],"_links":{"self":[{"href":"https:\/\/www.ecinews.fr\/fr\/wp-json\/wp\/v2\/posts\/458547"}],"collection":[{"href":"https:\/\/www.ecinews.fr\/fr\/wp-json\/wp\/v2\/posts"}],"about":[{"href":"https:\/\/www.ecinews.fr\/fr\/wp-json\/wp\/v2\/types\/post"}],"author":[{"embeddable":true,"href":"https:\/\/www.ecinews.fr\/fr\/wp-json\/wp\/v2\/users\/11"}],"replies":[{"embeddable":true,"href":"https:\/\/www.ecinews.fr\/fr\/wp-json\/wp\/v2\/comments?post=458547"}],"version-history":[{"count":0,"href":"https:\/\/www.ecinews.fr\/fr\/wp-json\/wp\/v2\/posts\/458547\/revisions"}],"wp:featuredmedia":[{"embeddable":true,"href":"https:\/\/www.ecinews.fr\/fr\/wp-json\/wp\/v2\/media\/458304"}],"wp:attachment":[{"href":"https:\/\/www.ecinews.fr\/fr\/wp-json\/wp\/v2\/media?parent=458547"}],"wp:term":[{"taxonomy":"category","embeddable":true,"href":"https:\/\/www.ecinews.fr\/fr\/wp-json\/wp\/v2\/categories?post=458547"},{"taxonomy":"post_tag","embeddable":true,"href":"https:\/\/www.ecinews.fr\/fr\/wp-json\/wp\/v2\/tags?post=458547"},{"taxonomy":"domains","embeddable":true,"href":"https:\/\/www.ecinews.fr\/fr\/wp-json\/wp\/v2\/domains?post=458547"},{"taxonomy":"author","embeddable":true,"href":"https:\/\/www.ecinews.fr\/fr\/wp-json\/wp\/v2\/ppma_author?post=458547"}],"curies":[{"name":"wp","href":"https:\/\/api.w.org\/{rel}","templated":true}]}}