{"id":458441,"date":"2024-08-16T10:00:06","date_gmt":"2024-08-16T08:00:06","guid":{"rendered":"https:\/\/www.eenewseurope.com\/?p=458441"},"modified":"2024-08-16T10:00:06","modified_gmt":"2024-08-16T08:00:06","slug":"intel-vend-sa-participation-dans-arm-pour-150-millions","status":"publish","type":"post","link":"https:\/\/www.ecinews.fr\/fr\/intel-vend-sa-participation-dans-arm-pour-150-millions\/","title":{"rendered":"Intel vend sa participation dans Arm pour $150 millions"},"content":{"rendered":"<h2>Selon <em>Reuters<\/em>, le fabricant de puces en difficult\u00e9 Intel Corp. (Santa Clara, Calif.) a vendu sa participation de 1,18 million d&rsquo;actions dans la soci\u00e9t\u00e9 Arm Holdings, donneur de licence de propri\u00e9t\u00e9 intellectuelle pour les processeurs, au cours du deuxi\u00e8me trimestre de l&rsquo;ann\u00e9e 24.<\/h2>\n<p>Selon <em>Reuters<\/em>, Intel aurait obtenu environ 146,7 millions de dollars US gr\u00e2ce \u00e0 cette vente, sur la base du prix moyen des actions d&rsquo;Arm entre avril et juin.<\/p>\n<p>Intel a r\u00e9cemment annonc\u00e9 qu&rsquo;elle allait supprimer 15 000 emplois &#8211; soit environ 15 % de ses effectifs -, r\u00e9duire ses d\u00e9penses d&rsquo;investissement et suspendre son dividende apr\u00e8s avoir annonc\u00e9 des r\u00e9sultats financiers d\u00e9cevants pour le deuxi\u00e8me trimestre de l&rsquo;ann\u00e9e 24.<\/p>\n<blockquote class=\"wp-embedded-content\" data-secret=\"7CKNgISZoD\"><p><a href=\"https:\/\/www.eenewseurope.com\/en\/intel-slashes-jobs-capex-after-disappoint-results\/\">Intel slashes jobs, capex as results disappoint<\/a><\/p><\/blockquote>\n<p><iframe class=\"wp-embedded-content lazyload\" sandbox=\"allow-scripts\" security=\"restricted\" style=\"position: absolute; visibility: hidden;\" title=\"&#8220;Intel slashes jobs, capex as results disappoint&#8221; &#8212; eeNews Europe\" data-src=\"https:\/\/www.eenewseurope.com\/en\/intel-slashes-jobs-capex-after-disappoint-results\/embed\/#?secret=zpKUz3rDeF#?secret=7CKNgISZoD\" data-secret=\"7CKNgISZoD\" width=\"500\" height=\"282\" frameborder=\"0\" marginwidth=\"0\" marginheight=\"0\" scrolling=\"no\" src=\"data:image\/svg+xml;base64,PHN2ZyB3aWR0aD0iMSIgaGVpZ2h0PSIxIiB4bWxucz0iaHR0cDovL3d3dy53My5vcmcvMjAwMC9zdmciPjwvc3ZnPg==\" data-load-mode=\"1\"><\/iframe><\/p>\n<p>N\u00e9anmoins, Intel a d\u00e9clar\u00e9 que son objectif de d\u00e9veloppement de cinq n\u0153uds de process en quatre ans \u00e9tait sur le point d&rsquo;\u00eatre atteint. Il reste \u00e0 voir si cette impulsion technologique peut commencer \u00e0 redresser la situation du g\u00e9ant des puces.<\/p>\n<p>Pendant ce temps, les fabricants de puces fabless, tels que Nvidia et AMD, qui font appel au fondeur TSMC pour fabriquer leurs puces de pointe, prosp\u00e8rent avec des processeurs d&rsquo;intelligence artificielle destin\u00e9s aux centres de donn\u00e9es.<\/p>\n<p>\u00c0 la fin du trimestre, en juin, Intel disposait d&rsquo;une tr\u00e9sorerie d&rsquo;environ 11,29 milliards d&rsquo;USD et d&rsquo;un passif d&rsquo;environ 32 milliards d&rsquo;USD.<\/p>\n<h4>Liens et articles connexes :<\/h4>\n<blockquote class=\"wp-embedded-content\" data-secret=\"1dr4CvHKNT\"><p><a href=\"https:\/\/www.eenewseurope.com\/en\/intel-drops-to-rank-third-amongst-chip-firms-in-1q24\/\">Intel drops to rank third amongst chip firms in 1Q24<\/a><\/p><\/blockquote>\n<p><iframe class=\"wp-embedded-content lazyload\" sandbox=\"allow-scripts\" security=\"restricted\" style=\"position: absolute; visibility: hidden;\" title=\"&#8220;Intel drops to rank third amongst chip firms in 1Q24&#8221; &#8212; eeNews Europe\" data-src=\"https:\/\/www.eenewseurope.com\/en\/intel-drops-to-rank-third-amongst-chip-firms-in-1q24\/embed\/#?secret=ojcVBMg2O9#?secret=1dr4CvHKNT\" data-secret=\"1dr4CvHKNT\" width=\"500\" height=\"282\" frameborder=\"0\" marginwidth=\"0\" marginheight=\"0\" scrolling=\"no\" src=\"data:image\/svg+xml;base64,PHN2ZyB3aWR0aD0iMSIgaGVpZ2h0PSIxIiB4bWxucz0iaHR0cDovL3d3dy53My5vcmcvMjAwMC9zdmciPjwvc3ZnPg==\" data-load-mode=\"1\"><\/iframe><\/p>\n<blockquote class=\"wp-embedded-content\" data-secret=\"6D0izoxHgz\"><p><a href=\"https:\/\/www.eenewseurope.com\/en\/nvidia-continues-to-quadruple-sales-year-on-year\/\">Nvidia continues to quadruple sales year-on-year<\/a><\/p><\/blockquote>\n<p><iframe class=\"wp-embedded-content lazyload\" sandbox=\"allow-scripts\" security=\"restricted\" style=\"position: absolute; visibility: hidden;\" title=\"&#8220;Nvidia continues to quadruple sales year-on-year&#8221; &#8212; eeNews Europe\" data-src=\"https:\/\/www.eenewseurope.com\/en\/nvidia-continues-to-quadruple-sales-year-on-year\/embed\/#?secret=budqVWTOrQ#?secret=6D0izoxHgz\" data-secret=\"6D0izoxHgz\" width=\"500\" height=\"282\" frameborder=\"0\" marginwidth=\"0\" marginheight=\"0\" scrolling=\"no\" src=\"data:image\/svg+xml;base64,PHN2ZyB3aWR0aD0iMSIgaGVpZ2h0PSIxIiB4bWxucz0iaHR0cDovL3d3dy53My5vcmcvMjAwMC9zdmciPjwvc3ZnPg==\" data-load-mode=\"1\"><\/iframe><\/p>\n","protected":false},"excerpt":{"rendered":"<p>Selon Reuters, le fabricant de puces en difficult\u00e9 Intel Corp. (Santa Clara, Calif.) a vendu sa participation de 1,18 million d&rsquo;actions dans la soci\u00e9t\u00e9 Arm Holdings, donneur de licence de propri\u00e9t\u00e9 intellectuelle pour les processeurs, au cours du deuxi\u00e8me trimestre de l&rsquo;ann\u00e9e 24. Selon Reuters, Intel aurait obtenu environ 146,7 millions de dollars US gr\u00e2ce [&hellip;]<\/p>\n","protected":false},"author":40,"featured_media":149226,"comment_status":"closed","ping_status":"closed","sticky":false,"template":"","format":"standard","meta":{"_acf_changed":false,"footnotes":""},"categories":[880],"tags":[2456,2721],"domains":[47],"ppma_author":[3631,6199],"class_list":["post-458441","post","type-post","status-publish","format-standard","has-post-thumbnail","hentry","category-actualites-economiques","tag-arm-fr","tag-intel-fr","domains-electronique-eci"],"acf":[],"yoast_head":"<title>Intel vend sa participation dans Arm pour 150 millions de dolla...<\/title>\n<meta name=\"description\" content=\"Selon Reuters, Intel a vendu 1,18 million d&#039;actions de la soci\u00e9t\u00e9 Arm, au cours du deuxi\u00e8me trimestre de l&#039;ann\u00e9e 24.\" \/>\n<meta name=\"robots\" content=\"index, follow, max-snippet:-1, max-image-preview:large, max-video-preview:-1\" \/>\n<link rel=\"canonical\" href=\"https:\/\/www.ecinews.fr\/fr\/wp-json\/wp\/v2\/posts\/458441\/\" \/>\n<meta property=\"og:locale\" content=\"fr_FR\" \/>\n<meta property=\"og:type\" content=\"article\" \/>\n<meta property=\"og:title\" content=\"Intel vend sa participation dans Arm pour $150 millions\" \/>\n<meta property=\"og:description\" content=\"Selon Reuters, Intel a vendu 1,18 million d&#039;actions de la soci\u00e9t\u00e9 Arm, au cours du deuxi\u00e8me trimestre de l&#039;ann\u00e9e 24.\" \/>\n<meta property=\"og:url\" content=\"https:\/\/www.ecinews.fr\/fr\/wp-json\/wp\/v2\/posts\/458441\/\" \/>\n<meta property=\"og:site_name\" content=\"EENewsEurope\" \/>\n<meta property=\"article:published_time\" content=\"2024-08-16T08:00:06+00:00\" \/>\n<meta property=\"og:image\" content=\"https:\/\/test.ecinews.fr\/wp-content\/uploads\/import\/default\/files\/images\/01-picture-library\/PeterClarke\/Business\/buysell700.jpg\" \/>\n\t<meta property=\"og:image:width\" content=\"700\" \/>\n\t<meta property=\"og:image:height\" content=\"463\" \/>\n\t<meta property=\"og:image:type\" content=\"image\/jpeg\" \/>\n<meta name=\"author\" content=\"Peter Clarke, A Delapalisse\" \/>\n<meta name=\"twitter:card\" content=\"summary_large_image\" \/>\n<meta name=\"twitter:label1\" content=\"Written by\" \/>\n\t<meta name=\"twitter:data1\" content=\"A Delapalisse\" \/>\n\t<meta name=\"twitter:label2\" content=\"Est. reading time\" \/>\n\t<meta name=\"twitter:data2\" content=\"1 minute\" \/>\n<script type=\"application\/ld+json\" class=\"yoast-schema-graph\">{\"@context\":\"https:\/\/schema.org\",\"@graph\":[{\"@type\":\"Article\",\"@id\":\"https:\/\/test.ecinews.fr\/fr\/intel-vend-sa-participation-dans-arm-pour-150-millions\/#article\",\"isPartOf\":{\"@id\":\"https:\/\/test.ecinews.fr\/fr\/intel-vend-sa-participation-dans-arm-pour-150-millions\/\"},\"author\":{\"name\":\"A Delapalisse\",\"@id\":\"https:\/\/www.ecinews.fr\/fr\/#\/schema\/person\/4b3db5ba5c953c5fddeb226df86d8635\"},\"headline\":\"Intel vend sa participation dans Arm pour $150 millions\",\"datePublished\":\"2024-08-16T08:00:06+00:00\",\"dateModified\":\"2024-08-16T08:00:06+00:00\",\"mainEntityOfPage\":{\"@id\":\"https:\/\/test.ecinews.fr\/fr\/intel-vend-sa-participation-dans-arm-pour-150-millions\/\"},\"wordCount\":264,\"publisher\":{\"@id\":\"https:\/\/www.ecinews.fr\/fr\/#organization\"},\"keywords\":[\"Arm\",\"Intel\"],\"articleSection\":[\"Actualit\u00e9s \u00e9conomiques\"],\"inLanguage\":\"fr-FR\"},{\"@type\":\"WebPage\",\"@id\":\"https:\/\/test.ecinews.fr\/fr\/intel-vend-sa-participation-dans-arm-pour-150-millions\/\",\"url\":\"https:\/\/test.ecinews.fr\/fr\/intel-vend-sa-participation-dans-arm-pour-150-millions\/\",\"name\":\"Intel vend sa participation dans Arm pour 150 millions de dollars US\",\"isPartOf\":{\"@id\":\"https:\/\/www.ecinews.fr\/fr\/#website\"},\"datePublished\":\"2024-08-16T08:00:06+00:00\",\"dateModified\":\"2024-08-16T08:00:06+00:00\",\"description\":\"Selon Reuters, Intel a vendu 1,18 million d'actions de la soci\u00e9t\u00e9 Arm, au cours du deuxi\u00e8me trimestre de l'ann\u00e9e 24.\",\"breadcrumb\":{\"@id\":\"https:\/\/test.ecinews.fr\/fr\/intel-vend-sa-participation-dans-arm-pour-150-millions\/#breadcrumb\"},\"inLanguage\":\"fr-FR\",\"potentialAction\":[{\"@type\":\"ReadAction\",\"target\":[\"https:\/\/test.ecinews.fr\/fr\/intel-vend-sa-participation-dans-arm-pour-150-millions\/\"]}]},{\"@type\":\"BreadcrumbList\",\"@id\":\"https:\/\/test.ecinews.fr\/fr\/intel-vend-sa-participation-dans-arm-pour-150-millions\/#breadcrumb\",\"itemListElement\":[{\"@type\":\"ListItem\",\"position\":1,\"name\":\"Home\",\"item\":\"https:\/\/www.ecinews.fr\/fr\/\"},{\"@type\":\"ListItem\",\"position\":2,\"name\":\"Intel vend sa participation dans Arm pour $150 millions\"}]},{\"@type\":\"WebSite\",\"@id\":\"https:\/\/www.ecinews.fr\/fr\/#website\",\"url\":\"https:\/\/www.ecinews.fr\/fr\/\",\"name\":\"EENewsEurope\",\"description\":\"Just another WordPress site\",\"publisher\":{\"@id\":\"https:\/\/www.ecinews.fr\/fr\/#organization\"},\"potentialAction\":[{\"@type\":\"SearchAction\",\"target\":{\"@type\":\"EntryPoint\",\"urlTemplate\":\"https:\/\/www.ecinews.fr\/fr\/?s={search_term_string}\"},\"query-input\":\"required name=search_term_string\"}],\"inLanguage\":\"fr-FR\"},{\"@type\":\"Organization\",\"@id\":\"https:\/\/www.ecinews.fr\/fr\/#organization\",\"name\":\"EENewsEurope\",\"url\":\"https:\/\/www.ecinews.fr\/fr\/\",\"logo\":{\"@type\":\"ImageObject\",\"inLanguage\":\"fr-FR\",\"@id\":\"https:\/\/www.ecinews.fr\/fr\/#\/schema\/logo\/image\/\",\"url\":\"https:\/\/www.ecinews.fr\/wp-content\/uploads\/2022\/02\/logo-1.jpg\",\"contentUrl\":\"https:\/\/www.ecinews.fr\/wp-content\/uploads\/2022\/02\/logo-1.jpg\",\"width\":283,\"height\":113,\"caption\":\"EENewsEurope\"},\"image\":{\"@id\":\"https:\/\/www.ecinews.fr\/fr\/#\/schema\/logo\/image\/\"}},{\"@type\":\"Person\",\"@id\":\"https:\/\/www.ecinews.fr\/fr\/#\/schema\/person\/4b3db5ba5c953c5fddeb226df86d8635\",\"name\":\"A Delapalisse\",\"image\":{\"@type\":\"ImageObject\",\"inLanguage\":\"fr-FR\",\"@id\":\"https:\/\/www.ecinews.fr\/fr\/#\/schema\/person\/image\/09af0e1236b95ff53924b8dfe5af278e\",\"url\":\"https:\/\/secure.gravatar.com\/avatar\/010f811c0933b47aea7e9204117b17c6?s=96&d=mm&r=g\",\"contentUrl\":\"https:\/\/secure.gravatar.com\/avatar\/010f811c0933b47aea7e9204117b17c6?s=96&d=mm&r=g\",\"caption\":\"A Delapalisse\"}}]}<\/script>","yoast_head_json":{"title":"Intel vend sa participation dans Arm pour 150 millions de dolla...","description":"Selon Reuters, Intel a vendu 1,18 million d'actions de la soci\u00e9t\u00e9 Arm, au cours du deuxi\u00e8me trimestre de l'ann\u00e9e 24.","robots":{"index":"index","follow":"follow","max-snippet":"max-snippet:-1","max-image-preview":"max-image-preview:large","max-video-preview":"max-video-preview:-1"},"canonical":"https:\/\/www.ecinews.fr\/fr\/wp-json\/wp\/v2\/posts\/458441\/","og_locale":"fr_FR","og_type":"article","og_title":"Intel vend sa participation dans Arm pour $150 millions","og_description":"Selon Reuters, Intel a vendu 1,18 million d'actions de la soci\u00e9t\u00e9 Arm, au cours du deuxi\u00e8me trimestre de l'ann\u00e9e 24.","og_url":"https:\/\/www.ecinews.fr\/fr\/wp-json\/wp\/v2\/posts\/458441\/","og_site_name":"EENewsEurope","article_published_time":"2024-08-16T08:00:06+00:00","og_image":[{"width":700,"height":463,"url":"https:\/\/test.ecinews.fr\/wp-content\/uploads\/import\/default\/files\/images\/01-picture-library\/PeterClarke\/Business\/buysell700.jpg","type":"image\/jpeg"}],"author":"Peter Clarke, A Delapalisse","twitter_card":"summary_large_image","twitter_misc":{"Written by":"A Delapalisse","Est. reading time":"1 minute"},"schema":{"@context":"https:\/\/schema.org","@graph":[{"@type":"Article","@id":"https:\/\/test.ecinews.fr\/fr\/intel-vend-sa-participation-dans-arm-pour-150-millions\/#article","isPartOf":{"@id":"https:\/\/test.ecinews.fr\/fr\/intel-vend-sa-participation-dans-arm-pour-150-millions\/"},"author":{"name":"A Delapalisse","@id":"https:\/\/www.ecinews.fr\/fr\/#\/schema\/person\/4b3db5ba5c953c5fddeb226df86d8635"},"headline":"Intel vend sa participation dans Arm pour $150 millions","datePublished":"2024-08-16T08:00:06+00:00","dateModified":"2024-08-16T08:00:06+00:00","mainEntityOfPage":{"@id":"https:\/\/test.ecinews.fr\/fr\/intel-vend-sa-participation-dans-arm-pour-150-millions\/"},"wordCount":264,"publisher":{"@id":"https:\/\/www.ecinews.fr\/fr\/#organization"},"keywords":["Arm","Intel"],"articleSection":["Actualit\u00e9s \u00e9conomiques"],"inLanguage":"fr-FR"},{"@type":"WebPage","@id":"https:\/\/test.ecinews.fr\/fr\/intel-vend-sa-participation-dans-arm-pour-150-millions\/","url":"https:\/\/test.ecinews.fr\/fr\/intel-vend-sa-participation-dans-arm-pour-150-millions\/","name":"Intel vend sa participation dans Arm pour 150 millions de dollars US","isPartOf":{"@id":"https:\/\/www.ecinews.fr\/fr\/#website"},"datePublished":"2024-08-16T08:00:06+00:00","dateModified":"2024-08-16T08:00:06+00:00","description":"Selon Reuters, Intel a vendu 1,18 million d'actions de la soci\u00e9t\u00e9 Arm, au cours du deuxi\u00e8me trimestre de l'ann\u00e9e 24.","breadcrumb":{"@id":"https:\/\/test.ecinews.fr\/fr\/intel-vend-sa-participation-dans-arm-pour-150-millions\/#breadcrumb"},"inLanguage":"fr-FR","potentialAction":[{"@type":"ReadAction","target":["https:\/\/test.ecinews.fr\/fr\/intel-vend-sa-participation-dans-arm-pour-150-millions\/"]}]},{"@type":"BreadcrumbList","@id":"https:\/\/test.ecinews.fr\/fr\/intel-vend-sa-participation-dans-arm-pour-150-millions\/#breadcrumb","itemListElement":[{"@type":"ListItem","position":1,"name":"Home","item":"https:\/\/www.ecinews.fr\/fr\/"},{"@type":"ListItem","position":2,"name":"Intel vend sa participation dans Arm pour $150 millions"}]},{"@type":"WebSite","@id":"https:\/\/www.ecinews.fr\/fr\/#website","url":"https:\/\/www.ecinews.fr\/fr\/","name":"EENewsEurope","description":"Just another WordPress site","publisher":{"@id":"https:\/\/www.ecinews.fr\/fr\/#organization"},"potentialAction":[{"@type":"SearchAction","target":{"@type":"EntryPoint","urlTemplate":"https:\/\/www.ecinews.fr\/fr\/?s={search_term_string}"},"query-input":"required name=search_term_string"}],"inLanguage":"fr-FR"},{"@type":"Organization","@id":"https:\/\/www.ecinews.fr\/fr\/#organization","name":"EENewsEurope","url":"https:\/\/www.ecinews.fr\/fr\/","logo":{"@type":"ImageObject","inLanguage":"fr-FR","@id":"https:\/\/www.ecinews.fr\/fr\/#\/schema\/logo\/image\/","url":"https:\/\/www.ecinews.fr\/wp-content\/uploads\/2022\/02\/logo-1.jpg","contentUrl":"https:\/\/www.ecinews.fr\/wp-content\/uploads\/2022\/02\/logo-1.jpg","width":283,"height":113,"caption":"EENewsEurope"},"image":{"@id":"https:\/\/www.ecinews.fr\/fr\/#\/schema\/logo\/image\/"}},{"@type":"Person","@id":"https:\/\/www.ecinews.fr\/fr\/#\/schema\/person\/4b3db5ba5c953c5fddeb226df86d8635","name":"A Delapalisse","image":{"@type":"ImageObject","inLanguage":"fr-FR","@id":"https:\/\/www.ecinews.fr\/fr\/#\/schema\/person\/image\/09af0e1236b95ff53924b8dfe5af278e","url":"https:\/\/secure.gravatar.com\/avatar\/010f811c0933b47aea7e9204117b17c6?s=96&d=mm&r=g","contentUrl":"https:\/\/secure.gravatar.com\/avatar\/010f811c0933b47aea7e9204117b17c6?s=96&d=mm&r=g","caption":"A Delapalisse"}}]}},"authors":[{"term_id":3631,"user_id":0,"is_guest":1,"slug":"peter-clarke","display_name":"Peter Clarke","avatar_url":"https:\/\/secure.gravatar.com\/avatar\/?s=96&d=mm&r=g","0":null,"1":"","2":"","3":"","4":"","5":"","6":"","7":"","8":""},{"term_id":6199,"user_id":40,"is_guest":0,"slug":"andre-rousselotemisys-com","display_name":"A Delapalisse","avatar_url":"https:\/\/secure.gravatar.com\/avatar\/010f811c0933b47aea7e9204117b17c6?s=96&d=mm&r=g","0":null,"1":"","2":"","3":"","4":"","5":"","6":"","7":"","8":""}],"_links":{"self":[{"href":"https:\/\/www.ecinews.fr\/fr\/wp-json\/wp\/v2\/posts\/458441"}],"collection":[{"href":"https:\/\/www.ecinews.fr\/fr\/wp-json\/wp\/v2\/posts"}],"about":[{"href":"https:\/\/www.ecinews.fr\/fr\/wp-json\/wp\/v2\/types\/post"}],"author":[{"embeddable":true,"href":"https:\/\/www.ecinews.fr\/fr\/wp-json\/wp\/v2\/users\/40"}],"replies":[{"embeddable":true,"href":"https:\/\/www.ecinews.fr\/fr\/wp-json\/wp\/v2\/comments?post=458441"}],"version-history":[{"count":0,"href":"https:\/\/www.ecinews.fr\/fr\/wp-json\/wp\/v2\/posts\/458441\/revisions"}],"wp:featuredmedia":[{"embeddable":true,"href":"https:\/\/www.ecinews.fr\/fr\/wp-json\/wp\/v2\/media\/149226"}],"wp:attachment":[{"href":"https:\/\/www.ecinews.fr\/fr\/wp-json\/wp\/v2\/media?parent=458441"}],"wp:term":[{"taxonomy":"category","embeddable":true,"href":"https:\/\/www.ecinews.fr\/fr\/wp-json\/wp\/v2\/categories?post=458441"},{"taxonomy":"post_tag","embeddable":true,"href":"https:\/\/www.ecinews.fr\/fr\/wp-json\/wp\/v2\/tags?post=458441"},{"taxonomy":"domains","embeddable":true,"href":"https:\/\/www.ecinews.fr\/fr\/wp-json\/wp\/v2\/domains?post=458441"},{"taxonomy":"author","embeddable":true,"href":"https:\/\/www.ecinews.fr\/fr\/wp-json\/wp\/v2\/ppma_author?post=458441"}],"curies":[{"name":"wp","href":"https:\/\/api.w.org\/{rel}","templated":true}]}}