{"id":457929,"date":"2024-08-12T10:00:15","date_gmt":"2024-08-12T08:00:15","guid":{"rendered":"https:\/\/www.ecinews.fr\/?p=457929"},"modified":"2024-08-08T19:43:04","modified_gmt":"2024-08-08T17:43:04","slug":"orages-dete-mesures-a-prendre-pour-se-proteger-efficacement-contre-ces-phenomenes-meteorologiques-extremes","status":"publish","type":"post","link":"https:\/\/www.ecinews.fr\/fr\/orages-dete-mesures-a-prendre-pour-se-proteger-efficacement-contre-ces-phenomenes-meteorologiques-extremes\/","title":{"rendered":"Orages d&rsquo;\u00e9t\u00e9 : mesures \u00e0 prendre pour se prot\u00e9ger efficacement contre ces ph\u00e9nom\u00e8nes m\u00e9t\u00e9orologiques extr\u00eames"},"content":{"rendered":"<p><strong>L\u2019\u00e9t\u00e9 est arriv\u00e9, apportant avec lui des journ\u00e9es ensoleill\u00e9es, mais aussi des orages impr\u00e9visibles et potentiellement dangereux. En 2023, Keraunos (l\u2019Observatoire fran\u00e7ais des tornades et des orages violents) a recens\u00e9 pr\u00e8s de <a href=\"https:\/\/www.keraunos.org\/climatologie\/bilan\/2023\/\">54 jours d\u2019orage entre juillet et ao\u00fbt<\/a>. Dans ce contexte, il est crucial de conna\u00eetre les mesures \u00e0 prendre pour se prot\u00e9ger efficacement. Voici cinq conseils essentiels pour assurer votre s\u00e9curit\u00e9 lors d\u2019un orage.<\/strong><\/p>\n<p><strong>1. Rester \u00e0 l&rsquo;int\u00e9rieur<\/strong><\/p>\n<p>\u00c0 l&rsquo;approche d&rsquo;un orage, il est crucial de trouver un abri. Les b\u00e2timents offrent une protection plus efficace, surtout s&rsquo;ils sont \u00e9quip\u00e9s d&rsquo;un paratonnerre qui dirige la foudre en toute s\u00e9curit\u00e9 vers le sol. Un v\u00e9hicule peut \u00e9galement fournir une protection ad\u00e9quate, fonctionnant comme une cage de Faraday. Il vaut \u00e9galement mieux \u00e9viter les activit\u00e9s aquatiques telles que la natation ou le bain durant un orage, car l&rsquo;eau est un excellent conducteur d&rsquo;\u00e9lectricit\u00e9.<\/p>\n<p><strong>2. Installer des disjoncteurs ou d\u00e9brancher les appareils \u00e9lectriques<\/strong><\/p>\n<p>La foudre atteint des courants \u00e9lev\u00e9s de l&rsquo;ordre du kiloamp\u00e8re, alors qu&rsquo;une prise de courant normale en France a un maximum de 16 amp\u00e8res. Un coup de foudre direct ou m\u00eame un coup \u00e0 proximit\u00e9 peut donc provoquer une surtension sur le r\u00e9seau \u00e9lectrique. Il est conseill\u00e9 de prot\u00e9ger les appareils \u00e9lectroniques en les d\u00e9connectant du r\u00e9seau \u00e9lectrique ou, mieux encore, en utilisant des dispositifs de protection contre les surtensions afin d&rsquo;\u00e9viter tout dommage potentiel.<\/p>\n<p><strong>3. \u00c9viter l\u2019utilisation de l&rsquo;eau courante<\/strong><\/p>\n<p>La foudre peut induire des courants \u00e9lectriques qui peuvent s&rsquo;\u00e9couler \u00e0 travers des conducteurs m\u00e9talliques, tels que des tuyaux en m\u00e9tal. C&rsquo;est pourquoi il est d\u00e9conseill\u00e9 de prendre une douche, un bain ou de faire sa toilette pendant un orage. Il en va de m\u00eame pour les robinets et tout autre \u00e9quipement m\u00e9tallique reli\u00e9 \u00e0 un syst\u00e8me de plomberie\u00a0; il y a un risque \u00e0 les toucher. La seule fa\u00e7on de supprimer tout risque \u00e0 l&rsquo;int\u00e9rieur consiste \u00e0 r\u00e9aliser une \u00ab\u00a0<a href=\"https:\/\/www.dehn.fr\/store\/h\/fr-DE\/H1926\/-quipotentialit-\">\u00e9quipotentialisation<\/a>\u00a0\u00bb de toutes les pi\u00e8ces m\u00e9talliques, c\u2019est-\u00e0-dire les relier par des liaisons conductrices.<\/p>\n<p><strong>4. Ne pas s\u2019approcher des arbres et des structures m\u00e9talliques \u00e0 l&rsquo;ext\u00e9rieur<\/strong><\/p>\n<p>Si un orage survient lors d\u2019une activit\u00e9 en ext\u00e9rieur, il est important de se tenir \u00e0 distance des objets \u00e9lev\u00e9s : \u00e9viter les structures hautes telles que les arbres ou les poteaux. En cas de surprise sans abri disponible, il est conseill\u00e9 de ne pas s&rsquo;allonger sur le sol. Il vaut mieux chercher un endroit plus bas, s&rsquo;accroupir et garder les pieds joints afin de r\u00e9duire la surface de contact avec le sol.<\/p>\n<p>De mani\u00e8re g\u00e9n\u00e9rale, il est essentiel de se renseigner sur la m\u00e9t\u00e9orologie de sa r\u00e9gion avant d\u2019entreprendre une activit\u00e9 ext\u00e9rieure mais certains signes peuvent nous alerter. Un cumulus en forme de \u00ab chou-fleur \u00bb ou de \u00ab barbe-\u00e0-papa \u00bb qui forment des nuages imposants, un temps humide avec un vent croissant, ainsi que des roulements de tonnerres et une pression de l\u2019air basse sont autant de signes qu\u2019un orage se rapproche.<\/p>\n<p><strong>5. Utiliser des dispositifs de protection contre la foudre<\/strong><\/p>\n<p>En plus de ces mesures de protection individuelles, il est important de prot\u00e9ger sa maison avec des dispositifs externes de protection contre la foudre et les surtensions. Ces pr\u00e9cautions prot\u00e8gent le b\u00e2timent et les syst\u00e8mes \u00e9lectriques des effets directs et indirects de la foudre. Avec un syst\u00e8me professionnel de protection contre la foudre, la s\u00e9curit\u00e9 de la maison est assur\u00e9e, m\u00eame en cas d&rsquo;orages violents. Un syst\u00e8me externe de protection contre la foudre (paratonnerre, conducteur de descente, mise \u00e0 la terre) dissipe en toute s\u00e9curit\u00e9 l&rsquo;\u00e9nergie de la foudre dans le sol et prot\u00e8ge ainsi le b\u00e2timent. Les dispositifs de protection contre les surtensions de DEHN emp\u00eachent les syst\u00e8mes \u00e9lectriques et \u00e9lectroniques d&rsquo;\u00eatre endommag\u00e9s ou d\u00e9truits par des surtensions.<\/p>\n<p>&nbsp;<\/p>\n<p>DEHN France a d\u00e9velopp\u00e9 une <a href=\"https:\/\/dehn-app.fr\">application<\/a>\u00a0pour aider les professionnels \u00e0 faire le bon choix en mati\u00e8re de parafoudres. Quelques questions sur les besoins, les exigences normatives, l&rsquo;environnement et le type d&rsquo;habitation, les aspects techniques comme le sch\u00e9ma de mise \u00e0 la terre, suffisent \u00e0 s\u00e9lectionner la bonne protection.<\/p>\n<p>Il est important de rappeler que si le b\u00e2timent est \u00e9quip\u00e9 d&rsquo;un syst\u00e8me de protection contre la foudre adapt\u00e9, les risques sont consid\u00e9rablement r\u00e9duits et la s\u00e9curit\u00e9 est assur\u00e9e.<\/p>\n<p><a href=\"https:\/\/www.dehn.fr\/\">DEHN France<\/a><\/p>\n<p><a href=\"https:\/\/news.google.com\/publications\/CAAqBwgKMJbcwQswuPfYAw?hl=fr&amp;gl=BE&amp;ceid=BE:fr\">Suivre ECInews sur Google news<\/a><\/p>\n","protected":false},"excerpt":{"rendered":"<p>L\u2019\u00e9t\u00e9 est arriv\u00e9, apportant avec lui des journ\u00e9es ensoleill\u00e9es, mais aussi des orages impr\u00e9visibles et potentiellement dangereux. En 2023, Keraunos (l\u2019Observatoire fran\u00e7ais des tornades et des orages violents) a recens\u00e9 pr\u00e8s de 54 jours d\u2019orage entre juillet et ao\u00fbt. Dans ce contexte, il est crucial de conna\u00eetre les mesures \u00e0 prendre pour se prot\u00e9ger efficacement. [&hellip;]<\/p>\n","protected":false},"author":39,"featured_media":457940,"comment_status":"closed","ping_status":"closed","sticky":false,"template":"","format":"standard","meta":{"_acf_changed":false,"footnotes":""},"categories":[886],"tags":[7233,7135],"domains":[47],"ppma_author":[6113],"class_list":["post-457929","post","type-post","status-publish","format-standard","has-post-thumbnail","hentry","category-news-fr","tag-conseils","tag-parafoudre","domains-electronique-eci"],"acf":[],"yoast_head":"<title>Orages d&#039;\u00e9t\u00e9 : mesures \u00e0 prendre pour se prot\u00e9ger efficacem...<\/title>\n<meta name=\"description\" content=\"L\u2019\u00e9t\u00e9 est arriv\u00e9, apportant avec lui des journ\u00e9es ensoleill\u00e9es, mais aussi des orages impr\u00e9visibles et potentiellement dangereux. En 2023, Keraunos...\" \/>\n<meta name=\"robots\" content=\"index, follow, max-snippet:-1, max-image-preview:large, max-video-preview:-1\" \/>\n<link rel=\"canonical\" href=\"https:\/\/www.ecinews.fr\/fr\/wp-json\/wp\/v2\/posts\/457929\/\" \/>\n<meta property=\"og:locale\" content=\"fr_FR\" \/>\n<meta property=\"og:type\" content=\"article\" \/>\n<meta property=\"og:title\" content=\"Orages d&#039;\u00e9t\u00e9 : mesures \u00e0 prendre pour se prot\u00e9ger efficacement contre ces ph\u00e9nom\u00e8nes m\u00e9t\u00e9orologiques extr\u00eames\" \/>\n<meta property=\"og:description\" content=\"L\u2019\u00e9t\u00e9 est arriv\u00e9, apportant avec lui des journ\u00e9es ensoleill\u00e9es, mais aussi des orages impr\u00e9visibles et potentiellement dangereux. En 2023, Keraunos (l\u2019Observatoire fran\u00e7ais des tornades et des orages violents) a recens\u00e9 pr\u00e8s de 54 jours d\u2019orage entre juillet et ao\u00fbt. Dans ce contexte, il est crucial de conna\u00eetre les mesures \u00e0 prendre pour se prot\u00e9ger efficacement. [&hellip;]\" \/>\n<meta property=\"og:url\" content=\"https:\/\/www.ecinews.fr\/fr\/wp-json\/wp\/v2\/posts\/457929\/\" \/>\n<meta property=\"og:site_name\" content=\"EENewsEurope\" \/>\n<meta property=\"article:published_time\" content=\"2024-08-12T08:00:15+00:00\" \/>\n<meta property=\"article:modified_time\" content=\"2024-08-08T17:43:04+00:00\" \/>\n<meta property=\"og:image\" content=\"https:\/\/www.ecinews.fr\/wp-content\/uploads\/2024\/08\/ECI4365-DEHN-5-conseils-pour-se-proteger-efficacement-contre-les-orages-dete-2.png\" \/>\n\t<meta property=\"og:image:width\" content=\"498\" \/>\n\t<meta property=\"og:image:height\" content=\"200\" \/>\n\t<meta property=\"og:image:type\" content=\"image\/png\" \/>\n<meta name=\"author\" content=\"NicolasFeste\" \/>\n<meta name=\"twitter:card\" content=\"summary_large_image\" \/>\n<meta name=\"twitter:label1\" content=\"Written by\" \/>\n\t<meta name=\"twitter:data1\" content=\"NicolasFeste\" \/>\n\t<meta name=\"twitter:label2\" content=\"Est. reading time\" \/>\n\t<meta name=\"twitter:data2\" content=\"4 minutes\" \/>\n<script type=\"application\/ld+json\" class=\"yoast-schema-graph\">{\"@context\":\"https:\/\/schema.org\",\"@graph\":[{\"@type\":\"Article\",\"@id\":\"https:\/\/www.ecinews.fr\/fr\/orages-dete-mesures-a-prendre-pour-se-proteger-efficacement-contre-ces-phenomenes-meteorologiques-extremes\/#article\",\"isPartOf\":{\"@id\":\"https:\/\/www.ecinews.fr\/fr\/orages-dete-mesures-a-prendre-pour-se-proteger-efficacement-contre-ces-phenomenes-meteorologiques-extremes\/\"},\"author\":{\"name\":\"NicolasFeste\",\"@id\":\"https:\/\/www.eenewseurope.com\/en\/#\/schema\/person\/c7104a72b466a801f257e51481de0c43\"},\"headline\":\"Orages d&rsquo;\u00e9t\u00e9 : mesures \u00e0 prendre pour se prot\u00e9ger efficacement contre ces ph\u00e9nom\u00e8nes m\u00e9t\u00e9orologiques extr\u00eames\",\"datePublished\":\"2024-08-12T08:00:15+00:00\",\"dateModified\":\"2024-08-08T17:43:04+00:00\",\"mainEntityOfPage\":{\"@id\":\"https:\/\/www.ecinews.fr\/fr\/orages-dete-mesures-a-prendre-pour-se-proteger-efficacement-contre-ces-phenomenes-meteorologiques-extremes\/\"},\"wordCount\":799,\"publisher\":{\"@id\":\"https:\/\/www.eenewseurope.com\/en\/#organization\"},\"keywords\":[\"Conseils\",\"Parafoudre\"],\"articleSection\":[\"Actualit\u00e9 g\u00e9n\u00e9rale\"],\"inLanguage\":\"fr-FR\"},{\"@type\":\"WebPage\",\"@id\":\"https:\/\/www.ecinews.fr\/fr\/orages-dete-mesures-a-prendre-pour-se-proteger-efficacement-contre-ces-phenomenes-meteorologiques-extremes\/\",\"url\":\"https:\/\/www.ecinews.fr\/fr\/orages-dete-mesures-a-prendre-pour-se-proteger-efficacement-contre-ces-phenomenes-meteorologiques-extremes\/\",\"name\":\"Orages d'\u00e9t\u00e9 : mesures \u00e0 prendre pour se prot\u00e9ger efficacement contre ces ph\u00e9nom\u00e8nes m\u00e9t\u00e9orologiques extr\u00eames -\",\"isPartOf\":{\"@id\":\"https:\/\/www.eenewseurope.com\/en\/#website\"},\"datePublished\":\"2024-08-12T08:00:15+00:00\",\"dateModified\":\"2024-08-08T17:43:04+00:00\",\"breadcrumb\":{\"@id\":\"https:\/\/www.ecinews.fr\/fr\/orages-dete-mesures-a-prendre-pour-se-proteger-efficacement-contre-ces-phenomenes-meteorologiques-extremes\/#breadcrumb\"},\"inLanguage\":\"fr-FR\",\"potentialAction\":[{\"@type\":\"ReadAction\",\"target\":[\"https:\/\/www.ecinews.fr\/fr\/orages-dete-mesures-a-prendre-pour-se-proteger-efficacement-contre-ces-phenomenes-meteorologiques-extremes\/\"]}]},{\"@type\":\"BreadcrumbList\",\"@id\":\"https:\/\/www.ecinews.fr\/fr\/orages-dete-mesures-a-prendre-pour-se-proteger-efficacement-contre-ces-phenomenes-meteorologiques-extremes\/#breadcrumb\",\"itemListElement\":[{\"@type\":\"ListItem\",\"position\":1,\"name\":\"Home\",\"item\":\"https:\/\/www.ecinews.fr\/fr\/\"},{\"@type\":\"ListItem\",\"position\":2,\"name\":\"Orages d&rsquo;\u00e9t\u00e9 : mesures \u00e0 prendre pour se prot\u00e9ger efficacement contre ces ph\u00e9nom\u00e8nes m\u00e9t\u00e9orologiques extr\u00eames\"}]},{\"@type\":\"WebSite\",\"@id\":\"https:\/\/www.eenewseurope.com\/en\/#website\",\"url\":\"https:\/\/www.eenewseurope.com\/en\/\",\"name\":\"EENewsEurope\",\"description\":\"Just another WordPress site\",\"publisher\":{\"@id\":\"https:\/\/www.eenewseurope.com\/en\/#organization\"},\"potentialAction\":[{\"@type\":\"SearchAction\",\"target\":{\"@type\":\"EntryPoint\",\"urlTemplate\":\"https:\/\/www.eenewseurope.com\/en\/?s={search_term_string}\"},\"query-input\":\"required name=search_term_string\"}],\"inLanguage\":\"fr-FR\"},{\"@type\":\"Organization\",\"@id\":\"https:\/\/www.eenewseurope.com\/en\/#organization\",\"name\":\"EENewsEurope\",\"url\":\"https:\/\/www.eenewseurope.com\/en\/\",\"logo\":{\"@type\":\"ImageObject\",\"inLanguage\":\"fr-FR\",\"@id\":\"https:\/\/www.eenewseurope.com\/en\/#\/schema\/logo\/image\/\",\"url\":\"https:\/\/www.ecinews.fr\/wp-content\/uploads\/2022\/02\/logo-1.jpg\",\"contentUrl\":\"https:\/\/www.ecinews.fr\/wp-content\/uploads\/2022\/02\/logo-1.jpg\",\"width\":283,\"height\":113,\"caption\":\"EENewsEurope\"},\"image\":{\"@id\":\"https:\/\/www.eenewseurope.com\/en\/#\/schema\/logo\/image\/\"}},{\"@type\":\"Person\",\"@id\":\"https:\/\/www.eenewseurope.com\/en\/#\/schema\/person\/c7104a72b466a801f257e51481de0c43\",\"name\":\"NicolasFeste\",\"image\":{\"@type\":\"ImageObject\",\"inLanguage\":\"fr-FR\",\"@id\":\"https:\/\/www.eenewseurope.com\/en\/#\/schema\/person\/image\/1ea421e7d03c1e96a9ea2bcf2705734a\",\"url\":\"https:\/\/secure.gravatar.com\/avatar\/2e187f4d96902933ba445ed6c760e11c?s=96&d=mm&r=g\",\"contentUrl\":\"https:\/\/secure.gravatar.com\/avatar\/2e187f4d96902933ba445ed6c760e11c?s=96&d=mm&r=g\",\"caption\":\"NicolasFeste\"}}]}<\/script>","yoast_head_json":{"title":"Orages d'\u00e9t\u00e9 : mesures \u00e0 prendre pour se prot\u00e9ger efficacem...","description":"L\u2019\u00e9t\u00e9 est arriv\u00e9, apportant avec lui des journ\u00e9es ensoleill\u00e9es, mais aussi des orages impr\u00e9visibles et potentiellement dangereux. En 2023, Keraunos...","robots":{"index":"index","follow":"follow","max-snippet":"max-snippet:-1","max-image-preview":"max-image-preview:large","max-video-preview":"max-video-preview:-1"},"canonical":"https:\/\/www.ecinews.fr\/fr\/wp-json\/wp\/v2\/posts\/457929\/","og_locale":"fr_FR","og_type":"article","og_title":"Orages d'\u00e9t\u00e9 : mesures \u00e0 prendre pour se prot\u00e9ger efficacement contre ces ph\u00e9nom\u00e8nes m\u00e9t\u00e9orologiques extr\u00eames","og_description":"L\u2019\u00e9t\u00e9 est arriv\u00e9, apportant avec lui des journ\u00e9es ensoleill\u00e9es, mais aussi des orages impr\u00e9visibles et potentiellement dangereux. En 2023, Keraunos (l\u2019Observatoire fran\u00e7ais des tornades et des orages violents) a recens\u00e9 pr\u00e8s de 54 jours d\u2019orage entre juillet et ao\u00fbt. Dans ce contexte, il est crucial de conna\u00eetre les mesures \u00e0 prendre pour se prot\u00e9ger efficacement. [&hellip;]","og_url":"https:\/\/www.ecinews.fr\/fr\/wp-json\/wp\/v2\/posts\/457929\/","og_site_name":"EENewsEurope","article_published_time":"2024-08-12T08:00:15+00:00","article_modified_time":"2024-08-08T17:43:04+00:00","og_image":[{"width":498,"height":200,"url":"https:\/\/www.ecinews.fr\/wp-content\/uploads\/2024\/08\/ECI4365-DEHN-5-conseils-pour-se-proteger-efficacement-contre-les-orages-dete-2.png","type":"image\/png"}],"author":"NicolasFeste","twitter_card":"summary_large_image","twitter_misc":{"Written by":"NicolasFeste","Est. reading time":"4 minutes"},"schema":{"@context":"https:\/\/schema.org","@graph":[{"@type":"Article","@id":"https:\/\/www.ecinews.fr\/fr\/orages-dete-mesures-a-prendre-pour-se-proteger-efficacement-contre-ces-phenomenes-meteorologiques-extremes\/#article","isPartOf":{"@id":"https:\/\/www.ecinews.fr\/fr\/orages-dete-mesures-a-prendre-pour-se-proteger-efficacement-contre-ces-phenomenes-meteorologiques-extremes\/"},"author":{"name":"NicolasFeste","@id":"https:\/\/www.eenewseurope.com\/en\/#\/schema\/person\/c7104a72b466a801f257e51481de0c43"},"headline":"Orages d&rsquo;\u00e9t\u00e9 : mesures \u00e0 prendre pour se prot\u00e9ger efficacement contre ces ph\u00e9nom\u00e8nes m\u00e9t\u00e9orologiques extr\u00eames","datePublished":"2024-08-12T08:00:15+00:00","dateModified":"2024-08-08T17:43:04+00:00","mainEntityOfPage":{"@id":"https:\/\/www.ecinews.fr\/fr\/orages-dete-mesures-a-prendre-pour-se-proteger-efficacement-contre-ces-phenomenes-meteorologiques-extremes\/"},"wordCount":799,"publisher":{"@id":"https:\/\/www.eenewseurope.com\/en\/#organization"},"keywords":["Conseils","Parafoudre"],"articleSection":["Actualit\u00e9 g\u00e9n\u00e9rale"],"inLanguage":"fr-FR"},{"@type":"WebPage","@id":"https:\/\/www.ecinews.fr\/fr\/orages-dete-mesures-a-prendre-pour-se-proteger-efficacement-contre-ces-phenomenes-meteorologiques-extremes\/","url":"https:\/\/www.ecinews.fr\/fr\/orages-dete-mesures-a-prendre-pour-se-proteger-efficacement-contre-ces-phenomenes-meteorologiques-extremes\/","name":"Orages d'\u00e9t\u00e9 : mesures \u00e0 prendre pour se prot\u00e9ger efficacement contre ces ph\u00e9nom\u00e8nes m\u00e9t\u00e9orologiques extr\u00eames -","isPartOf":{"@id":"https:\/\/www.eenewseurope.com\/en\/#website"},"datePublished":"2024-08-12T08:00:15+00:00","dateModified":"2024-08-08T17:43:04+00:00","breadcrumb":{"@id":"https:\/\/www.ecinews.fr\/fr\/orages-dete-mesures-a-prendre-pour-se-proteger-efficacement-contre-ces-phenomenes-meteorologiques-extremes\/#breadcrumb"},"inLanguage":"fr-FR","potentialAction":[{"@type":"ReadAction","target":["https:\/\/www.ecinews.fr\/fr\/orages-dete-mesures-a-prendre-pour-se-proteger-efficacement-contre-ces-phenomenes-meteorologiques-extremes\/"]}]},{"@type":"BreadcrumbList","@id":"https:\/\/www.ecinews.fr\/fr\/orages-dete-mesures-a-prendre-pour-se-proteger-efficacement-contre-ces-phenomenes-meteorologiques-extremes\/#breadcrumb","itemListElement":[{"@type":"ListItem","position":1,"name":"Home","item":"https:\/\/www.ecinews.fr\/fr\/"},{"@type":"ListItem","position":2,"name":"Orages d&rsquo;\u00e9t\u00e9 : mesures \u00e0 prendre pour se prot\u00e9ger efficacement contre ces ph\u00e9nom\u00e8nes m\u00e9t\u00e9orologiques extr\u00eames"}]},{"@type":"WebSite","@id":"https:\/\/www.eenewseurope.com\/en\/#website","url":"https:\/\/www.eenewseurope.com\/en\/","name":"EENewsEurope","description":"Just another WordPress site","publisher":{"@id":"https:\/\/www.eenewseurope.com\/en\/#organization"},"potentialAction":[{"@type":"SearchAction","target":{"@type":"EntryPoint","urlTemplate":"https:\/\/www.eenewseurope.com\/en\/?s={search_term_string}"},"query-input":"required name=search_term_string"}],"inLanguage":"fr-FR"},{"@type":"Organization","@id":"https:\/\/www.eenewseurope.com\/en\/#organization","name":"EENewsEurope","url":"https:\/\/www.eenewseurope.com\/en\/","logo":{"@type":"ImageObject","inLanguage":"fr-FR","@id":"https:\/\/www.eenewseurope.com\/en\/#\/schema\/logo\/image\/","url":"https:\/\/www.ecinews.fr\/wp-content\/uploads\/2022\/02\/logo-1.jpg","contentUrl":"https:\/\/www.ecinews.fr\/wp-content\/uploads\/2022\/02\/logo-1.jpg","width":283,"height":113,"caption":"EENewsEurope"},"image":{"@id":"https:\/\/www.eenewseurope.com\/en\/#\/schema\/logo\/image\/"}},{"@type":"Person","@id":"https:\/\/www.eenewseurope.com\/en\/#\/schema\/person\/c7104a72b466a801f257e51481de0c43","name":"NicolasFeste","image":{"@type":"ImageObject","inLanguage":"fr-FR","@id":"https:\/\/www.eenewseurope.com\/en\/#\/schema\/person\/image\/1ea421e7d03c1e96a9ea2bcf2705734a","url":"https:\/\/secure.gravatar.com\/avatar\/2e187f4d96902933ba445ed6c760e11c?s=96&d=mm&r=g","contentUrl":"https:\/\/secure.gravatar.com\/avatar\/2e187f4d96902933ba445ed6c760e11c?s=96&d=mm&r=g","caption":"NicolasFeste"}}]}},"authors":[{"term_id":6113,"user_id":39,"is_guest":0,"slug":"nicolasfeste","display_name":"NicolasFeste","avatar_url":"https:\/\/secure.gravatar.com\/avatar\/2e187f4d96902933ba445ed6c760e11c?s=96&d=mm&r=g","0":null,"1":"","2":"","3":"","4":"","5":"","6":"","7":"","8":""}],"_links":{"self":[{"href":"https:\/\/www.ecinews.fr\/fr\/wp-json\/wp\/v2\/posts\/457929"}],"collection":[{"href":"https:\/\/www.ecinews.fr\/fr\/wp-json\/wp\/v2\/posts"}],"about":[{"href":"https:\/\/www.ecinews.fr\/fr\/wp-json\/wp\/v2\/types\/post"}],"author":[{"embeddable":true,"href":"https:\/\/www.ecinews.fr\/fr\/wp-json\/wp\/v2\/users\/39"}],"replies":[{"embeddable":true,"href":"https:\/\/www.ecinews.fr\/fr\/wp-json\/wp\/v2\/comments?post=457929"}],"version-history":[{"count":0,"href":"https:\/\/www.ecinews.fr\/fr\/wp-json\/wp\/v2\/posts\/457929\/revisions"}],"wp:featuredmedia":[{"embeddable":true,"href":"https:\/\/www.ecinews.fr\/fr\/wp-json\/wp\/v2\/media\/457940"}],"wp:attachment":[{"href":"https:\/\/www.ecinews.fr\/fr\/wp-json\/wp\/v2\/media?parent=457929"}],"wp:term":[{"taxonomy":"category","embeddable":true,"href":"https:\/\/www.ecinews.fr\/fr\/wp-json\/wp\/v2\/categories?post=457929"},{"taxonomy":"post_tag","embeddable":true,"href":"https:\/\/www.ecinews.fr\/fr\/wp-json\/wp\/v2\/tags?post=457929"},{"taxonomy":"domains","embeddable":true,"href":"https:\/\/www.ecinews.fr\/fr\/wp-json\/wp\/v2\/domains?post=457929"},{"taxonomy":"author","embeddable":true,"href":"https:\/\/www.ecinews.fr\/fr\/wp-json\/wp\/v2\/ppma_author?post=457929"}],"curies":[{"name":"wp","href":"https:\/\/api.w.org\/{rel}","templated":true}]}}