{"id":457916,"date":"2024-08-09T10:00:06","date_gmt":"2024-08-09T08:00:06","guid":{"rendered":"https:\/\/www.ecinews.fr\/?p=457916"},"modified":"2024-08-08T18:50:13","modified_gmt":"2024-08-08T16:50:13","slug":"baisse-des-ventes-de-composants-allemands-au-deuxieme-trimestre-de-2024","status":"publish","type":"post","link":"https:\/\/www.ecinews.fr\/fr\/baisse-des-ventes-de-composants-allemands-au-deuxieme-trimestre-de-2024\/","title":{"rendered":"Baisse des ventes de composants allemands au deuxi\u00e8me trimestre de 2024"},"content":{"rendered":"<h3>Les ventes et les stocks des derni\u00e8res ann\u00e9es sont actuellement refl\u00e9t\u00e9s \u00e0 l\u2019envers dans les livres des distributeurs de composants allemands. Apr\u00e8s -28 % au premier trimestre 2024, le chiffre d\u2019affaires des membres de la FBDi a chut\u00e9 de 38 % en glissement annuel pour atteindre un peu moins de 890 millions d\u2019euros au deuxi\u00e8me trimestre 2024, le niveau le plus bas depuis mi-2021.<\/h3>\n<p>Les commandes entrantes ont \u00e9galement \u00e9t\u00e9 d\u00e9cevantes : \u00e0 628 millions d\u2019euros (-28 %), les nouvelles commandes \u00e9taient \u00e0 l\u2019extr\u00e9mit\u00e9 inf\u00e9rieure des attentes. Un retournement de situation n\u2019est donc pas en vue, bien que le ratio book-to-bill ait l\u00e9g\u00e8rement augment\u00e9 \u00e0 0,71 (en raison de ventes faibles).<\/p>\n<p><img decoding=\"async\" class=\"alignnone  wp-image-457921 lazyload\" data-src=\"https:\/\/www.ecinews.fr\/wp-content\/uploads\/2024\/08\/ECI4362-Aug24-FBDi-PR-Q2-2024-F-1-300x212.jpg\" alt=\"\" width=\"593\" height=\"419\" data-srcset=\"https:\/\/www.ecinews.fr\/wp-content\/uploads\/2024\/08\/ECI4362-Aug24-FBDi-PR-Q2-2024-F-1-300x212.jpg 300w, https:\/\/www.ecinews.fr\/wp-content\/uploads\/2024\/08\/ECI4362-Aug24-FBDi-PR-Q2-2024-F-1-1024x724.jpg 1024w, https:\/\/www.ecinews.fr\/wp-content\/uploads\/2024\/08\/ECI4362-Aug24-FBDi-PR-Q2-2024-F-1-768x543.jpg 768w, https:\/\/www.ecinews.fr\/wp-content\/uploads\/2024\/08\/ECI4362-Aug24-FBDi-PR-Q2-2024-F-1-1536x1086.jpg 1536w, https:\/\/www.ecinews.fr\/wp-content\/uploads\/2024\/08\/ECI4362-Aug24-FBDi-PR-Q2-2024-F-1-2048x1448.jpg 2048w, https:\/\/www.ecinews.fr\/wp-content\/uploads\/2024\/08\/ECI4362-Aug24-FBDi-PR-Q2-2024-F-1-scaled.jpg 1080w\" data-sizes=\"(max-width: 593px) 100vw, 593px\" src=\"data:image\/svg+xml;base64,PHN2ZyB3aWR0aD0iMSIgaGVpZ2h0PSIxIiB4bWxucz0iaHR0cDovL3d3dy53My5vcmcvMjAwMC9zdmciPjwvc3ZnPg==\" style=\"--smush-placeholder-width: 593px; --smush-placeholder-aspect-ratio: 593\/419;\" \/><\/p>\n<p>Les semi-conducteurs restent particuli\u00e8rement critiques. Les ventes de semi-conducteurs ont chut\u00e9 de 44 % pour atteindre 565 millions d\u2019euros, les commandes entrantes ont atteint 365 millions d\u2019euros, soit -27 % par rapport au m\u00eame trimestre de l\u2019ann\u00e9e derni\u00e8re, mais une l\u00e9g\u00e8re augmentation s\u00e9quentielle de 6 % par rapport au T1\/24. Les composants passifs ont fait l\u00e9g\u00e8rement mieux, avec des ventes au T2 en baisse de \u201cseulement\u201d 31 % \u00e0 125 millions d\u2019euros. L\u2019\u00e9lectrom\u00e9canique a relativement bien perform\u00e9 avec une baisse de 19 % \u00e0 130 millions d\u2019euros.<\/p>\n<p><img decoding=\"async\" class=\"alignnone  wp-image-457924 lazyload\" data-src=\"https:\/\/www.ecinews.fr\/wp-content\/uploads\/2024\/08\/ECI4362-Aug24-FBDi-PR-Q2-2024-F-2-300x212.jpg\" alt=\"\" width=\"634\" height=\"448\" data-srcset=\"https:\/\/www.ecinews.fr\/wp-content\/uploads\/2024\/08\/ECI4362-Aug24-FBDi-PR-Q2-2024-F-2-300x212.jpg 300w, https:\/\/www.ecinews.fr\/wp-content\/uploads\/2024\/08\/ECI4362-Aug24-FBDi-PR-Q2-2024-F-2-1024x724.jpg 1024w, https:\/\/www.ecinews.fr\/wp-content\/uploads\/2024\/08\/ECI4362-Aug24-FBDi-PR-Q2-2024-F-2-768x543.jpg 768w, https:\/\/www.ecinews.fr\/wp-content\/uploads\/2024\/08\/ECI4362-Aug24-FBDi-PR-Q2-2024-F-2-1536x1086.jpg 1536w, https:\/\/www.ecinews.fr\/wp-content\/uploads\/2024\/08\/ECI4362-Aug24-FBDi-PR-Q2-2024-F-2-2048x1448.jpg 2048w, https:\/\/www.ecinews.fr\/wp-content\/uploads\/2024\/08\/ECI4362-Aug24-FBDi-PR-Q2-2024-F-2-scaled.jpg 1080w\" data-sizes=\"(max-width: 634px) 100vw, 634px\" src=\"data:image\/svg+xml;base64,PHN2ZyB3aWR0aD0iMSIgaGVpZ2h0PSIxIiB4bWxucz0iaHR0cDovL3d3dy53My5vcmcvMjAwMC9zdmciPjwvc3ZnPg==\" style=\"--smush-placeholder-width: 634px; --smush-placeholder-aspect-ratio: 634\/448;\" \/><\/p>\n<p>La situation des commandes dans les deux segments \u00e9tait l\u00e9g\u00e8rement meilleure mais ne montrait aucun signe de stabilisation. D\u2019autres composants tels que les capteurs, les \u00e9crans, les alimentations et les assemblages ont suivi la tendance g\u00e9n\u00e9rale. La r\u00e9partition des ventes entre les diff\u00e9rentes technologies de composants s\u2019est d\u00e9plac\u00e9e au d\u00e9triment des semi-conducteurs, qui ne repr\u00e9sentent plus que 63 % du total.<\/p>\n<p>Le PDG de la FBDi, Georg Steinberger : \u00ab\u00a02024 s\u2019av\u00e8re difficile, comme pr\u00e9vu. Comme l\u2019a dit mon coll\u00e8gue du conseil d\u2019administration Tom Gerhardt il y a quelques mois, \u2018apr\u00e8s la pause des r\u00e9servations vient la pause de la facturation\u2019. Les commandes restent \u00e0 un niveau bas et montrent peu d\u2019\u00e9lan pour la croissance. Notre impression positive du printemps s\u2019est quelque peu estomp\u00e9e. La visibilit\u00e9 dans la cha\u00eene d\u2019approvisionnement jusqu\u2019au client final est pire qu\u2019elle ne l\u2019a \u00e9t\u00e9 depuis longtemps. Et par rapport \u00e0 d\u2019autres pays, l\u2019Allemagne ne semble pas seulement avoir un probl\u00e8me de stock.\u00a0\u00bb<\/p>\n<p>Commentant la situation, Steinberger d\u00e9clare : \u00ab\u00a0L\u2019Allemagne est tr\u00e8s d\u00e9pendante de l\u2019\u00e9lectronique automobile et industrielle, et l\u2019\u00e9lectronique industrielle est \u00e9galement affect\u00e9e par le sort de la production automobile en Allemagne. Nous estimons que le march\u00e9 dans son ensemble repose \u00e0 environ 50 % sur l\u2019automobile. Et c\u2019est pr\u00e9cis\u00e9ment l\u00e0 que les choses vont mal en ce moment, que ce soit la strat\u00e9gie de mobilit\u00e9 \u00e9lectrique b\u00e2cl\u00e9e ou la faiblesse des exportations de v\u00e9hicules \u00e0 carburant fossile. Coupl\u00e9 \u00e0 l\u2019incertitude des clients finaux en raison de la situation politique et \u00e9conomique, on ne peut pas s\u2019attendre \u00e0 grand-chose de bon \u00e0 court terme. Cependant, les plans pour la transformation num\u00e9rique et \u00e9nerg\u00e9tique qui pourraient faire avancer notre march\u00e9 sont depuis longtemps sur la table. Et il y a aussi des signes positifs, par exemple dans la production d\u2019\u00e9nergie renouvelable.\u00a0\u00bb<\/p>\n<p>N\u00e9anmoins, la FBDi reste optimiste : \u00ab\u00a0L\u2019industrie allemande a peu \u00e0 rapporter dans le battage m\u00e9diatique actuel sur l\u2019intelligence artificielle, donc je m\u2019attends \u00e0 peu d\u2019\u00e9lan pour le secteur des composants. Mais nous n\u2019avons en aucun cas renonc\u00e9 \u00e0 la reconstruction de l\u2019industrie \u00e9nerg\u00e9tique europ\u00e9enne et \u00e0 la transition vers une soci\u00e9t\u00e9 tout \u00e9lectrique. Nous sommes convaincus que cela peut \u00eatre r\u00e9alis\u00e9 avec des innovations europ\u00e9ennes, pas seulement chinoises. Peut-\u00eatre que la soci\u00e9t\u00e9 allemande ne devrait pas se perdre dans une polarisation politique inutile et se concentrer plut\u00f4t sur ce qui a autrefois fait la grandeur de l\u2019\u00e9conomie allemande : les id\u00e9es et les comp\u00e9tences en ing\u00e9nierie. La FBDi s\u2019est fix\u00e9e pour objectif de promouvoir de plus en plus les d\u00e9veloppements des think tanks et des universit\u00e9s allemandes qui pourraient \u00eatre adapt\u00e9s au march\u00e9 de masse.\u00a0\u00bb<\/p>\n<p><a href=\"http:\/\/www.fbdi.de\/\">Fachverband der Bauelemente Distribution e.V.<\/a><\/p>\n<p><a href=\"https:\/\/news.google.com\/publications\/CAAqBwgKMJbcwQswuPfYAw?hl=fr&amp;gl=BE&amp;ceid=BE:fr\">Suivre ECInews sur Google news<\/a><\/p>\n","protected":false},"excerpt":{"rendered":"<p>Les ventes et les stocks des derni\u00e8res ann\u00e9es sont actuellement refl\u00e9t\u00e9s \u00e0 l\u2019envers dans les livres des distributeurs de composants allemands. Apr\u00e8s -28 % au premier trimestre 2024, le chiffre d\u2019affaires des membres de la FBDi a chut\u00e9 de 38 % en glissement annuel pour atteindre un peu moins de 890 millions d\u2019euros au deuxi\u00e8me [&hellip;]<\/p>\n","protected":false},"author":39,"featured_media":457921,"comment_status":"closed","ping_status":"closed","sticky":false,"template":"","format":"standard","meta":{"_acf_changed":false,"footnotes":""},"categories":[880],"tags":[4099,2327],"domains":[47],"ppma_author":[6113],"class_list":["post-457916","post","type-post","status-publish","format-standard","has-post-thumbnail","hentry","category-actualites-economiques","tag-composants","tag-marche","domains-electronique-eci"],"acf":[],"yoast_head":"<title>Baisse des ventes de composants allemands au deuxi\u00e8me trimestr...<\/title>\n<meta name=\"description\" content=\"Les ventes et les stocks des derni\u00e8res ann\u00e9es sont actuellement refl\u00e9t\u00e9s \u00e0 l\u2019envers dans les livres des distributeurs de composants allemands.\" \/>\n<meta name=\"robots\" content=\"index, follow, max-snippet:-1, max-image-preview:large, max-video-preview:-1\" \/>\n<link rel=\"canonical\" href=\"https:\/\/www.ecinews.fr\/fr\/wp-json\/wp\/v2\/posts\/457916\/\" \/>\n<meta property=\"og:locale\" content=\"fr_FR\" \/>\n<meta property=\"og:type\" content=\"article\" \/>\n<meta property=\"og:title\" content=\"Baisse des ventes de composants allemands au deuxi\u00e8me trimestre de 2024\" \/>\n<meta property=\"og:description\" content=\"Les ventes et les stocks des derni\u00e8res ann\u00e9es sont actuellement refl\u00e9t\u00e9s \u00e0 l\u2019envers dans les livres des distributeurs de composants allemands.\" \/>\n<meta property=\"og:url\" content=\"https:\/\/www.ecinews.fr\/fr\/wp-json\/wp\/v2\/posts\/457916\/\" \/>\n<meta property=\"og:site_name\" content=\"EENewsEurope\" \/>\n<meta property=\"article:published_time\" content=\"2024-08-09T08:00:06+00:00\" \/>\n<meta property=\"article:modified_time\" content=\"2024-08-08T16:50:13+00:00\" \/>\n<meta property=\"og:image\" content=\"https:\/\/www.ecinews.fr\/wp-content\/uploads\/2024\/08\/ECI4362-Aug24-FBDi-PR-Q2-2024-F-1-scaled.jpg\" \/>\n\t<meta property=\"og:image:width\" content=\"1080\" \/>\n\t<meta property=\"og:image:height\" content=\"764\" \/>\n\t<meta property=\"og:image:type\" content=\"image\/jpeg\" \/>\n<meta name=\"author\" content=\"NicolasFeste\" \/>\n<meta name=\"twitter:card\" content=\"summary_large_image\" \/>\n<meta name=\"twitter:label1\" content=\"Written by\" \/>\n\t<meta name=\"twitter:data1\" content=\"NicolasFeste\" \/>\n\t<meta name=\"twitter:label2\" content=\"Est. reading time\" \/>\n\t<meta name=\"twitter:data2\" content=\"4 minutes\" \/>\n<script type=\"application\/ld+json\" class=\"yoast-schema-graph\">{\"@context\":\"https:\/\/schema.org\",\"@graph\":[{\"@type\":\"Article\",\"@id\":\"https:\/\/www.ecinews.fr\/fr\/baisse-des-ventes-de-composants-allemands-au-deuxieme-trimestre-de-2024\/#article\",\"isPartOf\":{\"@id\":\"https:\/\/www.ecinews.fr\/fr\/baisse-des-ventes-de-composants-allemands-au-deuxieme-trimestre-de-2024\/\"},\"author\":{\"name\":\"NicolasFeste\",\"@id\":\"https:\/\/www.ecinews.fr\/fr\/#\/schema\/person\/c7104a72b466a801f257e51481de0c43\"},\"headline\":\"Baisse des ventes de composants allemands au deuxi\u00e8me trimestre de 2024\",\"datePublished\":\"2024-08-09T08:00:06+00:00\",\"dateModified\":\"2024-08-08T16:50:13+00:00\",\"mainEntityOfPage\":{\"@id\":\"https:\/\/www.ecinews.fr\/fr\/baisse-des-ventes-de-composants-allemands-au-deuxieme-trimestre-de-2024\/\"},\"wordCount\":710,\"publisher\":{\"@id\":\"https:\/\/www.ecinews.fr\/fr\/#organization\"},\"keywords\":[\"Composants\",\"March\u00e9\"],\"articleSection\":[\"Actualit\u00e9s \u00e9conomiques\"],\"inLanguage\":\"fr-FR\"},{\"@type\":\"WebPage\",\"@id\":\"https:\/\/www.ecinews.fr\/fr\/baisse-des-ventes-de-composants-allemands-au-deuxieme-trimestre-de-2024\/\",\"url\":\"https:\/\/www.ecinews.fr\/fr\/baisse-des-ventes-de-composants-allemands-au-deuxieme-trimestre-de-2024\/\",\"name\":\"Baisse des ventes de composants allemands au deuxi\u00e8me trimestre de 2024 -\",\"isPartOf\":{\"@id\":\"https:\/\/www.ecinews.fr\/fr\/#website\"},\"datePublished\":\"2024-08-09T08:00:06+00:00\",\"dateModified\":\"2024-08-08T16:50:13+00:00\",\"description\":\"Les ventes et les stocks des derni\u00e8res ann\u00e9es sont actuellement refl\u00e9t\u00e9s \u00e0 l\u2019envers dans les livres des distributeurs de composants allemands.\",\"breadcrumb\":{\"@id\":\"https:\/\/www.ecinews.fr\/fr\/baisse-des-ventes-de-composants-allemands-au-deuxieme-trimestre-de-2024\/#breadcrumb\"},\"inLanguage\":\"fr-FR\",\"potentialAction\":[{\"@type\":\"ReadAction\",\"target\":[\"https:\/\/www.ecinews.fr\/fr\/baisse-des-ventes-de-composants-allemands-au-deuxieme-trimestre-de-2024\/\"]}]},{\"@type\":\"BreadcrumbList\",\"@id\":\"https:\/\/www.ecinews.fr\/fr\/baisse-des-ventes-de-composants-allemands-au-deuxieme-trimestre-de-2024\/#breadcrumb\",\"itemListElement\":[{\"@type\":\"ListItem\",\"position\":1,\"name\":\"Home\",\"item\":\"https:\/\/www.ecinews.fr\/fr\/\"},{\"@type\":\"ListItem\",\"position\":2,\"name\":\"Baisse des ventes de composants allemands au deuxi\u00e8me trimestre de 2024\"}]},{\"@type\":\"WebSite\",\"@id\":\"https:\/\/www.ecinews.fr\/fr\/#website\",\"url\":\"https:\/\/www.ecinews.fr\/fr\/\",\"name\":\"EENewsEurope\",\"description\":\"Just another WordPress site\",\"publisher\":{\"@id\":\"https:\/\/www.ecinews.fr\/fr\/#organization\"},\"potentialAction\":[{\"@type\":\"SearchAction\",\"target\":{\"@type\":\"EntryPoint\",\"urlTemplate\":\"https:\/\/www.ecinews.fr\/fr\/?s={search_term_string}\"},\"query-input\":\"required name=search_term_string\"}],\"inLanguage\":\"fr-FR\"},{\"@type\":\"Organization\",\"@id\":\"https:\/\/www.ecinews.fr\/fr\/#organization\",\"name\":\"EENewsEurope\",\"url\":\"https:\/\/www.ecinews.fr\/fr\/\",\"logo\":{\"@type\":\"ImageObject\",\"inLanguage\":\"fr-FR\",\"@id\":\"https:\/\/www.ecinews.fr\/fr\/#\/schema\/logo\/image\/\",\"url\":\"https:\/\/www.ecinews.fr\/wp-content\/uploads\/2022\/02\/logo-1.jpg\",\"contentUrl\":\"https:\/\/www.ecinews.fr\/wp-content\/uploads\/2022\/02\/logo-1.jpg\",\"width\":283,\"height\":113,\"caption\":\"EENewsEurope\"},\"image\":{\"@id\":\"https:\/\/www.ecinews.fr\/fr\/#\/schema\/logo\/image\/\"}},{\"@type\":\"Person\",\"@id\":\"https:\/\/www.ecinews.fr\/fr\/#\/schema\/person\/c7104a72b466a801f257e51481de0c43\",\"name\":\"NicolasFeste\",\"image\":{\"@type\":\"ImageObject\",\"inLanguage\":\"fr-FR\",\"@id\":\"https:\/\/www.ecinews.fr\/fr\/#\/schema\/person\/image\/1ea421e7d03c1e96a9ea2bcf2705734a\",\"url\":\"https:\/\/secure.gravatar.com\/avatar\/2e187f4d96902933ba445ed6c760e11c?s=96&d=mm&r=g\",\"contentUrl\":\"https:\/\/secure.gravatar.com\/avatar\/2e187f4d96902933ba445ed6c760e11c?s=96&d=mm&r=g\",\"caption\":\"NicolasFeste\"}}]}<\/script>","yoast_head_json":{"title":"Baisse des ventes de composants allemands au deuxi\u00e8me trimestr...","description":"Les ventes et les stocks des derni\u00e8res ann\u00e9es sont actuellement refl\u00e9t\u00e9s \u00e0 l\u2019envers dans les livres des distributeurs de composants allemands.","robots":{"index":"index","follow":"follow","max-snippet":"max-snippet:-1","max-image-preview":"max-image-preview:large","max-video-preview":"max-video-preview:-1"},"canonical":"https:\/\/www.ecinews.fr\/fr\/wp-json\/wp\/v2\/posts\/457916\/","og_locale":"fr_FR","og_type":"article","og_title":"Baisse des ventes de composants allemands au deuxi\u00e8me trimestre de 2024","og_description":"Les ventes et les stocks des derni\u00e8res ann\u00e9es sont actuellement refl\u00e9t\u00e9s \u00e0 l\u2019envers dans les livres des distributeurs de composants allemands.","og_url":"https:\/\/www.ecinews.fr\/fr\/wp-json\/wp\/v2\/posts\/457916\/","og_site_name":"EENewsEurope","article_published_time":"2024-08-09T08:00:06+00:00","article_modified_time":"2024-08-08T16:50:13+00:00","og_image":[{"width":1080,"height":764,"url":"https:\/\/www.ecinews.fr\/wp-content\/uploads\/2024\/08\/ECI4362-Aug24-FBDi-PR-Q2-2024-F-1-scaled.jpg","type":"image\/jpeg"}],"author":"NicolasFeste","twitter_card":"summary_large_image","twitter_misc":{"Written by":"NicolasFeste","Est. reading time":"4 minutes"},"schema":{"@context":"https:\/\/schema.org","@graph":[{"@type":"Article","@id":"https:\/\/www.ecinews.fr\/fr\/baisse-des-ventes-de-composants-allemands-au-deuxieme-trimestre-de-2024\/#article","isPartOf":{"@id":"https:\/\/www.ecinews.fr\/fr\/baisse-des-ventes-de-composants-allemands-au-deuxieme-trimestre-de-2024\/"},"author":{"name":"NicolasFeste","@id":"https:\/\/www.ecinews.fr\/fr\/#\/schema\/person\/c7104a72b466a801f257e51481de0c43"},"headline":"Baisse des ventes de composants allemands au deuxi\u00e8me trimestre de 2024","datePublished":"2024-08-09T08:00:06+00:00","dateModified":"2024-08-08T16:50:13+00:00","mainEntityOfPage":{"@id":"https:\/\/www.ecinews.fr\/fr\/baisse-des-ventes-de-composants-allemands-au-deuxieme-trimestre-de-2024\/"},"wordCount":710,"publisher":{"@id":"https:\/\/www.ecinews.fr\/fr\/#organization"},"keywords":["Composants","March\u00e9"],"articleSection":["Actualit\u00e9s \u00e9conomiques"],"inLanguage":"fr-FR"},{"@type":"WebPage","@id":"https:\/\/www.ecinews.fr\/fr\/baisse-des-ventes-de-composants-allemands-au-deuxieme-trimestre-de-2024\/","url":"https:\/\/www.ecinews.fr\/fr\/baisse-des-ventes-de-composants-allemands-au-deuxieme-trimestre-de-2024\/","name":"Baisse des ventes de composants allemands au deuxi\u00e8me trimestre de 2024 -","isPartOf":{"@id":"https:\/\/www.ecinews.fr\/fr\/#website"},"datePublished":"2024-08-09T08:00:06+00:00","dateModified":"2024-08-08T16:50:13+00:00","description":"Les ventes et les stocks des derni\u00e8res ann\u00e9es sont actuellement refl\u00e9t\u00e9s \u00e0 l\u2019envers dans les livres des distributeurs de composants allemands.","breadcrumb":{"@id":"https:\/\/www.ecinews.fr\/fr\/baisse-des-ventes-de-composants-allemands-au-deuxieme-trimestre-de-2024\/#breadcrumb"},"inLanguage":"fr-FR","potentialAction":[{"@type":"ReadAction","target":["https:\/\/www.ecinews.fr\/fr\/baisse-des-ventes-de-composants-allemands-au-deuxieme-trimestre-de-2024\/"]}]},{"@type":"BreadcrumbList","@id":"https:\/\/www.ecinews.fr\/fr\/baisse-des-ventes-de-composants-allemands-au-deuxieme-trimestre-de-2024\/#breadcrumb","itemListElement":[{"@type":"ListItem","position":1,"name":"Home","item":"https:\/\/www.ecinews.fr\/fr\/"},{"@type":"ListItem","position":2,"name":"Baisse des ventes de composants allemands au deuxi\u00e8me trimestre de 2024"}]},{"@type":"WebSite","@id":"https:\/\/www.ecinews.fr\/fr\/#website","url":"https:\/\/www.ecinews.fr\/fr\/","name":"EENewsEurope","description":"Just another WordPress site","publisher":{"@id":"https:\/\/www.ecinews.fr\/fr\/#organization"},"potentialAction":[{"@type":"SearchAction","target":{"@type":"EntryPoint","urlTemplate":"https:\/\/www.ecinews.fr\/fr\/?s={search_term_string}"},"query-input":"required name=search_term_string"}],"inLanguage":"fr-FR"},{"@type":"Organization","@id":"https:\/\/www.ecinews.fr\/fr\/#organization","name":"EENewsEurope","url":"https:\/\/www.ecinews.fr\/fr\/","logo":{"@type":"ImageObject","inLanguage":"fr-FR","@id":"https:\/\/www.ecinews.fr\/fr\/#\/schema\/logo\/image\/","url":"https:\/\/www.ecinews.fr\/wp-content\/uploads\/2022\/02\/logo-1.jpg","contentUrl":"https:\/\/www.ecinews.fr\/wp-content\/uploads\/2022\/02\/logo-1.jpg","width":283,"height":113,"caption":"EENewsEurope"},"image":{"@id":"https:\/\/www.ecinews.fr\/fr\/#\/schema\/logo\/image\/"}},{"@type":"Person","@id":"https:\/\/www.ecinews.fr\/fr\/#\/schema\/person\/c7104a72b466a801f257e51481de0c43","name":"NicolasFeste","image":{"@type":"ImageObject","inLanguage":"fr-FR","@id":"https:\/\/www.ecinews.fr\/fr\/#\/schema\/person\/image\/1ea421e7d03c1e96a9ea2bcf2705734a","url":"https:\/\/secure.gravatar.com\/avatar\/2e187f4d96902933ba445ed6c760e11c?s=96&d=mm&r=g","contentUrl":"https:\/\/secure.gravatar.com\/avatar\/2e187f4d96902933ba445ed6c760e11c?s=96&d=mm&r=g","caption":"NicolasFeste"}}]}},"authors":[{"term_id":6113,"user_id":39,"is_guest":0,"slug":"nicolasfeste","display_name":"NicolasFeste","avatar_url":"https:\/\/secure.gravatar.com\/avatar\/2e187f4d96902933ba445ed6c760e11c?s=96&d=mm&r=g","0":null,"1":"","2":"","3":"","4":"","5":"","6":"","7":"","8":""}],"_links":{"self":[{"href":"https:\/\/www.ecinews.fr\/fr\/wp-json\/wp\/v2\/posts\/457916"}],"collection":[{"href":"https:\/\/www.ecinews.fr\/fr\/wp-json\/wp\/v2\/posts"}],"about":[{"href":"https:\/\/www.ecinews.fr\/fr\/wp-json\/wp\/v2\/types\/post"}],"author":[{"embeddable":true,"href":"https:\/\/www.ecinews.fr\/fr\/wp-json\/wp\/v2\/users\/39"}],"replies":[{"embeddable":true,"href":"https:\/\/www.ecinews.fr\/fr\/wp-json\/wp\/v2\/comments?post=457916"}],"version-history":[{"count":0,"href":"https:\/\/www.ecinews.fr\/fr\/wp-json\/wp\/v2\/posts\/457916\/revisions"}],"wp:featuredmedia":[{"embeddable":true,"href":"https:\/\/www.ecinews.fr\/fr\/wp-json\/wp\/v2\/media\/457921"}],"wp:attachment":[{"href":"https:\/\/www.ecinews.fr\/fr\/wp-json\/wp\/v2\/media?parent=457916"}],"wp:term":[{"taxonomy":"category","embeddable":true,"href":"https:\/\/www.ecinews.fr\/fr\/wp-json\/wp\/v2\/categories?post=457916"},{"taxonomy":"post_tag","embeddable":true,"href":"https:\/\/www.ecinews.fr\/fr\/wp-json\/wp\/v2\/tags?post=457916"},{"taxonomy":"domains","embeddable":true,"href":"https:\/\/www.ecinews.fr\/fr\/wp-json\/wp\/v2\/domains?post=457916"},{"taxonomy":"author","embeddable":true,"href":"https:\/\/www.ecinews.fr\/fr\/wp-json\/wp\/v2\/ppma_author?post=457916"}],"curies":[{"name":"wp","href":"https:\/\/api.w.org\/{rel}","templated":true}]}}