{"id":457548,"date":"2024-08-06T09:30:25","date_gmt":"2024-08-06T07:30:25","guid":{"rendered":"https:\/\/www.ecinews.fr\/?p=457548"},"modified":"2024-08-05T19:28:00","modified_gmt":"2024-08-05T17:28:00","slug":"baisse-des-parts-de-marche-de-tesla-aux-etats-unis-de-33-en-2-ans","status":"publish","type":"post","link":"https:\/\/www.ecinews.fr\/fr\/baisse-des-parts-de-marche-de-tesla-aux-etats-unis-de-33-en-2-ans\/","title":{"rendered":"Baisse des parts de march\u00e9 de Tesla aux \u00c9tats-Unis de 33 % en 2 ans"},"content":{"rendered":"<h3>Tesla Motors a connu sa part de difficult\u00e9s en 2024 alors que l\u2019ensemble de l\u2019industrie des v\u00e9hicules \u00e9lectriques (VE) a connu un ralentissement.<\/h3>\n<p>Malgr\u00e9 cette tendance, les recherches de Finbold ont r\u00e9v\u00e9l\u00e9 que la concurrence est devenue plus f\u00e9roce et a r\u00e9ussi \u00e0 r\u00e9duire consid\u00e9rablement la domination du march\u00e9 am\u00e9ricain du fabricant de VE d\u2019Elon Musk, passant de 74,8 % au d\u00e9but de 2022 \u00e0 49,7 % au deuxi\u00e8me trimestre de 2024.<\/p>\n<p>En fait, m\u00eame avant le d\u00e9but de ce que l\u2019on appelle \u00ab l\u2019hiver des VE \u00bb, d\u2019autres entreprises ont commenc\u00e9 \u00e0 supplanter Tesla, et sa part de march\u00e9 a diminu\u00e9 au cours de six des neuf trimestres pr\u00e9c\u00e9dents, avec la plus forte baisse de 9,3 % au troisi\u00e8me trimestre 2023 et le plus grand gain de 4,4 % au premier trimestre de la m\u00eame ann\u00e9e.<\/p>\n<p>Simultan\u00e9ment, d\u2019autres entreprises ax\u00e9es sur les v\u00e9hicules \u00e9lectriques n\u2019ont pas r\u00e9ussi \u00e0 se tailler une part de march\u00e9 significative, car au deuxi\u00e8me trimestre de 2024, le groupe Lucid se situe \u00e0 0,6 % et Rivian \u00e0 4,2 %.<\/p>\n<p>D\u2019autre part, les constructeurs automobiles traditionnels ont montr\u00e9 leur capacit\u00e9 \u00e0 passer \u00e0 des produits plus \u00e9cologiques, avec la plus forte croissance venant de General Motors (GM), qui ne commandait que 0,3 % au d\u00e9but de 2022 mais est pass\u00e9 \u00e0 6,6 % en 2024.<\/p>\n<p>Ailleurs, Hyundai &#8211; avec sa filiale Kia &#8211; a \u00e9t\u00e9 en concurrence avec Ford (F) pour la deuxi\u00e8me place sur la liste des plus grands fabricants de VE aux \u00c9tats-Unis, le premier ayant une part de march\u00e9 de 11,2 % et le second de 7,2 %.<\/p>\n<p><strong>Le march\u00e9 des VE continue de cro\u00eetre malgr\u00e9 la baisse de la domination de Tesla<\/strong><\/p>\n<p>\u00c0 l\u2019\u00e9chelle mondiale, la part de march\u00e9 de Tesla a \u00e9galement diminu\u00e9. \u00c0 la fin de 2023, l\u2019entreprise avait m\u00eame \u00e9t\u00e9 d\u00e9pass\u00e9e par le fabricant chinois BYD.<\/p>\n<p>Cependant, il convient de souligner que les pertes de Tesla ne sont pas n\u00e9cessairement indicatives d\u2019un \u00e9chec plus large de l\u2019industrie. Comme l\u2019a expliqu\u00e9 Andreja Stojanovic, co-auteur de la recherche :<\/p>\n<p>\u00ab Bien que les chiffres r\u00e9sultant des recherches de Finbold puissent sugg\u00e9rer une situation d\u00e9sastreuse pour Tesla et l\u2019ensemble de l\u2019industrie des VE, il convient de souligner que le secteur a connu une croissance si l\u2019on ignore le ralentissement de 2024 &#8211; et m\u00eame une fois celui-ci pris en compte, les ventes de VE ont plus stagn\u00e9 que v\u00e9ritablement diminu\u00e9, en particulier avec la reprise la plus r\u00e9cente. \u00bb<\/p>\n<p>Une telle conclusion est renforc\u00e9e par les donn\u00e9es relatives \u00e0 la demande mondiale d\u2019\u00e9lectricit\u00e9 aliment\u00e9e par les VE, qui a explos\u00e9 au cours de la derni\u00e8re d\u00e9cennie et devrait continuer \u00e0 augmenter \u00e0 un rythme acc\u00e9l\u00e9r\u00e9 d\u2019ici 2030 et au-del\u00e0.<\/p>\n<p><strong>L\u2019\u00e9tude compl\u00e8te en anglais :<\/strong> <a href=\"https:\/\/u7061146.ct.sendgrid.net\/ls\/click?upn=u001.gqh-2BaxUzlo7XKIuSly0rC9Z129HK9nldkr3Jk-2BNsZctJBtKztUOKVvTZMpOAQZpME3AHCPQ015sb1cOaFyY42f2hOxH31-2B8qQvt16EBnPnOT803qXlKx4i4OJG5BcnqcwaWDpcAvr-2BudVhLuOXrSJA-3D-3DDAsc_0M8xLnvlBEC4hEXUAuJ9k6ZaaSlJwPOskkbwcQ9vem6s1qorWrhU-2FcSuXMN0urW-2FF4J-2F9K5ey6nwu19ZtSPwVNUqLq-2FmmUhF0HiOTojD80KmVkLdUmJwITfoLCe3vh8pfuJf8FFEPopHVeB-2BxfMLEk4tCfuFUnsijq-2BdHO5sTLYcLt2VyyK-2B5uOFq4PxhZqMGLFRmGLxiGIb4T6-2Btww0qgC2wP6H2lr12u3ozOvAL49L9ZYQ4xs4RHeGb68gXUFn3ggIFIG0CNwuQh-2FBs-2Fhjt4Qyvo5d06F-2BAfxZwwN6YedfJld1C7-2Fn7vYBq8BiSq5F-2BKxjQWPYTtiSHZyK6E9RBoQHcK4EVbdWW9g3A85PcWA-3D\">https:\/\/finbold.com\/teslas-us-market-share-shrinks-33-in-2-years-as-competition-intensifies\/<\/a><\/p>\n<p><a href=\"https:\/\/finbold.com\/\">Finbold<\/a> | <a href=\"https:\/\/www.tesla.com\/\">Tesla Motors<\/a><\/p>\n<p><a href=\"https:\/\/news.google.com\/publications\/CAAqBwgKMJbcwQswuPfYAw?hl=fr&amp;gl=BE&amp;ceid=BE:fr\">Suivre ECInews sur Google news<\/a><\/p>\n","protected":false},"excerpt":{"rendered":"<p>Tesla Motors a connu sa part de difficult\u00e9s en 2024 alors que l\u2019ensemble de l\u2019industrie des v\u00e9hicules \u00e9lectriques (VE) a connu un ralentissement. Malgr\u00e9 cette tendance, les recherches de Finbold ont r\u00e9v\u00e9l\u00e9 que la concurrence est devenue plus f\u00e9roce et a r\u00e9ussi \u00e0 r\u00e9duire consid\u00e9rablement la domination du march\u00e9 am\u00e9ricain du fabricant de VE d\u2019Elon [&hellip;]<\/p>\n","protected":false},"author":39,"featured_media":457579,"comment_status":"closed","ping_status":"closed","sticky":false,"template":"","format":"standard","meta":{"_acf_changed":false,"footnotes":""},"categories":[880],"tags":[2327,5540],"domains":[47],"ppma_author":[6113],"class_list":["post-457548","post","type-post","status-publish","format-standard","has-post-thumbnail","hentry","category-actualites-economiques","tag-marche","tag-vehicules-electriques","domains-electronique-eci"],"acf":[],"yoast_head":"<title>Baisse des parts de march\u00e9 de Tesla aux \u00c9tats-Unis de 33 % en...<\/title>\n<meta name=\"description\" content=\"Tesla Motors a connu sa part de difficult\u00e9s en 2024 alors que l\u2019ensemble de l\u2019industrie des v\u00e9hicules \u00e9lectriques (VE) a connu un ralentissement.\" \/>\n<meta name=\"robots\" content=\"index, follow, max-snippet:-1, max-image-preview:large, max-video-preview:-1\" \/>\n<link rel=\"canonical\" href=\"https:\/\/www.ecinews.fr\/fr\/wp-json\/wp\/v2\/posts\/457548\/\" \/>\n<meta property=\"og:locale\" content=\"fr_FR\" \/>\n<meta property=\"og:type\" content=\"article\" \/>\n<meta property=\"og:title\" content=\"Baisse des parts de march\u00e9 de Tesla aux \u00c9tats-Unis de 33 % en 2 ans\" \/>\n<meta property=\"og:description\" content=\"Tesla Motors a connu sa part de difficult\u00e9s en 2024 alors que l\u2019ensemble de l\u2019industrie des v\u00e9hicules \u00e9lectriques (VE) a connu un ralentissement.\" \/>\n<meta property=\"og:url\" content=\"https:\/\/www.ecinews.fr\/fr\/wp-json\/wp\/v2\/posts\/457548\/\" \/>\n<meta property=\"og:site_name\" content=\"EENewsEurope\" \/>\n<meta property=\"article:published_time\" content=\"2024-08-06T07:30:25+00:00\" \/>\n<meta property=\"article:modified_time\" content=\"2024-08-05T17:28:00+00:00\" \/>\n<meta property=\"og:image\" content=\"https:\/\/www.ecinews.fr\/wp-content\/uploads\/2024\/08\/ECI4350-Baisse-des-parts-de-marche-de-Tesla-aux-Etats-Unis-de-33-en-2-ans.jpg\" \/>\n\t<meta property=\"og:image:width\" content=\"1024\" \/>\n\t<meta property=\"og:image:height\" content=\"682\" \/>\n\t<meta property=\"og:image:type\" content=\"image\/jpeg\" \/>\n<meta name=\"author\" content=\"NicolasFeste\" \/>\n<meta name=\"twitter:card\" content=\"summary_large_image\" \/>\n<meta name=\"twitter:label1\" content=\"Written by\" \/>\n\t<meta name=\"twitter:data1\" content=\"NicolasFeste\" \/>\n\t<meta name=\"twitter:label2\" content=\"Est. reading time\" \/>\n\t<meta name=\"twitter:data2\" content=\"2 minutes\" \/>\n<script type=\"application\/ld+json\" class=\"yoast-schema-graph\">{\"@context\":\"https:\/\/schema.org\",\"@graph\":[{\"@type\":\"Article\",\"@id\":\"https:\/\/www.ecinews.fr\/fr\/baisse-des-parts-de-marche-de-tesla-aux-etats-unis-de-33-en-2-ans\/#article\",\"isPartOf\":{\"@id\":\"https:\/\/www.ecinews.fr\/fr\/baisse-des-parts-de-marche-de-tesla-aux-etats-unis-de-33-en-2-ans\/\"},\"author\":{\"name\":\"NicolasFeste\",\"@id\":\"https:\/\/www.ecinews.fr\/fr\/#\/schema\/person\/c7104a72b466a801f257e51481de0c43\"},\"headline\":\"Baisse des parts de march\u00e9 de Tesla aux \u00c9tats-Unis de 33 % en 2 ans\",\"datePublished\":\"2024-08-06T07:30:25+00:00\",\"dateModified\":\"2024-08-05T17:28:00+00:00\",\"mainEntityOfPage\":{\"@id\":\"https:\/\/www.ecinews.fr\/fr\/baisse-des-parts-de-marche-de-tesla-aux-etats-unis-de-33-en-2-ans\/\"},\"wordCount\":493,\"publisher\":{\"@id\":\"https:\/\/www.ecinews.fr\/fr\/#organization\"},\"keywords\":[\"March\u00e9\",\"V\u00e9hicules \u00e9lectriques\"],\"articleSection\":[\"Actualit\u00e9s \u00e9conomiques\"],\"inLanguage\":\"fr-FR\"},{\"@type\":\"WebPage\",\"@id\":\"https:\/\/www.ecinews.fr\/fr\/baisse-des-parts-de-marche-de-tesla-aux-etats-unis-de-33-en-2-ans\/\",\"url\":\"https:\/\/www.ecinews.fr\/fr\/baisse-des-parts-de-marche-de-tesla-aux-etats-unis-de-33-en-2-ans\/\",\"name\":\"Baisse des parts de march\u00e9 de Tesla aux \u00c9tats-Unis de 33 % en 2 ans -\",\"isPartOf\":{\"@id\":\"https:\/\/www.ecinews.fr\/fr\/#website\"},\"datePublished\":\"2024-08-06T07:30:25+00:00\",\"dateModified\":\"2024-08-05T17:28:00+00:00\",\"description\":\"Tesla Motors a connu sa part de difficult\u00e9s en 2024 alors que l\u2019ensemble de l\u2019industrie des v\u00e9hicules \u00e9lectriques (VE) a connu un ralentissement.\",\"breadcrumb\":{\"@id\":\"https:\/\/www.ecinews.fr\/fr\/baisse-des-parts-de-marche-de-tesla-aux-etats-unis-de-33-en-2-ans\/#breadcrumb\"},\"inLanguage\":\"fr-FR\",\"potentialAction\":[{\"@type\":\"ReadAction\",\"target\":[\"https:\/\/www.ecinews.fr\/fr\/baisse-des-parts-de-marche-de-tesla-aux-etats-unis-de-33-en-2-ans\/\"]}]},{\"@type\":\"BreadcrumbList\",\"@id\":\"https:\/\/www.ecinews.fr\/fr\/baisse-des-parts-de-marche-de-tesla-aux-etats-unis-de-33-en-2-ans\/#breadcrumb\",\"itemListElement\":[{\"@type\":\"ListItem\",\"position\":1,\"name\":\"Home\",\"item\":\"https:\/\/www.ecinews.fr\/fr\/\"},{\"@type\":\"ListItem\",\"position\":2,\"name\":\"Baisse des parts de march\u00e9 de Tesla aux \u00c9tats-Unis de 33 % en 2 ans\"}]},{\"@type\":\"WebSite\",\"@id\":\"https:\/\/www.ecinews.fr\/fr\/#website\",\"url\":\"https:\/\/www.ecinews.fr\/fr\/\",\"name\":\"EENewsEurope\",\"description\":\"Just another WordPress site\",\"publisher\":{\"@id\":\"https:\/\/www.ecinews.fr\/fr\/#organization\"},\"potentialAction\":[{\"@type\":\"SearchAction\",\"target\":{\"@type\":\"EntryPoint\",\"urlTemplate\":\"https:\/\/www.ecinews.fr\/fr\/?s={search_term_string}\"},\"query-input\":\"required name=search_term_string\"}],\"inLanguage\":\"fr-FR\"},{\"@type\":\"Organization\",\"@id\":\"https:\/\/www.ecinews.fr\/fr\/#organization\",\"name\":\"EENewsEurope\",\"url\":\"https:\/\/www.ecinews.fr\/fr\/\",\"logo\":{\"@type\":\"ImageObject\",\"inLanguage\":\"fr-FR\",\"@id\":\"https:\/\/www.ecinews.fr\/fr\/#\/schema\/logo\/image\/\",\"url\":\"https:\/\/www.ecinews.fr\/wp-content\/uploads\/2022\/02\/logo-1.jpg\",\"contentUrl\":\"https:\/\/www.ecinews.fr\/wp-content\/uploads\/2022\/02\/logo-1.jpg\",\"width\":283,\"height\":113,\"caption\":\"EENewsEurope\"},\"image\":{\"@id\":\"https:\/\/www.ecinews.fr\/fr\/#\/schema\/logo\/image\/\"}},{\"@type\":\"Person\",\"@id\":\"https:\/\/www.ecinews.fr\/fr\/#\/schema\/person\/c7104a72b466a801f257e51481de0c43\",\"name\":\"NicolasFeste\",\"image\":{\"@type\":\"ImageObject\",\"inLanguage\":\"fr-FR\",\"@id\":\"https:\/\/www.ecinews.fr\/fr\/#\/schema\/person\/image\/1ea421e7d03c1e96a9ea2bcf2705734a\",\"url\":\"https:\/\/secure.gravatar.com\/avatar\/2e187f4d96902933ba445ed6c760e11c?s=96&d=mm&r=g\",\"contentUrl\":\"https:\/\/secure.gravatar.com\/avatar\/2e187f4d96902933ba445ed6c760e11c?s=96&d=mm&r=g\",\"caption\":\"NicolasFeste\"}}]}<\/script>","yoast_head_json":{"title":"Baisse des parts de march\u00e9 de Tesla aux \u00c9tats-Unis de 33 % en...","description":"Tesla Motors a connu sa part de difficult\u00e9s en 2024 alors que l\u2019ensemble de l\u2019industrie des v\u00e9hicules \u00e9lectriques (VE) a connu un ralentissement.","robots":{"index":"index","follow":"follow","max-snippet":"max-snippet:-1","max-image-preview":"max-image-preview:large","max-video-preview":"max-video-preview:-1"},"canonical":"https:\/\/www.ecinews.fr\/fr\/wp-json\/wp\/v2\/posts\/457548\/","og_locale":"fr_FR","og_type":"article","og_title":"Baisse des parts de march\u00e9 de Tesla aux \u00c9tats-Unis de 33 % en 2 ans","og_description":"Tesla Motors a connu sa part de difficult\u00e9s en 2024 alors que l\u2019ensemble de l\u2019industrie des v\u00e9hicules \u00e9lectriques (VE) a connu un ralentissement.","og_url":"https:\/\/www.ecinews.fr\/fr\/wp-json\/wp\/v2\/posts\/457548\/","og_site_name":"EENewsEurope","article_published_time":"2024-08-06T07:30:25+00:00","article_modified_time":"2024-08-05T17:28:00+00:00","og_image":[{"width":1024,"height":682,"url":"https:\/\/www.ecinews.fr\/wp-content\/uploads\/2024\/08\/ECI4350-Baisse-des-parts-de-marche-de-Tesla-aux-Etats-Unis-de-33-en-2-ans.jpg","type":"image\/jpeg"}],"author":"NicolasFeste","twitter_card":"summary_large_image","twitter_misc":{"Written by":"NicolasFeste","Est. reading time":"2 minutes"},"schema":{"@context":"https:\/\/schema.org","@graph":[{"@type":"Article","@id":"https:\/\/www.ecinews.fr\/fr\/baisse-des-parts-de-marche-de-tesla-aux-etats-unis-de-33-en-2-ans\/#article","isPartOf":{"@id":"https:\/\/www.ecinews.fr\/fr\/baisse-des-parts-de-marche-de-tesla-aux-etats-unis-de-33-en-2-ans\/"},"author":{"name":"NicolasFeste","@id":"https:\/\/www.ecinews.fr\/fr\/#\/schema\/person\/c7104a72b466a801f257e51481de0c43"},"headline":"Baisse des parts de march\u00e9 de Tesla aux \u00c9tats-Unis de 33 % en 2 ans","datePublished":"2024-08-06T07:30:25+00:00","dateModified":"2024-08-05T17:28:00+00:00","mainEntityOfPage":{"@id":"https:\/\/www.ecinews.fr\/fr\/baisse-des-parts-de-marche-de-tesla-aux-etats-unis-de-33-en-2-ans\/"},"wordCount":493,"publisher":{"@id":"https:\/\/www.ecinews.fr\/fr\/#organization"},"keywords":["March\u00e9","V\u00e9hicules \u00e9lectriques"],"articleSection":["Actualit\u00e9s \u00e9conomiques"],"inLanguage":"fr-FR"},{"@type":"WebPage","@id":"https:\/\/www.ecinews.fr\/fr\/baisse-des-parts-de-marche-de-tesla-aux-etats-unis-de-33-en-2-ans\/","url":"https:\/\/www.ecinews.fr\/fr\/baisse-des-parts-de-marche-de-tesla-aux-etats-unis-de-33-en-2-ans\/","name":"Baisse des parts de march\u00e9 de Tesla aux \u00c9tats-Unis de 33 % en 2 ans -","isPartOf":{"@id":"https:\/\/www.ecinews.fr\/fr\/#website"},"datePublished":"2024-08-06T07:30:25+00:00","dateModified":"2024-08-05T17:28:00+00:00","description":"Tesla Motors a connu sa part de difficult\u00e9s en 2024 alors que l\u2019ensemble de l\u2019industrie des v\u00e9hicules \u00e9lectriques (VE) a connu un ralentissement.","breadcrumb":{"@id":"https:\/\/www.ecinews.fr\/fr\/baisse-des-parts-de-marche-de-tesla-aux-etats-unis-de-33-en-2-ans\/#breadcrumb"},"inLanguage":"fr-FR","potentialAction":[{"@type":"ReadAction","target":["https:\/\/www.ecinews.fr\/fr\/baisse-des-parts-de-marche-de-tesla-aux-etats-unis-de-33-en-2-ans\/"]}]},{"@type":"BreadcrumbList","@id":"https:\/\/www.ecinews.fr\/fr\/baisse-des-parts-de-marche-de-tesla-aux-etats-unis-de-33-en-2-ans\/#breadcrumb","itemListElement":[{"@type":"ListItem","position":1,"name":"Home","item":"https:\/\/www.ecinews.fr\/fr\/"},{"@type":"ListItem","position":2,"name":"Baisse des parts de march\u00e9 de Tesla aux \u00c9tats-Unis de 33 % en 2 ans"}]},{"@type":"WebSite","@id":"https:\/\/www.ecinews.fr\/fr\/#website","url":"https:\/\/www.ecinews.fr\/fr\/","name":"EENewsEurope","description":"Just another WordPress site","publisher":{"@id":"https:\/\/www.ecinews.fr\/fr\/#organization"},"potentialAction":[{"@type":"SearchAction","target":{"@type":"EntryPoint","urlTemplate":"https:\/\/www.ecinews.fr\/fr\/?s={search_term_string}"},"query-input":"required name=search_term_string"}],"inLanguage":"fr-FR"},{"@type":"Organization","@id":"https:\/\/www.ecinews.fr\/fr\/#organization","name":"EENewsEurope","url":"https:\/\/www.ecinews.fr\/fr\/","logo":{"@type":"ImageObject","inLanguage":"fr-FR","@id":"https:\/\/www.ecinews.fr\/fr\/#\/schema\/logo\/image\/","url":"https:\/\/www.ecinews.fr\/wp-content\/uploads\/2022\/02\/logo-1.jpg","contentUrl":"https:\/\/www.ecinews.fr\/wp-content\/uploads\/2022\/02\/logo-1.jpg","width":283,"height":113,"caption":"EENewsEurope"},"image":{"@id":"https:\/\/www.ecinews.fr\/fr\/#\/schema\/logo\/image\/"}},{"@type":"Person","@id":"https:\/\/www.ecinews.fr\/fr\/#\/schema\/person\/c7104a72b466a801f257e51481de0c43","name":"NicolasFeste","image":{"@type":"ImageObject","inLanguage":"fr-FR","@id":"https:\/\/www.ecinews.fr\/fr\/#\/schema\/person\/image\/1ea421e7d03c1e96a9ea2bcf2705734a","url":"https:\/\/secure.gravatar.com\/avatar\/2e187f4d96902933ba445ed6c760e11c?s=96&d=mm&r=g","contentUrl":"https:\/\/secure.gravatar.com\/avatar\/2e187f4d96902933ba445ed6c760e11c?s=96&d=mm&r=g","caption":"NicolasFeste"}}]}},"authors":[{"term_id":6113,"user_id":39,"is_guest":0,"slug":"nicolasfeste","display_name":"NicolasFeste","avatar_url":"https:\/\/secure.gravatar.com\/avatar\/2e187f4d96902933ba445ed6c760e11c?s=96&d=mm&r=g","0":null,"1":"","2":"","3":"","4":"","5":"","6":"","7":"","8":""}],"_links":{"self":[{"href":"https:\/\/www.ecinews.fr\/fr\/wp-json\/wp\/v2\/posts\/457548"}],"collection":[{"href":"https:\/\/www.ecinews.fr\/fr\/wp-json\/wp\/v2\/posts"}],"about":[{"href":"https:\/\/www.ecinews.fr\/fr\/wp-json\/wp\/v2\/types\/post"}],"author":[{"embeddable":true,"href":"https:\/\/www.ecinews.fr\/fr\/wp-json\/wp\/v2\/users\/39"}],"replies":[{"embeddable":true,"href":"https:\/\/www.ecinews.fr\/fr\/wp-json\/wp\/v2\/comments?post=457548"}],"version-history":[{"count":0,"href":"https:\/\/www.ecinews.fr\/fr\/wp-json\/wp\/v2\/posts\/457548\/revisions"}],"wp:featuredmedia":[{"embeddable":true,"href":"https:\/\/www.ecinews.fr\/fr\/wp-json\/wp\/v2\/media\/457579"}],"wp:attachment":[{"href":"https:\/\/www.ecinews.fr\/fr\/wp-json\/wp\/v2\/media?parent=457548"}],"wp:term":[{"taxonomy":"category","embeddable":true,"href":"https:\/\/www.ecinews.fr\/fr\/wp-json\/wp\/v2\/categories?post=457548"},{"taxonomy":"post_tag","embeddable":true,"href":"https:\/\/www.ecinews.fr\/fr\/wp-json\/wp\/v2\/tags?post=457548"},{"taxonomy":"domains","embeddable":true,"href":"https:\/\/www.ecinews.fr\/fr\/wp-json\/wp\/v2\/domains?post=457548"},{"taxonomy":"author","embeddable":true,"href":"https:\/\/www.ecinews.fr\/fr\/wp-json\/wp\/v2\/ppma_author?post=457548"}],"curies":[{"name":"wp","href":"https:\/\/api.w.org\/{rel}","templated":true}]}}