{"id":457442,"date":"2024-08-02T11:17:40","date_gmt":"2024-08-02T09:17:40","guid":{"rendered":"https:\/\/www.eenewseurope.com\/?p=457442"},"modified":"2024-08-02T11:17:40","modified_gmt":"2024-08-02T09:17:40","slug":"intel-supprime-15000-emplois-et-des-investissements","status":"publish","type":"post","link":"https:\/\/www.ecinews.fr\/fr\/intel-supprime-15000-emplois-et-des-investissements\/","title":{"rendered":"Intel supprime 15000 emplois et des investissements"},"content":{"rendered":"<h3>Intel s&rsquo;appr\u00eate \u00e0 supprimer 15 000 emplois et \u00e0 revoir \u00e0 la baisse ses plans d&rsquo;investissement dans les \u00e9quipements et les usines de semi-conducteurs, alors qu&rsquo;elle s&rsquo;efforce de cro\u00eetre dans le contexte actuel de ralentissement \u00e9conomique.<\/h3>\n<p>Intel met en \u0153uvre une r\u00e9duction globale de ses d\u00e9penses, y compris une r\u00e9duction de plus de 15 % de ses effectifs, afin de se redimensionner et de se recentrer apr\u00e8s ce qu&rsquo;elle appelle des r\u00e9sultats d\u00e9cevants au deuxi\u00e8me trimestre.<\/p>\n<p>L&rsquo;entreprise affirme que la fin de son parcours de cinq n\u0153uds de process en quatre ans est en vue et qu&rsquo;elle se concentre donc sur l&rsquo;efficacit\u00e9 du capital et les niveaux d&rsquo;investissement align\u00e9s sur les exigences du march\u00e9, qui ont \u00e9t\u00e9 plus faibles que pr\u00e9vu.<\/p>\n<p>Cela r\u00e9duira les d\u00e9penses brutes en 2024 de plus de 20 %, soit 10 milliards de dollars, par rapport aux projections ant\u00e9rieures, pour les ramener entre 25 et 27 milliards de dollars, tandis que les d\u00e9penses nettes s&rsquo;\u00e9l\u00e8veront \u00e0 entre 11 et 13 milliards de dollars. Les chiffres pour 2025 sont respectivement de 20 \u00e0 23 milliards de dollars et de 12 \u00e0 14 milliards de dollars.<\/p>\n<p>Les premiers composants fabriqu\u00e9s sur la technologie de process 18A, les processeurs clients et serveurs Panther Lake et Clearwater Forest, ont \u00e9t\u00e9 mis en marche, et le kit de conception de processus (PDK) 1.0 a \u00e9galement \u00e9t\u00e9 publi\u00e9.<\/p>\n<p>Les composants 18A seront lanc\u00e9s l&rsquo;ann\u00e9e prochaine pour concurrencer les composants fabriqu\u00e9s avec la technologie de process 2nm de TSMC, et le <a href=\"https:\/\/www.eenewseurope.com\/en\/intel-looks-to-14a-process-in-2026\/\">process 14A<\/a> est pr\u00e9vu pour 2026.<\/p>\n<p>Le chiffre d&rsquo;affaires d&rsquo;Intel au deuxi\u00e8me trimestre s&rsquo;est \u00e9lev\u00e9 \u00e0 12,8 milliards de dollars, soit une baisse de 1 % d&rsquo;une ann\u00e9e sur l&rsquo;autre et un niveau \u00e9quivalent \u00e0 celui du trimestre pr\u00e9c\u00e9dent (12,8 milliards de dollars), avec une pr\u00e9vision de 12,5 \u00e0 13,5 milliards de dollars pour le prochain trimestre. Ces pr\u00e9visions interviennent alors que les <a href=\"https:\/\/www.eenewseurope.com\/en\/has-the-semiconductor-industry-turned-the-corner\/\">soci\u00e9t\u00e9s de semi-conducteurs<\/a> et les <a href=\"https:\/\/www.eenewseurope.com\/en\/arrow-puts-on-a-brave-face-on-24-fall-in-q2\/\">distributeurs<\/a> annoncent des r\u00e9sultats m\u00e9diocres, mais voient la fin du ralentissement actuel de l&rsquo;industrie \u00e0 mesure que les stocks sont r\u00e9sorb\u00e9s.<\/p>\n<p>L&rsquo;entreprise suspend \u00e9galement son dividende \u00e0 partir du quatri\u00e8me trimestre 2024, signe des difficult\u00e9s financi\u00e8res qui avaient conduit \u00e0 la <a href=\"https:\/\/www.eenewseurope.com\/en\/intel-sells-off-half-its-irish-fab-for-11bn\/\">vente<\/a> d&rsquo;une part de sa <a href=\"https:\/\/www.eenewseurope.com\/en\/intel-sells-off-half-its-irish-fab-for-11bn\/\">premi\u00e8re usine irlandaise<\/a>.<\/p>\n<blockquote class=\"wp-embedded-content\" data-secret=\"QcOLLw2iIX\"><p><a href=\"https:\/\/www.eenewseurope.com\/en\/intel-drops-to-rank-third-amongst-chip-firms-in-1q24\/\">Intel drops to rank third amongst chip firms in 1Q24<\/a><\/p><\/blockquote>\n<p><iframe class=\"wp-embedded-content lazyload\" sandbox=\"allow-scripts\" security=\"restricted\" style=\"position: absolute; visibility: hidden;\" title=\"&#8220;Intel drops to rank third amongst chip firms in 1Q24&#8221; &#8212; eeNews Europe\" data-src=\"https:\/\/www.eenewseurope.com\/en\/intel-drops-to-rank-third-amongst-chip-firms-in-1q24\/embed\/#?secret=AuYi6ItoB9#?secret=QcOLLw2iIX\" data-secret=\"QcOLLw2iIX\" width=\"500\" height=\"282\" frameborder=\"0\" marginwidth=\"0\" marginheight=\"0\" scrolling=\"no\" src=\"data:image\/svg+xml;base64,PHN2ZyB3aWR0aD0iMSIgaGVpZ2h0PSIxIiB4bWxucz0iaHR0cDovL3d3dy53My5vcmcvMjAwMC9zdmciPjwvc3ZnPg==\" data-load-mode=\"1\"><\/iframe><\/p>\n<p>\u00ab\u00a0Notre performance financi\u00e8re au deuxi\u00e8me trimestre a \u00e9t\u00e9 d\u00e9cevante, m\u00eame si nous avons franchi des \u00e9tapes cl\u00e9s en mati\u00e8re de technologie des produits et des process\u00a0\u00bb, a d\u00e9clar\u00e9 Pat Gelsinger, PDG d&rsquo;Intel. \u00ab\u00a0Les tendances du deuxi\u00e8me semestre sont plus difficiles que nous ne l&rsquo;avions pr\u00e9vu, et nous tirons parti de notre nouveau mod\u00e8le d&rsquo;exploitation pour prendre des mesures d\u00e9cisives qui am\u00e9lioreront l&rsquo;efficacit\u00e9 de l&rsquo;exploitation et du capital tout en acc\u00e9l\u00e9rant notre transformation IDM 2.0. Ces actions, combin\u00e9es au lancement de l&rsquo;Intel 18A l&rsquo;ann\u00e9e prochaine pour reprendre la t\u00eate de la technologie des process, renforceront notre position sur le march\u00e9, am\u00e9lioreront notre rentabilit\u00e9 et cr\u00e9eront de la valeur pour les actionnaires.\u00a0\u00bb<\/p>\n<p>\u00ab\u00a0Les r\u00e9sultats du deuxi\u00e8me trimestre ont \u00e9t\u00e9 affect\u00e9s par des vents contraires sur la marge brute dus \u00e0 la mont\u00e9e en puissance acc\u00e9l\u00e9r\u00e9e de notre produit AI PC, par des charges plus \u00e9lev\u00e9es que d&rsquo;habitude li\u00e9es \u00e0 des activit\u00e9s non essentielles et par l&rsquo;impact de capacit\u00e9s inutilis\u00e9es\u00a0\u00bb, a d\u00e9clar\u00e9 David Zinsner, directeur financier d&rsquo;Intel. \u00ab\u00a0En mettant en \u0153uvre nos r\u00e9ductions de d\u00e9penses, nous prenons des mesures proactives pour am\u00e9liorer nos b\u00e9n\u00e9fices et renforcer notre bilan. Nous nous attendons \u00e0 ce que ces actions am\u00e9liorent de mani\u00e8re significative les liquidit\u00e9s et r\u00e9duisent le solde de notre dette, tout en nous permettant de faire les bons investissements pour g\u00e9n\u00e9rer de la valeur \u00e0 long terme pour les actionnaires.\u00a0\u00bb<\/p>\n<p>Les r\u00e9ductions d&rsquo;effectifs et de R&amp;D visent \u00e0 \u00e9conomiser 20 milliards de dollars en 2024 et 17,5 milliards de dollars en 2025, d&rsquo;autres r\u00e9ductions \u00e9tant pr\u00e9vues en 2026.<\/p>\n<p><a href=\"http:\/\/www.intel.com\">www.intel.com<\/a><\/p>\n","protected":false},"excerpt":{"rendered":"<p>Intel s&rsquo;appr\u00eate \u00e0 supprimer 15 000 emplois et \u00e0 revoir \u00e0 la baisse ses plans d&rsquo;investissement dans les \u00e9quipements et les usines de semi-conducteurs, alors qu&rsquo;elle s&rsquo;efforce de cro\u00eetre dans le contexte actuel de ralentissement \u00e9conomique. Intel met en \u0153uvre une r\u00e9duction globale de ses d\u00e9penses, y compris une r\u00e9duction de plus de 15 % [&hellip;]<\/p>\n","protected":false},"author":40,"featured_media":457436,"comment_status":"closed","ping_status":"closed","sticky":false,"template":"","format":"standard","meta":{"_acf_changed":false,"footnotes":""},"categories":[880],"tags":[2721,913,906,1558],"domains":[47],"ppma_author":[3640,6199],"class_list":["post-457442","post","type-post","status-publish","format-standard","has-post-thumbnail","hentry","category-actualites-economiques","tag-intel-fr","tag-materials-processes-fr","tag-mpus-mcus-fr","tag-semiconducteurs","domains-electronique-eci"],"acf":[],"yoast_head":"<title>Intel supprime 15000 emplois et des investissements ...<\/title>\n<meta name=\"description\" content=\"Intel supprime 15 000 emplois et investit dans des usines et des \u00e9quipements afin de se redimensionner et de se recentrer.\" \/>\n<meta name=\"robots\" content=\"index, follow, max-snippet:-1, max-image-preview:large, max-video-preview:-1\" \/>\n<link rel=\"canonical\" href=\"https:\/\/www.ecinews.fr\/fr\/wp-json\/wp\/v2\/posts\/457442\/\" \/>\n<meta property=\"og:locale\" content=\"fr_FR\" \/>\n<meta property=\"og:type\" content=\"article\" \/>\n<meta property=\"og:title\" content=\"Intel supprime 15000 emplois et des investissements\" \/>\n<meta property=\"og:description\" content=\"Intel supprime 15 000 emplois et investit dans des usines et des \u00e9quipements afin de se redimensionner et de se recentrer.\" \/>\n<meta property=\"og:url\" content=\"https:\/\/www.ecinews.fr\/fr\/wp-json\/wp\/v2\/posts\/457442\/\" \/>\n<meta property=\"og:site_name\" content=\"EENewsEurope\" \/>\n<meta property=\"article:published_time\" content=\"2024-08-02T09:17:40+00:00\" \/>\n<meta property=\"og:image\" content=\"https:\/\/www.ecinews.fr\/wp-content\/uploads\/2024\/08\/artist-site-rendering-intel-germany-main.jpg\" \/>\n\t<meta property=\"og:image:width\" content=\"864\" \/>\n\t<meta property=\"og:image:height\" content=\"486\" \/>\n\t<meta property=\"og:image:type\" content=\"image\/jpeg\" \/>\n<meta name=\"author\" content=\"Nick Flaherty, A Delapalisse\" \/>\n<meta name=\"twitter:card\" content=\"summary_large_image\" \/>\n<meta name=\"twitter:label1\" content=\"Written by\" \/>\n\t<meta name=\"twitter:data1\" content=\"A Delapalisse\" \/>\n\t<meta name=\"twitter:label2\" content=\"Est. reading time\" \/>\n\t<meta name=\"twitter:data2\" content=\"3 minutes\" \/>\n<script type=\"application\/ld+json\" class=\"yoast-schema-graph\">{\"@context\":\"https:\/\/schema.org\",\"@graph\":[{\"@type\":\"Article\",\"@id\":\"https:\/\/www.ecinews.fr\/fr\/intel-supprime-15000-emplois-et-des-investissements\/#article\",\"isPartOf\":{\"@id\":\"https:\/\/www.ecinews.fr\/fr\/intel-supprime-15000-emplois-et-des-investissements\/\"},\"author\":{\"name\":\"A Delapalisse\",\"@id\":\"https:\/\/www.eenewseurope.com\/en\/#\/schema\/person\/4b3db5ba5c953c5fddeb226df86d8635\"},\"headline\":\"Intel supprime 15000 emplois et des investissements\",\"datePublished\":\"2024-08-02T09:17:40+00:00\",\"dateModified\":\"2024-08-02T09:17:40+00:00\",\"mainEntityOfPage\":{\"@id\":\"https:\/\/www.ecinews.fr\/fr\/intel-supprime-15000-emplois-et-des-investissements\/\"},\"wordCount\":703,\"publisher\":{\"@id\":\"https:\/\/www.eenewseurope.com\/en\/#organization\"},\"keywords\":[\"Intel\",\"Materials &amp; processes\",\"MPUs\/MCUs\",\"Semiconducteurs\"],\"articleSection\":[\"Actualit\u00e9s \u00e9conomiques\"],\"inLanguage\":\"fr-FR\"},{\"@type\":\"WebPage\",\"@id\":\"https:\/\/www.ecinews.fr\/fr\/intel-supprime-15000-emplois-et-des-investissements\/\",\"url\":\"https:\/\/www.ecinews.fr\/fr\/intel-supprime-15000-emplois-et-des-investissements\/\",\"name\":\"Intel supprime 15000 emplois et des investissements -\",\"isPartOf\":{\"@id\":\"https:\/\/www.eenewseurope.com\/en\/#website\"},\"datePublished\":\"2024-08-02T09:17:40+00:00\",\"dateModified\":\"2024-08-02T09:17:40+00:00\",\"description\":\"Intel supprime 15 000 emplois et investit dans des usines et des \u00e9quipements afin de se redimensionner et de se recentrer.\",\"breadcrumb\":{\"@id\":\"https:\/\/www.ecinews.fr\/fr\/intel-supprime-15000-emplois-et-des-investissements\/#breadcrumb\"},\"inLanguage\":\"fr-FR\",\"potentialAction\":[{\"@type\":\"ReadAction\",\"target\":[\"https:\/\/www.ecinews.fr\/fr\/intel-supprime-15000-emplois-et-des-investissements\/\"]}]},{\"@type\":\"BreadcrumbList\",\"@id\":\"https:\/\/www.ecinews.fr\/fr\/intel-supprime-15000-emplois-et-des-investissements\/#breadcrumb\",\"itemListElement\":[{\"@type\":\"ListItem\",\"position\":1,\"name\":\"Home\",\"item\":\"https:\/\/www.ecinews.fr\/fr\/\"},{\"@type\":\"ListItem\",\"position\":2,\"name\":\"Intel supprime 15000 emplois et des investissements\"}]},{\"@type\":\"WebSite\",\"@id\":\"https:\/\/www.eenewseurope.com\/en\/#website\",\"url\":\"https:\/\/www.eenewseurope.com\/en\/\",\"name\":\"EENewsEurope\",\"description\":\"Just another WordPress site\",\"publisher\":{\"@id\":\"https:\/\/www.eenewseurope.com\/en\/#organization\"},\"potentialAction\":[{\"@type\":\"SearchAction\",\"target\":{\"@type\":\"EntryPoint\",\"urlTemplate\":\"https:\/\/www.eenewseurope.com\/en\/?s={search_term_string}\"},\"query-input\":\"required name=search_term_string\"}],\"inLanguage\":\"fr-FR\"},{\"@type\":\"Organization\",\"@id\":\"https:\/\/www.eenewseurope.com\/en\/#organization\",\"name\":\"EENewsEurope\",\"url\":\"https:\/\/www.eenewseurope.com\/en\/\",\"logo\":{\"@type\":\"ImageObject\",\"inLanguage\":\"fr-FR\",\"@id\":\"https:\/\/www.eenewseurope.com\/en\/#\/schema\/logo\/image\/\",\"url\":\"https:\/\/www.ecinews.fr\/wp-content\/uploads\/2022\/02\/logo-1.jpg\",\"contentUrl\":\"https:\/\/www.ecinews.fr\/wp-content\/uploads\/2022\/02\/logo-1.jpg\",\"width\":283,\"height\":113,\"caption\":\"EENewsEurope\"},\"image\":{\"@id\":\"https:\/\/www.eenewseurope.com\/en\/#\/schema\/logo\/image\/\"}},{\"@type\":\"Person\",\"@id\":\"https:\/\/www.eenewseurope.com\/en\/#\/schema\/person\/4b3db5ba5c953c5fddeb226df86d8635\",\"name\":\"A Delapalisse\",\"image\":{\"@type\":\"ImageObject\",\"inLanguage\":\"fr-FR\",\"@id\":\"https:\/\/www.eenewseurope.com\/en\/#\/schema\/person\/image\/09af0e1236b95ff53924b8dfe5af278e\",\"url\":\"https:\/\/secure.gravatar.com\/avatar\/010f811c0933b47aea7e9204117b17c6?s=96&d=mm&r=g\",\"contentUrl\":\"https:\/\/secure.gravatar.com\/avatar\/010f811c0933b47aea7e9204117b17c6?s=96&d=mm&r=g\",\"caption\":\"A Delapalisse\"}}]}<\/script>","yoast_head_json":{"title":"Intel supprime 15000 emplois et des investissements ...","description":"Intel supprime 15 000 emplois et investit dans des usines et des \u00e9quipements afin de se redimensionner et de se recentrer.","robots":{"index":"index","follow":"follow","max-snippet":"max-snippet:-1","max-image-preview":"max-image-preview:large","max-video-preview":"max-video-preview:-1"},"canonical":"https:\/\/www.ecinews.fr\/fr\/wp-json\/wp\/v2\/posts\/457442\/","og_locale":"fr_FR","og_type":"article","og_title":"Intel supprime 15000 emplois et des investissements","og_description":"Intel supprime 15 000 emplois et investit dans des usines et des \u00e9quipements afin de se redimensionner et de se recentrer.","og_url":"https:\/\/www.ecinews.fr\/fr\/wp-json\/wp\/v2\/posts\/457442\/","og_site_name":"EENewsEurope","article_published_time":"2024-08-02T09:17:40+00:00","og_image":[{"width":864,"height":486,"url":"https:\/\/www.ecinews.fr\/wp-content\/uploads\/2024\/08\/artist-site-rendering-intel-germany-main.jpg","type":"image\/jpeg"}],"author":"Nick Flaherty, A Delapalisse","twitter_card":"summary_large_image","twitter_misc":{"Written by":"A Delapalisse","Est. reading time":"3 minutes"},"schema":{"@context":"https:\/\/schema.org","@graph":[{"@type":"Article","@id":"https:\/\/www.ecinews.fr\/fr\/intel-supprime-15000-emplois-et-des-investissements\/#article","isPartOf":{"@id":"https:\/\/www.ecinews.fr\/fr\/intel-supprime-15000-emplois-et-des-investissements\/"},"author":{"name":"A Delapalisse","@id":"https:\/\/www.eenewseurope.com\/en\/#\/schema\/person\/4b3db5ba5c953c5fddeb226df86d8635"},"headline":"Intel supprime 15000 emplois et des investissements","datePublished":"2024-08-02T09:17:40+00:00","dateModified":"2024-08-02T09:17:40+00:00","mainEntityOfPage":{"@id":"https:\/\/www.ecinews.fr\/fr\/intel-supprime-15000-emplois-et-des-investissements\/"},"wordCount":703,"publisher":{"@id":"https:\/\/www.eenewseurope.com\/en\/#organization"},"keywords":["Intel","Materials &amp; processes","MPUs\/MCUs","Semiconducteurs"],"articleSection":["Actualit\u00e9s \u00e9conomiques"],"inLanguage":"fr-FR"},{"@type":"WebPage","@id":"https:\/\/www.ecinews.fr\/fr\/intel-supprime-15000-emplois-et-des-investissements\/","url":"https:\/\/www.ecinews.fr\/fr\/intel-supprime-15000-emplois-et-des-investissements\/","name":"Intel supprime 15000 emplois et des investissements -","isPartOf":{"@id":"https:\/\/www.eenewseurope.com\/en\/#website"},"datePublished":"2024-08-02T09:17:40+00:00","dateModified":"2024-08-02T09:17:40+00:00","description":"Intel supprime 15 000 emplois et investit dans des usines et des \u00e9quipements afin de se redimensionner et de se recentrer.","breadcrumb":{"@id":"https:\/\/www.ecinews.fr\/fr\/intel-supprime-15000-emplois-et-des-investissements\/#breadcrumb"},"inLanguage":"fr-FR","potentialAction":[{"@type":"ReadAction","target":["https:\/\/www.ecinews.fr\/fr\/intel-supprime-15000-emplois-et-des-investissements\/"]}]},{"@type":"BreadcrumbList","@id":"https:\/\/www.ecinews.fr\/fr\/intel-supprime-15000-emplois-et-des-investissements\/#breadcrumb","itemListElement":[{"@type":"ListItem","position":1,"name":"Home","item":"https:\/\/www.ecinews.fr\/fr\/"},{"@type":"ListItem","position":2,"name":"Intel supprime 15000 emplois et des investissements"}]},{"@type":"WebSite","@id":"https:\/\/www.eenewseurope.com\/en\/#website","url":"https:\/\/www.eenewseurope.com\/en\/","name":"EENewsEurope","description":"Just another WordPress site","publisher":{"@id":"https:\/\/www.eenewseurope.com\/en\/#organization"},"potentialAction":[{"@type":"SearchAction","target":{"@type":"EntryPoint","urlTemplate":"https:\/\/www.eenewseurope.com\/en\/?s={search_term_string}"},"query-input":"required name=search_term_string"}],"inLanguage":"fr-FR"},{"@type":"Organization","@id":"https:\/\/www.eenewseurope.com\/en\/#organization","name":"EENewsEurope","url":"https:\/\/www.eenewseurope.com\/en\/","logo":{"@type":"ImageObject","inLanguage":"fr-FR","@id":"https:\/\/www.eenewseurope.com\/en\/#\/schema\/logo\/image\/","url":"https:\/\/www.ecinews.fr\/wp-content\/uploads\/2022\/02\/logo-1.jpg","contentUrl":"https:\/\/www.ecinews.fr\/wp-content\/uploads\/2022\/02\/logo-1.jpg","width":283,"height":113,"caption":"EENewsEurope"},"image":{"@id":"https:\/\/www.eenewseurope.com\/en\/#\/schema\/logo\/image\/"}},{"@type":"Person","@id":"https:\/\/www.eenewseurope.com\/en\/#\/schema\/person\/4b3db5ba5c953c5fddeb226df86d8635","name":"A Delapalisse","image":{"@type":"ImageObject","inLanguage":"fr-FR","@id":"https:\/\/www.eenewseurope.com\/en\/#\/schema\/person\/image\/09af0e1236b95ff53924b8dfe5af278e","url":"https:\/\/secure.gravatar.com\/avatar\/010f811c0933b47aea7e9204117b17c6?s=96&d=mm&r=g","contentUrl":"https:\/\/secure.gravatar.com\/avatar\/010f811c0933b47aea7e9204117b17c6?s=96&d=mm&r=g","caption":"A Delapalisse"}}]}},"authors":[{"term_id":3640,"user_id":0,"is_guest":1,"slug":"nick-flaherty","display_name":"Nick Flaherty","avatar_url":"https:\/\/secure.gravatar.com\/avatar\/?s=96&d=mm&r=g","0":null,"1":"","2":"","3":"","4":"","5":"","6":"","7":"","8":""},{"term_id":6199,"user_id":40,"is_guest":0,"slug":"andre-rousselotemisys-com","display_name":"A Delapalisse","avatar_url":"https:\/\/secure.gravatar.com\/avatar\/010f811c0933b47aea7e9204117b17c6?s=96&d=mm&r=g","0":null,"1":"","2":"","3":"","4":"","5":"","6":"","7":"","8":""}],"_links":{"self":[{"href":"https:\/\/www.ecinews.fr\/fr\/wp-json\/wp\/v2\/posts\/457442"}],"collection":[{"href":"https:\/\/www.ecinews.fr\/fr\/wp-json\/wp\/v2\/posts"}],"about":[{"href":"https:\/\/www.ecinews.fr\/fr\/wp-json\/wp\/v2\/types\/post"}],"author":[{"embeddable":true,"href":"https:\/\/www.ecinews.fr\/fr\/wp-json\/wp\/v2\/users\/40"}],"replies":[{"embeddable":true,"href":"https:\/\/www.ecinews.fr\/fr\/wp-json\/wp\/v2\/comments?post=457442"}],"version-history":[{"count":0,"href":"https:\/\/www.ecinews.fr\/fr\/wp-json\/wp\/v2\/posts\/457442\/revisions"}],"wp:featuredmedia":[{"embeddable":true,"href":"https:\/\/www.ecinews.fr\/fr\/wp-json\/wp\/v2\/media\/457436"}],"wp:attachment":[{"href":"https:\/\/www.ecinews.fr\/fr\/wp-json\/wp\/v2\/media?parent=457442"}],"wp:term":[{"taxonomy":"category","embeddable":true,"href":"https:\/\/www.ecinews.fr\/fr\/wp-json\/wp\/v2\/categories?post=457442"},{"taxonomy":"post_tag","embeddable":true,"href":"https:\/\/www.ecinews.fr\/fr\/wp-json\/wp\/v2\/tags?post=457442"},{"taxonomy":"domains","embeddable":true,"href":"https:\/\/www.ecinews.fr\/fr\/wp-json\/wp\/v2\/domains?post=457442"},{"taxonomy":"author","embeddable":true,"href":"https:\/\/www.ecinews.fr\/fr\/wp-json\/wp\/v2\/ppma_author?post=457442"}],"curies":[{"name":"wp","href":"https:\/\/api.w.org\/{rel}","templated":true}]}}