{"id":457364,"date":"2024-08-01T12:45:12","date_gmt":"2024-08-01T10:45:12","guid":{"rendered":"https:\/\/www.eenewseurope.com\/?p=457364"},"modified":"2024-08-01T16:07:44","modified_gmt":"2024-08-01T14:07:44","slug":"leurope-lance-des-usines-dia","status":"publish","type":"post","link":"https:\/\/www.ecinews.fr\/fr\/leurope-lance-des-usines-dia\/","title":{"rendered":"L&rsquo;Europe lance des \u00ab\u00a0usines d&rsquo;IA"},"content":{"rendered":"<h2>L&rsquo;organisme europ\u00e9en de supercalculateurs a officiellement ajout\u00e9 un nouveau pilier \u00e0 sa strat\u00e9gie : d\u00e9velopper et exploiter des usines d&rsquo;IA pour favoriser un \u00e9cosyst\u00e8me europ\u00e9en de l&rsquo;IA \u00ab\u00a0plus comp\u00e9titif et plus innovant\u00a0\u00bb.<\/h2>\n<p><a href=\"https:\/\/www.theregister.com\/2024\/07\/30\/europe_ai_factories\/\">Extrait de The Register<\/a><\/p>\n<p style=\"padding-left: 40px;\"><em>Le comit\u00e9 directeur de l&rsquo;entreprise commune europ\u00e9enne pour le calcul \u00e0 haute performance (EuroHPC JU) s&rsquo;est r\u00e9uni \u00e0 la fin de la semaine derni\u00e8re pour modifier son programme de travail afin d&rsquo;y inclure l&rsquo;objectif AI Factories.<\/em><\/p>\n<p style=\"padding-left: 40px;\"><em>Cette d\u00e9cision fait suite \u00e0 l&rsquo;entr\u00e9e en vigueur du r\u00e8glement 2024\/1732 de l&rsquo;UE, qui a \u00e9largi le mandat de l&rsquo;EC EuroHPC \u00e0 l&rsquo;acquisition et \u00e0 l&rsquo;exploitation de supercalculateurs d\u00e9di\u00e9s et optimis\u00e9s pour l&rsquo;IA afin de servir un large \u00e9ventail d&rsquo;utilisateurs, notamment les startups, les petites et moyennes entreprises (PME), l&rsquo;industrie, le monde universitaire et le secteur public.<\/em><\/p>\n<p style=\"padding-left: 40px;\"><em>Elle fait \u00e9galement suite \u00e0 une d\u00e9cision ant\u00e9rieure de la Commission europ\u00e9enne selon laquelle un soutien accru est n\u00e9cessaire pour une recherche et une innovation \u00ab\u00a0responsables\u00a0\u00bb dans le domaine de l&rsquo;IA au sein de la r\u00e9gion, afin de mettre la capacit\u00e9 HPC de l&rsquo;Union \u00e0 la disposition des startups et d&rsquo;autres acteurs, en fournissant des ressources d&rsquo;IA \u00ab\u00a0dignes de confiance\u00a0\u00bb pour l&rsquo;entra\u00eenement de leurs mod\u00e8les.<\/em><\/p>\n<p style=\"padding-left: 40px;\"><em>Selon la Commission, les usines d&rsquo;IA sont envisag\u00e9es comme des \u00ab\u00a0\u00e9cosyst\u00e8mes dynamiques\u00a0\u00bb qui rassemblent tous les ingr\u00e9dients n\u00e9cessaires &#8211; puissance de calcul, donn\u00e9es et talents &#8211; pour cr\u00e9er des mod\u00e8les d&rsquo;IA g\u00e9n\u00e9rative de pointe, de sorte qu&rsquo;il ne s&rsquo;agit pas simplement de mettre un superordinateur \u00e0 disposition et de dire aux gens de s&rsquo;y mettre.<\/em><\/p>\n<p style=\"padding-left: 40px;\"><em>L&rsquo;objectif ultime de ces usines d&rsquo;IA est qu&rsquo;elles servent de centres capables de faire progresser l&rsquo;IA dans divers domaines cl\u00e9s, de la sant\u00e9 \u00e0 l&rsquo;\u00e9nergie, en passant par la fabrication et la m\u00e9t\u00e9orologie, a indiqu\u00e9 la Commission.<\/em><\/p>\n","protected":false},"excerpt":{"rendered":"<p>L&rsquo;organisme europ\u00e9en de supercalculateurs a officiellement ajout\u00e9 un nouveau pilier \u00e0 sa strat\u00e9gie : d\u00e9velopper et exploiter des usines d&rsquo;IA pour favoriser un \u00e9cosyst\u00e8me europ\u00e9en de l&rsquo;IA \u00ab\u00a0plus comp\u00e9titif et plus innovant\u00a0\u00bb. Extrait de The Register Le comit\u00e9 directeur de l&rsquo;entreprise commune europ\u00e9enne pour le calcul \u00e0 haute performance (EuroHPC JU) s&rsquo;est r\u00e9uni \u00e0 la [&hellip;]<\/p>\n","protected":false},"author":7,"featured_media":457323,"comment_status":"closed","ping_status":"closed","sticky":false,"template":"","format":"standard","meta":{"_acf_changed":false,"footnotes":""},"categories":[3669],"tags":[3544,5127,2198],"domains":[47],"ppma_author":[1139,1153],"class_list":["post-457364","post","type-post","status-publish","format-standard","has-post-thumbnail","hentry","category-nouvelles","tag-europe","tag-hpc-fr","tag-ia","domains-electronique-eci"],"acf":[],"yoast_head":"<title>L&#039;Europe lance des &quot;usines d&#039;IA ...<\/title>\n<meta name=\"description\" content=\"L&#039;organisme europ\u00e9en de supercalculateurs a ajout\u00e9 un nouveau pilier \u00e0 sa strat\u00e9gie : le d\u00e9veloppement et l&#039;exploitation d&#039;usines d&#039;IA\" \/>\n<meta name=\"robots\" content=\"index, follow, max-snippet:-1, max-image-preview:large, max-video-preview:-1\" \/>\n<link rel=\"canonical\" href=\"https:\/\/www.ecinews.fr\/fr\/wp-json\/wp\/v2\/posts\/457364\/\" \/>\n<meta property=\"og:locale\" content=\"fr_FR\" \/>\n<meta property=\"og:type\" content=\"article\" \/>\n<meta property=\"og:title\" content=\"L&#039;Europe lance des &quot;usines d&#039;IA\" \/>\n<meta property=\"og:description\" content=\"L&#039;organisme europ\u00e9en de supercalculateurs a ajout\u00e9 un nouveau pilier \u00e0 sa strat\u00e9gie : le d\u00e9veloppement et l&#039;exploitation d&#039;usines d&#039;IA\" \/>\n<meta property=\"og:url\" content=\"https:\/\/www.ecinews.fr\/fr\/wp-json\/wp\/v2\/posts\/457364\/\" \/>\n<meta property=\"og:site_name\" content=\"EENewsEurope\" \/>\n<meta property=\"article:published_time\" content=\"2024-08-01T10:45:12+00:00\" \/>\n<meta property=\"article:modified_time\" content=\"2024-08-01T14:07:44+00:00\" \/>\n<meta property=\"og:image\" content=\"https:\/\/www.ecinews.fr\/wp-content\/uploads\/2024\/07\/Screen-Shot-2024-07-31-at-19.59.51.png\" \/>\n\t<meta property=\"og:image:width\" content=\"684\" \/>\n\t<meta property=\"og:image:height\" content=\"354\" \/>\n\t<meta property=\"og:image:type\" content=\"image\/png\" \/>\n<meta name=\"author\" content=\"Wisse Hettinga, A Delapalisse\" \/>\n<meta name=\"twitter:card\" content=\"summary_large_image\" \/>\n<meta name=\"twitter:label1\" content=\"Written by\" \/>\n\t<meta name=\"twitter:data1\" content=\"Wisse Hettinga\" \/>\n\t<meta name=\"twitter:label2\" content=\"Est. reading time\" \/>\n\t<meta name=\"twitter:data2\" content=\"2 minutes\" \/>\n<script type=\"application\/ld+json\" class=\"yoast-schema-graph\">{\"@context\":\"https:\/\/schema.org\",\"@graph\":[{\"@type\":\"Article\",\"@id\":\"https:\/\/www.ecinews.fr\/fr\/leurope-lance-des-usines-dia\/#article\",\"isPartOf\":{\"@id\":\"https:\/\/www.ecinews.fr\/fr\/leurope-lance-des-usines-dia\/\"},\"author\":{\"name\":\"Wisse Hettinga\",\"@id\":\"https:\/\/www.ecinews.fr\/fr\/#\/schema\/person\/c6b626c6c65f5e1e7794ce2d17b2ca82\"},\"headline\":\"L&rsquo;Europe lance des \u00ab\u00a0usines d&rsquo;IA\",\"datePublished\":\"2024-08-01T10:45:12+00:00\",\"dateModified\":\"2024-08-01T14:07:44+00:00\",\"mainEntityOfPage\":{\"@id\":\"https:\/\/www.ecinews.fr\/fr\/leurope-lance-des-usines-dia\/\"},\"wordCount\":345,\"publisher\":{\"@id\":\"https:\/\/www.ecinews.fr\/fr\/#organization\"},\"keywords\":[\"Europe\",\"HPC\",\"IA\"],\"articleSection\":[\"Nouvelles\"],\"inLanguage\":\"fr-FR\"},{\"@type\":\"WebPage\",\"@id\":\"https:\/\/www.ecinews.fr\/fr\/leurope-lance-des-usines-dia\/\",\"url\":\"https:\/\/www.ecinews.fr\/fr\/leurope-lance-des-usines-dia\/\",\"name\":\"L'Europe lance des \\\"usines d'IA\",\"isPartOf\":{\"@id\":\"https:\/\/www.ecinews.fr\/fr\/#website\"},\"datePublished\":\"2024-08-01T10:45:12+00:00\",\"dateModified\":\"2024-08-01T14:07:44+00:00\",\"description\":\"L'organisme europ\u00e9en de supercalculateurs a ajout\u00e9 un nouveau pilier \u00e0 sa strat\u00e9gie : le d\u00e9veloppement et l'exploitation d'usines d'IA\",\"breadcrumb\":{\"@id\":\"https:\/\/www.ecinews.fr\/fr\/leurope-lance-des-usines-dia\/#breadcrumb\"},\"inLanguage\":\"fr-FR\",\"potentialAction\":[{\"@type\":\"ReadAction\",\"target\":[\"https:\/\/www.ecinews.fr\/fr\/leurope-lance-des-usines-dia\/\"]}]},{\"@type\":\"BreadcrumbList\",\"@id\":\"https:\/\/www.ecinews.fr\/fr\/leurope-lance-des-usines-dia\/#breadcrumb\",\"itemListElement\":[{\"@type\":\"ListItem\",\"position\":1,\"name\":\"Home\",\"item\":\"https:\/\/www.ecinews.fr\/fr\/\"},{\"@type\":\"ListItem\",\"position\":2,\"name\":\"L&rsquo;Europe lance des \u00ab\u00a0usines d&rsquo;IA\"}]},{\"@type\":\"WebSite\",\"@id\":\"https:\/\/www.ecinews.fr\/fr\/#website\",\"url\":\"https:\/\/www.ecinews.fr\/fr\/\",\"name\":\"EENewsEurope\",\"description\":\"Just another WordPress site\",\"publisher\":{\"@id\":\"https:\/\/www.ecinews.fr\/fr\/#organization\"},\"potentialAction\":[{\"@type\":\"SearchAction\",\"target\":{\"@type\":\"EntryPoint\",\"urlTemplate\":\"https:\/\/www.ecinews.fr\/fr\/?s={search_term_string}\"},\"query-input\":\"required name=search_term_string\"}],\"inLanguage\":\"fr-FR\"},{\"@type\":\"Organization\",\"@id\":\"https:\/\/www.ecinews.fr\/fr\/#organization\",\"name\":\"EENewsEurope\",\"url\":\"https:\/\/www.ecinews.fr\/fr\/\",\"logo\":{\"@type\":\"ImageObject\",\"inLanguage\":\"fr-FR\",\"@id\":\"https:\/\/www.ecinews.fr\/fr\/#\/schema\/logo\/image\/\",\"url\":\"https:\/\/www.ecinews.fr\/wp-content\/uploads\/2022\/02\/logo-1.jpg\",\"contentUrl\":\"https:\/\/www.ecinews.fr\/wp-content\/uploads\/2022\/02\/logo-1.jpg\",\"width\":283,\"height\":113,\"caption\":\"EENewsEurope\"},\"image\":{\"@id\":\"https:\/\/www.ecinews.fr\/fr\/#\/schema\/logo\/image\/\"}},{\"@type\":\"Person\",\"@id\":\"https:\/\/www.ecinews.fr\/fr\/#\/schema\/person\/c6b626c6c65f5e1e7794ce2d17b2ca82\",\"name\":\"Wisse Hettinga\",\"image\":{\"@type\":\"ImageObject\",\"inLanguage\":\"fr-FR\",\"@id\":\"https:\/\/www.ecinews.fr\/fr\/#\/schema\/person\/image\/5dc5f564ca306d7cb8b22735be49a465\",\"url\":\"https:\/\/secure.gravatar.com\/avatar\/24a36fe68de56eac2a45cbaf9aa4bb58?s=96&d=mm&r=g\",\"contentUrl\":\"https:\/\/secure.gravatar.com\/avatar\/24a36fe68de56eac2a45cbaf9aa4bb58?s=96&d=mm&r=g\",\"caption\":\"Wisse Hettinga\"}}]}<\/script>","yoast_head_json":{"title":"L'Europe lance des \"usines d'IA ...","description":"L'organisme europ\u00e9en de supercalculateurs a ajout\u00e9 un nouveau pilier \u00e0 sa strat\u00e9gie : le d\u00e9veloppement et l'exploitation d'usines d'IA","robots":{"index":"index","follow":"follow","max-snippet":"max-snippet:-1","max-image-preview":"max-image-preview:large","max-video-preview":"max-video-preview:-1"},"canonical":"https:\/\/www.ecinews.fr\/fr\/wp-json\/wp\/v2\/posts\/457364\/","og_locale":"fr_FR","og_type":"article","og_title":"L'Europe lance des \"usines d'IA","og_description":"L'organisme europ\u00e9en de supercalculateurs a ajout\u00e9 un nouveau pilier \u00e0 sa strat\u00e9gie : le d\u00e9veloppement et l'exploitation d'usines d'IA","og_url":"https:\/\/www.ecinews.fr\/fr\/wp-json\/wp\/v2\/posts\/457364\/","og_site_name":"EENewsEurope","article_published_time":"2024-08-01T10:45:12+00:00","article_modified_time":"2024-08-01T14:07:44+00:00","og_image":[{"width":684,"height":354,"url":"https:\/\/www.ecinews.fr\/wp-content\/uploads\/2024\/07\/Screen-Shot-2024-07-31-at-19.59.51.png","type":"image\/png"}],"author":"Wisse Hettinga, A Delapalisse","twitter_card":"summary_large_image","twitter_misc":{"Written by":"Wisse Hettinga","Est. reading time":"2 minutes"},"schema":{"@context":"https:\/\/schema.org","@graph":[{"@type":"Article","@id":"https:\/\/www.ecinews.fr\/fr\/leurope-lance-des-usines-dia\/#article","isPartOf":{"@id":"https:\/\/www.ecinews.fr\/fr\/leurope-lance-des-usines-dia\/"},"author":{"name":"Wisse Hettinga","@id":"https:\/\/www.ecinews.fr\/fr\/#\/schema\/person\/c6b626c6c65f5e1e7794ce2d17b2ca82"},"headline":"L&rsquo;Europe lance des \u00ab\u00a0usines d&rsquo;IA","datePublished":"2024-08-01T10:45:12+00:00","dateModified":"2024-08-01T14:07:44+00:00","mainEntityOfPage":{"@id":"https:\/\/www.ecinews.fr\/fr\/leurope-lance-des-usines-dia\/"},"wordCount":345,"publisher":{"@id":"https:\/\/www.ecinews.fr\/fr\/#organization"},"keywords":["Europe","HPC","IA"],"articleSection":["Nouvelles"],"inLanguage":"fr-FR"},{"@type":"WebPage","@id":"https:\/\/www.ecinews.fr\/fr\/leurope-lance-des-usines-dia\/","url":"https:\/\/www.ecinews.fr\/fr\/leurope-lance-des-usines-dia\/","name":"L'Europe lance des \"usines d'IA","isPartOf":{"@id":"https:\/\/www.ecinews.fr\/fr\/#website"},"datePublished":"2024-08-01T10:45:12+00:00","dateModified":"2024-08-01T14:07:44+00:00","description":"L'organisme europ\u00e9en de supercalculateurs a ajout\u00e9 un nouveau pilier \u00e0 sa strat\u00e9gie : le d\u00e9veloppement et l'exploitation d'usines d'IA","breadcrumb":{"@id":"https:\/\/www.ecinews.fr\/fr\/leurope-lance-des-usines-dia\/#breadcrumb"},"inLanguage":"fr-FR","potentialAction":[{"@type":"ReadAction","target":["https:\/\/www.ecinews.fr\/fr\/leurope-lance-des-usines-dia\/"]}]},{"@type":"BreadcrumbList","@id":"https:\/\/www.ecinews.fr\/fr\/leurope-lance-des-usines-dia\/#breadcrumb","itemListElement":[{"@type":"ListItem","position":1,"name":"Home","item":"https:\/\/www.ecinews.fr\/fr\/"},{"@type":"ListItem","position":2,"name":"L&rsquo;Europe lance des \u00ab\u00a0usines d&rsquo;IA"}]},{"@type":"WebSite","@id":"https:\/\/www.ecinews.fr\/fr\/#website","url":"https:\/\/www.ecinews.fr\/fr\/","name":"EENewsEurope","description":"Just another WordPress site","publisher":{"@id":"https:\/\/www.ecinews.fr\/fr\/#organization"},"potentialAction":[{"@type":"SearchAction","target":{"@type":"EntryPoint","urlTemplate":"https:\/\/www.ecinews.fr\/fr\/?s={search_term_string}"},"query-input":"required name=search_term_string"}],"inLanguage":"fr-FR"},{"@type":"Organization","@id":"https:\/\/www.ecinews.fr\/fr\/#organization","name":"EENewsEurope","url":"https:\/\/www.ecinews.fr\/fr\/","logo":{"@type":"ImageObject","inLanguage":"fr-FR","@id":"https:\/\/www.ecinews.fr\/fr\/#\/schema\/logo\/image\/","url":"https:\/\/www.ecinews.fr\/wp-content\/uploads\/2022\/02\/logo-1.jpg","contentUrl":"https:\/\/www.ecinews.fr\/wp-content\/uploads\/2022\/02\/logo-1.jpg","width":283,"height":113,"caption":"EENewsEurope"},"image":{"@id":"https:\/\/www.ecinews.fr\/fr\/#\/schema\/logo\/image\/"}},{"@type":"Person","@id":"https:\/\/www.ecinews.fr\/fr\/#\/schema\/person\/c6b626c6c65f5e1e7794ce2d17b2ca82","name":"Wisse Hettinga","image":{"@type":"ImageObject","inLanguage":"fr-FR","@id":"https:\/\/www.ecinews.fr\/fr\/#\/schema\/person\/image\/5dc5f564ca306d7cb8b22735be49a465","url":"https:\/\/secure.gravatar.com\/avatar\/24a36fe68de56eac2a45cbaf9aa4bb58?s=96&d=mm&r=g","contentUrl":"https:\/\/secure.gravatar.com\/avatar\/24a36fe68de56eac2a45cbaf9aa4bb58?s=96&d=mm&r=g","caption":"Wisse Hettinga"}}]}},"authors":[{"term_id":1139,"user_id":7,"is_guest":0,"slug":"wisse-hettinga","display_name":"Wisse Hettinga","avatar_url":"https:\/\/secure.gravatar.com\/avatar\/24a36fe68de56eac2a45cbaf9aa4bb58?s=96&d=mm&r=g","0":null,"1":"","2":"","3":"","4":"","5":"","6":"","7":"","8":""},{"term_id":1153,"user_id":34,"is_guest":0,"slug":"adelapalisse","display_name":"A Delapalisse","avatar_url":"https:\/\/secure.gravatar.com\/avatar\/ad45a8c5da24bc9c7c4940dd1c48a695?s=96&d=mm&r=g","0":null,"1":"","2":"","3":"","4":"","5":"","6":"","7":"","8":""}],"_links":{"self":[{"href":"https:\/\/www.ecinews.fr\/fr\/wp-json\/wp\/v2\/posts\/457364"}],"collection":[{"href":"https:\/\/www.ecinews.fr\/fr\/wp-json\/wp\/v2\/posts"}],"about":[{"href":"https:\/\/www.ecinews.fr\/fr\/wp-json\/wp\/v2\/types\/post"}],"author":[{"embeddable":true,"href":"https:\/\/www.ecinews.fr\/fr\/wp-json\/wp\/v2\/users\/7"}],"replies":[{"embeddable":true,"href":"https:\/\/www.ecinews.fr\/fr\/wp-json\/wp\/v2\/comments?post=457364"}],"version-history":[{"count":0,"href":"https:\/\/www.ecinews.fr\/fr\/wp-json\/wp\/v2\/posts\/457364\/revisions"}],"wp:featuredmedia":[{"embeddable":true,"href":"https:\/\/www.ecinews.fr\/fr\/wp-json\/wp\/v2\/media\/457323"}],"wp:attachment":[{"href":"https:\/\/www.ecinews.fr\/fr\/wp-json\/wp\/v2\/media?parent=457364"}],"wp:term":[{"taxonomy":"category","embeddable":true,"href":"https:\/\/www.ecinews.fr\/fr\/wp-json\/wp\/v2\/categories?post=457364"},{"taxonomy":"post_tag","embeddable":true,"href":"https:\/\/www.ecinews.fr\/fr\/wp-json\/wp\/v2\/tags?post=457364"},{"taxonomy":"domains","embeddable":true,"href":"https:\/\/www.ecinews.fr\/fr\/wp-json\/wp\/v2\/domains?post=457364"},{"taxonomy":"author","embeddable":true,"href":"https:\/\/www.ecinews.fr\/fr\/wp-json\/wp\/v2\/ppma_author?post=457364"}],"curies":[{"name":"wp","href":"https:\/\/api.w.org\/{rel}","templated":true}]}}