{"id":456922,"date":"2024-07-26T09:30:07","date_gmt":"2024-07-26T07:30:07","guid":{"rendered":"https:\/\/www.ecinews.fr\/?p=456922"},"modified":"2024-07-25T19:12:54","modified_gmt":"2024-07-25T17:12:54","slug":"cameras-carte-polyvalentes-sur-mesure","status":"publish","type":"post","link":"https:\/\/www.ecinews.fr\/fr\/cameras-carte-polyvalentes-sur-mesure\/","title":{"rendered":"Cam\u00e9ras-carte polyvalentes sur mesure"},"content":{"rendered":"<h3>Malgr\u00e9 l\u2019extr\u00eame polyvalence des familles de cam\u00e9ras industrielles d\u2019IDS, il arrive que les besoins des clients soient si particuliers qu\u2019une conception sur mesure serait id\u00e9ale. Cependant, cela n\u2019est g\u00e9n\u00e9ralement \u00e9conomiquement viable que pour les commandes en grande quantit\u00e9.<\/h3>\n<p>C\u2019est dans cette optique que la s\u00e9rie uEye ACP a \u00e9t\u00e9 cr\u00e9\u00e9e par l\u2019entreprise. Gr\u00e2ce \u00e0 sa structure modulaire, elle offre une multitude de variantes de cam\u00e9ras. Le configurateur en ligne permet de composer des mod\u00e8les exceptionnels, disponibles directement en stock. Selon la devise : \u00catre heureux sans compromis plut\u00f4t que de faire des compromis.<\/p>\n<p>Pour la s\u00e9rie uEye ACP, IDS Imaging Development Systems a d\u00e9velopp\u00e9 tous les composants centraux de la cam\u00e9ra &#8211; tels que les platines de capteurs, les connecteurs et les supports d&rsquo;objectifs &#8211; sous forme de modules standard qui peuvent \u00eatre combin\u00e9s \u00e0 volont\u00e9. La gamme comprend entre autres les interfaces USB3 et GigE Vision, des cartes d\u00b4interconnexion avec diff\u00e9rentes options de connecteurs, des c\u00e2bles flexibles ainsi que de nombreux capteurs d&rsquo;images de 0,5 \u00e0 20 MP.<\/p>\n<p>Des cam\u00e9ras-carte sur mesure sont ainsi disponibles directement du stock \u00e0 partir d&rsquo;un seul exemplaire &#8211; sans passer par les cycles de d\u00e9veloppement habituels des projets sp\u00e9ciaux. Les clients ont \u00e9galement l&rsquo;option de recevoir la cam\u00e9ra enti\u00e8rement mont\u00e9e ou en pi\u00e8ces d\u00e9tach\u00e9es. Comme d&rsquo;habitude chez IDS, dans les deux cas, des tests minutieux avant l&rsquo;exp\u00e9dition et une qualit\u00e9 \u00ab Made in Germany \u00bb vont de soi.<\/p>\n<p>En plus de la ligne de produits uEye ACP, le fabricant de cam\u00e9ras industrielles offre \u00e9galement la possibilit\u00e9 d&rsquo;un d\u00e9veloppement personnalis\u00e9 classique. Une \u00e9quipe exp\u00e9riment\u00e9e r\u00e9alise sur demande tout ce qui est techniquement possible, de la conception individuelle \u00e0 l&rsquo;adaptation du bo\u00eetier, de l&rsquo;\u00e9lectronique des platines et de la configuration des connecteurs jusqu\u00b4\u00e0 l&rsquo;adaptation du logiciel.<\/p>\n<p><a href=\"https:\/\/www.ids-imaging.com\/\">IDS Imaging Development Systems GmbH<\/a><\/p>\n<p><a href=\"https:\/\/news.google.com\/publications\/CAAqBwgKMJbcwQswuPfYAw?hl=fr&amp;gl=BE&amp;ceid=BE:fr\">Suivre ECInews sur Google news<\/a><\/p>\n","protected":false},"excerpt":{"rendered":"<p>Malgr\u00e9 l\u2019extr\u00eame polyvalence des familles de cam\u00e9ras industrielles d\u2019IDS, il arrive que les besoins des clients soient si particuliers qu\u2019une conception sur mesure serait id\u00e9ale. Cependant, cela n\u2019est g\u00e9n\u00e9ralement \u00e9conomiquement viable que pour les commandes en grande quantit\u00e9. C\u2019est dans cette optique que la s\u00e9rie uEye ACP a \u00e9t\u00e9 cr\u00e9\u00e9e par l\u2019entreprise. Gr\u00e2ce \u00e0 sa [&hellip;]<\/p>\n","protected":false},"author":39,"featured_media":456932,"comment_status":"closed","ping_status":"closed","sticky":false,"template":"","format":"standard","meta":{"_acf_changed":false,"footnotes":""},"categories":[881],"tags":[1321],"domains":[47],"ppma_author":[6113],"class_list":["post-456922","post","type-post","status-publish","format-standard","has-post-thumbnail","hentry","category-nouveaux-produits","tag-cameras","domains-electronique-eci"],"acf":[],"yoast_head":"<title>Cam\u00e9ras-carte polyvalentes sur mesure ...<\/title>\n<meta name=\"description\" content=\"Malgr\u00e9 l\u2019extr\u00eame polyvalence des familles de cam\u00e9ras industrielles d\u2019IDS, il arrive que les besoins des clients soient si particuliers qu\u2019une...\" \/>\n<meta name=\"robots\" content=\"index, follow, max-snippet:-1, max-image-preview:large, max-video-preview:-1\" \/>\n<link rel=\"canonical\" href=\"https:\/\/www.ecinews.fr\/fr\/wp-json\/wp\/v2\/posts\/456922\/\" \/>\n<meta property=\"og:locale\" content=\"fr_FR\" \/>\n<meta property=\"og:type\" content=\"article\" \/>\n<meta property=\"og:title\" content=\"Cam\u00e9ras-carte polyvalentes sur mesure\" \/>\n<meta property=\"og:description\" content=\"Malgr\u00e9 l\u2019extr\u00eame polyvalence des familles de cam\u00e9ras industrielles d\u2019IDS, il arrive que les besoins des clients soient si particuliers qu\u2019une conception sur mesure serait id\u00e9ale. Cependant, cela n\u2019est g\u00e9n\u00e9ralement \u00e9conomiquement viable que pour les commandes en grande quantit\u00e9.\" \/>\n<meta property=\"og:url\" content=\"https:\/\/www.ecinews.fr\/fr\/wp-json\/wp\/v2\/posts\/456922\/\" \/>\n<meta property=\"og:site_name\" content=\"EENewsEurope\" \/>\n<meta property=\"article:published_time\" content=\"2024-07-26T07:30:07+00:00\" \/>\n<meta property=\"article:modified_time\" content=\"2024-07-25T17:12:54+00:00\" \/>\n<meta property=\"og:image\" content=\"https:\/\/www.ecinews.fr\/wp-content\/uploads\/2024\/07\/ECI4326-CFR_IDS-IMAGING-DEVELOPMENT-SYSTEMS-GMBH-CAME-RAS-UEYE-ACP-scaled.jpg\" \/>\n\t<meta property=\"og:image:width\" content=\"1080\" \/>\n\t<meta property=\"og:image:height\" content=\"810\" \/>\n\t<meta property=\"og:image:type\" content=\"image\/jpeg\" \/>\n<meta name=\"author\" content=\"NicolasFeste\" \/>\n<meta name=\"twitter:card\" content=\"summary_large_image\" \/>\n<meta name=\"twitter:label1\" content=\"Written by\" \/>\n\t<meta name=\"twitter:data1\" content=\"NicolasFeste\" \/>\n\t<meta name=\"twitter:label2\" content=\"Est. reading time\" \/>\n\t<meta name=\"twitter:data2\" content=\"2 minutes\" \/>\n<script type=\"application\/ld+json\" class=\"yoast-schema-graph\">{\"@context\":\"https:\/\/schema.org\",\"@graph\":[{\"@type\":\"Article\",\"@id\":\"https:\/\/www.ecinews.fr\/fr\/cameras-carte-polyvalentes-sur-mesure\/#article\",\"isPartOf\":{\"@id\":\"https:\/\/www.ecinews.fr\/fr\/cameras-carte-polyvalentes-sur-mesure\/\"},\"author\":{\"name\":\"NicolasFeste\",\"@id\":\"https:\/\/www.eenewseurope.com\/en\/#\/schema\/person\/c7104a72b466a801f257e51481de0c43\"},\"headline\":\"Cam\u00e9ras-carte polyvalentes sur mesure\",\"datePublished\":\"2024-07-26T07:30:07+00:00\",\"dateModified\":\"2024-07-25T17:12:54+00:00\",\"mainEntityOfPage\":{\"@id\":\"https:\/\/www.ecinews.fr\/fr\/cameras-carte-polyvalentes-sur-mesure\/\"},\"wordCount\":346,\"publisher\":{\"@id\":\"https:\/\/www.eenewseurope.com\/en\/#organization\"},\"keywords\":[\"Cam\u00e9ras\"],\"articleSection\":[\"Nouveaux produits\"],\"inLanguage\":\"fr-FR\"},{\"@type\":\"WebPage\",\"@id\":\"https:\/\/www.ecinews.fr\/fr\/cameras-carte-polyvalentes-sur-mesure\/\",\"url\":\"https:\/\/www.ecinews.fr\/fr\/cameras-carte-polyvalentes-sur-mesure\/\",\"name\":\"Cam\u00e9ras-carte polyvalentes sur mesure -\",\"isPartOf\":{\"@id\":\"https:\/\/www.eenewseurope.com\/en\/#website\"},\"datePublished\":\"2024-07-26T07:30:07+00:00\",\"dateModified\":\"2024-07-25T17:12:54+00:00\",\"description\":\"Malgr\u00e9 l\u2019extr\u00eame polyvalence des familles de cam\u00e9ras industrielles d\u2019IDS, il arrive que les besoins des clients soient si particuliers qu\u2019une conception sur mesure serait id\u00e9ale. Cependant, cela n\u2019est g\u00e9n\u00e9ralement \u00e9conomiquement viable que pour les commandes en grande quantit\u00e9.\",\"breadcrumb\":{\"@id\":\"https:\/\/www.ecinews.fr\/fr\/cameras-carte-polyvalentes-sur-mesure\/#breadcrumb\"},\"inLanguage\":\"fr-FR\",\"potentialAction\":[{\"@type\":\"ReadAction\",\"target\":[\"https:\/\/www.ecinews.fr\/fr\/cameras-carte-polyvalentes-sur-mesure\/\"]}]},{\"@type\":\"BreadcrumbList\",\"@id\":\"https:\/\/www.ecinews.fr\/fr\/cameras-carte-polyvalentes-sur-mesure\/#breadcrumb\",\"itemListElement\":[{\"@type\":\"ListItem\",\"position\":1,\"name\":\"Home\",\"item\":\"https:\/\/www.ecinews.fr\/fr\/\"},{\"@type\":\"ListItem\",\"position\":2,\"name\":\"Cam\u00e9ras-carte polyvalentes sur mesure\"}]},{\"@type\":\"WebSite\",\"@id\":\"https:\/\/www.eenewseurope.com\/en\/#website\",\"url\":\"https:\/\/www.eenewseurope.com\/en\/\",\"name\":\"EENewsEurope\",\"description\":\"Just another WordPress site\",\"publisher\":{\"@id\":\"https:\/\/www.eenewseurope.com\/en\/#organization\"},\"potentialAction\":[{\"@type\":\"SearchAction\",\"target\":{\"@type\":\"EntryPoint\",\"urlTemplate\":\"https:\/\/www.eenewseurope.com\/en\/?s={search_term_string}\"},\"query-input\":\"required name=search_term_string\"}],\"inLanguage\":\"fr-FR\"},{\"@type\":\"Organization\",\"@id\":\"https:\/\/www.eenewseurope.com\/en\/#organization\",\"name\":\"EENewsEurope\",\"url\":\"https:\/\/www.eenewseurope.com\/en\/\",\"logo\":{\"@type\":\"ImageObject\",\"inLanguage\":\"fr-FR\",\"@id\":\"https:\/\/www.eenewseurope.com\/en\/#\/schema\/logo\/image\/\",\"url\":\"https:\/\/www.ecinews.fr\/wp-content\/uploads\/2022\/02\/logo-1.jpg\",\"contentUrl\":\"https:\/\/www.ecinews.fr\/wp-content\/uploads\/2022\/02\/logo-1.jpg\",\"width\":283,\"height\":113,\"caption\":\"EENewsEurope\"},\"image\":{\"@id\":\"https:\/\/www.eenewseurope.com\/en\/#\/schema\/logo\/image\/\"}},{\"@type\":\"Person\",\"@id\":\"https:\/\/www.eenewseurope.com\/en\/#\/schema\/person\/c7104a72b466a801f257e51481de0c43\",\"name\":\"NicolasFeste\",\"image\":{\"@type\":\"ImageObject\",\"inLanguage\":\"fr-FR\",\"@id\":\"https:\/\/www.eenewseurope.com\/en\/#\/schema\/person\/image\/1ea421e7d03c1e96a9ea2bcf2705734a\",\"url\":\"https:\/\/secure.gravatar.com\/avatar\/2e187f4d96902933ba445ed6c760e11c?s=96&d=mm&r=g\",\"contentUrl\":\"https:\/\/secure.gravatar.com\/avatar\/2e187f4d96902933ba445ed6c760e11c?s=96&d=mm&r=g\",\"caption\":\"NicolasFeste\"}}]}<\/script>","yoast_head_json":{"title":"Cam\u00e9ras-carte polyvalentes sur mesure ...","description":"Malgr\u00e9 l\u2019extr\u00eame polyvalence des familles de cam\u00e9ras industrielles d\u2019IDS, il arrive que les besoins des clients soient si particuliers qu\u2019une...","robots":{"index":"index","follow":"follow","max-snippet":"max-snippet:-1","max-image-preview":"max-image-preview:large","max-video-preview":"max-video-preview:-1"},"canonical":"https:\/\/www.ecinews.fr\/fr\/wp-json\/wp\/v2\/posts\/456922\/","og_locale":"fr_FR","og_type":"article","og_title":"Cam\u00e9ras-carte polyvalentes sur mesure","og_description":"Malgr\u00e9 l\u2019extr\u00eame polyvalence des familles de cam\u00e9ras industrielles d\u2019IDS, il arrive que les besoins des clients soient si particuliers qu\u2019une conception sur mesure serait id\u00e9ale. Cependant, cela n\u2019est g\u00e9n\u00e9ralement \u00e9conomiquement viable que pour les commandes en grande quantit\u00e9.","og_url":"https:\/\/www.ecinews.fr\/fr\/wp-json\/wp\/v2\/posts\/456922\/","og_site_name":"EENewsEurope","article_published_time":"2024-07-26T07:30:07+00:00","article_modified_time":"2024-07-25T17:12:54+00:00","og_image":[{"width":1080,"height":810,"url":"https:\/\/www.ecinews.fr\/wp-content\/uploads\/2024\/07\/ECI4326-CFR_IDS-IMAGING-DEVELOPMENT-SYSTEMS-GMBH-CAME-RAS-UEYE-ACP-scaled.jpg","type":"image\/jpeg"}],"author":"NicolasFeste","twitter_card":"summary_large_image","twitter_misc":{"Written by":"NicolasFeste","Est. reading time":"2 minutes"},"schema":{"@context":"https:\/\/schema.org","@graph":[{"@type":"Article","@id":"https:\/\/www.ecinews.fr\/fr\/cameras-carte-polyvalentes-sur-mesure\/#article","isPartOf":{"@id":"https:\/\/www.ecinews.fr\/fr\/cameras-carte-polyvalentes-sur-mesure\/"},"author":{"name":"NicolasFeste","@id":"https:\/\/www.eenewseurope.com\/en\/#\/schema\/person\/c7104a72b466a801f257e51481de0c43"},"headline":"Cam\u00e9ras-carte polyvalentes sur mesure","datePublished":"2024-07-26T07:30:07+00:00","dateModified":"2024-07-25T17:12:54+00:00","mainEntityOfPage":{"@id":"https:\/\/www.ecinews.fr\/fr\/cameras-carte-polyvalentes-sur-mesure\/"},"wordCount":346,"publisher":{"@id":"https:\/\/www.eenewseurope.com\/en\/#organization"},"keywords":["Cam\u00e9ras"],"articleSection":["Nouveaux produits"],"inLanguage":"fr-FR"},{"@type":"WebPage","@id":"https:\/\/www.ecinews.fr\/fr\/cameras-carte-polyvalentes-sur-mesure\/","url":"https:\/\/www.ecinews.fr\/fr\/cameras-carte-polyvalentes-sur-mesure\/","name":"Cam\u00e9ras-carte polyvalentes sur mesure -","isPartOf":{"@id":"https:\/\/www.eenewseurope.com\/en\/#website"},"datePublished":"2024-07-26T07:30:07+00:00","dateModified":"2024-07-25T17:12:54+00:00","description":"Malgr\u00e9 l\u2019extr\u00eame polyvalence des familles de cam\u00e9ras industrielles d\u2019IDS, il arrive que les besoins des clients soient si particuliers qu\u2019une conception sur mesure serait id\u00e9ale. Cependant, cela n\u2019est g\u00e9n\u00e9ralement \u00e9conomiquement viable que pour les commandes en grande quantit\u00e9.","breadcrumb":{"@id":"https:\/\/www.ecinews.fr\/fr\/cameras-carte-polyvalentes-sur-mesure\/#breadcrumb"},"inLanguage":"fr-FR","potentialAction":[{"@type":"ReadAction","target":["https:\/\/www.ecinews.fr\/fr\/cameras-carte-polyvalentes-sur-mesure\/"]}]},{"@type":"BreadcrumbList","@id":"https:\/\/www.ecinews.fr\/fr\/cameras-carte-polyvalentes-sur-mesure\/#breadcrumb","itemListElement":[{"@type":"ListItem","position":1,"name":"Home","item":"https:\/\/www.ecinews.fr\/fr\/"},{"@type":"ListItem","position":2,"name":"Cam\u00e9ras-carte polyvalentes sur mesure"}]},{"@type":"WebSite","@id":"https:\/\/www.eenewseurope.com\/en\/#website","url":"https:\/\/www.eenewseurope.com\/en\/","name":"EENewsEurope","description":"Just another WordPress site","publisher":{"@id":"https:\/\/www.eenewseurope.com\/en\/#organization"},"potentialAction":[{"@type":"SearchAction","target":{"@type":"EntryPoint","urlTemplate":"https:\/\/www.eenewseurope.com\/en\/?s={search_term_string}"},"query-input":"required name=search_term_string"}],"inLanguage":"fr-FR"},{"@type":"Organization","@id":"https:\/\/www.eenewseurope.com\/en\/#organization","name":"EENewsEurope","url":"https:\/\/www.eenewseurope.com\/en\/","logo":{"@type":"ImageObject","inLanguage":"fr-FR","@id":"https:\/\/www.eenewseurope.com\/en\/#\/schema\/logo\/image\/","url":"https:\/\/www.ecinews.fr\/wp-content\/uploads\/2022\/02\/logo-1.jpg","contentUrl":"https:\/\/www.ecinews.fr\/wp-content\/uploads\/2022\/02\/logo-1.jpg","width":283,"height":113,"caption":"EENewsEurope"},"image":{"@id":"https:\/\/www.eenewseurope.com\/en\/#\/schema\/logo\/image\/"}},{"@type":"Person","@id":"https:\/\/www.eenewseurope.com\/en\/#\/schema\/person\/c7104a72b466a801f257e51481de0c43","name":"NicolasFeste","image":{"@type":"ImageObject","inLanguage":"fr-FR","@id":"https:\/\/www.eenewseurope.com\/en\/#\/schema\/person\/image\/1ea421e7d03c1e96a9ea2bcf2705734a","url":"https:\/\/secure.gravatar.com\/avatar\/2e187f4d96902933ba445ed6c760e11c?s=96&d=mm&r=g","contentUrl":"https:\/\/secure.gravatar.com\/avatar\/2e187f4d96902933ba445ed6c760e11c?s=96&d=mm&r=g","caption":"NicolasFeste"}}]}},"authors":[{"term_id":6113,"user_id":39,"is_guest":0,"slug":"nicolasfeste","display_name":"NicolasFeste","avatar_url":"https:\/\/secure.gravatar.com\/avatar\/2e187f4d96902933ba445ed6c760e11c?s=96&d=mm&r=g","0":null,"1":"","2":"","3":"","4":"","5":"","6":"","7":"","8":""}],"_links":{"self":[{"href":"https:\/\/www.ecinews.fr\/fr\/wp-json\/wp\/v2\/posts\/456922"}],"collection":[{"href":"https:\/\/www.ecinews.fr\/fr\/wp-json\/wp\/v2\/posts"}],"about":[{"href":"https:\/\/www.ecinews.fr\/fr\/wp-json\/wp\/v2\/types\/post"}],"author":[{"embeddable":true,"href":"https:\/\/www.ecinews.fr\/fr\/wp-json\/wp\/v2\/users\/39"}],"replies":[{"embeddable":true,"href":"https:\/\/www.ecinews.fr\/fr\/wp-json\/wp\/v2\/comments?post=456922"}],"version-history":[{"count":0,"href":"https:\/\/www.ecinews.fr\/fr\/wp-json\/wp\/v2\/posts\/456922\/revisions"}],"wp:featuredmedia":[{"embeddable":true,"href":"https:\/\/www.ecinews.fr\/fr\/wp-json\/wp\/v2\/media\/456932"}],"wp:attachment":[{"href":"https:\/\/www.ecinews.fr\/fr\/wp-json\/wp\/v2\/media?parent=456922"}],"wp:term":[{"taxonomy":"category","embeddable":true,"href":"https:\/\/www.ecinews.fr\/fr\/wp-json\/wp\/v2\/categories?post=456922"},{"taxonomy":"post_tag","embeddable":true,"href":"https:\/\/www.ecinews.fr\/fr\/wp-json\/wp\/v2\/tags?post=456922"},{"taxonomy":"domains","embeddable":true,"href":"https:\/\/www.ecinews.fr\/fr\/wp-json\/wp\/v2\/domains?post=456922"},{"taxonomy":"author","embeddable":true,"href":"https:\/\/www.ecinews.fr\/fr\/wp-json\/wp\/v2\/ppma_author?post=456922"}],"curies":[{"name":"wp","href":"https:\/\/api.w.org\/{rel}","templated":true}]}}