{"id":456916,"date":"2024-07-25T16:34:58","date_gmt":"2024-07-25T14:34:58","guid":{"rendered":"https:\/\/www.eenewseurope.com\/?p=456916"},"modified":"2024-07-25T16:34:58","modified_gmt":"2024-07-25T14:34:58","slug":"lindustrie-des-semi-conducteurs-a-t-elle-passe-un-cap","status":"publish","type":"post","link":"https:\/\/www.ecinews.fr\/fr\/lindustrie-des-semi-conducteurs-a-t-elle-passe-un-cap\/","title":{"rendered":"L&rsquo;industrie des semi-conducteurs a-t-elle pass\u00e9 un cap ?"},"content":{"rendered":"<h3>La s\u00e9rie de mauvais r\u00e9sultats financiers de cette semaine jette n\u00e9anmoins un rayon de soleil sur le march\u00e9 des semi-conducteurs.<\/h3>\n<p>NXP Semiconductors a connu un trimestre stable, en baisse de 5 % par rapport \u00e0 2023, mais consid\u00e8re qu&rsquo;il s&rsquo;agit du point bas du cycle des semi-conducteurs. Il en va de m\u00eame pour TI et Silicon Labs.<\/p>\n<p>\u00ab\u00a0NXP a r\u00e9alis\u00e9 un chiffre d&rsquo;affaires trimestriel de 3,13 milliards de dollars, conforme \u00e0 nos pr\u00e9visions, avec des performances conformes \u00e0 nos attentes pour tous nos march\u00e9s finaux. Avec nos r\u00e9sultats du deuxi\u00e8me trimestre et nos pr\u00e9visions pour le troisi\u00e8me trimestre, NXP a r\u00e9ussi \u00e0 surmonter le creux cyclique de nos activit\u00e9s et nous pr\u00e9voyons de renouer avec la croissance s\u00e9quentielle. Nous continuons \u00e0 g\u00e9rer ce qui est sous notre contr\u00f4le, ce qui permet \u00e0 NXP de g\u00e9n\u00e9rer une rentabilit\u00e9 et des b\u00e9n\u00e9fices r\u00e9sistants dans un environnement de demande difficile \u00ab\u00a0, a d\u00e9clar\u00e9 Kurt Sievers, pr\u00e9sident et directeur g\u00e9n\u00e9ral de NXP.<\/p>\n<ul>\n<li><a href=\"https:\/\/www.eenewseurope.com\/en\/nxp-sees-weak-start-to-2024\/\">NXP pr\u00e9voit un faible d\u00e9marrage en 2024<\/a><\/li>\n<\/ul>\n<p>De m\u00eame, Texas Instruments a enregistr\u00e9 un chiffre d&rsquo;affaires de 3,82 milliards de dollars au deuxi\u00e8me trimestre, soit une baisse de 16 % par rapport \u00e0 l&rsquo;ann\u00e9e pr\u00e9c\u00e9dente.<\/p>\n<p>\u00ab\u00a0Le chiffre d&rsquo;affaires a diminu\u00e9 de 16 % par rapport au m\u00eame trimestre de l&rsquo;ann\u00e9e pr\u00e9c\u00e9dente et a augment\u00e9 de 4 % en s\u00e9quentiel. Les secteurs industriel et automobile ont continu\u00e9 \u00e0 d\u00e9cliner en s\u00e9quentiel, tandis que tous les autres march\u00e9s finaux ont progress\u00e9\u00a0\u00bb, a d\u00e9clar\u00e9 Haviv Ilan, pr\u00e9sident et CEO de TI.<\/p>\n<p>L&rsquo;<a href=\"https:\/\/www.eenewseurope.com\/en\/magpack-module-uses-3d-inductor\/\">entreprise<\/a> construit plusieurs fabs de 300 mm aux \u00c9tats-Unis afin d&rsquo;\u00eatre pr\u00eate \u00e0 faire face \u00e0 la reprise, et transf\u00e8re davantage de tests et de packaging de semi-conducteurs en interne.<\/p>\n<p>\u00ab\u00a0Au cours des 12 derniers mois, nous avons investi 3,7 milliards de dollars en R&amp;D et SG&amp;A, 5 milliards de dollars en d\u00e9penses d&rsquo;investissement et 4,9 milliards de dollars en retour aux propri\u00e9taires\u00a0\u00bb, a d\u00e9clar\u00e9 Ilan. \u00ab\u00a0TI pr\u00e9voit pour le troisi\u00e8me trimestre un chiffre d&rsquo;affaires compris entre 3,94 et 4,26 milliards de dollars. Cela resterait inf\u00e9rieur aux 4,53 milliards de dollars du troisi\u00e8me trimestre 2023.<\/p>\n<h2>Silicon Labs est optimiste<\/h2>\n<p>Silicon Labs, aux \u00c9tats-Unis, a annonc\u00e9 aujourd&rsquo;hui des recettes de 145 millions de dollars pour le deuxi\u00e8me trimestre, soit une baisse de 40 % par rapport aux 244 millions de dollars de l&rsquo;ann\u00e9e pr\u00e9c\u00e9dente. Les recettes industrielles et commerciales pour le trimestre se sont \u00e9lev\u00e9es \u00e0 88 millions de dollars, tandis que les recettes pour la maison et la vie se sont \u00e9lev\u00e9es \u00e0 57 millions de dollars.Mais l&rsquo;entreprise s&rsquo;est \u00e9galement montr\u00e9e optimiste quant \u00e0 l&rsquo;\u00e9volution de la situation.<\/p>\n<p>\u00ab\u00a0Silicon Labs a enregistr\u00e9 un nouveau trimestre de forte croissance s\u00e9quentielle, gr\u00e2ce \u00e0 la combinaison de la mont\u00e9e en production des projets gagn\u00e9s dans plusieurs domaines de croissance cl\u00e9s et \u00e0 la r\u00e9duction des stocks exc\u00e9dentaires des clients finaux\u00a0\u00bb, a d\u00e9clar\u00e9 Matt Johnson, pr\u00e9sident et directeur g\u00e9n\u00e9ral de Silicon Labs. \u00ab\u00a0Nous nous attendons \u00e0 ce que la croissance du chiffre d&rsquo;affaires se poursuive au troisi\u00e8me trimestre, gr\u00e2ce \u00e0 la r\u00e9duction des stocks exc\u00e9dentaires, \u00e0 la poursuite de la mont\u00e9e en puissance des projets gagn\u00e9s et \u00e0 l&rsquo;am\u00e9lioration des r\u00e9servations de production\u00a0\u00bb.<\/p>\n<h2>TSMC annonce des r\u00e9sultats records<\/h2>\n<p>La semaine derni\u00e8re, <a href=\"https:\/\/www.eenewseurope.com\/en\/tsmc-lifts-forecast-on-strong-2q24-financial-results\/\">TSMC<\/a> a annonc\u00e9 un chiffre d&rsquo;affaires de 20,82 milliards de dollars pour le deuxi\u00e8me trimestre, en hausse de 32,8 % d&rsquo;une ann\u00e9e sur l&rsquo;autre et de 10,3 % par rapport au trimestre pr\u00e9c\u00e9dent. Les technologies avanc\u00e9es ont repr\u00e9sent\u00e9 67 % du chiffre d&rsquo;affaires total des wafers, les livraisons de plaquettes 3nm repr\u00e9sentant 15 % du chiffre d&rsquo;affaires total, les wafers 5nm 35 % et les wafers 7nm 17 %.<\/p>\n<p>\u00a0\u00bb Notre activit\u00e9 au deuxi\u00e8me trimestre a \u00e9t\u00e9 soutenue par une forte demande pour nos technologies de pointe 3nm et 5nm, partiellement compens\u00e9e par la continuation de la baisse saisonni\u00e8re des smartphones \u00ab\u00a0, a d\u00e9clar\u00e9 Wendell Huang, vice-pr\u00e9sident principal et directeur financier de TSMC. \u00a0\u00bb \u00c0 l&rsquo;aube du troisi\u00e8me trimestre 2024, nous nous attendons \u00e0 ce que notre activit\u00e9 soit soutenue par une forte demande li\u00e9e aux smartphones et \u00e0 l&rsquo;IA. \u00ab\u00a0<\/p>\n<h2>Intel se reprend<\/h2>\n<p>M\u00eame Intel devrait conna\u00eetre une l\u00e9g\u00e8re augmentation \u00e0 13,02 milliards de dollars pour le trimestre, apr\u00e8s 12,72 milliards de dollars au trimestre pr\u00e9c\u00e9dent, ce qui est toutefois inf\u00e9rieur aux attentes des analystes. Dans l&rsquo;ensemble, les analystes s&rsquo;attendent \u00e0 une croissance de 4 % pour Intel cette ann\u00e9e, et de 12 % l&rsquo;ann\u00e9e prochaine, en grande partie gr\u00e2ce \u00e0 l&rsquo;essor des semi-conducteurs d&rsquo;intelligence artificielle pour les centres de donn\u00e9es. L&rsquo;entreprise a \u00e9galement lanc\u00e9 sa <a href=\"https:\/\/www.eenewseurope.com\/en\/intel-launches-integrated-ev-chip\/\">premi\u00e8re puce pour v\u00e9hicules \u00e9lectriques<\/a>.<\/p>\n<p><a title=\"www.nxp.com\" href=\"http:\/\/www.nxp.com\" target=\"_blank\" rel=\"noopener\">www.nxp.com<\/a> <a href=\"http:\/\/www.nxp.com\">;<\/a> <a href=\"http:\/\/www.ti.com\">www.ti.com ;<\/a> <a href=\"http:\/\/www.siliconlabs.con\">www.siliconlabs.con ;<\/a> <a href=\"http:\/\/www.tsmc.com\">www.tsmc.com ;<\/a> <a href=\"http:\/\/www.intel.com\">www.intel.com<\/a><\/p>\n<p>&nbsp;<\/p>\n<p>&nbsp;<\/p>\n<p>&nbsp;<\/p>\n<p>&nbsp;<\/p>\n","protected":false},"excerpt":{"rendered":"<p>La s\u00e9rie de mauvais r\u00e9sultats financiers de cette semaine jette n\u00e9anmoins un rayon de soleil sur le march\u00e9 des semi-conducteurs. NXP Semiconductors a connu un trimestre stable, en baisse de 5 % par rapport \u00e0 2023, mais consid\u00e8re qu&rsquo;il s&rsquo;agit du point bas du cycle des semi-conducteurs. Il en va de m\u00eame pour TI et [&hellip;]<\/p>\n","protected":false},"author":40,"featured_media":456807,"comment_status":"closed","ping_status":"closed","sticky":false,"template":"","format":"standard","meta":{"_acf_changed":false,"footnotes":""},"categories":[880,888],"tags":[891,7120,1558,915],"domains":[47],"ppma_author":[6199,3640],"class_list":["post-456916","post","type-post","status-publish","format-standard","has-post-thumbnail","hentry","category-actualites-economiques","category-marche","tag-automotive-fr","tag-marches","tag-semiconducteurs","tag-wireless-communications-fr","domains-electronique-eci"],"acf":[],"yoast_head":"<title>L&#039;industrie des semi-conducteurs a-t-elle pass\u00e9 un cap ? ...<\/title>\n<meta name=\"description\" content=\"La s\u00e9rie de mauvais r\u00e9sultats financiers de cette semaine jette n\u00e9anmoins un rayon de soleil sur le march\u00e9 des semi-conducteurs.\" \/>\n<meta name=\"robots\" content=\"index, follow, max-snippet:-1, max-image-preview:large, max-video-preview:-1\" \/>\n<link rel=\"canonical\" href=\"https:\/\/www.ecinews.fr\/fr\/wp-json\/wp\/v2\/posts\/456916\/\" \/>\n<meta property=\"og:locale\" content=\"fr_FR\" \/>\n<meta property=\"og:type\" content=\"article\" \/>\n<meta property=\"og:title\" content=\"L&#039;industrie des semi-conducteurs a-t-elle pass\u00e9 un cap ?\" \/>\n<meta property=\"og:description\" content=\"La s\u00e9rie de mauvais r\u00e9sultats financiers de cette semaine jette n\u00e9anmoins un rayon de soleil sur le march\u00e9 des semi-conducteurs.\" \/>\n<meta property=\"og:url\" content=\"https:\/\/www.ecinews.fr\/fr\/wp-json\/wp\/v2\/posts\/456916\/\" \/>\n<meta property=\"og:site_name\" content=\"EENewsEurope\" \/>\n<meta property=\"article:published_time\" content=\"2024-07-25T14:34:58+00:00\" \/>\n<meta property=\"og:image\" content=\"https:\/\/www.eenewseurope.com\/wp-content\/uploads\/2024\/07\/300mm-wafer.jpg\" \/>\n\t<meta property=\"og:image:width\" content=\"630\" \/>\n\t<meta property=\"og:image:height\" content=\"420\" \/>\n\t<meta property=\"og:image:type\" content=\"image\/jpeg\" \/>\n<meta name=\"author\" content=\"A Delapalisse, Nick Flaherty\" \/>\n<meta name=\"twitter:card\" content=\"summary_large_image\" \/>\n<meta name=\"twitter:label1\" content=\"Written by\" \/>\n\t<meta name=\"twitter:data1\" content=\"A Delapalisse\" \/>\n\t<meta name=\"twitter:label2\" content=\"Est. reading time\" \/>\n\t<meta name=\"twitter:data2\" content=\"4 minutes\" \/>\n<script type=\"application\/ld+json\" class=\"yoast-schema-graph\">{\"@context\":\"https:\/\/schema.org\",\"@graph\":[{\"@type\":\"Article\",\"@id\":\"https:\/\/www.eenewseurope.com\/fr\/lindustrie-des-semi-conducteurs-a-t-elle-passe-un-cap\/#article\",\"isPartOf\":{\"@id\":\"https:\/\/www.eenewseurope.com\/fr\/lindustrie-des-semi-conducteurs-a-t-elle-passe-un-cap\/\"},\"author\":{\"name\":\"A Delapalisse\",\"@id\":\"https:\/\/www.eenewseurope.com\/en\/#\/schema\/person\/4b3db5ba5c953c5fddeb226df86d8635\"},\"headline\":\"L&rsquo;industrie des semi-conducteurs a-t-elle pass\u00e9 un cap ?\",\"datePublished\":\"2024-07-25T14:34:58+00:00\",\"dateModified\":\"2024-07-25T14:34:58+00:00\",\"mainEntityOfPage\":{\"@id\":\"https:\/\/www.eenewseurope.com\/fr\/lindustrie-des-semi-conducteurs-a-t-elle-passe-un-cap\/\"},\"wordCount\":840,\"publisher\":{\"@id\":\"https:\/\/www.eenewseurope.com\/en\/#organization\"},\"keywords\":[\"Automotive\",\"march\u00e9s\",\"Semiconducteurs\",\"Wireless Communications\"],\"articleSection\":[\"Actualit\u00e9s \u00e9conomiques\",\"March\u00e9\"],\"inLanguage\":\"fr-FR\"},{\"@type\":\"WebPage\",\"@id\":\"https:\/\/www.eenewseurope.com\/fr\/lindustrie-des-semi-conducteurs-a-t-elle-passe-un-cap\/\",\"url\":\"https:\/\/www.eenewseurope.com\/fr\/lindustrie-des-semi-conducteurs-a-t-elle-passe-un-cap\/\",\"name\":\"L'industrie des semi-conducteurs a-t-elle pass\u00e9 un cap ? -\",\"isPartOf\":{\"@id\":\"https:\/\/www.eenewseurope.com\/en\/#website\"},\"datePublished\":\"2024-07-25T14:34:58+00:00\",\"dateModified\":\"2024-07-25T14:34:58+00:00\",\"description\":\"La s\u00e9rie de mauvais r\u00e9sultats financiers de cette semaine jette n\u00e9anmoins un rayon de soleil sur le march\u00e9 des semi-conducteurs.\",\"breadcrumb\":{\"@id\":\"https:\/\/www.eenewseurope.com\/fr\/lindustrie-des-semi-conducteurs-a-t-elle-passe-un-cap\/#breadcrumb\"},\"inLanguage\":\"fr-FR\",\"potentialAction\":[{\"@type\":\"ReadAction\",\"target\":[\"https:\/\/www.eenewseurope.com\/fr\/lindustrie-des-semi-conducteurs-a-t-elle-passe-un-cap\/\"]}]},{\"@type\":\"BreadcrumbList\",\"@id\":\"https:\/\/www.eenewseurope.com\/fr\/lindustrie-des-semi-conducteurs-a-t-elle-passe-un-cap\/#breadcrumb\",\"itemListElement\":[{\"@type\":\"ListItem\",\"position\":1,\"name\":\"Home\",\"item\":\"https:\/\/www.ecinews.fr\/fr\/\"},{\"@type\":\"ListItem\",\"position\":2,\"name\":\"L&rsquo;industrie des semi-conducteurs a-t-elle pass\u00e9 un cap ?\"}]},{\"@type\":\"WebSite\",\"@id\":\"https:\/\/www.eenewseurope.com\/en\/#website\",\"url\":\"https:\/\/www.eenewseurope.com\/en\/\",\"name\":\"EENewsEurope\",\"description\":\"Just another WordPress site\",\"publisher\":{\"@id\":\"https:\/\/www.eenewseurope.com\/en\/#organization\"},\"potentialAction\":[{\"@type\":\"SearchAction\",\"target\":{\"@type\":\"EntryPoint\",\"urlTemplate\":\"https:\/\/www.eenewseurope.com\/en\/?s={search_term_string}\"},\"query-input\":\"required name=search_term_string\"}],\"inLanguage\":\"fr-FR\"},{\"@type\":\"Organization\",\"@id\":\"https:\/\/www.eenewseurope.com\/en\/#organization\",\"name\":\"EENewsEurope\",\"url\":\"https:\/\/www.eenewseurope.com\/en\/\",\"logo\":{\"@type\":\"ImageObject\",\"inLanguage\":\"fr-FR\",\"@id\":\"https:\/\/www.eenewseurope.com\/en\/#\/schema\/logo\/image\/\",\"url\":\"https:\/\/www.ecinews.fr\/wp-content\/uploads\/2022\/02\/logo-1.jpg\",\"contentUrl\":\"https:\/\/www.ecinews.fr\/wp-content\/uploads\/2022\/02\/logo-1.jpg\",\"width\":283,\"height\":113,\"caption\":\"EENewsEurope\"},\"image\":{\"@id\":\"https:\/\/www.eenewseurope.com\/en\/#\/schema\/logo\/image\/\"}},{\"@type\":\"Person\",\"@id\":\"https:\/\/www.eenewseurope.com\/en\/#\/schema\/person\/4b3db5ba5c953c5fddeb226df86d8635\",\"name\":\"A Delapalisse\",\"image\":{\"@type\":\"ImageObject\",\"inLanguage\":\"fr-FR\",\"@id\":\"https:\/\/www.eenewseurope.com\/en\/#\/schema\/person\/image\/09af0e1236b95ff53924b8dfe5af278e\",\"url\":\"https:\/\/secure.gravatar.com\/avatar\/010f811c0933b47aea7e9204117b17c6?s=96&d=mm&r=g\",\"contentUrl\":\"https:\/\/secure.gravatar.com\/avatar\/010f811c0933b47aea7e9204117b17c6?s=96&d=mm&r=g\",\"caption\":\"A Delapalisse\"}}]}<\/script>","yoast_head_json":{"title":"L'industrie des semi-conducteurs a-t-elle pass\u00e9 un cap ? ...","description":"La s\u00e9rie de mauvais r\u00e9sultats financiers de cette semaine jette n\u00e9anmoins un rayon de soleil sur le march\u00e9 des semi-conducteurs.","robots":{"index":"index","follow":"follow","max-snippet":"max-snippet:-1","max-image-preview":"max-image-preview:large","max-video-preview":"max-video-preview:-1"},"canonical":"https:\/\/www.ecinews.fr\/fr\/wp-json\/wp\/v2\/posts\/456916\/","og_locale":"fr_FR","og_type":"article","og_title":"L'industrie des semi-conducteurs a-t-elle pass\u00e9 un cap ?","og_description":"La s\u00e9rie de mauvais r\u00e9sultats financiers de cette semaine jette n\u00e9anmoins un rayon de soleil sur le march\u00e9 des semi-conducteurs.","og_url":"https:\/\/www.ecinews.fr\/fr\/wp-json\/wp\/v2\/posts\/456916\/","og_site_name":"EENewsEurope","article_published_time":"2024-07-25T14:34:58+00:00","og_image":[{"width":630,"height":420,"url":"https:\/\/www.eenewseurope.com\/wp-content\/uploads\/2024\/07\/300mm-wafer.jpg","type":"image\/jpeg"}],"author":"A Delapalisse, Nick Flaherty","twitter_card":"summary_large_image","twitter_misc":{"Written by":"A Delapalisse","Est. reading time":"4 minutes"},"schema":{"@context":"https:\/\/schema.org","@graph":[{"@type":"Article","@id":"https:\/\/www.eenewseurope.com\/fr\/lindustrie-des-semi-conducteurs-a-t-elle-passe-un-cap\/#article","isPartOf":{"@id":"https:\/\/www.eenewseurope.com\/fr\/lindustrie-des-semi-conducteurs-a-t-elle-passe-un-cap\/"},"author":{"name":"A Delapalisse","@id":"https:\/\/www.eenewseurope.com\/en\/#\/schema\/person\/4b3db5ba5c953c5fddeb226df86d8635"},"headline":"L&rsquo;industrie des semi-conducteurs a-t-elle pass\u00e9 un cap ?","datePublished":"2024-07-25T14:34:58+00:00","dateModified":"2024-07-25T14:34:58+00:00","mainEntityOfPage":{"@id":"https:\/\/www.eenewseurope.com\/fr\/lindustrie-des-semi-conducteurs-a-t-elle-passe-un-cap\/"},"wordCount":840,"publisher":{"@id":"https:\/\/www.eenewseurope.com\/en\/#organization"},"keywords":["Automotive","march\u00e9s","Semiconducteurs","Wireless Communications"],"articleSection":["Actualit\u00e9s \u00e9conomiques","March\u00e9"],"inLanguage":"fr-FR"},{"@type":"WebPage","@id":"https:\/\/www.eenewseurope.com\/fr\/lindustrie-des-semi-conducteurs-a-t-elle-passe-un-cap\/","url":"https:\/\/www.eenewseurope.com\/fr\/lindustrie-des-semi-conducteurs-a-t-elle-passe-un-cap\/","name":"L'industrie des semi-conducteurs a-t-elle pass\u00e9 un cap ? -","isPartOf":{"@id":"https:\/\/www.eenewseurope.com\/en\/#website"},"datePublished":"2024-07-25T14:34:58+00:00","dateModified":"2024-07-25T14:34:58+00:00","description":"La s\u00e9rie de mauvais r\u00e9sultats financiers de cette semaine jette n\u00e9anmoins un rayon de soleil sur le march\u00e9 des semi-conducteurs.","breadcrumb":{"@id":"https:\/\/www.eenewseurope.com\/fr\/lindustrie-des-semi-conducteurs-a-t-elle-passe-un-cap\/#breadcrumb"},"inLanguage":"fr-FR","potentialAction":[{"@type":"ReadAction","target":["https:\/\/www.eenewseurope.com\/fr\/lindustrie-des-semi-conducteurs-a-t-elle-passe-un-cap\/"]}]},{"@type":"BreadcrumbList","@id":"https:\/\/www.eenewseurope.com\/fr\/lindustrie-des-semi-conducteurs-a-t-elle-passe-un-cap\/#breadcrumb","itemListElement":[{"@type":"ListItem","position":1,"name":"Home","item":"https:\/\/www.ecinews.fr\/fr\/"},{"@type":"ListItem","position":2,"name":"L&rsquo;industrie des semi-conducteurs a-t-elle pass\u00e9 un cap ?"}]},{"@type":"WebSite","@id":"https:\/\/www.eenewseurope.com\/en\/#website","url":"https:\/\/www.eenewseurope.com\/en\/","name":"EENewsEurope","description":"Just another WordPress site","publisher":{"@id":"https:\/\/www.eenewseurope.com\/en\/#organization"},"potentialAction":[{"@type":"SearchAction","target":{"@type":"EntryPoint","urlTemplate":"https:\/\/www.eenewseurope.com\/en\/?s={search_term_string}"},"query-input":"required name=search_term_string"}],"inLanguage":"fr-FR"},{"@type":"Organization","@id":"https:\/\/www.eenewseurope.com\/en\/#organization","name":"EENewsEurope","url":"https:\/\/www.eenewseurope.com\/en\/","logo":{"@type":"ImageObject","inLanguage":"fr-FR","@id":"https:\/\/www.eenewseurope.com\/en\/#\/schema\/logo\/image\/","url":"https:\/\/www.ecinews.fr\/wp-content\/uploads\/2022\/02\/logo-1.jpg","contentUrl":"https:\/\/www.ecinews.fr\/wp-content\/uploads\/2022\/02\/logo-1.jpg","width":283,"height":113,"caption":"EENewsEurope"},"image":{"@id":"https:\/\/www.eenewseurope.com\/en\/#\/schema\/logo\/image\/"}},{"@type":"Person","@id":"https:\/\/www.eenewseurope.com\/en\/#\/schema\/person\/4b3db5ba5c953c5fddeb226df86d8635","name":"A Delapalisse","image":{"@type":"ImageObject","inLanguage":"fr-FR","@id":"https:\/\/www.eenewseurope.com\/en\/#\/schema\/person\/image\/09af0e1236b95ff53924b8dfe5af278e","url":"https:\/\/secure.gravatar.com\/avatar\/010f811c0933b47aea7e9204117b17c6?s=96&d=mm&r=g","contentUrl":"https:\/\/secure.gravatar.com\/avatar\/010f811c0933b47aea7e9204117b17c6?s=96&d=mm&r=g","caption":"A Delapalisse"}}]}},"authors":[{"term_id":6199,"user_id":40,"is_guest":0,"slug":"andre-rousselotemisys-com","display_name":"A Delapalisse","avatar_url":"https:\/\/secure.gravatar.com\/avatar\/010f811c0933b47aea7e9204117b17c6?s=96&d=mm&r=g","0":null,"1":"","2":"","3":"","4":"","5":"","6":"","7":"","8":""},{"term_id":3640,"user_id":0,"is_guest":1,"slug":"nick-flaherty","display_name":"Nick Flaherty","avatar_url":"https:\/\/secure.gravatar.com\/avatar\/?s=96&d=mm&r=g","0":null,"1":"","2":"","3":"","4":"","5":"","6":"","7":"","8":""}],"_links":{"self":[{"href":"https:\/\/www.ecinews.fr\/fr\/wp-json\/wp\/v2\/posts\/456916"}],"collection":[{"href":"https:\/\/www.ecinews.fr\/fr\/wp-json\/wp\/v2\/posts"}],"about":[{"href":"https:\/\/www.ecinews.fr\/fr\/wp-json\/wp\/v2\/types\/post"}],"author":[{"embeddable":true,"href":"https:\/\/www.ecinews.fr\/fr\/wp-json\/wp\/v2\/users\/40"}],"replies":[{"embeddable":true,"href":"https:\/\/www.ecinews.fr\/fr\/wp-json\/wp\/v2\/comments?post=456916"}],"version-history":[{"count":0,"href":"https:\/\/www.ecinews.fr\/fr\/wp-json\/wp\/v2\/posts\/456916\/revisions"}],"wp:featuredmedia":[{"embeddable":true,"href":"https:\/\/www.ecinews.fr\/fr\/wp-json\/wp\/v2\/media\/456807"}],"wp:attachment":[{"href":"https:\/\/www.ecinews.fr\/fr\/wp-json\/wp\/v2\/media?parent=456916"}],"wp:term":[{"taxonomy":"category","embeddable":true,"href":"https:\/\/www.ecinews.fr\/fr\/wp-json\/wp\/v2\/categories?post=456916"},{"taxonomy":"post_tag","embeddable":true,"href":"https:\/\/www.ecinews.fr\/fr\/wp-json\/wp\/v2\/tags?post=456916"},{"taxonomy":"domains","embeddable":true,"href":"https:\/\/www.ecinews.fr\/fr\/wp-json\/wp\/v2\/domains?post=456916"},{"taxonomy":"author","embeddable":true,"href":"https:\/\/www.ecinews.fr\/fr\/wp-json\/wp\/v2\/ppma_author?post=456916"}],"curies":[{"name":"wp","href":"https:\/\/api.w.org\/{rel}","templated":true}]}}