{"id":456684,"date":"2024-07-23T14:56:40","date_gmt":"2024-07-23T12:56:40","guid":{"rendered":"https:\/\/www.eenewseurope.com\/?p=456684"},"modified":"2024-07-23T14:57:45","modified_gmt":"2024-07-23T12:57:45","slug":"bosch-mise-7-milliards-deuros-pour-johnson-controls-hitachi-ac","status":"publish","type":"post","link":"https:\/\/www.ecinews.fr\/fr\/bosch-mise-7-milliards-deuros-pour-johnson-controls-hitachi-ac\/","title":{"rendered":"Bosch mise 7 milliards d&rsquo;euros pour Johnson Controls-Hitachi AC"},"content":{"rendered":"<h3>Bosch va racheter la coentreprise Johnson Controls-Hitachi Air Conditioning (JCH) pour dominer le march\u00e9 mondial du chauffage, de la ventilation et de la climatisation (CVC) r\u00e9sidentiels, dans le cadre d&rsquo;une op\u00e9ration de 7,4 milliards d&rsquo;euros (8 milliards de dollars), la plus grande acquisition qu&rsquo;il ait jamais r\u00e9alis\u00e9e.<\/h3>\n<p>Gr\u00e2ce \u00e0 cette op\u00e9ration de 7,4 milliards de dollars, le chiffre d&rsquo;affaires du groupe Bosch Home Comfort dans le domaine du chauffage, de la ventilation et de la climatisation passera d&rsquo;environ 5 milliards d&rsquo;euros \u00e0 9 milliard d&rsquo;euros.<\/p>\n<p>Bosch s&rsquo;attend \u00e0 ce que le march\u00e9 mondial du chauffage, de la ventilation et de la climatisation (CVC) connaisse une croissance de 40 % d&rsquo;ici \u00e0 2030, gr\u00e2ce aux progr\u00e8s technologiques, \u00e0 la lutte contre le changement climatique et aux nouvelles r\u00e9glementations, en particulier lorsque les pompes \u00e0 chaleur remplaceront les chaudi\u00e8res domestiques \u00e0 la fois pour le chauffage et la climatisation.<\/p>\n<p style=\"text-align: left;\">Bosch deviendra ainsi un d\u00e9veloppeur et un acheteur majeur de <a href=\"https:\/\/www.eenewseurope.com\/en\/power-quality-in-hvac-applications\/\">semi-conducteurs de puissance<\/a>, le march\u00e9 passant des IGBT en silicium au nitrure de gallium (GaN) et au carbure de silicium (SiC), o\u00f9 Bosch entretient des relations \u00e9troites avec Infineon Technologies. Cela stimule \u00e9galement l&rsquo;utilisation de l&rsquo;<a href=\"https:\/\/www.eenewseurope.com\/en\/autonomous-building-ai-targets-hvac-systems\/\">IA par Bosch<\/a> dans les syst\u00e8mes de gestion des b\u00e2timents.<\/p>\n<p>L&rsquo;op\u00e9ration devrait \u00eatre conclue dans les 12 mois.<\/p>\n<blockquote class=\"wp-embedded-content\" data-secret=\"JRX3P7bp3F\"><p><a href=\"https:\/\/www.eenewseurope.com\/en\/ai-image-sensor-slashes-air-conditioning-energy\/\">AI image sensor slashes air conditioning energy<\/a><\/p><\/blockquote>\n<p><iframe class=\"wp-embedded-content lazyload\" sandbox=\"allow-scripts\" security=\"restricted\" style=\"position: absolute; visibility: hidden;\" title=\"&#8220;AI image sensor slashes air conditioning energy&#8221; &#8212; eeNews Europe\" data-src=\"https:\/\/www.eenewseurope.com\/en\/ai-image-sensor-slashes-air-conditioning-energy\/embed\/#?secret=XpFORpPQet#?secret=JRX3P7bp3F\" data-secret=\"JRX3P7bp3F\" width=\"500\" height=\"282\" frameborder=\"0\" marginwidth=\"0\" marginheight=\"0\" scrolling=\"no\" src=\"data:image\/svg+xml;base64,PHN2ZyB3aWR0aD0iMSIgaGVpZ2h0PSIxIiB4bWxucz0iaHR0cDovL3d3dy53My5vcmcvMjAwMC9zdmciPjwvc3ZnPg==\" data-load-mode=\"1\"><\/iframe><\/p>\n<p>\u00ab\u00a0Cette acquisition, la plus importante de l&rsquo;histoire de Bosch, constitue une \u00e9tape importante dans la mise en \u0153uvre syst\u00e9matique de notre strat\u00e9gie \u00e0 l&rsquo;horizon 2030. Nous poursuivons avec dynamisme le d\u00e9veloppement de Bosch et cette acquisition nous permettra d&rsquo;occuper une position de leader mondial sur le march\u00e9 prometteur du chauffage, de la ventilation et de la climatisation\u00a0\u00bb, a d\u00e9clar\u00e9 Stefan Hartung, pr\u00e9sident du conseil d&rsquo;administration de Robert Bosch GmbH.<\/p>\n<p>\u00ab\u00a0En outre, en prenant cette mesure, nous renforcerons notre pr\u00e9sence aux \u00c9tats-Unis et en Asie et nous parviendrons \u00e0 un meilleur \u00e9quilibre entre nos secteurs d&rsquo;activit\u00e9. Cela fait \u00e9galement partie de notre strat\u00e9gie. De cette mani\u00e8re, nous ouvrirons de nouvelles opportunit\u00e9s de croissance et renforcerons les bases de l&rsquo;entreprise dans son ensemble.<\/p>\n<p>La transaction comprend 16 sites de production et 12 sites d&rsquo;ing\u00e9nierie dans plus de 30 pays. Le portefeuille de produits couvre toute la gamme des solutions de chauffage, de ventilation et de climatisation pour les b\u00e2timents r\u00e9sidentiels et commerciaux l\u00e9gers, et comprend des marques r\u00e9put\u00e9es telles que York et Coleman aux \u00c9tats-Unis et Hitachi en Asie, pour lesquelles Bosch b\u00e9n\u00e9ficiera d&rsquo;une licence \u00e0 long terme.<\/p>\n<p>La nouvelle unit\u00e9 emploiera plus de 26 000 personnes, contre 14 000 auparavant, et pourra b\u00e9n\u00e9ficier consid\u00e9rablement d&rsquo;\u00e9conomies d&rsquo;\u00e9chelle et d&rsquo;un portefeuille compl\u00e9mentaire \u00e0 l&rsquo;interface entre le chauffage et le refroidissement.<\/p>\n<p>Aux \u00c9tats-Unis, Bosch pr\u00e9voit une croissance de plus de 50 % d&rsquo;ici la fin de la d\u00e9cennie, et de 30 % en Europe.<\/p>\n<p>\u00ab\u00a0Avec cette acquisition, Bosch va acc\u00e9l\u00e9rer sa croissance et presque doubler son chiffre d&rsquo;affaires sur le march\u00e9 du chauffage, de la ventilation et de la climatisation pour atteindre environ 9 milliards d&rsquo;euros. Avec nos futurs coll\u00e8gues, nous voulons saisir les \u00e9normes opportunit\u00e9s offertes par le march\u00e9 pour poursuivre la croissance de cette nouvelle unit\u00e9\u00a0\u00bb, a d\u00e9clar\u00e9 Christian Fischer, vice-pr\u00e9sident du conseil d&rsquo;administration de Robert Bosch et responsable des initiatives de croissance strat\u00e9gique du groupe Bosch, y compris cette op\u00e9ration.<\/p>\n<blockquote class=\"wp-embedded-content\" data-secret=\"YOFp9P8l8H\"><p><a href=\"https:\/\/www.eenewseurope.com\/en\/bosch-develops-europes-first-fully-automated-battery-discharge-system\/\">Bosch develops Europe&#8217;s first fully automated battery discharge system<\/a><\/p><\/blockquote>\n<p><iframe class=\"wp-embedded-content lazyload\" sandbox=\"allow-scripts\" security=\"restricted\" style=\"position: absolute; visibility: hidden;\" title=\"&#8220;Bosch develops Europe&#8217;s first fully automated battery discharge system&#8221; &#8212; eeNews Europe\" data-src=\"https:\/\/www.eenewseurope.com\/en\/bosch-develops-europes-first-fully-automated-battery-discharge-system\/embed\/#?secret=4bjZlluxtG#?secret=YOFp9P8l8H\" data-secret=\"YOFp9P8l8H\" width=\"500\" height=\"282\" frameborder=\"0\" marginwidth=\"0\" marginheight=\"0\" scrolling=\"no\" src=\"data:image\/svg+xml;base64,PHN2ZyB3aWR0aD0iMSIgaGVpZ2h0PSIxIiB4bWxucz0iaHR0cDovL3d3dy53My5vcmcvMjAwMC9zdmciPjwvc3ZnPg==\" data-load-mode=\"1\"><\/iframe><\/p>\n<p>&nbsp;<\/p>\n<p>\u00ab\u00a0Les entreprises acquises feront partie du c\u0153ur de m\u00e9tier de Bosch, ce qui profitera aux clients, aux partenaires d&rsquo;installation et aux associ\u00e9s\u00a0\u00bb, ajoute M. Fischer. \u00ab\u00a0Nous avons prouv\u00e9 \u00e0 plusieurs reprises par le pass\u00e9 que nous pouvions int\u00e9grer des marques avec succ\u00e8s, les faire progresser gr\u00e2ce \u00e0 des investissements et les renforcer.<\/p>\n<p>\u00ab\u00a0Notre activit\u00e9 de pointe dans le secteur r\u00e9sidentiel et commercial l\u00e9ger et son \u00e9quipe de classe mondiale compl\u00e8tent parfaitement le portefeuille de Bosch. Nous sommes convaincus que, sous la direction de Bosch, l&rsquo;entreprise continuera \u00e0 exceller et \u00e0 fournir des produits et des services innovants \u00e0 ses clients. Nous nous r\u00e9jouissons de voir leur succ\u00e8s se poursuivre\u00a0\u00bb, a d\u00e9clar\u00e9 George Oliver, PDG de Johnson Controls.<\/p>\n<p>\u00ab\u00a0Le nouveau partenariat avec Bosch en vue d&rsquo;\u00e9tablir une activit\u00e9 mondiale dans le domaine de la climatisation est une \u00e9tape importante. Le march\u00e9 est dynamique et florissant. Je suis convaincu qu&rsquo;un fournisseur mondial tel que Bosch, avec sa forte pr\u00e9sence en Europe et ses nombreuses ann\u00e9es d&rsquo;exp\u00e9rience dans le domaine du chauffage, est le partenaire id\u00e9al pour d\u00e9velopper l&rsquo;activit\u00e9 mondiale de climatisation de la marque Hitachi\u00a0\u00bb, a ajout\u00e9 Jun Abe, directeur g\u00e9n\u00e9ral et vice-pr\u00e9sident ex\u00e9cutif d&rsquo;Hitachi, et directeur g\u00e9n\u00e9ral de la division Hitachi Connective Industries.<\/p>\n<p>\u00ab\u00a0L&rsquo;objectif de Bosch est de jouer un r\u00f4le actif dans l&rsquo;\u00e9volution du march\u00e9 innovant et en pleine croissance des technologies de l&rsquo;\u00e9nergie et du b\u00e2timent, et d&rsquo;occuper une position de leader au niveau mondial. Avec cette acquisition, nous am\u00e9liorons notre position, en particulier dans le domaine de la climatisation. En outre, nous serons en mesure d&rsquo;\u00e9tendre nos activit\u00e9s dans le domaine des pompes \u00e0 chaleur \u00e0 l&rsquo;\u00e9chelle mondiale et de r\u00e9aliser de plus grandes \u00e9conomies d&rsquo;\u00e9chelle\u00a0\u00bb, a d\u00e9clar\u00e9 Frank Meyer, membre du conseil d&rsquo;administration de Bosch responsable du secteur des technologies de l&rsquo;\u00e9nergie et du b\u00e2timent, et donc \u00e9galement du groupe Bosch Home Comfort et de l&rsquo;int\u00e9gration de la nouvelle unit\u00e9.<\/p>\n<p>\u00ab\u00a0Gr\u00e2ce \u00e0 notre technologie et \u00e0 nos produits, nous pouvons travailler ensemble pour contribuer davantage \u00e0 l&rsquo;efficacit\u00e9 \u00e9nerg\u00e9tique et \u00e0 l&rsquo;am\u00e9lioration du confort et de la qualit\u00e9 de vie de nombreuses personnes dans le contexte du r\u00e9chauffement climatique. C&rsquo;est ce que l&rsquo;on appelle &lsquo;Invent\u00e9 pour la vie&rsquo; au sens propre du terme\u00a0\u00bb.<\/p>\n<p><a href=\"http:\/\/www.bosch.com\">www.bosch.com<\/a><\/p>\n","protected":false},"excerpt":{"rendered":"<p>Bosch va racheter la coentreprise Johnson Controls-Hitachi Air Conditioning (JCH) pour dominer le march\u00e9 mondial du chauffage, de la ventilation et de la climatisation (CVC) r\u00e9sidentiels, dans le cadre d&rsquo;une op\u00e9ration de 7,4 milliards d&rsquo;euros (8 milliards de dollars), la plus grande acquisition qu&rsquo;il ait jamais r\u00e9alis\u00e9e. Gr\u00e2ce \u00e0 cette op\u00e9ration de 7,4 milliards de [&hellip;]<\/p>\n","protected":false},"author":2,"featured_media":456650,"comment_status":"closed","ping_status":"closed","sticky":false,"template":"","format":"standard","meta":{"_acf_changed":false,"footnotes":""},"categories":[880],"tags":[3679,3289,7078,2198,890],"domains":[47],"ppma_author":[3640],"class_list":["post-456684","post","type-post","status-publish","format-standard","has-post-thumbnail","hentry","category-actualites-economiques","tag-ai-fr","tag-bosch","tag-cvc","tag-ia","tag-powermanagement-fr","domains-electronique-eci"],"acf":[],"yoast_head":"<title>Bosch mise 7 milliards d&#039;euros pour Johnson Controls-Hitachi AC ...<\/title>\n<meta name=\"description\" content=\"Bosch va racheter la coentreprise Johnson Controls-Hitachi Air Conditioning (JCH) HVAC pour 7,4 milliards d&#039;euros (8 milliards de dollars).\" \/>\n<meta name=\"robots\" content=\"index, follow, max-snippet:-1, max-image-preview:large, max-video-preview:-1\" \/>\n<link rel=\"canonical\" href=\"https:\/\/www.ecinews.fr\/fr\/wp-json\/wp\/v2\/posts\/456684\/\" \/>\n<meta property=\"og:locale\" content=\"fr_FR\" \/>\n<meta property=\"og:type\" content=\"article\" \/>\n<meta property=\"og:title\" content=\"Bosch mise 7 milliards d&#039;euros pour Johnson Controls-Hitachi AC\" \/>\n<meta property=\"og:description\" content=\"Bosch va racheter la coentreprise Johnson Controls-Hitachi Air Conditioning (JCH) HVAC pour 7,4 milliards d&#039;euros (8 milliards de dollars).\" \/>\n<meta property=\"og:url\" content=\"https:\/\/www.ecinews.fr\/fr\/wp-json\/wp\/v2\/posts\/456684\/\" \/>\n<meta property=\"og:site_name\" content=\"EENewsEurope\" \/>\n<meta property=\"article:published_time\" content=\"2024-07-23T12:56:40+00:00\" \/>\n<meta property=\"article:modified_time\" content=\"2024-07-23T12:57:45+00:00\" \/>\n<meta property=\"og:image\" content=\"https:\/\/www.ecinews.fr\/wp-content\/uploads\/2024\/07\/unnamed-47.jpg\" \/>\n\t<meta property=\"og:image:width\" content=\"640\" \/>\n\t<meta property=\"og:image:height\" content=\"441\" \/>\n\t<meta property=\"og:image:type\" content=\"image\/jpeg\" \/>\n<meta name=\"author\" content=\"Nick Flaherty\" \/>\n<meta name=\"twitter:card\" content=\"summary_large_image\" \/>\n<meta name=\"twitter:label1\" content=\"Written by\" \/>\n\t<meta name=\"twitter:data1\" content=\"NicolasR\" \/>\n\t<meta name=\"twitter:label2\" content=\"Est. reading time\" \/>\n\t<meta name=\"twitter:data2\" content=\"4 minutes\" \/>\n<script type=\"application\/ld+json\" class=\"yoast-schema-graph\">{\"@context\":\"https:\/\/schema.org\",\"@graph\":[{\"@type\":\"Article\",\"@id\":\"https:\/\/www.ecinews.fr\/fr\/bosch-mise-7-milliards-deuros-pour-johnson-controls-hitachi-ac\/#article\",\"isPartOf\":{\"@id\":\"https:\/\/www.ecinews.fr\/fr\/bosch-mise-7-milliards-deuros-pour-johnson-controls-hitachi-ac\/\"},\"author\":{\"name\":\"NicolasR\",\"@id\":\"https:\/\/www.ecinews.fr\/fr\/#\/schema\/person\/78961bf5e4a331d3b8b2d58fdfef976c\"},\"headline\":\"Bosch mise 7 milliards d&rsquo;euros pour Johnson Controls-Hitachi AC\",\"datePublished\":\"2024-07-23T12:56:40+00:00\",\"dateModified\":\"2024-07-23T12:57:45+00:00\",\"mainEntityOfPage\":{\"@id\":\"https:\/\/www.ecinews.fr\/fr\/bosch-mise-7-milliards-deuros-pour-johnson-controls-hitachi-ac\/\"},\"wordCount\":1004,\"publisher\":{\"@id\":\"https:\/\/www.ecinews.fr\/fr\/#organization\"},\"keywords\":[\"AI\",\"Bosch\",\"CVC\",\"IA\",\"PowerManagement\"],\"articleSection\":[\"Actualit\u00e9s \u00e9conomiques\"],\"inLanguage\":\"fr-FR\"},{\"@type\":\"WebPage\",\"@id\":\"https:\/\/www.ecinews.fr\/fr\/bosch-mise-7-milliards-deuros-pour-johnson-controls-hitachi-ac\/\",\"url\":\"https:\/\/www.ecinews.fr\/fr\/bosch-mise-7-milliards-deuros-pour-johnson-controls-hitachi-ac\/\",\"name\":\"Bosch mise 7 milliards d'euros pour Johnson Controls-Hitachi AC -\",\"isPartOf\":{\"@id\":\"https:\/\/www.ecinews.fr\/fr\/#website\"},\"datePublished\":\"2024-07-23T12:56:40+00:00\",\"dateModified\":\"2024-07-23T12:57:45+00:00\",\"description\":\"Bosch va racheter la coentreprise Johnson Controls-Hitachi Air Conditioning (JCH) HVAC pour 7,4 milliards d'euros (8 milliards de dollars).\",\"breadcrumb\":{\"@id\":\"https:\/\/www.ecinews.fr\/fr\/bosch-mise-7-milliards-deuros-pour-johnson-controls-hitachi-ac\/#breadcrumb\"},\"inLanguage\":\"fr-FR\",\"potentialAction\":[{\"@type\":\"ReadAction\",\"target\":[\"https:\/\/www.ecinews.fr\/fr\/bosch-mise-7-milliards-deuros-pour-johnson-controls-hitachi-ac\/\"]}]},{\"@type\":\"BreadcrumbList\",\"@id\":\"https:\/\/www.ecinews.fr\/fr\/bosch-mise-7-milliards-deuros-pour-johnson-controls-hitachi-ac\/#breadcrumb\",\"itemListElement\":[{\"@type\":\"ListItem\",\"position\":1,\"name\":\"Home\",\"item\":\"https:\/\/www.ecinews.fr\/fr\/\"},{\"@type\":\"ListItem\",\"position\":2,\"name\":\"Bosch mise 7 milliards d&rsquo;euros pour Johnson Controls-Hitachi AC\"}]},{\"@type\":\"WebSite\",\"@id\":\"https:\/\/www.ecinews.fr\/fr\/#website\",\"url\":\"https:\/\/www.ecinews.fr\/fr\/\",\"name\":\"EENewsEurope\",\"description\":\"Just another WordPress site\",\"publisher\":{\"@id\":\"https:\/\/www.ecinews.fr\/fr\/#organization\"},\"potentialAction\":[{\"@type\":\"SearchAction\",\"target\":{\"@type\":\"EntryPoint\",\"urlTemplate\":\"https:\/\/www.ecinews.fr\/fr\/?s={search_term_string}\"},\"query-input\":\"required name=search_term_string\"}],\"inLanguage\":\"fr-FR\"},{\"@type\":\"Organization\",\"@id\":\"https:\/\/www.ecinews.fr\/fr\/#organization\",\"name\":\"EENewsEurope\",\"url\":\"https:\/\/www.ecinews.fr\/fr\/\",\"logo\":{\"@type\":\"ImageObject\",\"inLanguage\":\"fr-FR\",\"@id\":\"https:\/\/www.ecinews.fr\/fr\/#\/schema\/logo\/image\/\",\"url\":\"https:\/\/www.ecinews.fr\/wp-content\/uploads\/2022\/02\/logo-1.jpg\",\"contentUrl\":\"https:\/\/www.ecinews.fr\/wp-content\/uploads\/2022\/02\/logo-1.jpg\",\"width\":283,\"height\":113,\"caption\":\"EENewsEurope\"},\"image\":{\"@id\":\"https:\/\/www.ecinews.fr\/fr\/#\/schema\/logo\/image\/\"}},{\"@type\":\"Person\",\"@id\":\"https:\/\/www.ecinews.fr\/fr\/#\/schema\/person\/78961bf5e4a331d3b8b2d58fdfef976c\",\"name\":\"NicolasR\",\"image\":{\"@type\":\"ImageObject\",\"inLanguage\":\"fr-FR\",\"@id\":\"https:\/\/www.ecinews.fr\/fr\/#\/schema\/person\/image\/1113513d73c6c997fc7ac1ecedfff8d9\",\"url\":\"https:\/\/secure.gravatar.com\/avatar\/8c46107760468ab8a00c814c26c19ab4?s=96&d=mm&r=g\",\"contentUrl\":\"https:\/\/secure.gravatar.com\/avatar\/8c46107760468ab8a00c814c26c19ab4?s=96&d=mm&r=g\",\"caption\":\"NicolasR\"}}]}<\/script>","yoast_head_json":{"title":"Bosch mise 7 milliards d'euros pour Johnson Controls-Hitachi AC ...","description":"Bosch va racheter la coentreprise Johnson Controls-Hitachi Air Conditioning (JCH) HVAC pour 7,4 milliards d'euros (8 milliards de dollars).","robots":{"index":"index","follow":"follow","max-snippet":"max-snippet:-1","max-image-preview":"max-image-preview:large","max-video-preview":"max-video-preview:-1"},"canonical":"https:\/\/www.ecinews.fr\/fr\/wp-json\/wp\/v2\/posts\/456684\/","og_locale":"fr_FR","og_type":"article","og_title":"Bosch mise 7 milliards d'euros pour Johnson Controls-Hitachi AC","og_description":"Bosch va racheter la coentreprise Johnson Controls-Hitachi Air Conditioning (JCH) HVAC pour 7,4 milliards d'euros (8 milliards de dollars).","og_url":"https:\/\/www.ecinews.fr\/fr\/wp-json\/wp\/v2\/posts\/456684\/","og_site_name":"EENewsEurope","article_published_time":"2024-07-23T12:56:40+00:00","article_modified_time":"2024-07-23T12:57:45+00:00","og_image":[{"width":640,"height":441,"url":"https:\/\/www.ecinews.fr\/wp-content\/uploads\/2024\/07\/unnamed-47.jpg","type":"image\/jpeg"}],"author":"Nick Flaherty","twitter_card":"summary_large_image","twitter_misc":{"Written by":"NicolasR","Est. reading time":"4 minutes"},"schema":{"@context":"https:\/\/schema.org","@graph":[{"@type":"Article","@id":"https:\/\/www.ecinews.fr\/fr\/bosch-mise-7-milliards-deuros-pour-johnson-controls-hitachi-ac\/#article","isPartOf":{"@id":"https:\/\/www.ecinews.fr\/fr\/bosch-mise-7-milliards-deuros-pour-johnson-controls-hitachi-ac\/"},"author":{"name":"NicolasR","@id":"https:\/\/www.ecinews.fr\/fr\/#\/schema\/person\/78961bf5e4a331d3b8b2d58fdfef976c"},"headline":"Bosch mise 7 milliards d&rsquo;euros pour Johnson Controls-Hitachi AC","datePublished":"2024-07-23T12:56:40+00:00","dateModified":"2024-07-23T12:57:45+00:00","mainEntityOfPage":{"@id":"https:\/\/www.ecinews.fr\/fr\/bosch-mise-7-milliards-deuros-pour-johnson-controls-hitachi-ac\/"},"wordCount":1004,"publisher":{"@id":"https:\/\/www.ecinews.fr\/fr\/#organization"},"keywords":["AI","Bosch","CVC","IA","PowerManagement"],"articleSection":["Actualit\u00e9s \u00e9conomiques"],"inLanguage":"fr-FR"},{"@type":"WebPage","@id":"https:\/\/www.ecinews.fr\/fr\/bosch-mise-7-milliards-deuros-pour-johnson-controls-hitachi-ac\/","url":"https:\/\/www.ecinews.fr\/fr\/bosch-mise-7-milliards-deuros-pour-johnson-controls-hitachi-ac\/","name":"Bosch mise 7 milliards d'euros pour Johnson Controls-Hitachi AC -","isPartOf":{"@id":"https:\/\/www.ecinews.fr\/fr\/#website"},"datePublished":"2024-07-23T12:56:40+00:00","dateModified":"2024-07-23T12:57:45+00:00","description":"Bosch va racheter la coentreprise Johnson Controls-Hitachi Air Conditioning (JCH) HVAC pour 7,4 milliards d'euros (8 milliards de dollars).","breadcrumb":{"@id":"https:\/\/www.ecinews.fr\/fr\/bosch-mise-7-milliards-deuros-pour-johnson-controls-hitachi-ac\/#breadcrumb"},"inLanguage":"fr-FR","potentialAction":[{"@type":"ReadAction","target":["https:\/\/www.ecinews.fr\/fr\/bosch-mise-7-milliards-deuros-pour-johnson-controls-hitachi-ac\/"]}]},{"@type":"BreadcrumbList","@id":"https:\/\/www.ecinews.fr\/fr\/bosch-mise-7-milliards-deuros-pour-johnson-controls-hitachi-ac\/#breadcrumb","itemListElement":[{"@type":"ListItem","position":1,"name":"Home","item":"https:\/\/www.ecinews.fr\/fr\/"},{"@type":"ListItem","position":2,"name":"Bosch mise 7 milliards d&rsquo;euros pour Johnson Controls-Hitachi AC"}]},{"@type":"WebSite","@id":"https:\/\/www.ecinews.fr\/fr\/#website","url":"https:\/\/www.ecinews.fr\/fr\/","name":"EENewsEurope","description":"Just another WordPress site","publisher":{"@id":"https:\/\/www.ecinews.fr\/fr\/#organization"},"potentialAction":[{"@type":"SearchAction","target":{"@type":"EntryPoint","urlTemplate":"https:\/\/www.ecinews.fr\/fr\/?s={search_term_string}"},"query-input":"required name=search_term_string"}],"inLanguage":"fr-FR"},{"@type":"Organization","@id":"https:\/\/www.ecinews.fr\/fr\/#organization","name":"EENewsEurope","url":"https:\/\/www.ecinews.fr\/fr\/","logo":{"@type":"ImageObject","inLanguage":"fr-FR","@id":"https:\/\/www.ecinews.fr\/fr\/#\/schema\/logo\/image\/","url":"https:\/\/www.ecinews.fr\/wp-content\/uploads\/2022\/02\/logo-1.jpg","contentUrl":"https:\/\/www.ecinews.fr\/wp-content\/uploads\/2022\/02\/logo-1.jpg","width":283,"height":113,"caption":"EENewsEurope"},"image":{"@id":"https:\/\/www.ecinews.fr\/fr\/#\/schema\/logo\/image\/"}},{"@type":"Person","@id":"https:\/\/www.ecinews.fr\/fr\/#\/schema\/person\/78961bf5e4a331d3b8b2d58fdfef976c","name":"NicolasR","image":{"@type":"ImageObject","inLanguage":"fr-FR","@id":"https:\/\/www.ecinews.fr\/fr\/#\/schema\/person\/image\/1113513d73c6c997fc7ac1ecedfff8d9","url":"https:\/\/secure.gravatar.com\/avatar\/8c46107760468ab8a00c814c26c19ab4?s=96&d=mm&r=g","contentUrl":"https:\/\/secure.gravatar.com\/avatar\/8c46107760468ab8a00c814c26c19ab4?s=96&d=mm&r=g","caption":"NicolasR"}}]}},"authors":[{"term_id":3640,"user_id":0,"is_guest":1,"slug":"nick-flaherty","display_name":"Nick Flaherty","avatar_url":"https:\/\/secure.gravatar.com\/avatar\/?s=96&d=mm&r=g","0":null,"1":"","2":"","3":"","4":"","5":"","6":"","7":"","8":""}],"_links":{"self":[{"href":"https:\/\/www.ecinews.fr\/fr\/wp-json\/wp\/v2\/posts\/456684"}],"collection":[{"href":"https:\/\/www.ecinews.fr\/fr\/wp-json\/wp\/v2\/posts"}],"about":[{"href":"https:\/\/www.ecinews.fr\/fr\/wp-json\/wp\/v2\/types\/post"}],"author":[{"embeddable":true,"href":"https:\/\/www.ecinews.fr\/fr\/wp-json\/wp\/v2\/users\/2"}],"replies":[{"embeddable":true,"href":"https:\/\/www.ecinews.fr\/fr\/wp-json\/wp\/v2\/comments?post=456684"}],"version-history":[{"count":0,"href":"https:\/\/www.ecinews.fr\/fr\/wp-json\/wp\/v2\/posts\/456684\/revisions"}],"wp:featuredmedia":[{"embeddable":true,"href":"https:\/\/www.ecinews.fr\/fr\/wp-json\/wp\/v2\/media\/456650"}],"wp:attachment":[{"href":"https:\/\/www.ecinews.fr\/fr\/wp-json\/wp\/v2\/media?parent=456684"}],"wp:term":[{"taxonomy":"category","embeddable":true,"href":"https:\/\/www.ecinews.fr\/fr\/wp-json\/wp\/v2\/categories?post=456684"},{"taxonomy":"post_tag","embeddable":true,"href":"https:\/\/www.ecinews.fr\/fr\/wp-json\/wp\/v2\/tags?post=456684"},{"taxonomy":"domains","embeddable":true,"href":"https:\/\/www.ecinews.fr\/fr\/wp-json\/wp\/v2\/domains?post=456684"},{"taxonomy":"author","embeddable":true,"href":"https:\/\/www.ecinews.fr\/fr\/wp-json\/wp\/v2\/ppma_author?post=456684"}],"curies":[{"name":"wp","href":"https:\/\/api.w.org\/{rel}","templated":true}]}}