{"id":456467,"date":"2024-07-21T08:30:22","date_gmt":"2024-07-21T06:30:22","guid":{"rendered":"https:\/\/www.eenewseurope.com\/?p=456467"},"modified":"2024-07-20T18:39:12","modified_gmt":"2024-07-20T16:39:12","slug":"infineon-et-amkor-ensemble-sur-la-durabilite-de-la-chaine-dapprovisionnement","status":"publish","type":"post","link":"https:\/\/www.ecinews.fr\/fr\/infineon-et-amkor-ensemble-sur-la-durabilite-de-la-chaine-dapprovisionnement\/","title":{"rendered":"Infineon et Amkor ensemble sur la durabilit\u00e9 de la cha\u00eene d&rsquo;approvisionnement"},"content":{"rendered":"<h3>Infineon Technologies et Amkor ont sign\u00e9 un accord pour s&rsquo;engager activement aupr\u00e8s de leurs fournisseurs communs en mati\u00e8re de d\u00e9veloppement durable.<\/h3>\n<p>L&rsquo;objectif de cet accord est qu&rsquo;Infineon et Amkor identifient les domaines d&rsquo;am\u00e9lioration et aident les fournisseurs \u00e0 fixer leurs propres objectifs de r\u00e9duction des \u00e9missions sur la base de donn\u00e9es scientifiques.<\/p>\n<p>Les deux entreprises ont l&rsquo;intention d&rsquo;utiliser leurs relations commerciales dans le domaine de l&rsquo;assemblage et du test de semi-conducteurs externalis\u00e9s (OSAT) pour lutter contre les \u00e9missions tout au long de la cha\u00eene d&rsquo;approvisionnement. En avril, les deux soci\u00e9t\u00e9s ont annonc\u00e9 qu&rsquo;elles exploiteraient un centre de packaging et de test sp\u00e9cialis\u00e9 sur le site de fabrication d&rsquo;Amkor \u00e0 Porto, au Portugal.<\/p>\n<p>Infineon a introduit un programme d&rsquo;engagement des fournisseurs en 2023 et a travaill\u00e9 avec plus d&rsquo;une centaine de fournisseurs pour d\u00e9finir et mettre en \u0153uvre des objectifs scientifiques. Elle a r\u00e9cemment d\u00e9taill\u00e9 l&rsquo;<a href=\"https:\/\/www.eenewseurope.com\/en\/infineon-details-carbon-footprint-of-power-automotive-devices\/\">empreinte carbone d&rsquo;une s\u00e9rie de composants \u00e9lectriques et automobiles<\/a> tout au long de la cha\u00eene d&rsquo;approvisionnement.<\/p>\n<h2>Une collaboration \u00e9troite avec les fournisseurs<\/h2>\n<p>La collaboration avec les fournisseurs comprendra des ateliers, des r\u00e9unions et le partage des meilleures pratiques et des enseignements li\u00e9s \u00e0 la d\u00e9carbonisation. L&rsquo;objectif est d&rsquo;identifier les domaines \u00e0 am\u00e9liorer et d&rsquo;aider les fournisseurs \u00e0 fixer des objectifs de r\u00e9duction des \u00e9missions fond\u00e9s sur des donn\u00e9es scientifiques, conform\u00e9ment \u00e0 l&rsquo;initiative Science Based Targets (objectifs fond\u00e9s sur des donn\u00e9es scientifiques).<\/p>\n<p>\u00ab\u00a0Infineon a fait d&rsquo;excellents progr\u00e8s vers son objectif de devenir neutre en CO2 pour les champs d&rsquo;application 1 et 2 d&rsquo;ici 2030, car l&rsquo;entreprise a plus que divis\u00e9 par deux ses \u00e9missions\u00a0 tout en doublant son chiffre d&rsquo;affaires depuis 2019. Les \u00e9missions du champ d&rsquo;application 3 li\u00e9es \u00e0 la cha\u00eene d&rsquo;approvisionnement repr\u00e9sentent la plus grande part des \u00e9missions totales d&rsquo;Infineon et sont les plus difficiles \u00e0 r\u00e9duire\u00a0\u00bb, a d\u00e9clar\u00e9 Angelique van der Burg, responsable de l&rsquo;approvisionnement chez Infineon. \u00ab\u00a0Il est donc d&rsquo;autant plus important de les associer \u00e0 nos efforts. Mais personne ne peut agir seul. Nous devons collaborer activement et stimuler l&rsquo;innovation avec nos fournisseurs si nous voulons r\u00e9duire efficacement les \u00e9missions de CO2. Cela rev\u00eat une grande importance non seulement pour Infineon et Amkor, mais aussi pour la soci\u00e9t\u00e9 dans son ensemble. C&rsquo;est pourquoi nous sommes heureux d&rsquo;unir nos forces \u00e0 celles d&rsquo;Amkor dans ce domaine\u00a0\u00bb.<\/p>\n<p>\u00ab\u00a0Amkor se r\u00e9jouit d&rsquo;approfondir son partenariat avec Infineon par le biais de cette collaboration strat\u00e9gique. La prise en compte du champ d&rsquo;application 3 est la partie la plus difficile du parcours de d\u00e9carbonisation, et nous pr\u00e9voyons des avantages mutuels de ce travail collectif pour relever le d\u00e9fi\u00a0\u00bb, a d\u00e9clar\u00e9 Giel Rutten, pr\u00e9sident et directeur g\u00e9n\u00e9ral d&rsquo;Amkor. \u00ab\u00a0Cette initiative est essentielle pour atteindre l&rsquo;objectif d&rsquo;Amkor de parvenir \u00e0 des \u00e9missions nettes nulles d&rsquo;ici 2050 en renfor\u00e7ant l&rsquo;engagement de la cha\u00eene d&rsquo;approvisionnement gr\u00e2ce \u00e0 des efforts conjoints. Nous sommes impatients de collaborer avec nos fournisseurs et nous les invitons \u00e0 se joindre \u00e0 nos efforts pour fixer des objectifs ambitieux fond\u00e9s sur la science. Ensemble, nous nous engageons \u00e0 avoir un impact positif sur l&rsquo;environnement tout au long de notre cha\u00eene de valeur.\u00a0\u00bb<\/p>\n<p><a title=\"www.infineon.com\" href=\"http:\/\/www.infineon.com\" target=\"_blank\" rel=\"noopener\">www.infineon.com<\/a> <a href=\"http:\/\/www.infineon.com\">;<\/a> <a href=\"http:\/\/www.amkor.com\">www.amkor.com<\/a><\/p>\n<p>.<\/p>\n<p>&nbsp;<\/p>\n","protected":false},"excerpt":{"rendered":"<p>Infineon Technologies et Amkor ont sign\u00e9 un accord pour s&rsquo;engager activement aupr\u00e8s de leurs fournisseurs communs en mati\u00e8re de d\u00e9veloppement durable. L&rsquo;objectif de cet accord est qu&rsquo;Infineon et Amkor identifient les domaines d&rsquo;am\u00e9lioration et aident les fournisseurs \u00e0 fixer leurs propres objectifs de r\u00e9duction des \u00e9missions sur la base de donn\u00e9es scientifiques. Les deux entreprises [&hellip;]<\/p>\n","protected":false},"author":40,"featured_media":456406,"comment_status":"closed","ping_status":"closed","sticky":false,"template":"","format":"standard","meta":{"_acf_changed":false,"footnotes":""},"categories":[880],"tags":[6866,1558],"domains":[47],"ppma_author":[6199,3640],"class_list":["post-456467","post","type-post","status-publish","format-standard","has-post-thumbnail","hentry","category-actualites-economiques","tag-developpement-durable","tag-semiconducteurs","domains-electronique-eci"],"acf":[],"yoast_head":"<title>Infineon et Amkor ensemble sur la durabilit\u00e9 de la cha\u00eene d&#039;a...<\/title>\n<meta name=\"description\" content=\"Infineon Technologies et Amkor ont sign\u00e9 un accord pour s&#039;engager activement en mati\u00e8re de d\u00e9veloppement durable avec leurs fournisseurs.\" \/>\n<meta name=\"robots\" content=\"index, follow, max-snippet:-1, max-image-preview:large, max-video-preview:-1\" \/>\n<link rel=\"canonical\" href=\"https:\/\/www.ecinews.fr\/fr\/wp-json\/wp\/v2\/posts\/456467\/\" \/>\n<meta property=\"og:locale\" content=\"fr_FR\" \/>\n<meta property=\"og:type\" content=\"article\" \/>\n<meta property=\"og:title\" content=\"Infineon et Amkor ensemble sur la durabilit\u00e9 de la cha\u00eene d&#039;approvisionnement\" \/>\n<meta property=\"og:description\" content=\"Infineon Technologies et Amkor ont sign\u00e9 un accord pour s&#039;engager activement en mati\u00e8re de d\u00e9veloppement durable avec leurs fournisseurs.\" \/>\n<meta property=\"og:url\" content=\"https:\/\/www.ecinews.fr\/fr\/wp-json\/wp\/v2\/posts\/456467\/\" \/>\n<meta property=\"og:site_name\" content=\"EENewsEurope\" \/>\n<meta property=\"article:published_time\" content=\"2024-07-21T06:30:22+00:00\" \/>\n<meta property=\"article:modified_time\" content=\"2024-07-20T16:39:12+00:00\" \/>\n<meta property=\"og:image\" content=\"https:\/\/www.ecinews.fr\/wp-content\/uploads\/2024\/07\/Infineon_Amkor-scaled.jpg\" \/>\n\t<meta property=\"og:image:width\" content=\"1080\" \/>\n\t<meta property=\"og:image:height\" content=\"723\" \/>\n\t<meta property=\"og:image:type\" content=\"image\/jpeg\" \/>\n<meta name=\"author\" content=\"A Delapalisse, Nick Flaherty\" \/>\n<meta name=\"twitter:card\" content=\"summary_large_image\" \/>\n<meta name=\"twitter:label1\" content=\"Written by\" \/>\n\t<meta name=\"twitter:data1\" content=\"A Delapalisse\" \/>\n\t<meta name=\"twitter:label2\" content=\"Est. reading time\" \/>\n\t<meta name=\"twitter:data2\" content=\"3 minutes\" \/>\n<script type=\"application\/ld+json\" class=\"yoast-schema-graph\">{\"@context\":\"https:\/\/schema.org\",\"@graph\":[{\"@type\":\"Article\",\"@id\":\"https:\/\/www.ecinews.fr\/fr\/infineon-et-amkor-ensemble-sur-la-durabilite-de-la-chaine-dapprovisionnement\/#article\",\"isPartOf\":{\"@id\":\"https:\/\/www.ecinews.fr\/fr\/infineon-et-amkor-ensemble-sur-la-durabilite-de-la-chaine-dapprovisionnement\/\"},\"author\":{\"name\":\"A Delapalisse\",\"@id\":\"https:\/\/www.ecinews.fr\/fr\/#\/schema\/person\/4b3db5ba5c953c5fddeb226df86d8635\"},\"headline\":\"Infineon et Amkor ensemble sur la durabilit\u00e9 de la cha\u00eene d&rsquo;approvisionnement\",\"datePublished\":\"2024-07-21T06:30:22+00:00\",\"dateModified\":\"2024-07-20T16:39:12+00:00\",\"mainEntityOfPage\":{\"@id\":\"https:\/\/www.ecinews.fr\/fr\/infineon-et-amkor-ensemble-sur-la-durabilite-de-la-chaine-dapprovisionnement\/\"},\"wordCount\":592,\"publisher\":{\"@id\":\"https:\/\/www.ecinews.fr\/fr\/#organization\"},\"keywords\":[\"D\u00e9veloppement durable\",\"Semiconducteurs\"],\"articleSection\":[\"Actualit\u00e9s \u00e9conomiques\"],\"inLanguage\":\"fr-FR\"},{\"@type\":\"WebPage\",\"@id\":\"https:\/\/www.ecinews.fr\/fr\/infineon-et-amkor-ensemble-sur-la-durabilite-de-la-chaine-dapprovisionnement\/\",\"url\":\"https:\/\/www.ecinews.fr\/fr\/infineon-et-amkor-ensemble-sur-la-durabilite-de-la-chaine-dapprovisionnement\/\",\"name\":\"Infineon et Amkor ensemble sur la durabilit\u00e9 de la cha\u00eene d'approvisionnement -\",\"isPartOf\":{\"@id\":\"https:\/\/www.ecinews.fr\/fr\/#website\"},\"datePublished\":\"2024-07-21T06:30:22+00:00\",\"dateModified\":\"2024-07-20T16:39:12+00:00\",\"description\":\"Infineon Technologies et Amkor ont sign\u00e9 un accord pour s'engager activement en mati\u00e8re de d\u00e9veloppement durable avec leurs fournisseurs.\",\"breadcrumb\":{\"@id\":\"https:\/\/www.ecinews.fr\/fr\/infineon-et-amkor-ensemble-sur-la-durabilite-de-la-chaine-dapprovisionnement\/#breadcrumb\"},\"inLanguage\":\"fr-FR\",\"potentialAction\":[{\"@type\":\"ReadAction\",\"target\":[\"https:\/\/www.ecinews.fr\/fr\/infineon-et-amkor-ensemble-sur-la-durabilite-de-la-chaine-dapprovisionnement\/\"]}]},{\"@type\":\"BreadcrumbList\",\"@id\":\"https:\/\/www.ecinews.fr\/fr\/infineon-et-amkor-ensemble-sur-la-durabilite-de-la-chaine-dapprovisionnement\/#breadcrumb\",\"itemListElement\":[{\"@type\":\"ListItem\",\"position\":1,\"name\":\"Home\",\"item\":\"https:\/\/www.ecinews.fr\/fr\/\"},{\"@type\":\"ListItem\",\"position\":2,\"name\":\"Infineon et Amkor ensemble sur la durabilit\u00e9 de la cha\u00eene d&rsquo;approvisionnement\"}]},{\"@type\":\"WebSite\",\"@id\":\"https:\/\/www.ecinews.fr\/fr\/#website\",\"url\":\"https:\/\/www.ecinews.fr\/fr\/\",\"name\":\"EENewsEurope\",\"description\":\"Just another WordPress site\",\"publisher\":{\"@id\":\"https:\/\/www.ecinews.fr\/fr\/#organization\"},\"potentialAction\":[{\"@type\":\"SearchAction\",\"target\":{\"@type\":\"EntryPoint\",\"urlTemplate\":\"https:\/\/www.ecinews.fr\/fr\/?s={search_term_string}\"},\"query-input\":\"required name=search_term_string\"}],\"inLanguage\":\"fr-FR\"},{\"@type\":\"Organization\",\"@id\":\"https:\/\/www.ecinews.fr\/fr\/#organization\",\"name\":\"EENewsEurope\",\"url\":\"https:\/\/www.ecinews.fr\/fr\/\",\"logo\":{\"@type\":\"ImageObject\",\"inLanguage\":\"fr-FR\",\"@id\":\"https:\/\/www.ecinews.fr\/fr\/#\/schema\/logo\/image\/\",\"url\":\"https:\/\/www.ecinews.fr\/wp-content\/uploads\/2022\/02\/logo-1.jpg\",\"contentUrl\":\"https:\/\/www.ecinews.fr\/wp-content\/uploads\/2022\/02\/logo-1.jpg\",\"width\":283,\"height\":113,\"caption\":\"EENewsEurope\"},\"image\":{\"@id\":\"https:\/\/www.ecinews.fr\/fr\/#\/schema\/logo\/image\/\"}},{\"@type\":\"Person\",\"@id\":\"https:\/\/www.ecinews.fr\/fr\/#\/schema\/person\/4b3db5ba5c953c5fddeb226df86d8635\",\"name\":\"A Delapalisse\",\"image\":{\"@type\":\"ImageObject\",\"inLanguage\":\"fr-FR\",\"@id\":\"https:\/\/www.ecinews.fr\/fr\/#\/schema\/person\/image\/09af0e1236b95ff53924b8dfe5af278e\",\"url\":\"https:\/\/secure.gravatar.com\/avatar\/010f811c0933b47aea7e9204117b17c6?s=96&d=mm&r=g\",\"contentUrl\":\"https:\/\/secure.gravatar.com\/avatar\/010f811c0933b47aea7e9204117b17c6?s=96&d=mm&r=g\",\"caption\":\"A Delapalisse\"}}]}<\/script>","yoast_head_json":{"title":"Infineon et Amkor ensemble sur la durabilit\u00e9 de la cha\u00eene d'a...","description":"Infineon Technologies et Amkor ont sign\u00e9 un accord pour s'engager activement en mati\u00e8re de d\u00e9veloppement durable avec leurs fournisseurs.","robots":{"index":"index","follow":"follow","max-snippet":"max-snippet:-1","max-image-preview":"max-image-preview:large","max-video-preview":"max-video-preview:-1"},"canonical":"https:\/\/www.ecinews.fr\/fr\/wp-json\/wp\/v2\/posts\/456467\/","og_locale":"fr_FR","og_type":"article","og_title":"Infineon et Amkor ensemble sur la durabilit\u00e9 de la cha\u00eene d'approvisionnement","og_description":"Infineon Technologies et Amkor ont sign\u00e9 un accord pour s'engager activement en mati\u00e8re de d\u00e9veloppement durable avec leurs fournisseurs.","og_url":"https:\/\/www.ecinews.fr\/fr\/wp-json\/wp\/v2\/posts\/456467\/","og_site_name":"EENewsEurope","article_published_time":"2024-07-21T06:30:22+00:00","article_modified_time":"2024-07-20T16:39:12+00:00","og_image":[{"width":1080,"height":723,"url":"https:\/\/www.ecinews.fr\/wp-content\/uploads\/2024\/07\/Infineon_Amkor-scaled.jpg","type":"image\/jpeg"}],"author":"A Delapalisse, Nick Flaherty","twitter_card":"summary_large_image","twitter_misc":{"Written by":"A Delapalisse","Est. reading time":"3 minutes"},"schema":{"@context":"https:\/\/schema.org","@graph":[{"@type":"Article","@id":"https:\/\/www.ecinews.fr\/fr\/infineon-et-amkor-ensemble-sur-la-durabilite-de-la-chaine-dapprovisionnement\/#article","isPartOf":{"@id":"https:\/\/www.ecinews.fr\/fr\/infineon-et-amkor-ensemble-sur-la-durabilite-de-la-chaine-dapprovisionnement\/"},"author":{"name":"A Delapalisse","@id":"https:\/\/www.ecinews.fr\/fr\/#\/schema\/person\/4b3db5ba5c953c5fddeb226df86d8635"},"headline":"Infineon et Amkor ensemble sur la durabilit\u00e9 de la cha\u00eene d&rsquo;approvisionnement","datePublished":"2024-07-21T06:30:22+00:00","dateModified":"2024-07-20T16:39:12+00:00","mainEntityOfPage":{"@id":"https:\/\/www.ecinews.fr\/fr\/infineon-et-amkor-ensemble-sur-la-durabilite-de-la-chaine-dapprovisionnement\/"},"wordCount":592,"publisher":{"@id":"https:\/\/www.ecinews.fr\/fr\/#organization"},"keywords":["D\u00e9veloppement durable","Semiconducteurs"],"articleSection":["Actualit\u00e9s \u00e9conomiques"],"inLanguage":"fr-FR"},{"@type":"WebPage","@id":"https:\/\/www.ecinews.fr\/fr\/infineon-et-amkor-ensemble-sur-la-durabilite-de-la-chaine-dapprovisionnement\/","url":"https:\/\/www.ecinews.fr\/fr\/infineon-et-amkor-ensemble-sur-la-durabilite-de-la-chaine-dapprovisionnement\/","name":"Infineon et Amkor ensemble sur la durabilit\u00e9 de la cha\u00eene d'approvisionnement -","isPartOf":{"@id":"https:\/\/www.ecinews.fr\/fr\/#website"},"datePublished":"2024-07-21T06:30:22+00:00","dateModified":"2024-07-20T16:39:12+00:00","description":"Infineon Technologies et Amkor ont sign\u00e9 un accord pour s'engager activement en mati\u00e8re de d\u00e9veloppement durable avec leurs fournisseurs.","breadcrumb":{"@id":"https:\/\/www.ecinews.fr\/fr\/infineon-et-amkor-ensemble-sur-la-durabilite-de-la-chaine-dapprovisionnement\/#breadcrumb"},"inLanguage":"fr-FR","potentialAction":[{"@type":"ReadAction","target":["https:\/\/www.ecinews.fr\/fr\/infineon-et-amkor-ensemble-sur-la-durabilite-de-la-chaine-dapprovisionnement\/"]}]},{"@type":"BreadcrumbList","@id":"https:\/\/www.ecinews.fr\/fr\/infineon-et-amkor-ensemble-sur-la-durabilite-de-la-chaine-dapprovisionnement\/#breadcrumb","itemListElement":[{"@type":"ListItem","position":1,"name":"Home","item":"https:\/\/www.ecinews.fr\/fr\/"},{"@type":"ListItem","position":2,"name":"Infineon et Amkor ensemble sur la durabilit\u00e9 de la cha\u00eene d&rsquo;approvisionnement"}]},{"@type":"WebSite","@id":"https:\/\/www.ecinews.fr\/fr\/#website","url":"https:\/\/www.ecinews.fr\/fr\/","name":"EENewsEurope","description":"Just another WordPress site","publisher":{"@id":"https:\/\/www.ecinews.fr\/fr\/#organization"},"potentialAction":[{"@type":"SearchAction","target":{"@type":"EntryPoint","urlTemplate":"https:\/\/www.ecinews.fr\/fr\/?s={search_term_string}"},"query-input":"required name=search_term_string"}],"inLanguage":"fr-FR"},{"@type":"Organization","@id":"https:\/\/www.ecinews.fr\/fr\/#organization","name":"EENewsEurope","url":"https:\/\/www.ecinews.fr\/fr\/","logo":{"@type":"ImageObject","inLanguage":"fr-FR","@id":"https:\/\/www.ecinews.fr\/fr\/#\/schema\/logo\/image\/","url":"https:\/\/www.ecinews.fr\/wp-content\/uploads\/2022\/02\/logo-1.jpg","contentUrl":"https:\/\/www.ecinews.fr\/wp-content\/uploads\/2022\/02\/logo-1.jpg","width":283,"height":113,"caption":"EENewsEurope"},"image":{"@id":"https:\/\/www.ecinews.fr\/fr\/#\/schema\/logo\/image\/"}},{"@type":"Person","@id":"https:\/\/www.ecinews.fr\/fr\/#\/schema\/person\/4b3db5ba5c953c5fddeb226df86d8635","name":"A Delapalisse","image":{"@type":"ImageObject","inLanguage":"fr-FR","@id":"https:\/\/www.ecinews.fr\/fr\/#\/schema\/person\/image\/09af0e1236b95ff53924b8dfe5af278e","url":"https:\/\/secure.gravatar.com\/avatar\/010f811c0933b47aea7e9204117b17c6?s=96&d=mm&r=g","contentUrl":"https:\/\/secure.gravatar.com\/avatar\/010f811c0933b47aea7e9204117b17c6?s=96&d=mm&r=g","caption":"A Delapalisse"}}]}},"authors":[{"term_id":6199,"user_id":40,"is_guest":0,"slug":"andre-rousselotemisys-com","display_name":"A Delapalisse","avatar_url":"https:\/\/secure.gravatar.com\/avatar\/010f811c0933b47aea7e9204117b17c6?s=96&d=mm&r=g","0":null,"1":"","2":"","3":"","4":"","5":"","6":"","7":"","8":""},{"term_id":3640,"user_id":0,"is_guest":1,"slug":"nick-flaherty","display_name":"Nick Flaherty","avatar_url":"https:\/\/secure.gravatar.com\/avatar\/?s=96&d=mm&r=g","0":null,"1":"","2":"","3":"","4":"","5":"","6":"","7":"","8":""}],"_links":{"self":[{"href":"https:\/\/www.ecinews.fr\/fr\/wp-json\/wp\/v2\/posts\/456467"}],"collection":[{"href":"https:\/\/www.ecinews.fr\/fr\/wp-json\/wp\/v2\/posts"}],"about":[{"href":"https:\/\/www.ecinews.fr\/fr\/wp-json\/wp\/v2\/types\/post"}],"author":[{"embeddable":true,"href":"https:\/\/www.ecinews.fr\/fr\/wp-json\/wp\/v2\/users\/40"}],"replies":[{"embeddable":true,"href":"https:\/\/www.ecinews.fr\/fr\/wp-json\/wp\/v2\/comments?post=456467"}],"version-history":[{"count":0,"href":"https:\/\/www.ecinews.fr\/fr\/wp-json\/wp\/v2\/posts\/456467\/revisions"}],"wp:featuredmedia":[{"embeddable":true,"href":"https:\/\/www.ecinews.fr\/fr\/wp-json\/wp\/v2\/media\/456406"}],"wp:attachment":[{"href":"https:\/\/www.ecinews.fr\/fr\/wp-json\/wp\/v2\/media?parent=456467"}],"wp:term":[{"taxonomy":"category","embeddable":true,"href":"https:\/\/www.ecinews.fr\/fr\/wp-json\/wp\/v2\/categories?post=456467"},{"taxonomy":"post_tag","embeddable":true,"href":"https:\/\/www.ecinews.fr\/fr\/wp-json\/wp\/v2\/tags?post=456467"},{"taxonomy":"domains","embeddable":true,"href":"https:\/\/www.ecinews.fr\/fr\/wp-json\/wp\/v2\/domains?post=456467"},{"taxonomy":"author","embeddable":true,"href":"https:\/\/www.ecinews.fr\/fr\/wp-json\/wp\/v2\/ppma_author?post=456467"}],"curies":[{"name":"wp","href":"https:\/\/api.w.org\/{rel}","templated":true}]}}