{"id":456135,"date":"2024-07-18T09:30:47","date_gmt":"2024-07-18T07:30:47","guid":{"rendered":"https:\/\/www.ecinews.fr\/?p=456135"},"modified":"2024-07-16T18:39:54","modified_gmt":"2024-07-16T16:39:54","slug":"ralentissement-des-ventes-de-vehicules-electriques-lattention-se-focalise-sur-les-infrastructures-de-recharge","status":"publish","type":"post","link":"https:\/\/www.ecinews.fr\/fr\/ralentissement-des-ventes-de-vehicules-electriques-lattention-se-focalise-sur-les-infrastructures-de-recharge\/","title":{"rendered":"Ralentissement des ventes de v\u00e9hicules \u00e9lectriques : l\u2019attention se focalise sur les infrastructures de recharge"},"content":{"rendered":"<h3>\u00c0 la suite d\u2019une phase d&rsquo;expansion rapide, l&rsquo;augmentation des ventes de v\u00e9hicules \u00e9lectriques a connu un ralentissement en 2023 \u00e0 l&rsquo;\u00e9chelle mondiale, avec une croissance de 33 %, comparativement \u00e0 une croissance de 100 % en 2022. La part moyenne de v\u00e9hicules \u00e9lectriques parmi l\u2019immatriculation de nouveaux v\u00e9hicules continue d\u2019augmenter\u00a0: de 15\u00a0% en 2022 \u00e0 19\u00a0% cette ann\u00e9e, m\u00eame si dans certains march\u00e9s matures, comme la Cor\u00e9e du Sud ou l\u2019Allemagne, ce chiffre a baiss\u00e9.<\/h3>\n<p>En effet, le secteur affronte de nombreux d\u00e9fis tels que la hausse des prix de l\u2019\u00e9lectricit\u00e9, l\u2019inflation et la baisse des subventions publiques en faveur des infrastructures de recharge. Le nombre de points de recharge dans le monde a augment\u00e9 de 65\u00a0% en 2023, bien que le taux de v\u00e9hicules par points de recharge ait l\u00e9g\u00e8rement recul\u00e9 dans la plupart des r\u00e9gions.<\/p>\n<p>N\u00e9anmoins, 81,5\u00a0% des usagers affirment que recharger leur v\u00e9hicule \u00e9lectrique est devenu plus facile au cours des six derniers mois. Ces r\u00e9sultats proviennent de l\u2019\u00e9tude EV Charging Index 2024 de Roland Berger. Elle se base sur les retours de plus de 16\u00a0000 industriels en provenance d\u2019Europe, d\u2019Asie, d\u2019Am\u00e9rique et du Moyen-Orient.<\/p>\n<p><strong>Gr\u00e9gory Jarry, Project Manager, Roland Berger<\/strong>, d\u00e9clare\u00a0: \u00ab En 2023, la croissance des ventes de v\u00e9hicules \u00e9lectriques a ralenti. Parall\u00e8lement, l\u2019offre de bornes et de la qualit\u00e9 des services ont fortement augment\u00e9, notamment en ce qui concerne les bornes rapides. Si cette situation a entrain\u00e9 une am\u00e9lioration nette de la satisfaction client, elle met les op\u00e9rateurs de bornes de recharge sous pression. Ces derniers cherchent aujourd\u2019hui \u00e0 maximiser l\u2019utilisation de leurs sites et apportent une plus grande attention \u00e0 leurs co\u00fbts, notamment ceux li\u00e9s au d\u00e9ploiement d\u2019infrastructure et aux achats d\u2019\u00e9lectricit\u00e9 \u00bb.<\/p>\n<p><strong>La Chine, leader de la mobilit\u00e9 \u00e9lectrique<\/strong><\/p>\n<p>Le score global de la Chine dans l\u2019Index n\u2019a pas augment\u00e9 en 2023. Cependant, le pays conserve sa premi\u00e8re place gr\u00e2ce \u00e0 une forte croissance des ventes de v\u00e9hicules \u00e9lectriques et la construction de points de recharge. Ses rivaux les plus proches, l\u2019Allemagne, les \u00c9tats-Unis et les Pays-Bas, ont tous vu leur score stagner ou d\u00e9cro\u00eetre en 2023, comme dans la plupart des march\u00e9s \u00e9tablis. De leur c\u00f4t\u00e9, les march\u00e9s en d\u00e9veloppement, comme le Moyen-Orient ou l\u2019Asie du Sud-Est, montrent une rapide croissance de leurs ventes en v\u00e9hicules \u00e9lectriques, comblant l\u2019\u00e9cart avec les pays en t\u00eate.<\/p>\n<p><strong>Les Etats-Unis, deuxi\u00e8me march\u00e9 mondial de la mobilit\u00e9 \u00e9lectrique<\/strong><\/p>\n<p>Les \u00c9tats-Unis suivent la Chine de pr\u00e8s dans l\u2019Index, ce qui d\u00e9montre la bonne performance des deux pays en mati\u00e8re d\u2019infrastructures de recharge et de satisfaction client \u00e0 l\u2019\u00e9chelle mondiale. En 2023, les ventes de v\u00e9hicules \u00e9lectriques ont consid\u00e9rablement augment\u00e9 gr\u00e2ce \u00e0 la popularit\u00e9 grandissante des hybrides rechargeables. La croissance du r\u00e9seau public de recharge n\u2019a pas suivi le rythme, bien que le pourcentage tr\u00e8s \u00e9lev\u00e9 d\u2019am\u00e9ricains disposant d\u2019un point de recharge \u00e0 domicile r\u00e9duise la d\u00e9pendance \u00e0 ces infrastructures. Par ailleurs, le maintien des subventions f\u00e9d\u00e9rales pour la mobilit\u00e9 \u00e9lectrique d\u00e9pend largement des r\u00e9sultats des \u00e9lections am\u00e9ricaines de novembre 2024.<\/p>\n<p><strong>Les OEMs misent sur les points de recharge pour relancer les ventes de v\u00e9hicules \u00e9lectriques<\/strong><\/p>\n<p>Le march\u00e9 de la recharge des v\u00e9hicules \u00e9lectriques est en plein boom et de nombreuses entreprises s\u2019y int\u00e9ressent \u00e0 la fois dans des r\u00e9gions avanc\u00e9es et en d\u00e9veloppement. Les OEMs misent sur la recharge dans le monde entier, soit par leurs propres r\u00e9seaux ou en ayant recours \u00e0 des consortiums externes. Cette strat\u00e9gie est d\u2019autant plus mise en place dans les march\u00e9s moins d\u00e9velopp\u00e9s, o\u00f9 les OEMs relancent les ventes de v\u00e9hicules en installant davantage d\u2019infrastructures.<\/p>\n<p>\u00ab\u00a0Outre la recharge \u00e0 domicile, les cas de recharge au travail et \u00e0 destination, tels que sur les parkings des centres commerciaux, sont pl\u00e9biscit\u00e9s. Pour r\u00e9pondre \u00e0 ce besoin, les acteurs du march\u00e9 testent sans cesse de nouveaux business models et technologies \u00bb, continue Gr\u00e9gory Jarry. \u00ab\u00a0Finalement, un large panel de solutions r\u00e9ponde \u00e0 diff\u00e9rents cas d\u2019usage.\u00a0\u00bb<\/p>\n<p>T\u00e9l\u00e9charger l\u2019\u00e9tude dans son int\u00e9gralit\u00e9 ci-dessous\u00a0:<\/p>\n<p><a href=\"https:\/\/www.rolandberger.com\/en\/Insights\/Publications\/EV-Charging-Index-2024-EV-growth-slows-as-attention-turns-to-infrastructure.html\">https\u00a0:\/\/www.rolandberger.com\/en\/Insights\/Publications\/EV-Charging-Index-2024-EV-growth-slows-as-attention-turns-to-infrastructure.html<\/a><\/p>\n<p><a href=\"https:\/\/www.rolandberger.com\/\">Roland Berger<\/a><\/p>\n<p>&nbsp;<\/p>\n<p><a href=\"https:\/\/news.google.com\/publications\/CAAqBwgKMJbcwQswuPfYAw?hl=fr&amp;gl=BE&amp;ceid=BE:fr\">Suivre ECInews sur Google news<\/a><\/p>\n","protected":false},"excerpt":{"rendered":"<p>\u00c0 la suite d\u2019une phase d&rsquo;expansion rapide, l&rsquo;augmentation des ventes de v\u00e9hicules \u00e9lectriques a connu un ralentissement en 2023 \u00e0 l&rsquo;\u00e9chelle mondiale, avec une croissance de 33 %, comparativement \u00e0 une croissance de 100 % en 2022. La part moyenne de v\u00e9hicules \u00e9lectriques parmi l\u2019immatriculation de nouveaux v\u00e9hicules continue d\u2019augmenter\u00a0: de 15\u00a0% en 2022 \u00e0 [&hellip;]<\/p>\n","protected":false},"author":39,"featured_media":456167,"comment_status":"closed","ping_status":"closed","sticky":false,"template":"","format":"standard","meta":{"_acf_changed":false,"footnotes":""},"categories":[886,880,888],"tags":[2327,5540],"domains":[47],"ppma_author":[6113],"class_list":["post-456135","post","type-post","status-publish","format-standard","has-post-thumbnail","hentry","category-news-fr","category-actualites-economiques","category-marche","tag-marche","tag-vehicules-electriques","domains-electronique-eci"],"acf":[],"yoast_head":"<title>Ralentissement des ventes de v\u00e9hicules \u00e9lectriques : l\u2019atte...<\/title>\n<meta name=\"description\" content=\"\u00c0 la suite d\u2019une phase d&#039;expansion rapide, l&#039;augmentation des ventes de v\u00e9hicules \u00e9lectriques a connu un ralentissement en 2023 \u00e0 l&#039;\u00e9chelle mondiale,...\" \/>\n<meta name=\"robots\" content=\"index, follow, max-snippet:-1, max-image-preview:large, max-video-preview:-1\" \/>\n<link rel=\"canonical\" href=\"https:\/\/www.ecinews.fr\/fr\/wp-json\/wp\/v2\/posts\/456135\/\" \/>\n<meta property=\"og:locale\" content=\"fr_FR\" \/>\n<meta property=\"og:type\" content=\"article\" \/>\n<meta property=\"og:title\" content=\"Ralentissement des ventes de v\u00e9hicules \u00e9lectriques : l\u2019attention se focalise sur les infrastructures de recharge\" \/>\n<meta property=\"og:description\" content=\"\u00c0 la suite d\u2019une phase d&#039;expansion rapide, l&#039;augmentation des ventes de v\u00e9hicules \u00e9lectriques a connu un ralentissement en 2023 \u00e0 l&#039;\u00e9chelle mondiale, avec une croissance de 33 %, comparativement \u00e0 une croissance de 100 % en 2022. La part moyenne de v\u00e9hicules \u00e9lectriques parmi l\u2019immatriculation de nouveaux v\u00e9hicules continue d\u2019augmenter\u00a0: de 15\u00a0% en 2022 \u00e0 19\u00a0% cette ann\u00e9e, m\u00eame si dans certains march\u00e9s matures, comme la Cor\u00e9e du Sud ou l\u2019Allemagne, ce chiffre a baiss\u00e9.\" \/>\n<meta property=\"og:url\" content=\"https:\/\/www.ecinews.fr\/fr\/wp-json\/wp\/v2\/posts\/456135\/\" \/>\n<meta property=\"og:site_name\" content=\"EENewsEurope\" \/>\n<meta property=\"article:published_time\" content=\"2024-07-18T07:30:47+00:00\" \/>\n<meta property=\"article:modified_time\" content=\"2024-07-16T16:39:54+00:00\" \/>\n<meta property=\"og:image\" content=\"https:\/\/www.ecinews.fr\/wp-content\/uploads\/2024\/07\/ECI4309-CP_EV-Charging-Index-2024_FR-scaled.jpg\" \/>\n\t<meta property=\"og:image:width\" content=\"1080\" \/>\n\t<meta property=\"og:image:height\" content=\"563\" \/>\n\t<meta property=\"og:image:type\" content=\"image\/jpeg\" \/>\n<meta name=\"author\" content=\"NicolasFeste\" \/>\n<meta name=\"twitter:card\" content=\"summary_large_image\" \/>\n<meta name=\"twitter:label1\" content=\"Written by\" \/>\n\t<meta name=\"twitter:data1\" content=\"NicolasFeste\" \/>\n\t<meta name=\"twitter:label2\" content=\"Est. reading time\" \/>\n\t<meta name=\"twitter:data2\" content=\"3 minutes\" \/>\n<script type=\"application\/ld+json\" class=\"yoast-schema-graph\">{\"@context\":\"https:\/\/schema.org\",\"@graph\":[{\"@type\":\"Article\",\"@id\":\"https:\/\/www.ecinews.fr\/fr\/ralentissement-des-ventes-de-vehicules-electriques-lattention-se-focalise-sur-les-infrastructures-de-recharge\/#article\",\"isPartOf\":{\"@id\":\"https:\/\/www.ecinews.fr\/fr\/ralentissement-des-ventes-de-vehicules-electriques-lattention-se-focalise-sur-les-infrastructures-de-recharge\/\"},\"author\":{\"name\":\"NicolasFeste\",\"@id\":\"https:\/\/www.ecinews.fr\/fr\/#\/schema\/person\/c7104a72b466a801f257e51481de0c43\"},\"headline\":\"Ralentissement des ventes de v\u00e9hicules \u00e9lectriques : l\u2019attention se focalise sur les infrastructures de recharge\",\"datePublished\":\"2024-07-18T07:30:47+00:00\",\"dateModified\":\"2024-07-16T16:39:54+00:00\",\"mainEntityOfPage\":{\"@id\":\"https:\/\/www.ecinews.fr\/fr\/ralentissement-des-ventes-de-vehicules-electriques-lattention-se-focalise-sur-les-infrastructures-de-recharge\/\"},\"wordCount\":750,\"publisher\":{\"@id\":\"https:\/\/www.ecinews.fr\/fr\/#organization\"},\"keywords\":[\"March\u00e9\",\"V\u00e9hicules \u00e9lectriques\"],\"articleSection\":[\"Actualit\u00e9 g\u00e9n\u00e9rale\",\"Actualit\u00e9s \u00e9conomiques\",\"March\u00e9\"],\"inLanguage\":\"fr-FR\"},{\"@type\":\"WebPage\",\"@id\":\"https:\/\/www.ecinews.fr\/fr\/ralentissement-des-ventes-de-vehicules-electriques-lattention-se-focalise-sur-les-infrastructures-de-recharge\/\",\"url\":\"https:\/\/www.ecinews.fr\/fr\/ralentissement-des-ventes-de-vehicules-electriques-lattention-se-focalise-sur-les-infrastructures-de-recharge\/\",\"name\":\"Ralentissement des ventes de v\u00e9hicules \u00e9lectriques : l\u2019attention se focalise sur les infrastructures de recharge -\",\"isPartOf\":{\"@id\":\"https:\/\/www.ecinews.fr\/fr\/#website\"},\"datePublished\":\"2024-07-18T07:30:47+00:00\",\"dateModified\":\"2024-07-16T16:39:54+00:00\",\"description\":\"\u00c0 la suite d\u2019une phase d'expansion rapide, l'augmentation des ventes de v\u00e9hicules \u00e9lectriques a connu un ralentissement en 2023 \u00e0 l'\u00e9chelle mondiale, avec une croissance de 33 %, comparativement \u00e0 une croissance de 100 % en 2022. La part moyenne de v\u00e9hicules \u00e9lectriques parmi l\u2019immatriculation de nouveaux v\u00e9hicules continue d\u2019augmenter\u00a0: de 15\u00a0% en 2022 \u00e0 19\u00a0% cette ann\u00e9e, m\u00eame si dans certains march\u00e9s matures, comme la Cor\u00e9e du Sud ou l\u2019Allemagne, ce chiffre a baiss\u00e9.\",\"breadcrumb\":{\"@id\":\"https:\/\/www.ecinews.fr\/fr\/ralentissement-des-ventes-de-vehicules-electriques-lattention-se-focalise-sur-les-infrastructures-de-recharge\/#breadcrumb\"},\"inLanguage\":\"fr-FR\",\"potentialAction\":[{\"@type\":\"ReadAction\",\"target\":[\"https:\/\/www.ecinews.fr\/fr\/ralentissement-des-ventes-de-vehicules-electriques-lattention-se-focalise-sur-les-infrastructures-de-recharge\/\"]}]},{\"@type\":\"BreadcrumbList\",\"@id\":\"https:\/\/www.ecinews.fr\/fr\/ralentissement-des-ventes-de-vehicules-electriques-lattention-se-focalise-sur-les-infrastructures-de-recharge\/#breadcrumb\",\"itemListElement\":[{\"@type\":\"ListItem\",\"position\":1,\"name\":\"Home\",\"item\":\"https:\/\/www.ecinews.fr\/fr\/\"},{\"@type\":\"ListItem\",\"position\":2,\"name\":\"Ralentissement des ventes de v\u00e9hicules \u00e9lectriques : l\u2019attention se focalise sur les infrastructures de recharge\"}]},{\"@type\":\"WebSite\",\"@id\":\"https:\/\/www.ecinews.fr\/fr\/#website\",\"url\":\"https:\/\/www.ecinews.fr\/fr\/\",\"name\":\"EENewsEurope\",\"description\":\"Just another WordPress site\",\"publisher\":{\"@id\":\"https:\/\/www.ecinews.fr\/fr\/#organization\"},\"potentialAction\":[{\"@type\":\"SearchAction\",\"target\":{\"@type\":\"EntryPoint\",\"urlTemplate\":\"https:\/\/www.ecinews.fr\/fr\/?s={search_term_string}\"},\"query-input\":\"required name=search_term_string\"}],\"inLanguage\":\"fr-FR\"},{\"@type\":\"Organization\",\"@id\":\"https:\/\/www.ecinews.fr\/fr\/#organization\",\"name\":\"EENewsEurope\",\"url\":\"https:\/\/www.ecinews.fr\/fr\/\",\"logo\":{\"@type\":\"ImageObject\",\"inLanguage\":\"fr-FR\",\"@id\":\"https:\/\/www.ecinews.fr\/fr\/#\/schema\/logo\/image\/\",\"url\":\"https:\/\/www.ecinews.fr\/wp-content\/uploads\/2022\/02\/logo-1.jpg\",\"contentUrl\":\"https:\/\/www.ecinews.fr\/wp-content\/uploads\/2022\/02\/logo-1.jpg\",\"width\":283,\"height\":113,\"caption\":\"EENewsEurope\"},\"image\":{\"@id\":\"https:\/\/www.ecinews.fr\/fr\/#\/schema\/logo\/image\/\"}},{\"@type\":\"Person\",\"@id\":\"https:\/\/www.ecinews.fr\/fr\/#\/schema\/person\/c7104a72b466a801f257e51481de0c43\",\"name\":\"NicolasFeste\",\"image\":{\"@type\":\"ImageObject\",\"inLanguage\":\"fr-FR\",\"@id\":\"https:\/\/www.ecinews.fr\/fr\/#\/schema\/person\/image\/1ea421e7d03c1e96a9ea2bcf2705734a\",\"url\":\"https:\/\/secure.gravatar.com\/avatar\/2e187f4d96902933ba445ed6c760e11c?s=96&d=mm&r=g\",\"contentUrl\":\"https:\/\/secure.gravatar.com\/avatar\/2e187f4d96902933ba445ed6c760e11c?s=96&d=mm&r=g\",\"caption\":\"NicolasFeste\"}}]}<\/script>","yoast_head_json":{"title":"Ralentissement des ventes de v\u00e9hicules \u00e9lectriques : l\u2019atte...","description":"\u00c0 la suite d\u2019une phase d'expansion rapide, l'augmentation des ventes de v\u00e9hicules \u00e9lectriques a connu un ralentissement en 2023 \u00e0 l'\u00e9chelle mondiale,...","robots":{"index":"index","follow":"follow","max-snippet":"max-snippet:-1","max-image-preview":"max-image-preview:large","max-video-preview":"max-video-preview:-1"},"canonical":"https:\/\/www.ecinews.fr\/fr\/wp-json\/wp\/v2\/posts\/456135\/","og_locale":"fr_FR","og_type":"article","og_title":"Ralentissement des ventes de v\u00e9hicules \u00e9lectriques : l\u2019attention se focalise sur les infrastructures de recharge","og_description":"\u00c0 la suite d\u2019une phase d'expansion rapide, l'augmentation des ventes de v\u00e9hicules \u00e9lectriques a connu un ralentissement en 2023 \u00e0 l'\u00e9chelle mondiale, avec une croissance de 33 %, comparativement \u00e0 une croissance de 100 % en 2022. La part moyenne de v\u00e9hicules \u00e9lectriques parmi l\u2019immatriculation de nouveaux v\u00e9hicules continue d\u2019augmenter\u00a0: de 15\u00a0% en 2022 \u00e0 19\u00a0% cette ann\u00e9e, m\u00eame si dans certains march\u00e9s matures, comme la Cor\u00e9e du Sud ou l\u2019Allemagne, ce chiffre a baiss\u00e9.","og_url":"https:\/\/www.ecinews.fr\/fr\/wp-json\/wp\/v2\/posts\/456135\/","og_site_name":"EENewsEurope","article_published_time":"2024-07-18T07:30:47+00:00","article_modified_time":"2024-07-16T16:39:54+00:00","og_image":[{"width":1080,"height":563,"url":"https:\/\/www.ecinews.fr\/wp-content\/uploads\/2024\/07\/ECI4309-CP_EV-Charging-Index-2024_FR-scaled.jpg","type":"image\/jpeg"}],"author":"NicolasFeste","twitter_card":"summary_large_image","twitter_misc":{"Written by":"NicolasFeste","Est. reading time":"3 minutes"},"schema":{"@context":"https:\/\/schema.org","@graph":[{"@type":"Article","@id":"https:\/\/www.ecinews.fr\/fr\/ralentissement-des-ventes-de-vehicules-electriques-lattention-se-focalise-sur-les-infrastructures-de-recharge\/#article","isPartOf":{"@id":"https:\/\/www.ecinews.fr\/fr\/ralentissement-des-ventes-de-vehicules-electriques-lattention-se-focalise-sur-les-infrastructures-de-recharge\/"},"author":{"name":"NicolasFeste","@id":"https:\/\/www.ecinews.fr\/fr\/#\/schema\/person\/c7104a72b466a801f257e51481de0c43"},"headline":"Ralentissement des ventes de v\u00e9hicules \u00e9lectriques : l\u2019attention se focalise sur les infrastructures de recharge","datePublished":"2024-07-18T07:30:47+00:00","dateModified":"2024-07-16T16:39:54+00:00","mainEntityOfPage":{"@id":"https:\/\/www.ecinews.fr\/fr\/ralentissement-des-ventes-de-vehicules-electriques-lattention-se-focalise-sur-les-infrastructures-de-recharge\/"},"wordCount":750,"publisher":{"@id":"https:\/\/www.ecinews.fr\/fr\/#organization"},"keywords":["March\u00e9","V\u00e9hicules \u00e9lectriques"],"articleSection":["Actualit\u00e9 g\u00e9n\u00e9rale","Actualit\u00e9s \u00e9conomiques","March\u00e9"],"inLanguage":"fr-FR"},{"@type":"WebPage","@id":"https:\/\/www.ecinews.fr\/fr\/ralentissement-des-ventes-de-vehicules-electriques-lattention-se-focalise-sur-les-infrastructures-de-recharge\/","url":"https:\/\/www.ecinews.fr\/fr\/ralentissement-des-ventes-de-vehicules-electriques-lattention-se-focalise-sur-les-infrastructures-de-recharge\/","name":"Ralentissement des ventes de v\u00e9hicules \u00e9lectriques : l\u2019attention se focalise sur les infrastructures de recharge -","isPartOf":{"@id":"https:\/\/www.ecinews.fr\/fr\/#website"},"datePublished":"2024-07-18T07:30:47+00:00","dateModified":"2024-07-16T16:39:54+00:00","description":"\u00c0 la suite d\u2019une phase d'expansion rapide, l'augmentation des ventes de v\u00e9hicules \u00e9lectriques a connu un ralentissement en 2023 \u00e0 l'\u00e9chelle mondiale, avec une croissance de 33 %, comparativement \u00e0 une croissance de 100 % en 2022. La part moyenne de v\u00e9hicules \u00e9lectriques parmi l\u2019immatriculation de nouveaux v\u00e9hicules continue d\u2019augmenter\u00a0: de 15\u00a0% en 2022 \u00e0 19\u00a0% cette ann\u00e9e, m\u00eame si dans certains march\u00e9s matures, comme la Cor\u00e9e du Sud ou l\u2019Allemagne, ce chiffre a baiss\u00e9.","breadcrumb":{"@id":"https:\/\/www.ecinews.fr\/fr\/ralentissement-des-ventes-de-vehicules-electriques-lattention-se-focalise-sur-les-infrastructures-de-recharge\/#breadcrumb"},"inLanguage":"fr-FR","potentialAction":[{"@type":"ReadAction","target":["https:\/\/www.ecinews.fr\/fr\/ralentissement-des-ventes-de-vehicules-electriques-lattention-se-focalise-sur-les-infrastructures-de-recharge\/"]}]},{"@type":"BreadcrumbList","@id":"https:\/\/www.ecinews.fr\/fr\/ralentissement-des-ventes-de-vehicules-electriques-lattention-se-focalise-sur-les-infrastructures-de-recharge\/#breadcrumb","itemListElement":[{"@type":"ListItem","position":1,"name":"Home","item":"https:\/\/www.ecinews.fr\/fr\/"},{"@type":"ListItem","position":2,"name":"Ralentissement des ventes de v\u00e9hicules \u00e9lectriques : l\u2019attention se focalise sur les infrastructures de recharge"}]},{"@type":"WebSite","@id":"https:\/\/www.ecinews.fr\/fr\/#website","url":"https:\/\/www.ecinews.fr\/fr\/","name":"EENewsEurope","description":"Just another WordPress site","publisher":{"@id":"https:\/\/www.ecinews.fr\/fr\/#organization"},"potentialAction":[{"@type":"SearchAction","target":{"@type":"EntryPoint","urlTemplate":"https:\/\/www.ecinews.fr\/fr\/?s={search_term_string}"},"query-input":"required name=search_term_string"}],"inLanguage":"fr-FR"},{"@type":"Organization","@id":"https:\/\/www.ecinews.fr\/fr\/#organization","name":"EENewsEurope","url":"https:\/\/www.ecinews.fr\/fr\/","logo":{"@type":"ImageObject","inLanguage":"fr-FR","@id":"https:\/\/www.ecinews.fr\/fr\/#\/schema\/logo\/image\/","url":"https:\/\/www.ecinews.fr\/wp-content\/uploads\/2022\/02\/logo-1.jpg","contentUrl":"https:\/\/www.ecinews.fr\/wp-content\/uploads\/2022\/02\/logo-1.jpg","width":283,"height":113,"caption":"EENewsEurope"},"image":{"@id":"https:\/\/www.ecinews.fr\/fr\/#\/schema\/logo\/image\/"}},{"@type":"Person","@id":"https:\/\/www.ecinews.fr\/fr\/#\/schema\/person\/c7104a72b466a801f257e51481de0c43","name":"NicolasFeste","image":{"@type":"ImageObject","inLanguage":"fr-FR","@id":"https:\/\/www.ecinews.fr\/fr\/#\/schema\/person\/image\/1ea421e7d03c1e96a9ea2bcf2705734a","url":"https:\/\/secure.gravatar.com\/avatar\/2e187f4d96902933ba445ed6c760e11c?s=96&d=mm&r=g","contentUrl":"https:\/\/secure.gravatar.com\/avatar\/2e187f4d96902933ba445ed6c760e11c?s=96&d=mm&r=g","caption":"NicolasFeste"}}]}},"authors":[{"term_id":6113,"user_id":39,"is_guest":0,"slug":"nicolasfeste","display_name":"NicolasFeste","avatar_url":"https:\/\/secure.gravatar.com\/avatar\/2e187f4d96902933ba445ed6c760e11c?s=96&d=mm&r=g","0":null,"1":"","2":"","3":"","4":"","5":"","6":"","7":"","8":""}],"_links":{"self":[{"href":"https:\/\/www.ecinews.fr\/fr\/wp-json\/wp\/v2\/posts\/456135"}],"collection":[{"href":"https:\/\/www.ecinews.fr\/fr\/wp-json\/wp\/v2\/posts"}],"about":[{"href":"https:\/\/www.ecinews.fr\/fr\/wp-json\/wp\/v2\/types\/post"}],"author":[{"embeddable":true,"href":"https:\/\/www.ecinews.fr\/fr\/wp-json\/wp\/v2\/users\/39"}],"replies":[{"embeddable":true,"href":"https:\/\/www.ecinews.fr\/fr\/wp-json\/wp\/v2\/comments?post=456135"}],"version-history":[{"count":0,"href":"https:\/\/www.ecinews.fr\/fr\/wp-json\/wp\/v2\/posts\/456135\/revisions"}],"wp:featuredmedia":[{"embeddable":true,"href":"https:\/\/www.ecinews.fr\/fr\/wp-json\/wp\/v2\/media\/456167"}],"wp:attachment":[{"href":"https:\/\/www.ecinews.fr\/fr\/wp-json\/wp\/v2\/media?parent=456135"}],"wp:term":[{"taxonomy":"category","embeddable":true,"href":"https:\/\/www.ecinews.fr\/fr\/wp-json\/wp\/v2\/categories?post=456135"},{"taxonomy":"post_tag","embeddable":true,"href":"https:\/\/www.ecinews.fr\/fr\/wp-json\/wp\/v2\/tags?post=456135"},{"taxonomy":"domains","embeddable":true,"href":"https:\/\/www.ecinews.fr\/fr\/wp-json\/wp\/v2\/domains?post=456135"},{"taxonomy":"author","embeddable":true,"href":"https:\/\/www.ecinews.fr\/fr\/wp-json\/wp\/v2\/ppma_author?post=456135"}],"curies":[{"name":"wp","href":"https:\/\/api.w.org\/{rel}","templated":true}]}}