{"id":456047,"date":"2024-07-16T09:30:56","date_gmt":"2024-07-16T07:30:56","guid":{"rendered":"https:\/\/www.ecinews.fr\/?p=456047"},"modified":"2024-07-16T01:03:51","modified_gmt":"2024-07-15T23:03:51","slug":"lancement-du-supercalculateur-nexus-hub-de-sesterce","status":"publish","type":"post","link":"https:\/\/www.ecinews.fr\/fr\/lancement-du-supercalculateur-nexus-hub-de-sesterce\/","title":{"rendered":"Lancement du supercalculateur Nexus Hub de Sesterce"},"content":{"rendered":"<h3>Sesterce, le superordinateur de la r\u00e9gion du Sud-Est, d\u00e9clare l\u2019inauguration de son SuperCluster. Bas\u00e9 \u00e0 Marseille, il est \u00e9quip\u00e9 de 4 000 GPU (240 pflops en fp32), ce qui le positionne comme le superordinateur le plus performant de France et parmi les plus performants en Europe. Il vise les institutions de recherche acad\u00e9mique et les entreprises du secteur industriel.<\/h3>\n<p>Directement op\u00e9r\u00e9 par Sesterce, Nexus Hub s\u2019adresse principalement aux mondes acad\u00e9mique et industriel, dont les besoins en capacit\u00e9s de recherche de pointe et d\u00e9veloppements technologiques avanc\u00e9s augmentent chaque ann\u00e9e un peu plus.<\/p>\n<p>\u00ab\u00a0<em>Notre SuperCluster est destin\u00e9 \u00e0 devenir un hub central pour la recherche et le d\u00e9veloppement, r\u00e9pondant particuli\u00e8rement bien aux attentes des secteurs d\u2019activit\u00e9 n\u00e9cessitant une puissance de calcul et des capacit\u00e9s de traitement de donn\u00e9es \u00e9tendues<\/em>\u00a0\u00bb, d\u00e9clare Youssef El Manssouri, CEO et Co-founder de Sesterce.<\/p>\n<p><strong>Le monde acad\u00e9mique en premi\u00e8re ligne<\/strong><\/p>\n<p>En fournissant des ressources computationnelles sans pr\u00e9c\u00e9dent aux centres de recherche acad\u00e9mique, le SuperCluster Nexus Hub de Sesterce va permettre \u00e0 de nombreux projets innovants de proc\u00e9der \u00e0 des calculs plus pouss\u00e9s, de mener des exp\u00e9riences plus complexes ainsi que des analyses des donn\u00e9es plus rapides.<\/p>\n<p>\u00ab\u00a0<em>Les universit\u00e9s et centres de recherche de Marseille et sa r\u00e9gion vont pouvoir b\u00e9n\u00e9ficier d\u2019une puissance de calcul consid\u00e9rable, repoussant ainsi les limites de la recherche scientifique et de l\u2019innovation. C\u2019est pour nous une v\u00e9ritable fiert\u00e9 que de mettre \u00e0 leur disposition ces ressources<\/em>\u00a0\u00bb, compl\u00e8te Youssef El Manssouri, CEO et Co-founder de Sesterce.<strong>\u00a0<\/strong><\/p>\n<p><strong>Des capacit\u00e9s computationnelles pour les industriel <\/strong><\/p>\n<p>Le SuperCluster Nexus Hub de Sesterce s\u2019adresse \u00e9galement aux acteurs industriels, et plus particuli\u00e8rement aux entreprises sp\u00e9cialis\u00e9es dans la logistique, l&rsquo;a\u00e9ronautique et la production de microprocesseurs.<\/p>\n<p>\u00ab\u00a0<em>Ces secteurs d\u2019activit\u00e9, et bien d\u2019autres encore, pourront tirer profit de nos capacit\u00e9s computationnelles afin d&rsquo;am\u00e9liorer l&rsquo;efficacit\u00e9 de leurs processus de conception, tout en simulant et r\u00e9solvant plus facilement les probl\u00e8mes qu\u2019ils rencontrent<\/em>\u00a0\u00bb, note Youssef El Manssouri, CEO et Co-founder de Sesterce.<\/p>\n<p>Le d\u00e9veloppement du SuperCluster Nexus Hub par Sesterce dans la r\u00e9gion de Marseille est un composant strat\u00e9gique d&rsquo;une initiative plus large qui vise \u00e0 am\u00e9liorer l&rsquo;infrastructure technologique r\u00e9gionale. En d\u00e9ployant les ressources critiques n\u00e9cessaires pour la recherche et le d\u00e9veloppement de haut niveau, Sesterce n&rsquo;investit pas seulement dans l&rsquo;avenir de la technologie, mais contribue \u00e9galement activement au progr\u00e8s \u00e9conomique et scientifique de la r\u00e9gion.<\/p>\n<p><a href=\"https:\/\/www.sesterce.com\/\">Sesterce<\/a><\/p>\n<p><a href=\"https:\/\/news.google.com\/publications\/CAAqBwgKMJbcwQswuPfYAw?hl=fr&amp;gl=BE&amp;ceid=BE:fr\">Suivre ECInews sur Google news<\/a><\/p>\n","protected":false},"excerpt":{"rendered":"<p>Sesterce, le superordinateur de la r\u00e9gion du Sud-Est, d\u00e9clare l\u2019inauguration de son SuperCluster. Bas\u00e9 \u00e0 Marseille, il est \u00e9quip\u00e9 de 4 000 GPU (240 pflops en fp32), ce qui le positionne comme le superordinateur le plus performant de France et parmi les plus performants en Europe. Il vise les institutions de recherche acad\u00e9mique et les [&hellip;]<\/p>\n","protected":false},"author":39,"featured_media":456053,"comment_status":"closed","ping_status":"closed","sticky":false,"template":"","format":"standard","meta":{"_acf_changed":false,"footnotes":""},"categories":[886,883],"tags":[3950,2198,1573,2585],"domains":[47],"ppma_author":[6113],"class_list":["post-456047","post","type-post","status-publish","format-standard","has-post-thumbnail","hentry","category-news-fr","category-technologies","tag-gpu-fr","tag-ia","tag-intelligence-artifielle","tag-supercalculateurs","domains-electronique-eci"],"acf":[],"yoast_head":"<title>Lancement du supercalculateur Nexus Hub de Sesterce ...<\/title>\n<meta name=\"description\" content=\"Sesterce, le superordinateur de la r\u00e9gion du Sud-Est, d\u00e9clare l\u2019inauguration de son SuperCluster. Bas\u00e9 \u00e0 Marseille, il est \u00e9quip\u00e9 de 4 000 GPU (240...\" \/>\n<meta name=\"robots\" content=\"index, follow, max-snippet:-1, max-image-preview:large, max-video-preview:-1\" \/>\n<link rel=\"canonical\" href=\"https:\/\/www.ecinews.fr\/fr\/wp-json\/wp\/v2\/posts\/456047\/\" \/>\n<meta property=\"og:locale\" content=\"fr_FR\" \/>\n<meta property=\"og:type\" content=\"article\" \/>\n<meta property=\"og:title\" content=\"Lancement du supercalculateur Nexus Hub de Sesterce\" \/>\n<meta property=\"og:description\" content=\"Sesterce, le superordinateur de la r\u00e9gion du Sud-Est, d\u00e9clare l\u2019inauguration de son SuperCluster. Bas\u00e9 \u00e0 Marseille, il est \u00e9quip\u00e9 de 4 000 GPU (240 pflops en fp32), ce qui le positionne comme le superordinateur le plus performant de France et parmi les plus performants en Europe. Il vise les institutions de recherche acad\u00e9mique et les entreprises du secteur industriel.\" \/>\n<meta property=\"og:url\" content=\"https:\/\/www.ecinews.fr\/fr\/wp-json\/wp\/v2\/posts\/456047\/\" \/>\n<meta property=\"og:site_name\" content=\"EENewsEurope\" \/>\n<meta property=\"article:published_time\" content=\"2024-07-16T07:30:56+00:00\" \/>\n<meta property=\"article:modified_time\" content=\"2024-07-15T23:03:51+00:00\" \/>\n<meta property=\"og:image\" content=\"https:\/\/www.ecinews.fr\/wp-content\/uploads\/2024\/07\/ECI4300-CP_Sesterce_Supercluster_juillet2024-1.jpg\" \/>\n\t<meta property=\"og:image:width\" content=\"1024\" \/>\n\t<meta property=\"og:image:height\" content=\"200\" \/>\n\t<meta property=\"og:image:type\" content=\"image\/jpeg\" \/>\n<meta name=\"author\" content=\"NicolasFeste\" \/>\n<meta name=\"twitter:card\" content=\"summary_large_image\" \/>\n<meta name=\"twitter:label1\" content=\"Written by\" \/>\n\t<meta name=\"twitter:data1\" content=\"NicolasFeste\" \/>\n\t<meta name=\"twitter:label2\" content=\"Est. reading time\" \/>\n\t<meta name=\"twitter:data2\" content=\"2 minutes\" \/>\n<script type=\"application\/ld+json\" class=\"yoast-schema-graph\">{\"@context\":\"https:\/\/schema.org\",\"@graph\":[{\"@type\":\"Article\",\"@id\":\"https:\/\/www.ecinews.fr\/fr\/lancement-du-supercalculateur-nexus-hub-de-sesterce\/#article\",\"isPartOf\":{\"@id\":\"https:\/\/www.ecinews.fr\/fr\/lancement-du-supercalculateur-nexus-hub-de-sesterce\/\"},\"author\":{\"name\":\"NicolasFeste\",\"@id\":\"https:\/\/www.ecinews.fr\/fr\/#\/schema\/person\/c7104a72b466a801f257e51481de0c43\"},\"headline\":\"Lancement du supercalculateur Nexus Hub de Sesterce\",\"datePublished\":\"2024-07-16T07:30:56+00:00\",\"dateModified\":\"2024-07-15T23:03:51+00:00\",\"mainEntityOfPage\":{\"@id\":\"https:\/\/www.ecinews.fr\/fr\/lancement-du-supercalculateur-nexus-hub-de-sesterce\/\"},\"wordCount\":451,\"publisher\":{\"@id\":\"https:\/\/www.ecinews.fr\/fr\/#organization\"},\"keywords\":[\"GPU\",\"IA\",\"Intelligence Artifielle\",\"Supercalculateurs\"],\"articleSection\":[\"Actualit\u00e9 g\u00e9n\u00e9rale\",\"Technologies\"],\"inLanguage\":\"fr-FR\"},{\"@type\":\"WebPage\",\"@id\":\"https:\/\/www.ecinews.fr\/fr\/lancement-du-supercalculateur-nexus-hub-de-sesterce\/\",\"url\":\"https:\/\/www.ecinews.fr\/fr\/lancement-du-supercalculateur-nexus-hub-de-sesterce\/\",\"name\":\"Lancement du supercalculateur Nexus Hub de Sesterce -\",\"isPartOf\":{\"@id\":\"https:\/\/www.ecinews.fr\/fr\/#website\"},\"datePublished\":\"2024-07-16T07:30:56+00:00\",\"dateModified\":\"2024-07-15T23:03:51+00:00\",\"description\":\"Sesterce, le superordinateur de la r\u00e9gion du Sud-Est, d\u00e9clare l\u2019inauguration de son SuperCluster. Bas\u00e9 \u00e0 Marseille, il est \u00e9quip\u00e9 de 4 000 GPU (240 pflops en fp32), ce qui le positionne comme le superordinateur le plus performant de France et parmi les plus performants en Europe. Il vise les institutions de recherche acad\u00e9mique et les entreprises du secteur industriel.\",\"breadcrumb\":{\"@id\":\"https:\/\/www.ecinews.fr\/fr\/lancement-du-supercalculateur-nexus-hub-de-sesterce\/#breadcrumb\"},\"inLanguage\":\"fr-FR\",\"potentialAction\":[{\"@type\":\"ReadAction\",\"target\":[\"https:\/\/www.ecinews.fr\/fr\/lancement-du-supercalculateur-nexus-hub-de-sesterce\/\"]}]},{\"@type\":\"BreadcrumbList\",\"@id\":\"https:\/\/www.ecinews.fr\/fr\/lancement-du-supercalculateur-nexus-hub-de-sesterce\/#breadcrumb\",\"itemListElement\":[{\"@type\":\"ListItem\",\"position\":1,\"name\":\"Home\",\"item\":\"https:\/\/www.ecinews.fr\/fr\/\"},{\"@type\":\"ListItem\",\"position\":2,\"name\":\"Lancement du supercalculateur Nexus Hub de Sesterce\"}]},{\"@type\":\"WebSite\",\"@id\":\"https:\/\/www.ecinews.fr\/fr\/#website\",\"url\":\"https:\/\/www.ecinews.fr\/fr\/\",\"name\":\"EENewsEurope\",\"description\":\"Just another WordPress site\",\"publisher\":{\"@id\":\"https:\/\/www.ecinews.fr\/fr\/#organization\"},\"potentialAction\":[{\"@type\":\"SearchAction\",\"target\":{\"@type\":\"EntryPoint\",\"urlTemplate\":\"https:\/\/www.ecinews.fr\/fr\/?s={search_term_string}\"},\"query-input\":\"required name=search_term_string\"}],\"inLanguage\":\"fr-FR\"},{\"@type\":\"Organization\",\"@id\":\"https:\/\/www.ecinews.fr\/fr\/#organization\",\"name\":\"EENewsEurope\",\"url\":\"https:\/\/www.ecinews.fr\/fr\/\",\"logo\":{\"@type\":\"ImageObject\",\"inLanguage\":\"fr-FR\",\"@id\":\"https:\/\/www.ecinews.fr\/fr\/#\/schema\/logo\/image\/\",\"url\":\"https:\/\/www.ecinews.fr\/wp-content\/uploads\/2022\/02\/logo-1.jpg\",\"contentUrl\":\"https:\/\/www.ecinews.fr\/wp-content\/uploads\/2022\/02\/logo-1.jpg\",\"width\":283,\"height\":113,\"caption\":\"EENewsEurope\"},\"image\":{\"@id\":\"https:\/\/www.ecinews.fr\/fr\/#\/schema\/logo\/image\/\"}},{\"@type\":\"Person\",\"@id\":\"https:\/\/www.ecinews.fr\/fr\/#\/schema\/person\/c7104a72b466a801f257e51481de0c43\",\"name\":\"NicolasFeste\",\"image\":{\"@type\":\"ImageObject\",\"inLanguage\":\"fr-FR\",\"@id\":\"https:\/\/www.ecinews.fr\/fr\/#\/schema\/person\/image\/1ea421e7d03c1e96a9ea2bcf2705734a\",\"url\":\"https:\/\/secure.gravatar.com\/avatar\/2e187f4d96902933ba445ed6c760e11c?s=96&d=mm&r=g\",\"contentUrl\":\"https:\/\/secure.gravatar.com\/avatar\/2e187f4d96902933ba445ed6c760e11c?s=96&d=mm&r=g\",\"caption\":\"NicolasFeste\"}}]}<\/script>","yoast_head_json":{"title":"Lancement du supercalculateur Nexus Hub de Sesterce ...","description":"Sesterce, le superordinateur de la r\u00e9gion du Sud-Est, d\u00e9clare l\u2019inauguration de son SuperCluster. Bas\u00e9 \u00e0 Marseille, il est \u00e9quip\u00e9 de 4 000 GPU (240...","robots":{"index":"index","follow":"follow","max-snippet":"max-snippet:-1","max-image-preview":"max-image-preview:large","max-video-preview":"max-video-preview:-1"},"canonical":"https:\/\/www.ecinews.fr\/fr\/wp-json\/wp\/v2\/posts\/456047\/","og_locale":"fr_FR","og_type":"article","og_title":"Lancement du supercalculateur Nexus Hub de Sesterce","og_description":"Sesterce, le superordinateur de la r\u00e9gion du Sud-Est, d\u00e9clare l\u2019inauguration de son SuperCluster. Bas\u00e9 \u00e0 Marseille, il est \u00e9quip\u00e9 de 4 000 GPU (240 pflops en fp32), ce qui le positionne comme le superordinateur le plus performant de France et parmi les plus performants en Europe. Il vise les institutions de recherche acad\u00e9mique et les entreprises du secteur industriel.","og_url":"https:\/\/www.ecinews.fr\/fr\/wp-json\/wp\/v2\/posts\/456047\/","og_site_name":"EENewsEurope","article_published_time":"2024-07-16T07:30:56+00:00","article_modified_time":"2024-07-15T23:03:51+00:00","og_image":[{"width":1024,"height":200,"url":"https:\/\/www.ecinews.fr\/wp-content\/uploads\/2024\/07\/ECI4300-CP_Sesterce_Supercluster_juillet2024-1.jpg","type":"image\/jpeg"}],"author":"NicolasFeste","twitter_card":"summary_large_image","twitter_misc":{"Written by":"NicolasFeste","Est. reading time":"2 minutes"},"schema":{"@context":"https:\/\/schema.org","@graph":[{"@type":"Article","@id":"https:\/\/www.ecinews.fr\/fr\/lancement-du-supercalculateur-nexus-hub-de-sesterce\/#article","isPartOf":{"@id":"https:\/\/www.ecinews.fr\/fr\/lancement-du-supercalculateur-nexus-hub-de-sesterce\/"},"author":{"name":"NicolasFeste","@id":"https:\/\/www.ecinews.fr\/fr\/#\/schema\/person\/c7104a72b466a801f257e51481de0c43"},"headline":"Lancement du supercalculateur Nexus Hub de Sesterce","datePublished":"2024-07-16T07:30:56+00:00","dateModified":"2024-07-15T23:03:51+00:00","mainEntityOfPage":{"@id":"https:\/\/www.ecinews.fr\/fr\/lancement-du-supercalculateur-nexus-hub-de-sesterce\/"},"wordCount":451,"publisher":{"@id":"https:\/\/www.ecinews.fr\/fr\/#organization"},"keywords":["GPU","IA","Intelligence Artifielle","Supercalculateurs"],"articleSection":["Actualit\u00e9 g\u00e9n\u00e9rale","Technologies"],"inLanguage":"fr-FR"},{"@type":"WebPage","@id":"https:\/\/www.ecinews.fr\/fr\/lancement-du-supercalculateur-nexus-hub-de-sesterce\/","url":"https:\/\/www.ecinews.fr\/fr\/lancement-du-supercalculateur-nexus-hub-de-sesterce\/","name":"Lancement du supercalculateur Nexus Hub de Sesterce -","isPartOf":{"@id":"https:\/\/www.ecinews.fr\/fr\/#website"},"datePublished":"2024-07-16T07:30:56+00:00","dateModified":"2024-07-15T23:03:51+00:00","description":"Sesterce, le superordinateur de la r\u00e9gion du Sud-Est, d\u00e9clare l\u2019inauguration de son SuperCluster. Bas\u00e9 \u00e0 Marseille, il est \u00e9quip\u00e9 de 4 000 GPU (240 pflops en fp32), ce qui le positionne comme le superordinateur le plus performant de France et parmi les plus performants en Europe. Il vise les institutions de recherche acad\u00e9mique et les entreprises du secteur industriel.","breadcrumb":{"@id":"https:\/\/www.ecinews.fr\/fr\/lancement-du-supercalculateur-nexus-hub-de-sesterce\/#breadcrumb"},"inLanguage":"fr-FR","potentialAction":[{"@type":"ReadAction","target":["https:\/\/www.ecinews.fr\/fr\/lancement-du-supercalculateur-nexus-hub-de-sesterce\/"]}]},{"@type":"BreadcrumbList","@id":"https:\/\/www.ecinews.fr\/fr\/lancement-du-supercalculateur-nexus-hub-de-sesterce\/#breadcrumb","itemListElement":[{"@type":"ListItem","position":1,"name":"Home","item":"https:\/\/www.ecinews.fr\/fr\/"},{"@type":"ListItem","position":2,"name":"Lancement du supercalculateur Nexus Hub de Sesterce"}]},{"@type":"WebSite","@id":"https:\/\/www.ecinews.fr\/fr\/#website","url":"https:\/\/www.ecinews.fr\/fr\/","name":"EENewsEurope","description":"Just another WordPress site","publisher":{"@id":"https:\/\/www.ecinews.fr\/fr\/#organization"},"potentialAction":[{"@type":"SearchAction","target":{"@type":"EntryPoint","urlTemplate":"https:\/\/www.ecinews.fr\/fr\/?s={search_term_string}"},"query-input":"required name=search_term_string"}],"inLanguage":"fr-FR"},{"@type":"Organization","@id":"https:\/\/www.ecinews.fr\/fr\/#organization","name":"EENewsEurope","url":"https:\/\/www.ecinews.fr\/fr\/","logo":{"@type":"ImageObject","inLanguage":"fr-FR","@id":"https:\/\/www.ecinews.fr\/fr\/#\/schema\/logo\/image\/","url":"https:\/\/www.ecinews.fr\/wp-content\/uploads\/2022\/02\/logo-1.jpg","contentUrl":"https:\/\/www.ecinews.fr\/wp-content\/uploads\/2022\/02\/logo-1.jpg","width":283,"height":113,"caption":"EENewsEurope"},"image":{"@id":"https:\/\/www.ecinews.fr\/fr\/#\/schema\/logo\/image\/"}},{"@type":"Person","@id":"https:\/\/www.ecinews.fr\/fr\/#\/schema\/person\/c7104a72b466a801f257e51481de0c43","name":"NicolasFeste","image":{"@type":"ImageObject","inLanguage":"fr-FR","@id":"https:\/\/www.ecinews.fr\/fr\/#\/schema\/person\/image\/1ea421e7d03c1e96a9ea2bcf2705734a","url":"https:\/\/secure.gravatar.com\/avatar\/2e187f4d96902933ba445ed6c760e11c?s=96&d=mm&r=g","contentUrl":"https:\/\/secure.gravatar.com\/avatar\/2e187f4d96902933ba445ed6c760e11c?s=96&d=mm&r=g","caption":"NicolasFeste"}}]}},"authors":[{"term_id":6113,"user_id":39,"is_guest":0,"slug":"nicolasfeste","display_name":"NicolasFeste","avatar_url":"https:\/\/secure.gravatar.com\/avatar\/2e187f4d96902933ba445ed6c760e11c?s=96&d=mm&r=g","0":null,"1":"","2":"","3":"","4":"","5":"","6":"","7":"","8":""}],"_links":{"self":[{"href":"https:\/\/www.ecinews.fr\/fr\/wp-json\/wp\/v2\/posts\/456047"}],"collection":[{"href":"https:\/\/www.ecinews.fr\/fr\/wp-json\/wp\/v2\/posts"}],"about":[{"href":"https:\/\/www.ecinews.fr\/fr\/wp-json\/wp\/v2\/types\/post"}],"author":[{"embeddable":true,"href":"https:\/\/www.ecinews.fr\/fr\/wp-json\/wp\/v2\/users\/39"}],"replies":[{"embeddable":true,"href":"https:\/\/www.ecinews.fr\/fr\/wp-json\/wp\/v2\/comments?post=456047"}],"version-history":[{"count":0,"href":"https:\/\/www.ecinews.fr\/fr\/wp-json\/wp\/v2\/posts\/456047\/revisions"}],"wp:featuredmedia":[{"embeddable":true,"href":"https:\/\/www.ecinews.fr\/fr\/wp-json\/wp\/v2\/media\/456053"}],"wp:attachment":[{"href":"https:\/\/www.ecinews.fr\/fr\/wp-json\/wp\/v2\/media?parent=456047"}],"wp:term":[{"taxonomy":"category","embeddable":true,"href":"https:\/\/www.ecinews.fr\/fr\/wp-json\/wp\/v2\/categories?post=456047"},{"taxonomy":"post_tag","embeddable":true,"href":"https:\/\/www.ecinews.fr\/fr\/wp-json\/wp\/v2\/tags?post=456047"},{"taxonomy":"domains","embeddable":true,"href":"https:\/\/www.ecinews.fr\/fr\/wp-json\/wp\/v2\/domains?post=456047"},{"taxonomy":"author","embeddable":true,"href":"https:\/\/www.ecinews.fr\/fr\/wp-json\/wp\/v2\/ppma_author?post=456047"}],"curies":[{"name":"wp","href":"https:\/\/api.w.org\/{rel}","templated":true}]}}