{"id":455504,"date":"2024-07-12T09:30:25","date_gmt":"2024-07-12T07:30:25","guid":{"rendered":"https:\/\/www.ecinews.fr\/?p=455504"},"modified":"2024-07-09T19:31:41","modified_gmt":"2024-07-09T17:31:41","slug":"nordic-semiconductor-un-modele-dans-la-reduction-des-emissions-de-gaz-a-effet-de-serre","status":"publish","type":"post","link":"https:\/\/www.ecinews.fr\/fr\/nordic-semiconductor-un-modele-dans-la-reduction-des-emissions-de-gaz-a-effet-de-serre\/","title":{"rendered":"Nordic Semiconductor : Un mod\u00e8le dans la r\u00e9duction des \u00e9missions de gaz \u00e0 effet de serre"},"content":{"rendered":"<h3>Nordic Semiconductor a d\u00e9clar\u00e9 r\u00e9cemment que ses objectifs audacieux de r\u00e9duction des \u00e9missions de gaz \u00e0 effet de serre (GES) ont re\u00e7u l&rsquo;approbation de l&rsquo;initiative Science Based Targets (SBTi).<\/h3>\n<p>Dans sa lettre d&rsquo;approbation, la SBTi salue l&rsquo;engagement de Nordic Semiconductor \u00e0 atteindre la neutralit\u00e9 carbone d&rsquo;ici 2050, qui est actuellement l&rsquo;engagement le plus ambitieux parmi tous les processus SBTi.<\/p>\n<p>\u00ab\u00a0Recevoir cette validation de la part de la STBi constitue un exploit significatif pour Nordic Semiconductor\u00a0\u00bb, explique Ola Bostr\u00f8m, vice-pr\u00e9sidente en chef du d\u00e9partement qualit\u00e9 chez Nordic Semiconductor. \u00ab\u00a0Cela vient confirmer que notre strat\u00e9gie vis-\u00e0-vis du changement climatique ainsi que notre engagement \u00e0 r\u00e9duire les \u00e9missions de gaz \u00e0 effet de serre sont en accord avec l\u2019objectif de l\u2019Accord de Paris, qui exige de limiter le r\u00e9chauffement de la plan\u00e8te \u00e0 1,5\u00a0\u00b0C. Les objectifs valid\u00e9s par la SBTi offrent un chemin clair bas\u00e9 sur des donn\u00e9es scientifiques, nous indiquant \u00e0 quel niveau nous devons r\u00e9duire nos \u00e9missions de gaz \u00e0 effet de serre, que ce soit sur le plan de notre fonctionnement propre comme sur celui de notre fili\u00e8re.\u00a0\u00bb<\/p>\n<p>Sur le court terme, Nordic Semiconductor s\u2019engage \u00e0 r\u00e9duire ses \u00e9missions GES directes et indirectes sur le plan de l\u2019utilisation de l\u2019\u00e9nergie (Scope 1 et Scope 2) de 60\u00a0% d\u2019ici 2030, par rapport \u00e0 2019. Nordic r\u00e9duira \u00e9galement l\u2019intensit\u00e9 de ses \u00e9missions (\u00e9missions de CO<sub>2<\/sub> par unit\u00e9 de valeur ajout\u00e9e) pour d\u2019autres \u00e9missions indirectes (Scope 3) de 60\u00a0% d\u2019ici 2030, par rapport \u00e0 2019. Nordic compte r\u00e9ussir cela en r\u00e9duisant sa consommation \u00e9nerg\u00e9tique et en augmentant le recours aux \u00e9nergies renouvelables pour son poprpre fonctionnement, tout en s\u2019engageant avec les diff\u00e9rentes parties prenantes de la fili\u00e8re.<\/p>\n<p>Sur le long terme, Nordic Semiconductor s\u2019engage \u00e0 atteindre la neutralit\u00e9 carbone d\u00e8s 2050, ce qui signifie que toute \u00e9mission de GES r\u00e9siduelle dans sa fili\u00e8re sera neutralis\u00e9e \u00e0 ce stade, en accord avec les crit\u00e8res de la SBTi.<\/p>\n<p>Retrouvez des informations d\u00e9taill\u00e9es dans le dernier <a href=\"https:\/\/www.nordicsemi.com\/-\/media\/Investor-Relations-and-QA\/Annual-Reports\/2023\/Annual-Report-2023.pdf\">Rapport annuel 2023<\/a> de la soci\u00e9t\u00e9 sur les engagements de Nordic par rapport \u00e0 ses objectifs de r\u00e9duction des GES et \u00e0 la SBTi.<\/p>\n<p><a href=\"https:\/\/www.nordicsemi.com\/\">Nordic Semiconductor<\/a> | <a href=\"https:\/\/sciencebasedtargets.org\/\">sciencebasedtargets.org<\/a><\/p>\n<p><a href=\"https:\/\/news.google.com\/publications\/CAAqBwgKMJbcwQswuPfYAw?hl=fr&amp;gl=BE&amp;ceid=BE:fr\">Suivre ECInews sur Google news<\/a><\/p>\n","protected":false},"excerpt":{"rendered":"<p>Nordic Semiconductor a d\u00e9clar\u00e9 r\u00e9cemment que ses objectifs audacieux de r\u00e9duction des \u00e9missions de gaz \u00e0 effet de serre (GES) ont re\u00e7u l&rsquo;approbation de l&rsquo;initiative Science Based Targets (SBTi). Dans sa lettre d&rsquo;approbation, la SBTi salue l&rsquo;engagement de Nordic Semiconductor \u00e0 atteindre la neutralit\u00e9 carbone d&rsquo;ici 2050, qui est actuellement l&rsquo;engagement le plus ambitieux parmi [&hellip;]<\/p>\n","protected":false},"author":39,"featured_media":455524,"comment_status":"closed","ping_status":"closed","sticky":false,"template":"","format":"standard","meta":{"_acf_changed":false,"footnotes":""},"categories":[886],"tags":[6856],"domains":[47],"ppma_author":[6113],"class_list":["post-455504","post","type-post","status-publish","format-standard","has-post-thumbnail","hentry","category-news-fr","tag-ecologie","domains-electronique-eci"],"acf":[],"yoast_head":"<title>Nordic Semiconductor : Un mod\u00e8le dans la r\u00e9duction des \u00e9miss...<\/title>\n<meta name=\"description\" content=\"Nordic Semiconductor a d\u00e9clar\u00e9 r\u00e9cemment que ses objectifs audacieux de r\u00e9duction des \u00e9missions de gaz \u00e0 effet de serre (GES) ont re\u00e7u l&#039;approbation...\" \/>\n<meta name=\"robots\" content=\"index, follow, max-snippet:-1, max-image-preview:large, max-video-preview:-1\" \/>\n<link rel=\"canonical\" href=\"https:\/\/www.ecinews.fr\/fr\/wp-json\/wp\/v2\/posts\/455504\/\" \/>\n<meta property=\"og:locale\" content=\"fr_FR\" \/>\n<meta property=\"og:type\" content=\"article\" \/>\n<meta property=\"og:title\" content=\"Nordic Semiconductor : Un mod\u00e8le dans la r\u00e9duction des \u00e9missions de gaz \u00e0 effet de serre\" \/>\n<meta property=\"og:description\" content=\"Nordic Semiconductor a d\u00e9clar\u00e9 r\u00e9cemment que ses objectifs audacieux de r\u00e9duction des \u00e9missions de gaz \u00e0 effet de serre (GES) ont re\u00e7u l&#039;approbation de l&#039;initiative Science Based Targets (SBTi).\" \/>\n<meta property=\"og:url\" content=\"https:\/\/www.ecinews.fr\/fr\/wp-json\/wp\/v2\/posts\/455504\/\" \/>\n<meta property=\"og:site_name\" content=\"EENewsEurope\" \/>\n<meta property=\"article:published_time\" content=\"2024-07-12T07:30:25+00:00\" \/>\n<meta property=\"article:modified_time\" content=\"2024-07-09T17:31:41+00:00\" \/>\n<meta property=\"og:image\" content=\"https:\/\/www.ecinews.fr\/wp-content\/uploads\/2024\/07\/ECI4289-NORD020fr-Nordic-Semiconductor-recognised-for-milestone-in-greenhouse-gas-emissions-reduction-target-final-approved-scaled.jpg\" \/>\n\t<meta property=\"og:image:width\" content=\"1080\" \/>\n\t<meta property=\"og:image:height\" content=\"1080\" \/>\n\t<meta property=\"og:image:type\" content=\"image\/jpeg\" \/>\n<meta name=\"author\" content=\"NicolasFeste\" \/>\n<meta name=\"twitter:card\" content=\"summary_large_image\" \/>\n<meta name=\"twitter:label1\" content=\"Written by\" \/>\n\t<meta name=\"twitter:data1\" content=\"NicolasFeste\" \/>\n\t<meta name=\"twitter:label2\" content=\"Est. reading time\" \/>\n\t<meta name=\"twitter:data2\" content=\"2 minutes\" \/>\n<script type=\"application\/ld+json\" class=\"yoast-schema-graph\">{\"@context\":\"https:\/\/schema.org\",\"@graph\":[{\"@type\":\"Article\",\"@id\":\"https:\/\/www.ecinews.fr\/fr\/nordic-semiconductor-un-modele-dans-la-reduction-des-emissions-de-gaz-a-effet-de-serre\/#article\",\"isPartOf\":{\"@id\":\"https:\/\/www.ecinews.fr\/fr\/nordic-semiconductor-un-modele-dans-la-reduction-des-emissions-de-gaz-a-effet-de-serre\/\"},\"author\":{\"name\":\"NicolasFeste\",\"@id\":\"https:\/\/www.eenewseurope.com\/en\/#\/schema\/person\/c7104a72b466a801f257e51481de0c43\"},\"headline\":\"Nordic Semiconductor : Un mod\u00e8le dans la r\u00e9duction des \u00e9missions de gaz \u00e0 effet de serre\",\"datePublished\":\"2024-07-12T07:30:25+00:00\",\"dateModified\":\"2024-07-09T17:31:41+00:00\",\"mainEntityOfPage\":{\"@id\":\"https:\/\/www.ecinews.fr\/fr\/nordic-semiconductor-un-modele-dans-la-reduction-des-emissions-de-gaz-a-effet-de-serre\/\"},\"wordCount\":393,\"publisher\":{\"@id\":\"https:\/\/www.eenewseurope.com\/en\/#organization\"},\"keywords\":[\"Ecologie\"],\"articleSection\":[\"Actualit\u00e9 g\u00e9n\u00e9rale\"],\"inLanguage\":\"fr-FR\"},{\"@type\":\"WebPage\",\"@id\":\"https:\/\/www.ecinews.fr\/fr\/nordic-semiconductor-un-modele-dans-la-reduction-des-emissions-de-gaz-a-effet-de-serre\/\",\"url\":\"https:\/\/www.ecinews.fr\/fr\/nordic-semiconductor-un-modele-dans-la-reduction-des-emissions-de-gaz-a-effet-de-serre\/\",\"name\":\"Nordic Semiconductor : Un mod\u00e8le dans la r\u00e9duction des \u00e9missions de gaz \u00e0 effet de serre -\",\"isPartOf\":{\"@id\":\"https:\/\/www.eenewseurope.com\/en\/#website\"},\"datePublished\":\"2024-07-12T07:30:25+00:00\",\"dateModified\":\"2024-07-09T17:31:41+00:00\",\"description\":\"Nordic Semiconductor a d\u00e9clar\u00e9 r\u00e9cemment que ses objectifs audacieux de r\u00e9duction des \u00e9missions de gaz \u00e0 effet de serre (GES) ont re\u00e7u l'approbation de l'initiative Science Based Targets (SBTi).\",\"breadcrumb\":{\"@id\":\"https:\/\/www.ecinews.fr\/fr\/nordic-semiconductor-un-modele-dans-la-reduction-des-emissions-de-gaz-a-effet-de-serre\/#breadcrumb\"},\"inLanguage\":\"fr-FR\",\"potentialAction\":[{\"@type\":\"ReadAction\",\"target\":[\"https:\/\/www.ecinews.fr\/fr\/nordic-semiconductor-un-modele-dans-la-reduction-des-emissions-de-gaz-a-effet-de-serre\/\"]}]},{\"@type\":\"BreadcrumbList\",\"@id\":\"https:\/\/www.ecinews.fr\/fr\/nordic-semiconductor-un-modele-dans-la-reduction-des-emissions-de-gaz-a-effet-de-serre\/#breadcrumb\",\"itemListElement\":[{\"@type\":\"ListItem\",\"position\":1,\"name\":\"Home\",\"item\":\"https:\/\/www.ecinews.fr\/fr\/\"},{\"@type\":\"ListItem\",\"position\":2,\"name\":\"Nordic Semiconductor : Un mod\u00e8le dans la r\u00e9duction des \u00e9missions de gaz \u00e0 effet de serre\"}]},{\"@type\":\"WebSite\",\"@id\":\"https:\/\/www.eenewseurope.com\/en\/#website\",\"url\":\"https:\/\/www.eenewseurope.com\/en\/\",\"name\":\"EENewsEurope\",\"description\":\"Just another WordPress site\",\"publisher\":{\"@id\":\"https:\/\/www.eenewseurope.com\/en\/#organization\"},\"potentialAction\":[{\"@type\":\"SearchAction\",\"target\":{\"@type\":\"EntryPoint\",\"urlTemplate\":\"https:\/\/www.eenewseurope.com\/en\/?s={search_term_string}\"},\"query-input\":\"required name=search_term_string\"}],\"inLanguage\":\"fr-FR\"},{\"@type\":\"Organization\",\"@id\":\"https:\/\/www.eenewseurope.com\/en\/#organization\",\"name\":\"EENewsEurope\",\"url\":\"https:\/\/www.eenewseurope.com\/en\/\",\"logo\":{\"@type\":\"ImageObject\",\"inLanguage\":\"fr-FR\",\"@id\":\"https:\/\/www.eenewseurope.com\/en\/#\/schema\/logo\/image\/\",\"url\":\"https:\/\/www.ecinews.fr\/wp-content\/uploads\/2022\/02\/logo-1.jpg\",\"contentUrl\":\"https:\/\/www.ecinews.fr\/wp-content\/uploads\/2022\/02\/logo-1.jpg\",\"width\":283,\"height\":113,\"caption\":\"EENewsEurope\"},\"image\":{\"@id\":\"https:\/\/www.eenewseurope.com\/en\/#\/schema\/logo\/image\/\"}},{\"@type\":\"Person\",\"@id\":\"https:\/\/www.eenewseurope.com\/en\/#\/schema\/person\/c7104a72b466a801f257e51481de0c43\",\"name\":\"NicolasFeste\",\"image\":{\"@type\":\"ImageObject\",\"inLanguage\":\"fr-FR\",\"@id\":\"https:\/\/www.eenewseurope.com\/en\/#\/schema\/person\/image\/1ea421e7d03c1e96a9ea2bcf2705734a\",\"url\":\"https:\/\/secure.gravatar.com\/avatar\/2e187f4d96902933ba445ed6c760e11c?s=96&d=mm&r=g\",\"contentUrl\":\"https:\/\/secure.gravatar.com\/avatar\/2e187f4d96902933ba445ed6c760e11c?s=96&d=mm&r=g\",\"caption\":\"NicolasFeste\"}}]}<\/script>","yoast_head_json":{"title":"Nordic Semiconductor : Un mod\u00e8le dans la r\u00e9duction des \u00e9miss...","description":"Nordic Semiconductor a d\u00e9clar\u00e9 r\u00e9cemment que ses objectifs audacieux de r\u00e9duction des \u00e9missions de gaz \u00e0 effet de serre (GES) ont re\u00e7u l'approbation...","robots":{"index":"index","follow":"follow","max-snippet":"max-snippet:-1","max-image-preview":"max-image-preview:large","max-video-preview":"max-video-preview:-1"},"canonical":"https:\/\/www.ecinews.fr\/fr\/wp-json\/wp\/v2\/posts\/455504\/","og_locale":"fr_FR","og_type":"article","og_title":"Nordic Semiconductor : Un mod\u00e8le dans la r\u00e9duction des \u00e9missions de gaz \u00e0 effet de serre","og_description":"Nordic Semiconductor a d\u00e9clar\u00e9 r\u00e9cemment que ses objectifs audacieux de r\u00e9duction des \u00e9missions de gaz \u00e0 effet de serre (GES) ont re\u00e7u l'approbation de l'initiative Science Based Targets (SBTi).","og_url":"https:\/\/www.ecinews.fr\/fr\/wp-json\/wp\/v2\/posts\/455504\/","og_site_name":"EENewsEurope","article_published_time":"2024-07-12T07:30:25+00:00","article_modified_time":"2024-07-09T17:31:41+00:00","og_image":[{"width":1080,"height":1080,"url":"https:\/\/www.ecinews.fr\/wp-content\/uploads\/2024\/07\/ECI4289-NORD020fr-Nordic-Semiconductor-recognised-for-milestone-in-greenhouse-gas-emissions-reduction-target-final-approved-scaled.jpg","type":"image\/jpeg"}],"author":"NicolasFeste","twitter_card":"summary_large_image","twitter_misc":{"Written by":"NicolasFeste","Est. reading time":"2 minutes"},"schema":{"@context":"https:\/\/schema.org","@graph":[{"@type":"Article","@id":"https:\/\/www.ecinews.fr\/fr\/nordic-semiconductor-un-modele-dans-la-reduction-des-emissions-de-gaz-a-effet-de-serre\/#article","isPartOf":{"@id":"https:\/\/www.ecinews.fr\/fr\/nordic-semiconductor-un-modele-dans-la-reduction-des-emissions-de-gaz-a-effet-de-serre\/"},"author":{"name":"NicolasFeste","@id":"https:\/\/www.eenewseurope.com\/en\/#\/schema\/person\/c7104a72b466a801f257e51481de0c43"},"headline":"Nordic Semiconductor : Un mod\u00e8le dans la r\u00e9duction des \u00e9missions de gaz \u00e0 effet de serre","datePublished":"2024-07-12T07:30:25+00:00","dateModified":"2024-07-09T17:31:41+00:00","mainEntityOfPage":{"@id":"https:\/\/www.ecinews.fr\/fr\/nordic-semiconductor-un-modele-dans-la-reduction-des-emissions-de-gaz-a-effet-de-serre\/"},"wordCount":393,"publisher":{"@id":"https:\/\/www.eenewseurope.com\/en\/#organization"},"keywords":["Ecologie"],"articleSection":["Actualit\u00e9 g\u00e9n\u00e9rale"],"inLanguage":"fr-FR"},{"@type":"WebPage","@id":"https:\/\/www.ecinews.fr\/fr\/nordic-semiconductor-un-modele-dans-la-reduction-des-emissions-de-gaz-a-effet-de-serre\/","url":"https:\/\/www.ecinews.fr\/fr\/nordic-semiconductor-un-modele-dans-la-reduction-des-emissions-de-gaz-a-effet-de-serre\/","name":"Nordic Semiconductor : Un mod\u00e8le dans la r\u00e9duction des \u00e9missions de gaz \u00e0 effet de serre -","isPartOf":{"@id":"https:\/\/www.eenewseurope.com\/en\/#website"},"datePublished":"2024-07-12T07:30:25+00:00","dateModified":"2024-07-09T17:31:41+00:00","description":"Nordic Semiconductor a d\u00e9clar\u00e9 r\u00e9cemment que ses objectifs audacieux de r\u00e9duction des \u00e9missions de gaz \u00e0 effet de serre (GES) ont re\u00e7u l'approbation de l'initiative Science Based Targets (SBTi).","breadcrumb":{"@id":"https:\/\/www.ecinews.fr\/fr\/nordic-semiconductor-un-modele-dans-la-reduction-des-emissions-de-gaz-a-effet-de-serre\/#breadcrumb"},"inLanguage":"fr-FR","potentialAction":[{"@type":"ReadAction","target":["https:\/\/www.ecinews.fr\/fr\/nordic-semiconductor-un-modele-dans-la-reduction-des-emissions-de-gaz-a-effet-de-serre\/"]}]},{"@type":"BreadcrumbList","@id":"https:\/\/www.ecinews.fr\/fr\/nordic-semiconductor-un-modele-dans-la-reduction-des-emissions-de-gaz-a-effet-de-serre\/#breadcrumb","itemListElement":[{"@type":"ListItem","position":1,"name":"Home","item":"https:\/\/www.ecinews.fr\/fr\/"},{"@type":"ListItem","position":2,"name":"Nordic Semiconductor : Un mod\u00e8le dans la r\u00e9duction des \u00e9missions de gaz \u00e0 effet de serre"}]},{"@type":"WebSite","@id":"https:\/\/www.eenewseurope.com\/en\/#website","url":"https:\/\/www.eenewseurope.com\/en\/","name":"EENewsEurope","description":"Just another WordPress site","publisher":{"@id":"https:\/\/www.eenewseurope.com\/en\/#organization"},"potentialAction":[{"@type":"SearchAction","target":{"@type":"EntryPoint","urlTemplate":"https:\/\/www.eenewseurope.com\/en\/?s={search_term_string}"},"query-input":"required name=search_term_string"}],"inLanguage":"fr-FR"},{"@type":"Organization","@id":"https:\/\/www.eenewseurope.com\/en\/#organization","name":"EENewsEurope","url":"https:\/\/www.eenewseurope.com\/en\/","logo":{"@type":"ImageObject","inLanguage":"fr-FR","@id":"https:\/\/www.eenewseurope.com\/en\/#\/schema\/logo\/image\/","url":"https:\/\/www.ecinews.fr\/wp-content\/uploads\/2022\/02\/logo-1.jpg","contentUrl":"https:\/\/www.ecinews.fr\/wp-content\/uploads\/2022\/02\/logo-1.jpg","width":283,"height":113,"caption":"EENewsEurope"},"image":{"@id":"https:\/\/www.eenewseurope.com\/en\/#\/schema\/logo\/image\/"}},{"@type":"Person","@id":"https:\/\/www.eenewseurope.com\/en\/#\/schema\/person\/c7104a72b466a801f257e51481de0c43","name":"NicolasFeste","image":{"@type":"ImageObject","inLanguage":"fr-FR","@id":"https:\/\/www.eenewseurope.com\/en\/#\/schema\/person\/image\/1ea421e7d03c1e96a9ea2bcf2705734a","url":"https:\/\/secure.gravatar.com\/avatar\/2e187f4d96902933ba445ed6c760e11c?s=96&d=mm&r=g","contentUrl":"https:\/\/secure.gravatar.com\/avatar\/2e187f4d96902933ba445ed6c760e11c?s=96&d=mm&r=g","caption":"NicolasFeste"}}]}},"authors":[{"term_id":6113,"user_id":39,"is_guest":0,"slug":"nicolasfeste","display_name":"NicolasFeste","avatar_url":"https:\/\/secure.gravatar.com\/avatar\/2e187f4d96902933ba445ed6c760e11c?s=96&d=mm&r=g","0":null,"1":"","2":"","3":"","4":"","5":"","6":"","7":"","8":""}],"_links":{"self":[{"href":"https:\/\/www.ecinews.fr\/fr\/wp-json\/wp\/v2\/posts\/455504"}],"collection":[{"href":"https:\/\/www.ecinews.fr\/fr\/wp-json\/wp\/v2\/posts"}],"about":[{"href":"https:\/\/www.ecinews.fr\/fr\/wp-json\/wp\/v2\/types\/post"}],"author":[{"embeddable":true,"href":"https:\/\/www.ecinews.fr\/fr\/wp-json\/wp\/v2\/users\/39"}],"replies":[{"embeddable":true,"href":"https:\/\/www.ecinews.fr\/fr\/wp-json\/wp\/v2\/comments?post=455504"}],"version-history":[{"count":0,"href":"https:\/\/www.ecinews.fr\/fr\/wp-json\/wp\/v2\/posts\/455504\/revisions"}],"wp:featuredmedia":[{"embeddable":true,"href":"https:\/\/www.ecinews.fr\/fr\/wp-json\/wp\/v2\/media\/455524"}],"wp:attachment":[{"href":"https:\/\/www.ecinews.fr\/fr\/wp-json\/wp\/v2\/media?parent=455504"}],"wp:term":[{"taxonomy":"category","embeddable":true,"href":"https:\/\/www.ecinews.fr\/fr\/wp-json\/wp\/v2\/categories?post=455504"},{"taxonomy":"post_tag","embeddable":true,"href":"https:\/\/www.ecinews.fr\/fr\/wp-json\/wp\/v2\/tags?post=455504"},{"taxonomy":"domains","embeddable":true,"href":"https:\/\/www.ecinews.fr\/fr\/wp-json\/wp\/v2\/domains?post=455504"},{"taxonomy":"author","embeddable":true,"href":"https:\/\/www.ecinews.fr\/fr\/wp-json\/wp\/v2\/ppma_author?post=455504"}],"curies":[{"name":"wp","href":"https:\/\/api.w.org\/{rel}","templated":true}]}}