{"id":455499,"date":"2024-07-09T09:00:22","date_gmt":"2024-07-09T07:00:22","guid":{"rendered":"https:\/\/www.ecinews.fr\/?p=455499"},"modified":"2024-07-08T18:06:38","modified_gmt":"2024-07-08T16:06:38","slug":"groupe-aserti-n2-de-letalonnage-dappareils-de-metrologie-en-france-grace-a-lacquisition-de-mi-metrologie","status":"publish","type":"post","link":"https:\/\/www.ecinews.fr\/fr\/groupe-aserti-n2-de-letalonnage-dappareils-de-metrologie-en-france-grace-a-lacquisition-de-mi-metrologie\/","title":{"rendered":"Groupe Aserti : n\u00b02 de l\u2019\u00e9talonnage d\u2019appareils de m\u00e9trologie en France gr\u00e2ce \u00e0 l\u2019acquisition de MI M\u00e9trologie"},"content":{"rendered":"<h3><strong>\u00c0 la suite de l\u2019acquisition de Multisys en 2022 \u00e0 Toulouse, le groupe Aserti a r\u00e9cemment acquis MI M\u00e9trologie, ce qui a permis de consolider la position de sa filiale Aserti Metrology.<\/strong><\/h3>\n<p>Sp\u00e9cialis\u00e9e en \u00e9talonnage et v\u00e9rification, MI M\u00e9trologie compte 53 salari\u00e9s r\u00e9partis sur 6 implantations (Besan\u00e7on, Valenciennes, Marnaz, Bordeaux, Nantes et Strasbourg). A la cl\u00e9 pour les activit\u00e9s de m\u00e9trologie d\u2019Aserti, un maillage g\u00e9ographique \u00e9tendu, une offre commerciale \u00e9largie avec la ma\u00eetrise de grandeurs compl\u00e9mentaires et l\u2019atteinte d\u2019une taille plus significative permettant notamment de se positionner sur des march\u00e9s majeurs et de devenir n\u00b02 en France. Le groupe Aserti poursuit ainsi sa croissance et garde le cap pour atteindre son objectif de 50 millions d\u2019euros de chiffre d\u2019affaires initialement pr\u00e9vu \u00e0 l\u2019horizon 2026.<\/p>\n<p>Effective depuis le 26 juin 2024, l\u2019acquisition de MI M\u00e9trologie acc\u00e9l\u00e8re le d\u00e9veloppement de l\u2019activit\u00e9 d\u2019\u00e9talonnage port\u00e9e jusqu\u2019alors par Aserti Metrology avec :<\/p>\n<ul>\n<li>un\u00a0<strong>maillage territorial renforc\u00e9<\/strong> : 9 implantations au total (Ormesson-sur-Marne, Besan\u00e7on, Toulouse, Valenciennes, Marnaz, Bordeaux, Strasbourg, Lyon et Nantes) ;<\/li>\n<li>la ma\u00eetrise de <strong>nouvelles grandeurs<\/strong> et plus particuli\u00e8rement le contr\u00f4le dimensionnel et 3D, et de <strong>nouvelles offres<\/strong> comme la gestion de parc et la r\u00e9paration de mat\u00e9riels de m\u00e9trologie dimensionnelle. L\u2019activit\u00e9 m\u00e9trologie d\u2019Aserti pourra notamment s\u2019appuyer sur ses 17 accr\u00e9ditations COFRAC pour garantie de ses expertises dans diff\u00e9rents domaines comme l\u2019\u00e9lectricit\u00e9-magn\u00e9tisme, le dimensionnel, la temp\u00e9rature, la pression, le temps-fr\u00e9quence, les dynamom\u00e8tres, les enceintes thermiques et climatiques, ou l\u2019hygrom\u00e9trie ;<\/li>\n<li>la <strong>cr\u00e9ation d\u2019un p\u00f4le R&amp;D<\/strong> pour l\u2019optimisation de la productivit\u00e9 et l\u2019automatisation de certains process.\u00a0<\/li>\n<\/ul>\n<p>En se positionnant comme n\u00b0 2 en France avec un chiffre d\u2019affaires consolid\u00e9 proche de 15 M\u20ac et plus de 130 collaborateurs, ainsi qu\u2019aux compl\u00e9mentarit\u00e9s et synergies mises en \u0153uvre avec cette croissance externe, l\u2019activit\u00e9 m\u00e9trologie du groupe Aserti renforce ses capacit\u00e9s \u00e0 se positionner sur des march\u00e9s de plus grande ampleur.<\/p>\n<p><em>\u201cL\u2019acquisition de MI M\u00e9trologie nous permet d\u2019acc\u00e9l\u00e9rer notre d\u00e9veloppement. Nous devenons un acteur g\u00e9n\u00e9raliste et majeur de l\u2019\u00e9talonnage m\u00e9trologique \u00e0 l\u2019\u00e9chelle nationale gr\u00e2ce \u00e0 nos implantations g\u00e9ographiques et nos offres compl\u00e9mentaires, tout en conservant les expertises solides et reconnues des deux entit\u00e9s, <\/em>explique Pierre Brisset, Pr\u00e9sident du groupe Aserti.\u00a0<\/p>\n<p><em>\u201cNous sommes ravies d\u2019int\u00e9grer un groupe comme Aserti dont la culture d\u2019entreprise est en ad\u00e9quation avec la n\u00f4tre et o\u00f9 l\u2019humain est au centre des valeurs. Ce rapprochement va nous permettre d\u2019acc\u00e9l\u00e9rer la croissance de MI M\u00e9trologie, avec une premi\u00e8re \u00e9tape phare : la cr\u00e9ation d\u2019un p\u00f4le R&amp;D,<\/em> expliquent les c\u00e9dantes Sophie Meyer, nouvelle directrice op\u00e9rationnelle de la filiale MI M\u00e9trologie au sein du groupe Aserti et St\u00e9phanie Delalaine, qui va int\u00e9grer les fonctions support du groupe.\u00a0\u00a0<\/p>\n<p><strong>Le groupe Aserti poursuit son d\u00e9veloppement<\/strong><\/p>\n<p>Ce rapprochement intervient apr\u00e8s une ann\u00e9e 2023 constructive pour le groupe Aserti avec notamment la refonte de la politique de marque et le changement du nom historique de sa filiale E2M en Aserti Metrology.\u00a0<\/p>\n<p>La croissance organique se poursuit avec + 9 % et un chiffre d\u2019affaires consolid\u00e9 de 43 millions d\u2019euros.\u00a0<\/p>\n<p>L\u2019activit\u00e9 d\u2019Aserti Metrology repr\u00e9sente 22 % du chiffre d\u2019affaires total du groupe, soit 9,5 millions d\u2019euros, auxquels MI M\u00e9trologie ajoute son chiffre d\u2019affaires de 4,7 millions pour 2023.\u00a0<\/p>\n<p>Le groupe Aserti poursuit par ailleurs les projets lanc\u00e9s avec trois avanc\u00e9es majeures en 2023 : l\u2019obtention du label RecQ, gage de qualit\u00e9 des prestations de reconditionnement, et la structuration de son offre de mat\u00e9riel \u00e9lectronique reconditionn\u00e9 pour sa marque Aserti Electronic, ainsi que la cr\u00e9ation d\u2019une nouvelle offre en d\u00e9bitm\u00e9trie pour Aserti Metrology.<\/p>\n<p><a href=\"https:\/\/aserti.fr\/\">Aserti<\/a><\/p>\n<p><a href=\"https:\/\/news.google.com\/publications\/CAAqBwgKMJbcwQswuPfYAw?hl=fr&amp;gl=BE&amp;ceid=BE:fr\">Suivre ECInews sur Google news<\/a><\/p>\n","protected":false},"excerpt":{"rendered":"<p>\u00c0 la suite de l\u2019acquisition de Multisys en 2022 \u00e0 Toulouse, le groupe Aserti a r\u00e9cemment acquis MI M\u00e9trologie, ce qui a permis de consolider la position de sa filiale Aserti Metrology. Sp\u00e9cialis\u00e9e en \u00e9talonnage et v\u00e9rification, MI M\u00e9trologie compte 53 salari\u00e9s r\u00e9partis sur 6 implantations (Besan\u00e7on, Valenciennes, Marnaz, Bordeaux, Nantes et Strasbourg). A la [&hellip;]<\/p>\n","protected":false},"author":39,"featured_media":455506,"comment_status":"closed","ping_status":"closed","sticky":false,"template":"","format":"standard","meta":{"_acf_changed":false,"footnotes":""},"categories":[886,880],"tags":[3753,6852,6851,4015],"domains":[47],"ppma_author":[6113],"class_list":["post-455499","post","type-post","status-publish","format-standard","has-post-thumbnail","hentry","category-news-fr","category-actualites-economiques","tag-acquisition","tag-etalonnage","tag-metrologie","tag-test-mesure","domains-electronique-eci"],"acf":[],"yoast_head":"<title>Groupe Aserti : n\u00b02 de l\u2019\u00e9talonnage d\u2019appareils de m\u00e9tro...<\/title>\n<meta name=\"description\" content=\"\u00c0 la suite de l\u2019acquisition de Multisys en 2022 \u00e0 Toulouse, le groupe Aserti a r\u00e9cemment acquis MI M\u00e9trologie, ce qui a permis de consolider la...\" \/>\n<meta name=\"robots\" content=\"index, follow, max-snippet:-1, max-image-preview:large, max-video-preview:-1\" \/>\n<link rel=\"canonical\" href=\"https:\/\/www.ecinews.fr\/fr\/wp-json\/wp\/v2\/posts\/455499\/\" \/>\n<meta property=\"og:locale\" content=\"fr_FR\" \/>\n<meta property=\"og:type\" content=\"article\" \/>\n<meta property=\"og:title\" content=\"Groupe Aserti : n\u00b02 de l\u2019\u00e9talonnage d\u2019appareils de m\u00e9trologie en France gr\u00e2ce \u00e0 l\u2019acquisition de MI M\u00e9trologie\" \/>\n<meta property=\"og:description\" content=\"\u00c0 la suite de l\u2019acquisition de Multisys en 2022 \u00e0 Toulouse, le groupe Aserti a r\u00e9cemment acquis MI M\u00e9trologie, ce qui a permis de consolider la position de sa filiale Aserti Metrology.\" \/>\n<meta property=\"og:url\" content=\"https:\/\/www.ecinews.fr\/fr\/wp-json\/wp\/v2\/posts\/455499\/\" \/>\n<meta property=\"og:site_name\" content=\"EENewsEurope\" \/>\n<meta property=\"article:published_time\" content=\"2024-07-09T07:00:22+00:00\" \/>\n<meta property=\"article:modified_time\" content=\"2024-07-08T16:06:38+00:00\" \/>\n<meta property=\"og:image\" content=\"https:\/\/www.ecinews.fr\/wp-content\/uploads\/2024\/07\/ECI4285-Le-groupe-Aserti-acquiert-MI-Metrologie-Strasbourg-et-se-positionne-comme-le-n\u00b02-de-letalonnage-dappareils-de-metrologie-en-France.docx-scaled.jpg\" \/>\n\t<meta property=\"og:image:width\" content=\"1080\" \/>\n\t<meta property=\"og:image:height\" content=\"720\" \/>\n\t<meta property=\"og:image:type\" content=\"image\/jpeg\" \/>\n<meta name=\"author\" content=\"NicolasFeste\" \/>\n<meta name=\"twitter:card\" content=\"summary_large_image\" \/>\n<meta name=\"twitter:label1\" content=\"Written by\" \/>\n\t<meta name=\"twitter:data1\" content=\"NicolasFeste\" \/>\n\t<meta name=\"twitter:label2\" content=\"Est. reading time\" \/>\n\t<meta name=\"twitter:data2\" content=\"3 minutes\" \/>\n<script type=\"application\/ld+json\" class=\"yoast-schema-graph\">{\"@context\":\"https:\/\/schema.org\",\"@graph\":[{\"@type\":\"Article\",\"@id\":\"https:\/\/www.ecinews.fr\/fr\/groupe-aserti-n2-de-letalonnage-dappareils-de-metrologie-en-france-grace-a-lacquisition-de-mi-metrologie\/#article\",\"isPartOf\":{\"@id\":\"https:\/\/www.ecinews.fr\/fr\/groupe-aserti-n2-de-letalonnage-dappareils-de-metrologie-en-france-grace-a-lacquisition-de-mi-metrologie\/\"},\"author\":{\"name\":\"NicolasFeste\",\"@id\":\"https:\/\/www.ecinews.fr\/fr\/#\/schema\/person\/c7104a72b466a801f257e51481de0c43\"},\"headline\":\"Groupe Aserti : n\u00b02 de l\u2019\u00e9talonnage d\u2019appareils de m\u00e9trologie en France gr\u00e2ce \u00e0 l\u2019acquisition de MI M\u00e9trologie\",\"datePublished\":\"2024-07-09T07:00:22+00:00\",\"dateModified\":\"2024-07-08T16:06:38+00:00\",\"mainEntityOfPage\":{\"@id\":\"https:\/\/www.ecinews.fr\/fr\/groupe-aserti-n2-de-letalonnage-dappareils-de-metrologie-en-france-grace-a-lacquisition-de-mi-metrologie\/\"},\"wordCount\":687,\"publisher\":{\"@id\":\"https:\/\/www.ecinews.fr\/fr\/#organization\"},\"keywords\":[\"Acquisition\",\"Etalonnage\",\"M\u00e9trologie\",\"Test &amp; Mesure\"],\"articleSection\":[\"Actualit\u00e9 g\u00e9n\u00e9rale\",\"Actualit\u00e9s \u00e9conomiques\"],\"inLanguage\":\"fr-FR\"},{\"@type\":\"WebPage\",\"@id\":\"https:\/\/www.ecinews.fr\/fr\/groupe-aserti-n2-de-letalonnage-dappareils-de-metrologie-en-france-grace-a-lacquisition-de-mi-metrologie\/\",\"url\":\"https:\/\/www.ecinews.fr\/fr\/groupe-aserti-n2-de-letalonnage-dappareils-de-metrologie-en-france-grace-a-lacquisition-de-mi-metrologie\/\",\"name\":\"Groupe Aserti : n\u00b02 de l\u2019\u00e9talonnage d\u2019appareils de m\u00e9trologie en France gr\u00e2ce \u00e0 l\u2019acquisition de MI M\u00e9trologie -\",\"isPartOf\":{\"@id\":\"https:\/\/www.ecinews.fr\/fr\/#website\"},\"datePublished\":\"2024-07-09T07:00:22+00:00\",\"dateModified\":\"2024-07-08T16:06:38+00:00\",\"description\":\"\u00c0 la suite de l\u2019acquisition de Multisys en 2022 \u00e0 Toulouse, le groupe Aserti a r\u00e9cemment acquis MI M\u00e9trologie, ce qui a permis de consolider la position de sa filiale Aserti Metrology.\",\"breadcrumb\":{\"@id\":\"https:\/\/www.ecinews.fr\/fr\/groupe-aserti-n2-de-letalonnage-dappareils-de-metrologie-en-france-grace-a-lacquisition-de-mi-metrologie\/#breadcrumb\"},\"inLanguage\":\"fr-FR\",\"potentialAction\":[{\"@type\":\"ReadAction\",\"target\":[\"https:\/\/www.ecinews.fr\/fr\/groupe-aserti-n2-de-letalonnage-dappareils-de-metrologie-en-france-grace-a-lacquisition-de-mi-metrologie\/\"]}]},{\"@type\":\"BreadcrumbList\",\"@id\":\"https:\/\/www.ecinews.fr\/fr\/groupe-aserti-n2-de-letalonnage-dappareils-de-metrologie-en-france-grace-a-lacquisition-de-mi-metrologie\/#breadcrumb\",\"itemListElement\":[{\"@type\":\"ListItem\",\"position\":1,\"name\":\"Home\",\"item\":\"https:\/\/www.ecinews.fr\/fr\/\"},{\"@type\":\"ListItem\",\"position\":2,\"name\":\"Groupe Aserti : n\u00b02 de l\u2019\u00e9talonnage d\u2019appareils de m\u00e9trologie en France gr\u00e2ce \u00e0 l\u2019acquisition de MI M\u00e9trologie\"}]},{\"@type\":\"WebSite\",\"@id\":\"https:\/\/www.ecinews.fr\/fr\/#website\",\"url\":\"https:\/\/www.ecinews.fr\/fr\/\",\"name\":\"EENewsEurope\",\"description\":\"Just another WordPress site\",\"publisher\":{\"@id\":\"https:\/\/www.ecinews.fr\/fr\/#organization\"},\"potentialAction\":[{\"@type\":\"SearchAction\",\"target\":{\"@type\":\"EntryPoint\",\"urlTemplate\":\"https:\/\/www.ecinews.fr\/fr\/?s={search_term_string}\"},\"query-input\":\"required name=search_term_string\"}],\"inLanguage\":\"fr-FR\"},{\"@type\":\"Organization\",\"@id\":\"https:\/\/www.ecinews.fr\/fr\/#organization\",\"name\":\"EENewsEurope\",\"url\":\"https:\/\/www.ecinews.fr\/fr\/\",\"logo\":{\"@type\":\"ImageObject\",\"inLanguage\":\"fr-FR\",\"@id\":\"https:\/\/www.ecinews.fr\/fr\/#\/schema\/logo\/image\/\",\"url\":\"https:\/\/www.ecinews.fr\/wp-content\/uploads\/2022\/02\/logo-1.jpg\",\"contentUrl\":\"https:\/\/www.ecinews.fr\/wp-content\/uploads\/2022\/02\/logo-1.jpg\",\"width\":283,\"height\":113,\"caption\":\"EENewsEurope\"},\"image\":{\"@id\":\"https:\/\/www.ecinews.fr\/fr\/#\/schema\/logo\/image\/\"}},{\"@type\":\"Person\",\"@id\":\"https:\/\/www.ecinews.fr\/fr\/#\/schema\/person\/c7104a72b466a801f257e51481de0c43\",\"name\":\"NicolasFeste\",\"image\":{\"@type\":\"ImageObject\",\"inLanguage\":\"fr-FR\",\"@id\":\"https:\/\/www.ecinews.fr\/fr\/#\/schema\/person\/image\/1ea421e7d03c1e96a9ea2bcf2705734a\",\"url\":\"https:\/\/secure.gravatar.com\/avatar\/2e187f4d96902933ba445ed6c760e11c?s=96&d=mm&r=g\",\"contentUrl\":\"https:\/\/secure.gravatar.com\/avatar\/2e187f4d96902933ba445ed6c760e11c?s=96&d=mm&r=g\",\"caption\":\"NicolasFeste\"}}]}<\/script>","yoast_head_json":{"title":"Groupe Aserti : n\u00b02 de l\u2019\u00e9talonnage d\u2019appareils de m\u00e9tro...","description":"\u00c0 la suite de l\u2019acquisition de Multisys en 2022 \u00e0 Toulouse, le groupe Aserti a r\u00e9cemment acquis MI M\u00e9trologie, ce qui a permis de consolider la...","robots":{"index":"index","follow":"follow","max-snippet":"max-snippet:-1","max-image-preview":"max-image-preview:large","max-video-preview":"max-video-preview:-1"},"canonical":"https:\/\/www.ecinews.fr\/fr\/wp-json\/wp\/v2\/posts\/455499\/","og_locale":"fr_FR","og_type":"article","og_title":"Groupe Aserti : n\u00b02 de l\u2019\u00e9talonnage d\u2019appareils de m\u00e9trologie en France gr\u00e2ce \u00e0 l\u2019acquisition de MI M\u00e9trologie","og_description":"\u00c0 la suite de l\u2019acquisition de Multisys en 2022 \u00e0 Toulouse, le groupe Aserti a r\u00e9cemment acquis MI M\u00e9trologie, ce qui a permis de consolider la position de sa filiale Aserti Metrology.","og_url":"https:\/\/www.ecinews.fr\/fr\/wp-json\/wp\/v2\/posts\/455499\/","og_site_name":"EENewsEurope","article_published_time":"2024-07-09T07:00:22+00:00","article_modified_time":"2024-07-08T16:06:38+00:00","og_image":[{"width":1080,"height":720,"url":"https:\/\/www.ecinews.fr\/wp-content\/uploads\/2024\/07\/ECI4285-Le-groupe-Aserti-acquiert-MI-Metrologie-Strasbourg-et-se-positionne-comme-le-n\u00b02-de-letalonnage-dappareils-de-metrologie-en-France.docx-scaled.jpg","type":"image\/jpeg"}],"author":"NicolasFeste","twitter_card":"summary_large_image","twitter_misc":{"Written by":"NicolasFeste","Est. reading time":"3 minutes"},"schema":{"@context":"https:\/\/schema.org","@graph":[{"@type":"Article","@id":"https:\/\/www.ecinews.fr\/fr\/groupe-aserti-n2-de-letalonnage-dappareils-de-metrologie-en-france-grace-a-lacquisition-de-mi-metrologie\/#article","isPartOf":{"@id":"https:\/\/www.ecinews.fr\/fr\/groupe-aserti-n2-de-letalonnage-dappareils-de-metrologie-en-france-grace-a-lacquisition-de-mi-metrologie\/"},"author":{"name":"NicolasFeste","@id":"https:\/\/www.ecinews.fr\/fr\/#\/schema\/person\/c7104a72b466a801f257e51481de0c43"},"headline":"Groupe Aserti : n\u00b02 de l\u2019\u00e9talonnage d\u2019appareils de m\u00e9trologie en France gr\u00e2ce \u00e0 l\u2019acquisition de MI M\u00e9trologie","datePublished":"2024-07-09T07:00:22+00:00","dateModified":"2024-07-08T16:06:38+00:00","mainEntityOfPage":{"@id":"https:\/\/www.ecinews.fr\/fr\/groupe-aserti-n2-de-letalonnage-dappareils-de-metrologie-en-france-grace-a-lacquisition-de-mi-metrologie\/"},"wordCount":687,"publisher":{"@id":"https:\/\/www.ecinews.fr\/fr\/#organization"},"keywords":["Acquisition","Etalonnage","M\u00e9trologie","Test &amp; Mesure"],"articleSection":["Actualit\u00e9 g\u00e9n\u00e9rale","Actualit\u00e9s \u00e9conomiques"],"inLanguage":"fr-FR"},{"@type":"WebPage","@id":"https:\/\/www.ecinews.fr\/fr\/groupe-aserti-n2-de-letalonnage-dappareils-de-metrologie-en-france-grace-a-lacquisition-de-mi-metrologie\/","url":"https:\/\/www.ecinews.fr\/fr\/groupe-aserti-n2-de-letalonnage-dappareils-de-metrologie-en-france-grace-a-lacquisition-de-mi-metrologie\/","name":"Groupe Aserti : n\u00b02 de l\u2019\u00e9talonnage d\u2019appareils de m\u00e9trologie en France gr\u00e2ce \u00e0 l\u2019acquisition de MI M\u00e9trologie -","isPartOf":{"@id":"https:\/\/www.ecinews.fr\/fr\/#website"},"datePublished":"2024-07-09T07:00:22+00:00","dateModified":"2024-07-08T16:06:38+00:00","description":"\u00c0 la suite de l\u2019acquisition de Multisys en 2022 \u00e0 Toulouse, le groupe Aserti a r\u00e9cemment acquis MI M\u00e9trologie, ce qui a permis de consolider la position de sa filiale Aserti Metrology.","breadcrumb":{"@id":"https:\/\/www.ecinews.fr\/fr\/groupe-aserti-n2-de-letalonnage-dappareils-de-metrologie-en-france-grace-a-lacquisition-de-mi-metrologie\/#breadcrumb"},"inLanguage":"fr-FR","potentialAction":[{"@type":"ReadAction","target":["https:\/\/www.ecinews.fr\/fr\/groupe-aserti-n2-de-letalonnage-dappareils-de-metrologie-en-france-grace-a-lacquisition-de-mi-metrologie\/"]}]},{"@type":"BreadcrumbList","@id":"https:\/\/www.ecinews.fr\/fr\/groupe-aserti-n2-de-letalonnage-dappareils-de-metrologie-en-france-grace-a-lacquisition-de-mi-metrologie\/#breadcrumb","itemListElement":[{"@type":"ListItem","position":1,"name":"Home","item":"https:\/\/www.ecinews.fr\/fr\/"},{"@type":"ListItem","position":2,"name":"Groupe Aserti : n\u00b02 de l\u2019\u00e9talonnage d\u2019appareils de m\u00e9trologie en France gr\u00e2ce \u00e0 l\u2019acquisition de MI M\u00e9trologie"}]},{"@type":"WebSite","@id":"https:\/\/www.ecinews.fr\/fr\/#website","url":"https:\/\/www.ecinews.fr\/fr\/","name":"EENewsEurope","description":"Just another WordPress site","publisher":{"@id":"https:\/\/www.ecinews.fr\/fr\/#organization"},"potentialAction":[{"@type":"SearchAction","target":{"@type":"EntryPoint","urlTemplate":"https:\/\/www.ecinews.fr\/fr\/?s={search_term_string}"},"query-input":"required name=search_term_string"}],"inLanguage":"fr-FR"},{"@type":"Organization","@id":"https:\/\/www.ecinews.fr\/fr\/#organization","name":"EENewsEurope","url":"https:\/\/www.ecinews.fr\/fr\/","logo":{"@type":"ImageObject","inLanguage":"fr-FR","@id":"https:\/\/www.ecinews.fr\/fr\/#\/schema\/logo\/image\/","url":"https:\/\/www.ecinews.fr\/wp-content\/uploads\/2022\/02\/logo-1.jpg","contentUrl":"https:\/\/www.ecinews.fr\/wp-content\/uploads\/2022\/02\/logo-1.jpg","width":283,"height":113,"caption":"EENewsEurope"},"image":{"@id":"https:\/\/www.ecinews.fr\/fr\/#\/schema\/logo\/image\/"}},{"@type":"Person","@id":"https:\/\/www.ecinews.fr\/fr\/#\/schema\/person\/c7104a72b466a801f257e51481de0c43","name":"NicolasFeste","image":{"@type":"ImageObject","inLanguage":"fr-FR","@id":"https:\/\/www.ecinews.fr\/fr\/#\/schema\/person\/image\/1ea421e7d03c1e96a9ea2bcf2705734a","url":"https:\/\/secure.gravatar.com\/avatar\/2e187f4d96902933ba445ed6c760e11c?s=96&d=mm&r=g","contentUrl":"https:\/\/secure.gravatar.com\/avatar\/2e187f4d96902933ba445ed6c760e11c?s=96&d=mm&r=g","caption":"NicolasFeste"}}]}},"authors":[{"term_id":6113,"user_id":39,"is_guest":0,"slug":"nicolasfeste","display_name":"NicolasFeste","avatar_url":"https:\/\/secure.gravatar.com\/avatar\/2e187f4d96902933ba445ed6c760e11c?s=96&d=mm&r=g","0":null,"1":"","2":"","3":"","4":"","5":"","6":"","7":"","8":""}],"_links":{"self":[{"href":"https:\/\/www.ecinews.fr\/fr\/wp-json\/wp\/v2\/posts\/455499"}],"collection":[{"href":"https:\/\/www.ecinews.fr\/fr\/wp-json\/wp\/v2\/posts"}],"about":[{"href":"https:\/\/www.ecinews.fr\/fr\/wp-json\/wp\/v2\/types\/post"}],"author":[{"embeddable":true,"href":"https:\/\/www.ecinews.fr\/fr\/wp-json\/wp\/v2\/users\/39"}],"replies":[{"embeddable":true,"href":"https:\/\/www.ecinews.fr\/fr\/wp-json\/wp\/v2\/comments?post=455499"}],"version-history":[{"count":0,"href":"https:\/\/www.ecinews.fr\/fr\/wp-json\/wp\/v2\/posts\/455499\/revisions"}],"wp:featuredmedia":[{"embeddable":true,"href":"https:\/\/www.ecinews.fr\/fr\/wp-json\/wp\/v2\/media\/455506"}],"wp:attachment":[{"href":"https:\/\/www.ecinews.fr\/fr\/wp-json\/wp\/v2\/media?parent=455499"}],"wp:term":[{"taxonomy":"category","embeddable":true,"href":"https:\/\/www.ecinews.fr\/fr\/wp-json\/wp\/v2\/categories?post=455499"},{"taxonomy":"post_tag","embeddable":true,"href":"https:\/\/www.ecinews.fr\/fr\/wp-json\/wp\/v2\/tags?post=455499"},{"taxonomy":"domains","embeddable":true,"href":"https:\/\/www.ecinews.fr\/fr\/wp-json\/wp\/v2\/domains?post=455499"},{"taxonomy":"author","embeddable":true,"href":"https:\/\/www.ecinews.fr\/fr\/wp-json\/wp\/v2\/ppma_author?post=455499"}],"curies":[{"name":"wp","href":"https:\/\/api.w.org\/{rel}","templated":true}]}}