{"id":455455,"date":"2024-07-08T12:21:16","date_gmt":"2024-07-08T10:21:16","guid":{"rendered":"https:\/\/www.eenewseurope.com\/?p=455455"},"modified":"2024-07-08T12:21:16","modified_gmt":"2024-07-08T10:21:16","slug":"liens-qkd-etablis-au-sein-du-reseau-de-recherche-belge","status":"publish","type":"post","link":"https:\/\/www.ecinews.fr\/fr\/liens-qkd-etablis-au-sein-du-reseau-de-recherche-belge\/","title":{"rendered":"Liens QKD \u00e9tablis au sein du r\u00e9seau de recherche belge"},"content":{"rendered":"<h2>L&rsquo;IMEC, l&rsquo;universit\u00e9 de Gand et Belnet &#8211; le r\u00e9seau national de recherche belge &#8211; ont r\u00e9alis\u00e9 les premi\u00e8res liaisons de distribution de cl\u00e9s quantiques (QKD) sur le r\u00e9seau Belnet.<\/h2>\n<p>Les trois organisations font partie d&rsquo;un consortium appel\u00e9 BeQCI, financ\u00e9 par l&rsquo;Union europ\u00e9enne et l&rsquo;Office belge de la politique scientifique, qui a pour mission de cr\u00e9er en Belgique les moyens de transmettre des donn\u00e9es de mani\u00e8re ininterpr\u00e9table et 100 % s\u00e9curis\u00e9e.<\/p>\n<p>Le QKD repose sur l&rsquo;id\u00e9e qu&rsquo;il est impossible de copier les \u00e9tats de la m\u00e9canique quantique et permet d&rsquo;atteindre un nouveau niveau de s\u00e9curit\u00e9 dans les communications num\u00e9riques.<\/p>\n<p>L&rsquo;UE a lanc\u00e9 EuroQCI pour d\u00e9velopper un r\u00e9seau europ\u00e9en de communication quantique, dont BeQCI constitue la branche belge. Le projet, lanc\u00e9 en janvier 2023, vise \u00e0 \u00e9tablir un banc d&rsquo;essai de communication \u00e0 s\u00e9curit\u00e9 quantique en Belgique.<\/p>\n<p>La premi\u00e8re liaison QKD, qui relie deux campus de l&rsquo;universit\u00e9 de Gand, sera principalement utilis\u00e9e \u00e0 des fins de recherche. Une deuxi\u00e8me liaison relie Redu et Transinne et sera utilis\u00e9e par l&rsquo;Agence spatiale europ\u00e9enne et le Centre d&rsquo;excellence en technologies de l&rsquo;information et de la communication (CETIC) pour s\u00e9curiser le transfert de donn\u00e9es IOT. Enfin, une troisi\u00e8me liaison, reliant deux centres de donn\u00e9es de Belnet, sera utilis\u00e9e pour le transfert s\u00e9curis\u00e9 de donn\u00e9es en interne.<\/p>\n<p>\u00ab\u00a0L&rsquo;infrastructure mise en place offre la possibilit\u00e9 d&rsquo;acqu\u00e9rir une premi\u00e8re exp\u00e9rience pratique des liaisons QKD pour le transfert de donn\u00e9es ultra-s\u00e9curis\u00e9es entre, par exemple, des institutions gouvernementales, des banques ou des h\u00f4pitaux\u00a0\u00bb, a d\u00e9clar\u00e9 Karel Dumon, chercheur \u00e0 l&rsquo;IMEC et responsable du projet BeQCI. \u00ab\u00a0Notre infrastructure est d\u00e9sormais ouverte \u00e0 de nouveaux utilisateurs finaux qui souhaitent \u00e9valuer la praticit\u00e9 de diff\u00e9rents syst\u00e8mes et protocoles QKD\u00a0\u00bb.<\/p>\n<h4>Liens et articles connexes :<\/h4>\n<p><a href=\"http:\/\/www.beqci.eu\">www.beqci.eu<\/a><\/p>\n<h4><a href=\"http:\/\/www.imec-int.com\">www.imec-int.com<\/a><\/h4>\n<h4>Articles de presse :<\/h4>\n<p><a href=\"https:\/\/www.eenewseurope.com\/en\/toshiba-europe-shows-400gbit-s-qkd-quantum-network\/\">Toshiba Europe pr\u00e9sente un r\u00e9seau quantique QKD de 400 Gbit\/s <\/a><\/p>\n<p><a href=\"https:\/\/www.eenewseurope.com\/en\/quantum-communication-breakthrough-goes-subsea-international\/\">Perc\u00e9e des communications quantiques : sous-marines et internationales<\/a><\/p>\n<p><a href=\"https:\/\/www.eenewseurope.com\/en\/toshiba-opens-20m-uk-quantum-factory-aims-for-chip-based-qkd\/\">Toshiba ouvre une usine quantique de 20 millions de livres au Royaume-Uni. objectifs de la QKD sur puce<\/a><\/p>\n","protected":false},"excerpt":{"rendered":"<p>L&rsquo;IMEC, l&rsquo;universit\u00e9 de Gand et Belnet &#8211; le r\u00e9seau national de recherche belge &#8211; ont r\u00e9alis\u00e9 les premi\u00e8res liaisons de distribution de cl\u00e9s quantiques (QKD) sur le r\u00e9seau Belnet. Les trois organisations font partie d&rsquo;un consortium appel\u00e9 BeQCI, financ\u00e9 par l&rsquo;Union europ\u00e9enne et l&rsquo;Office belge de la politique scientifique, qui a pour mission de cr\u00e9er [&hellip;]<\/p>\n","protected":false},"author":40,"featured_media":455409,"comment_status":"closed","ping_status":"closed","sticky":false,"template":"","format":"standard","meta":{"_acf_changed":false,"footnotes":""},"categories":[883],"tags":[6838,6839],"domains":[47],"ppma_author":[6199,3631],"class_list":["post-455455","post","type-post","status-publish","format-standard","has-post-thumbnail","hentry","category-technologies","tag-distribution-de-cles-quantiques","tag-qkd-fr","domains-electronique-eci"],"acf":[],"yoast_head":"<title>Liens QKD \u00e9tablis au sein du r\u00e9seau de recherche belge ...<\/title>\n<meta name=\"description\" content=\"L&#039;IMEC, l&#039;universit\u00e9 de Gand et Belnet - le r\u00e9seau national de recherche belge - ont r\u00e9alis\u00e9 leurs premi\u00e8res liaisons \u00e0 cl\u00e9s quantiques.\" \/>\n<meta name=\"robots\" content=\"index, follow, max-snippet:-1, max-image-preview:large, max-video-preview:-1\" \/>\n<link rel=\"canonical\" href=\"https:\/\/www.ecinews.fr\/fr\/wp-json\/wp\/v2\/posts\/455455\/\" \/>\n<meta property=\"og:locale\" content=\"fr_FR\" \/>\n<meta property=\"og:type\" content=\"article\" \/>\n<meta property=\"og:title\" content=\"Liens QKD \u00e9tablis au sein du r\u00e9seau de recherche belge\" \/>\n<meta property=\"og:description\" content=\"L&#039;IMEC, l&#039;universit\u00e9 de Gand et Belnet - le r\u00e9seau national de recherche belge - ont r\u00e9alis\u00e9 leurs premi\u00e8res liaisons \u00e0 cl\u00e9s quantiques.\" \/>\n<meta property=\"og:url\" content=\"https:\/\/www.ecinews.fr\/fr\/wp-json\/wp\/v2\/posts\/455455\/\" \/>\n<meta property=\"og:site_name\" content=\"EENewsEurope\" \/>\n<meta property=\"article:published_time\" content=\"2024-07-08T10:21:16+00:00\" \/>\n<meta property=\"og:image\" content=\"https:\/\/www.ecinews.fr\/wp-content\/uploads\/2024\/07\/IMECqkd630.jpg\" \/>\n\t<meta property=\"og:image:width\" content=\"630\" \/>\n\t<meta property=\"og:image:height\" content=\"422\" \/>\n\t<meta property=\"og:image:type\" content=\"image\/jpeg\" \/>\n<meta name=\"author\" content=\"A Delapalisse, Peter Clarke\" \/>\n<meta name=\"twitter:card\" content=\"summary_large_image\" \/>\n<meta name=\"twitter:label1\" content=\"Written by\" \/>\n\t<meta name=\"twitter:data1\" content=\"A Delapalisse\" \/>\n\t<meta name=\"twitter:label2\" content=\"Est. reading time\" \/>\n\t<meta name=\"twitter:data2\" content=\"2 minutes\" \/>\n<script type=\"application\/ld+json\" class=\"yoast-schema-graph\">{\"@context\":\"https:\/\/schema.org\",\"@graph\":[{\"@type\":\"Article\",\"@id\":\"https:\/\/www.ecinews.fr\/fr\/liens-qkd-etablis-au-sein-du-reseau-de-recherche-belge\/#article\",\"isPartOf\":{\"@id\":\"https:\/\/www.ecinews.fr\/fr\/liens-qkd-etablis-au-sein-du-reseau-de-recherche-belge\/\"},\"author\":{\"name\":\"A Delapalisse\",\"@id\":\"https:\/\/www.eenewseurope.com\/en\/#\/schema\/person\/4b3db5ba5c953c5fddeb226df86d8635\"},\"headline\":\"Liens QKD \u00e9tablis au sein du r\u00e9seau de recherche belge\",\"datePublished\":\"2024-07-08T10:21:16+00:00\",\"dateModified\":\"2024-07-08T10:21:16+00:00\",\"mainEntityOfPage\":{\"@id\":\"https:\/\/www.ecinews.fr\/fr\/liens-qkd-etablis-au-sein-du-reseau-de-recherche-belge\/\"},\"wordCount\":388,\"publisher\":{\"@id\":\"https:\/\/www.eenewseurope.com\/en\/#organization\"},\"keywords\":[\"Distribution de cl\u00e9s quantiques\",\"QKD\"],\"articleSection\":[\"Technologies\"],\"inLanguage\":\"fr-FR\"},{\"@type\":\"WebPage\",\"@id\":\"https:\/\/www.ecinews.fr\/fr\/liens-qkd-etablis-au-sein-du-reseau-de-recherche-belge\/\",\"url\":\"https:\/\/www.ecinews.fr\/fr\/liens-qkd-etablis-au-sein-du-reseau-de-recherche-belge\/\",\"name\":\"Liens QKD \u00e9tablis au sein du r\u00e9seau de recherche belge\",\"isPartOf\":{\"@id\":\"https:\/\/www.eenewseurope.com\/en\/#website\"},\"datePublished\":\"2024-07-08T10:21:16+00:00\",\"dateModified\":\"2024-07-08T10:21:16+00:00\",\"description\":\"L'IMEC, l'universit\u00e9 de Gand et Belnet - le r\u00e9seau national de recherche belge - ont r\u00e9alis\u00e9 leurs premi\u00e8res liaisons \u00e0 cl\u00e9s quantiques.\",\"breadcrumb\":{\"@id\":\"https:\/\/www.ecinews.fr\/fr\/liens-qkd-etablis-au-sein-du-reseau-de-recherche-belge\/#breadcrumb\"},\"inLanguage\":\"fr-FR\",\"potentialAction\":[{\"@type\":\"ReadAction\",\"target\":[\"https:\/\/www.ecinews.fr\/fr\/liens-qkd-etablis-au-sein-du-reseau-de-recherche-belge\/\"]}]},{\"@type\":\"BreadcrumbList\",\"@id\":\"https:\/\/www.ecinews.fr\/fr\/liens-qkd-etablis-au-sein-du-reseau-de-recherche-belge\/#breadcrumb\",\"itemListElement\":[{\"@type\":\"ListItem\",\"position\":1,\"name\":\"Home\",\"item\":\"https:\/\/www.ecinews.fr\/fr\/\"},{\"@type\":\"ListItem\",\"position\":2,\"name\":\"Liens QKD \u00e9tablis au sein du r\u00e9seau de recherche belge\"}]},{\"@type\":\"WebSite\",\"@id\":\"https:\/\/www.eenewseurope.com\/en\/#website\",\"url\":\"https:\/\/www.eenewseurope.com\/en\/\",\"name\":\"EENewsEurope\",\"description\":\"Just another WordPress site\",\"publisher\":{\"@id\":\"https:\/\/www.eenewseurope.com\/en\/#organization\"},\"potentialAction\":[{\"@type\":\"SearchAction\",\"target\":{\"@type\":\"EntryPoint\",\"urlTemplate\":\"https:\/\/www.eenewseurope.com\/en\/?s={search_term_string}\"},\"query-input\":\"required name=search_term_string\"}],\"inLanguage\":\"fr-FR\"},{\"@type\":\"Organization\",\"@id\":\"https:\/\/www.eenewseurope.com\/en\/#organization\",\"name\":\"EENewsEurope\",\"url\":\"https:\/\/www.eenewseurope.com\/en\/\",\"logo\":{\"@type\":\"ImageObject\",\"inLanguage\":\"fr-FR\",\"@id\":\"https:\/\/www.eenewseurope.com\/en\/#\/schema\/logo\/image\/\",\"url\":\"https:\/\/www.ecinews.fr\/wp-content\/uploads\/2022\/02\/logo-1.jpg\",\"contentUrl\":\"https:\/\/www.ecinews.fr\/wp-content\/uploads\/2022\/02\/logo-1.jpg\",\"width\":283,\"height\":113,\"caption\":\"EENewsEurope\"},\"image\":{\"@id\":\"https:\/\/www.eenewseurope.com\/en\/#\/schema\/logo\/image\/\"}},{\"@type\":\"Person\",\"@id\":\"https:\/\/www.eenewseurope.com\/en\/#\/schema\/person\/4b3db5ba5c953c5fddeb226df86d8635\",\"name\":\"A Delapalisse\",\"image\":{\"@type\":\"ImageObject\",\"inLanguage\":\"fr-FR\",\"@id\":\"https:\/\/www.eenewseurope.com\/en\/#\/schema\/person\/image\/09af0e1236b95ff53924b8dfe5af278e\",\"url\":\"https:\/\/secure.gravatar.com\/avatar\/010f811c0933b47aea7e9204117b17c6?s=96&d=mm&r=g\",\"contentUrl\":\"https:\/\/secure.gravatar.com\/avatar\/010f811c0933b47aea7e9204117b17c6?s=96&d=mm&r=g\",\"caption\":\"A Delapalisse\"}}]}<\/script>","yoast_head_json":{"title":"Liens QKD \u00e9tablis au sein du r\u00e9seau de recherche belge ...","description":"L'IMEC, l'universit\u00e9 de Gand et Belnet - le r\u00e9seau national de recherche belge - ont r\u00e9alis\u00e9 leurs premi\u00e8res liaisons \u00e0 cl\u00e9s quantiques.","robots":{"index":"index","follow":"follow","max-snippet":"max-snippet:-1","max-image-preview":"max-image-preview:large","max-video-preview":"max-video-preview:-1"},"canonical":"https:\/\/www.ecinews.fr\/fr\/wp-json\/wp\/v2\/posts\/455455\/","og_locale":"fr_FR","og_type":"article","og_title":"Liens QKD \u00e9tablis au sein du r\u00e9seau de recherche belge","og_description":"L'IMEC, l'universit\u00e9 de Gand et Belnet - le r\u00e9seau national de recherche belge - ont r\u00e9alis\u00e9 leurs premi\u00e8res liaisons \u00e0 cl\u00e9s quantiques.","og_url":"https:\/\/www.ecinews.fr\/fr\/wp-json\/wp\/v2\/posts\/455455\/","og_site_name":"EENewsEurope","article_published_time":"2024-07-08T10:21:16+00:00","og_image":[{"width":630,"height":422,"url":"https:\/\/www.ecinews.fr\/wp-content\/uploads\/2024\/07\/IMECqkd630.jpg","type":"image\/jpeg"}],"author":"A Delapalisse, Peter Clarke","twitter_card":"summary_large_image","twitter_misc":{"Written by":"A Delapalisse","Est. reading time":"2 minutes"},"schema":{"@context":"https:\/\/schema.org","@graph":[{"@type":"Article","@id":"https:\/\/www.ecinews.fr\/fr\/liens-qkd-etablis-au-sein-du-reseau-de-recherche-belge\/#article","isPartOf":{"@id":"https:\/\/www.ecinews.fr\/fr\/liens-qkd-etablis-au-sein-du-reseau-de-recherche-belge\/"},"author":{"name":"A Delapalisse","@id":"https:\/\/www.eenewseurope.com\/en\/#\/schema\/person\/4b3db5ba5c953c5fddeb226df86d8635"},"headline":"Liens QKD \u00e9tablis au sein du r\u00e9seau de recherche belge","datePublished":"2024-07-08T10:21:16+00:00","dateModified":"2024-07-08T10:21:16+00:00","mainEntityOfPage":{"@id":"https:\/\/www.ecinews.fr\/fr\/liens-qkd-etablis-au-sein-du-reseau-de-recherche-belge\/"},"wordCount":388,"publisher":{"@id":"https:\/\/www.eenewseurope.com\/en\/#organization"},"keywords":["Distribution de cl\u00e9s quantiques","QKD"],"articleSection":["Technologies"],"inLanguage":"fr-FR"},{"@type":"WebPage","@id":"https:\/\/www.ecinews.fr\/fr\/liens-qkd-etablis-au-sein-du-reseau-de-recherche-belge\/","url":"https:\/\/www.ecinews.fr\/fr\/liens-qkd-etablis-au-sein-du-reseau-de-recherche-belge\/","name":"Liens QKD \u00e9tablis au sein du r\u00e9seau de recherche belge","isPartOf":{"@id":"https:\/\/www.eenewseurope.com\/en\/#website"},"datePublished":"2024-07-08T10:21:16+00:00","dateModified":"2024-07-08T10:21:16+00:00","description":"L'IMEC, l'universit\u00e9 de Gand et Belnet - le r\u00e9seau national de recherche belge - ont r\u00e9alis\u00e9 leurs premi\u00e8res liaisons \u00e0 cl\u00e9s quantiques.","breadcrumb":{"@id":"https:\/\/www.ecinews.fr\/fr\/liens-qkd-etablis-au-sein-du-reseau-de-recherche-belge\/#breadcrumb"},"inLanguage":"fr-FR","potentialAction":[{"@type":"ReadAction","target":["https:\/\/www.ecinews.fr\/fr\/liens-qkd-etablis-au-sein-du-reseau-de-recherche-belge\/"]}]},{"@type":"BreadcrumbList","@id":"https:\/\/www.ecinews.fr\/fr\/liens-qkd-etablis-au-sein-du-reseau-de-recherche-belge\/#breadcrumb","itemListElement":[{"@type":"ListItem","position":1,"name":"Home","item":"https:\/\/www.ecinews.fr\/fr\/"},{"@type":"ListItem","position":2,"name":"Liens QKD \u00e9tablis au sein du r\u00e9seau de recherche belge"}]},{"@type":"WebSite","@id":"https:\/\/www.eenewseurope.com\/en\/#website","url":"https:\/\/www.eenewseurope.com\/en\/","name":"EENewsEurope","description":"Just another WordPress site","publisher":{"@id":"https:\/\/www.eenewseurope.com\/en\/#organization"},"potentialAction":[{"@type":"SearchAction","target":{"@type":"EntryPoint","urlTemplate":"https:\/\/www.eenewseurope.com\/en\/?s={search_term_string}"},"query-input":"required name=search_term_string"}],"inLanguage":"fr-FR"},{"@type":"Organization","@id":"https:\/\/www.eenewseurope.com\/en\/#organization","name":"EENewsEurope","url":"https:\/\/www.eenewseurope.com\/en\/","logo":{"@type":"ImageObject","inLanguage":"fr-FR","@id":"https:\/\/www.eenewseurope.com\/en\/#\/schema\/logo\/image\/","url":"https:\/\/www.ecinews.fr\/wp-content\/uploads\/2022\/02\/logo-1.jpg","contentUrl":"https:\/\/www.ecinews.fr\/wp-content\/uploads\/2022\/02\/logo-1.jpg","width":283,"height":113,"caption":"EENewsEurope"},"image":{"@id":"https:\/\/www.eenewseurope.com\/en\/#\/schema\/logo\/image\/"}},{"@type":"Person","@id":"https:\/\/www.eenewseurope.com\/en\/#\/schema\/person\/4b3db5ba5c953c5fddeb226df86d8635","name":"A Delapalisse","image":{"@type":"ImageObject","inLanguage":"fr-FR","@id":"https:\/\/www.eenewseurope.com\/en\/#\/schema\/person\/image\/09af0e1236b95ff53924b8dfe5af278e","url":"https:\/\/secure.gravatar.com\/avatar\/010f811c0933b47aea7e9204117b17c6?s=96&d=mm&r=g","contentUrl":"https:\/\/secure.gravatar.com\/avatar\/010f811c0933b47aea7e9204117b17c6?s=96&d=mm&r=g","caption":"A Delapalisse"}}]}},"authors":[{"term_id":6199,"user_id":40,"is_guest":0,"slug":"andre-rousselotemisys-com","display_name":"A Delapalisse","avatar_url":"https:\/\/secure.gravatar.com\/avatar\/010f811c0933b47aea7e9204117b17c6?s=96&d=mm&r=g","0":null,"1":"","2":"","3":"","4":"","5":"","6":"","7":"","8":""},{"term_id":3631,"user_id":0,"is_guest":1,"slug":"peter-clarke","display_name":"Peter Clarke","avatar_url":"https:\/\/secure.gravatar.com\/avatar\/?s=96&d=mm&r=g","0":null,"1":"","2":"","3":"","4":"","5":"","6":"","7":"","8":""}],"_links":{"self":[{"href":"https:\/\/www.ecinews.fr\/fr\/wp-json\/wp\/v2\/posts\/455455"}],"collection":[{"href":"https:\/\/www.ecinews.fr\/fr\/wp-json\/wp\/v2\/posts"}],"about":[{"href":"https:\/\/www.ecinews.fr\/fr\/wp-json\/wp\/v2\/types\/post"}],"author":[{"embeddable":true,"href":"https:\/\/www.ecinews.fr\/fr\/wp-json\/wp\/v2\/users\/40"}],"replies":[{"embeddable":true,"href":"https:\/\/www.ecinews.fr\/fr\/wp-json\/wp\/v2\/comments?post=455455"}],"version-history":[{"count":0,"href":"https:\/\/www.ecinews.fr\/fr\/wp-json\/wp\/v2\/posts\/455455\/revisions"}],"wp:featuredmedia":[{"embeddable":true,"href":"https:\/\/www.ecinews.fr\/fr\/wp-json\/wp\/v2\/media\/455409"}],"wp:attachment":[{"href":"https:\/\/www.ecinews.fr\/fr\/wp-json\/wp\/v2\/media?parent=455455"}],"wp:term":[{"taxonomy":"category","embeddable":true,"href":"https:\/\/www.ecinews.fr\/fr\/wp-json\/wp\/v2\/categories?post=455455"},{"taxonomy":"post_tag","embeddable":true,"href":"https:\/\/www.ecinews.fr\/fr\/wp-json\/wp\/v2\/tags?post=455455"},{"taxonomy":"domains","embeddable":true,"href":"https:\/\/www.ecinews.fr\/fr\/wp-json\/wp\/v2\/domains?post=455455"},{"taxonomy":"author","embeddable":true,"href":"https:\/\/www.ecinews.fr\/fr\/wp-json\/wp\/v2\/ppma_author?post=455455"}],"curies":[{"name":"wp","href":"https:\/\/api.w.org\/{rel}","templated":true}]}}