{"id":455146,"date":"2024-07-04T10:00:58","date_gmt":"2024-07-04T08:00:58","guid":{"rendered":"https:\/\/www.ecinews.fr\/?p=455146"},"modified":"2024-07-02T16:51:33","modified_gmt":"2024-07-02T14:51:33","slug":"contraction-du-marche-francais-de-la-robotique-industrielle-en-2023-apres-deux-ans-de-croissance","status":"publish","type":"post","link":"https:\/\/www.ecinews.fr\/fr\/contraction-du-marche-francais-de-la-robotique-industrielle-en-2023-apres-deux-ans-de-croissance\/","title":{"rendered":"Contraction du march\u00e9 fran\u00e7ais de la robotique industrielle en 2023 apr\u00e8s deux ans de croissance"},"content":{"rendered":"<h3>Apr\u00e8s deux ans d&rsquo;augmentation des ventes de robots industriels en France, indiquant une reprise industrielle post-Covid-19, le march\u00e9 de la robotique a connu une baisse de 18,4% en 2023. Le total des robots livr\u00e9s et install\u00e9s au cours de l&rsquo;ann\u00e9e a chut\u00e9 en dessous du niveau de 2021.<\/h3>\n<p>L\u2019automobile reste le premier secteur client avec un basculement des installations de lignes de production automatis\u00e9es des constructeurs vers les \u00e9quipementiers de rang 1. Celui des machines et \u00e9quipements industriels continue de se d\u00e9velopper, doublant ainsi son poids en cinq ans.<\/p>\n<p>Cette diminution des ventes est globalement \u00e9tendue \u00e0 tous les secteurs clients et \u00e0 tous les types de robots. Elle est le reflet d\u2019une industrie fran\u00e7aise moins dynamique en 2023, notamment sur le deuxi\u00e8me semestre.<\/p>\n<p>Avec les ambitions de r\u00e9industrialisation soutenues par les pouvoirs publics, le march\u00e9 fran\u00e7ais de la robotique est amen\u00e9 \u00e0 se d\u00e9velopper et gagner des places dans les classements europ\u00e9en et mondial.<\/p>\n<p><a href=\"https:\/\/u11714644.ct.sendgrid.net\/ls\/click?upn=u001.HmEUrBs0rgph-2F-2BSbxCnAk6ZJfuDEaCJlEDDg-2FgjmG9g-3DvJbt_0M8xLnvlBEC4hEXUAuJ9k6ZaaSlJwPOskkbwcQ9vem5w-2Btgu-2FSJHCQnHNgv015j2pnuepGAgs-2Bzz89H0jVA4jMvacrXACJeT9oOx9bIzgKoScfNZC0h028zJfmtzb-2FkgUsnNM-2F71VLPZkLRlc3iRUXjOWAyxDezqgYnjs24zBHYOFGOPnNjhMNNbu9F0K2rsH7I3bgf35OY67CegKeN-2FlR-2F5aCGM5honjwNNU-2Ff9zj2E7YIM4iQCxWh9Ay0domwhafuvk-2BrQQeXxXxuwO6Gsn8-2FsBibwYX64gNGKK05DXgodmg6EHMIhcHp-2FzwBN12wbWqxWB44F3-2BbWKVQp5H08rw-3D-3D\">EVOLIS<\/a><\/p>\n<p><a href=\"https:\/\/news.google.com\/publications\/CAAqBwgKMJbcwQswuPfYAw?hl=fr&amp;gl=BE&amp;ceid=BE:fr\">Suivre ECInews sur Google news<\/a><\/p>\n<p>&nbsp;<\/p>\n","protected":false},"excerpt":{"rendered":"<p>Apr\u00e8s deux ans d&rsquo;augmentation des ventes de robots industriels en France, indiquant une reprise industrielle post-Covid-19, le march\u00e9 de la robotique a connu une baisse de 18,4% en 2023. Le total des robots livr\u00e9s et install\u00e9s au cours de l&rsquo;ann\u00e9e a chut\u00e9 en dessous du niveau de 2021. L\u2019automobile reste le premier secteur client avec [&hellip;]<\/p>\n","protected":false},"author":39,"featured_media":455155,"comment_status":"closed","ping_status":"closed","sticky":false,"template":"","format":"standard","meta":{"_acf_changed":false,"footnotes":""},"categories":[886,880],"tags":[1640,2303,2327,4523],"domains":[47],"ppma_author":[6113],"class_list":["post-455146","post","type-post","status-publish","format-standard","has-post-thumbnail","hentry","category-news-fr","category-actualites-economiques","tag-automobile","tag-industrie","tag-marche","tag-robotique-fr","domains-electronique-eci"],"acf":[],"yoast_head":"<title>Contraction du march\u00e9 fran\u00e7ais de la robotique industrielle e...<\/title>\n<meta name=\"description\" content=\"Apr\u00e8s deux ans d&#039;augmentation des ventes de robots industriels en France, indiquant une reprise industrielle post-Covid-19, le march\u00e9 de la robotique a...\" \/>\n<meta name=\"robots\" content=\"index, follow, max-snippet:-1, max-image-preview:large, max-video-preview:-1\" \/>\n<link rel=\"canonical\" href=\"https:\/\/www.ecinews.fr\/fr\/wp-json\/wp\/v2\/posts\/455146\/\" \/>\n<meta property=\"og:locale\" content=\"fr_FR\" \/>\n<meta property=\"og:type\" content=\"article\" \/>\n<meta property=\"og:title\" content=\"Contraction du march\u00e9 fran\u00e7ais de la robotique industrielle en 2023 apr\u00e8s deux ans de croissance\" \/>\n<meta property=\"og:description\" content=\"Apr\u00e8s deux ans d&#039;augmentation des ventes de robots industriels en France, indiquant une reprise industrielle post-Covid-19, le march\u00e9 de la robotique a connu une baisse de 18,4% en 2023. Le total des robots livr\u00e9s et install\u00e9s au cours de l&#039;ann\u00e9e a chut\u00e9 en dessous du niveau de 2021.\" \/>\n<meta property=\"og:url\" content=\"https:\/\/www.ecinews.fr\/fr\/wp-json\/wp\/v2\/posts\/455146\/\" \/>\n<meta property=\"og:site_name\" content=\"EENewsEurope\" \/>\n<meta property=\"article:published_time\" content=\"2024-07-04T08:00:58+00:00\" \/>\n<meta property=\"article:modified_time\" content=\"2024-07-02T14:51:33+00:00\" \/>\n<meta property=\"og:image\" content=\"https:\/\/www.ecinews.fr\/wp-content\/uploads\/2024\/07\/ECI4279-Le-marche-francais-de-la-robotique-industrielle-se-contracte-en-2023-apres-deux-annees-de-progression.png\" \/>\n\t<meta property=\"og:image:width\" content=\"605\" \/>\n\t<meta property=\"og:image:height\" content=\"472\" \/>\n\t<meta property=\"og:image:type\" content=\"image\/png\" \/>\n<meta name=\"author\" content=\"NicolasFeste\" \/>\n<meta name=\"twitter:card\" content=\"summary_large_image\" \/>\n<meta name=\"twitter:label1\" content=\"Written by\" \/>\n\t<meta name=\"twitter:data1\" content=\"NicolasFeste\" \/>\n\t<meta name=\"twitter:label2\" content=\"Est. reading time\" \/>\n\t<meta name=\"twitter:data2\" content=\"1 minute\" \/>\n<script type=\"application\/ld+json\" class=\"yoast-schema-graph\">{\"@context\":\"https:\/\/schema.org\",\"@graph\":[{\"@type\":\"Article\",\"@id\":\"https:\/\/www.ecinews.fr\/fr\/contraction-du-marche-francais-de-la-robotique-industrielle-en-2023-apres-deux-ans-de-croissance\/#article\",\"isPartOf\":{\"@id\":\"https:\/\/www.ecinews.fr\/fr\/contraction-du-marche-francais-de-la-robotique-industrielle-en-2023-apres-deux-ans-de-croissance\/\"},\"author\":{\"name\":\"NicolasFeste\",\"@id\":\"https:\/\/www.ecinews.fr\/fr\/#\/schema\/person\/c7104a72b466a801f257e51481de0c43\"},\"headline\":\"Contraction du march\u00e9 fran\u00e7ais de la robotique industrielle en 2023 apr\u00e8s deux ans de croissance\",\"datePublished\":\"2024-07-04T08:00:58+00:00\",\"dateModified\":\"2024-07-02T14:51:33+00:00\",\"mainEntityOfPage\":{\"@id\":\"https:\/\/www.ecinews.fr\/fr\/contraction-du-marche-francais-de-la-robotique-industrielle-en-2023-apres-deux-ans-de-croissance\/\"},\"wordCount\":186,\"publisher\":{\"@id\":\"https:\/\/www.ecinews.fr\/fr\/#organization\"},\"keywords\":[\"Automobile\",\"Industrie\",\"March\u00e9\",\"robotique\"],\"articleSection\":[\"Actualit\u00e9 g\u00e9n\u00e9rale\",\"Actualit\u00e9s \u00e9conomiques\"],\"inLanguage\":\"fr-FR\"},{\"@type\":\"WebPage\",\"@id\":\"https:\/\/www.ecinews.fr\/fr\/contraction-du-marche-francais-de-la-robotique-industrielle-en-2023-apres-deux-ans-de-croissance\/\",\"url\":\"https:\/\/www.ecinews.fr\/fr\/contraction-du-marche-francais-de-la-robotique-industrielle-en-2023-apres-deux-ans-de-croissance\/\",\"name\":\"Contraction du march\u00e9 fran\u00e7ais de la robotique industrielle en 2023 apr\u00e8s deux ans de croissance -\",\"isPartOf\":{\"@id\":\"https:\/\/www.ecinews.fr\/fr\/#website\"},\"datePublished\":\"2024-07-04T08:00:58+00:00\",\"dateModified\":\"2024-07-02T14:51:33+00:00\",\"description\":\"Apr\u00e8s deux ans d'augmentation des ventes de robots industriels en France, indiquant une reprise industrielle post-Covid-19, le march\u00e9 de la robotique a connu une baisse de 18,4% en 2023. Le total des robots livr\u00e9s et install\u00e9s au cours de l'ann\u00e9e a chut\u00e9 en dessous du niveau de 2021.\",\"breadcrumb\":{\"@id\":\"https:\/\/www.ecinews.fr\/fr\/contraction-du-marche-francais-de-la-robotique-industrielle-en-2023-apres-deux-ans-de-croissance\/#breadcrumb\"},\"inLanguage\":\"fr-FR\",\"potentialAction\":[{\"@type\":\"ReadAction\",\"target\":[\"https:\/\/www.ecinews.fr\/fr\/contraction-du-marche-francais-de-la-robotique-industrielle-en-2023-apres-deux-ans-de-croissance\/\"]}]},{\"@type\":\"BreadcrumbList\",\"@id\":\"https:\/\/www.ecinews.fr\/fr\/contraction-du-marche-francais-de-la-robotique-industrielle-en-2023-apres-deux-ans-de-croissance\/#breadcrumb\",\"itemListElement\":[{\"@type\":\"ListItem\",\"position\":1,\"name\":\"Home\",\"item\":\"https:\/\/www.ecinews.fr\/fr\/\"},{\"@type\":\"ListItem\",\"position\":2,\"name\":\"Contraction du march\u00e9 fran\u00e7ais de la robotique industrielle en 2023 apr\u00e8s deux ans de croissance\"}]},{\"@type\":\"WebSite\",\"@id\":\"https:\/\/www.ecinews.fr\/fr\/#website\",\"url\":\"https:\/\/www.ecinews.fr\/fr\/\",\"name\":\"EENewsEurope\",\"description\":\"Just another WordPress site\",\"publisher\":{\"@id\":\"https:\/\/www.ecinews.fr\/fr\/#organization\"},\"potentialAction\":[{\"@type\":\"SearchAction\",\"target\":{\"@type\":\"EntryPoint\",\"urlTemplate\":\"https:\/\/www.ecinews.fr\/fr\/?s={search_term_string}\"},\"query-input\":\"required name=search_term_string\"}],\"inLanguage\":\"fr-FR\"},{\"@type\":\"Organization\",\"@id\":\"https:\/\/www.ecinews.fr\/fr\/#organization\",\"name\":\"EENewsEurope\",\"url\":\"https:\/\/www.ecinews.fr\/fr\/\",\"logo\":{\"@type\":\"ImageObject\",\"inLanguage\":\"fr-FR\",\"@id\":\"https:\/\/www.ecinews.fr\/fr\/#\/schema\/logo\/image\/\",\"url\":\"https:\/\/www.ecinews.fr\/wp-content\/uploads\/2022\/02\/logo-1.jpg\",\"contentUrl\":\"https:\/\/www.ecinews.fr\/wp-content\/uploads\/2022\/02\/logo-1.jpg\",\"width\":283,\"height\":113,\"caption\":\"EENewsEurope\"},\"image\":{\"@id\":\"https:\/\/www.ecinews.fr\/fr\/#\/schema\/logo\/image\/\"}},{\"@type\":\"Person\",\"@id\":\"https:\/\/www.ecinews.fr\/fr\/#\/schema\/person\/c7104a72b466a801f257e51481de0c43\",\"name\":\"NicolasFeste\",\"image\":{\"@type\":\"ImageObject\",\"inLanguage\":\"fr-FR\",\"@id\":\"https:\/\/www.ecinews.fr\/fr\/#\/schema\/person\/image\/1ea421e7d03c1e96a9ea2bcf2705734a\",\"url\":\"https:\/\/secure.gravatar.com\/avatar\/2e187f4d96902933ba445ed6c760e11c?s=96&d=mm&r=g\",\"contentUrl\":\"https:\/\/secure.gravatar.com\/avatar\/2e187f4d96902933ba445ed6c760e11c?s=96&d=mm&r=g\",\"caption\":\"NicolasFeste\"}}]}<\/script>","yoast_head_json":{"title":"Contraction du march\u00e9 fran\u00e7ais de la robotique industrielle e...","description":"Apr\u00e8s deux ans d'augmentation des ventes de robots industriels en France, indiquant une reprise industrielle post-Covid-19, le march\u00e9 de la robotique a...","robots":{"index":"index","follow":"follow","max-snippet":"max-snippet:-1","max-image-preview":"max-image-preview:large","max-video-preview":"max-video-preview:-1"},"canonical":"https:\/\/www.ecinews.fr\/fr\/wp-json\/wp\/v2\/posts\/455146\/","og_locale":"fr_FR","og_type":"article","og_title":"Contraction du march\u00e9 fran\u00e7ais de la robotique industrielle en 2023 apr\u00e8s deux ans de croissance","og_description":"Apr\u00e8s deux ans d'augmentation des ventes de robots industriels en France, indiquant une reprise industrielle post-Covid-19, le march\u00e9 de la robotique a connu une baisse de 18,4% en 2023. Le total des robots livr\u00e9s et install\u00e9s au cours de l'ann\u00e9e a chut\u00e9 en dessous du niveau de 2021.","og_url":"https:\/\/www.ecinews.fr\/fr\/wp-json\/wp\/v2\/posts\/455146\/","og_site_name":"EENewsEurope","article_published_time":"2024-07-04T08:00:58+00:00","article_modified_time":"2024-07-02T14:51:33+00:00","og_image":[{"width":605,"height":472,"url":"https:\/\/www.ecinews.fr\/wp-content\/uploads\/2024\/07\/ECI4279-Le-marche-francais-de-la-robotique-industrielle-se-contracte-en-2023-apres-deux-annees-de-progression.png","type":"image\/png"}],"author":"NicolasFeste","twitter_card":"summary_large_image","twitter_misc":{"Written by":"NicolasFeste","Est. reading time":"1 minute"},"schema":{"@context":"https:\/\/schema.org","@graph":[{"@type":"Article","@id":"https:\/\/www.ecinews.fr\/fr\/contraction-du-marche-francais-de-la-robotique-industrielle-en-2023-apres-deux-ans-de-croissance\/#article","isPartOf":{"@id":"https:\/\/www.ecinews.fr\/fr\/contraction-du-marche-francais-de-la-robotique-industrielle-en-2023-apres-deux-ans-de-croissance\/"},"author":{"name":"NicolasFeste","@id":"https:\/\/www.ecinews.fr\/fr\/#\/schema\/person\/c7104a72b466a801f257e51481de0c43"},"headline":"Contraction du march\u00e9 fran\u00e7ais de la robotique industrielle en 2023 apr\u00e8s deux ans de croissance","datePublished":"2024-07-04T08:00:58+00:00","dateModified":"2024-07-02T14:51:33+00:00","mainEntityOfPage":{"@id":"https:\/\/www.ecinews.fr\/fr\/contraction-du-marche-francais-de-la-robotique-industrielle-en-2023-apres-deux-ans-de-croissance\/"},"wordCount":186,"publisher":{"@id":"https:\/\/www.ecinews.fr\/fr\/#organization"},"keywords":["Automobile","Industrie","March\u00e9","robotique"],"articleSection":["Actualit\u00e9 g\u00e9n\u00e9rale","Actualit\u00e9s \u00e9conomiques"],"inLanguage":"fr-FR"},{"@type":"WebPage","@id":"https:\/\/www.ecinews.fr\/fr\/contraction-du-marche-francais-de-la-robotique-industrielle-en-2023-apres-deux-ans-de-croissance\/","url":"https:\/\/www.ecinews.fr\/fr\/contraction-du-marche-francais-de-la-robotique-industrielle-en-2023-apres-deux-ans-de-croissance\/","name":"Contraction du march\u00e9 fran\u00e7ais de la robotique industrielle en 2023 apr\u00e8s deux ans de croissance -","isPartOf":{"@id":"https:\/\/www.ecinews.fr\/fr\/#website"},"datePublished":"2024-07-04T08:00:58+00:00","dateModified":"2024-07-02T14:51:33+00:00","description":"Apr\u00e8s deux ans d'augmentation des ventes de robots industriels en France, indiquant une reprise industrielle post-Covid-19, le march\u00e9 de la robotique a connu une baisse de 18,4% en 2023. Le total des robots livr\u00e9s et install\u00e9s au cours de l'ann\u00e9e a chut\u00e9 en dessous du niveau de 2021.","breadcrumb":{"@id":"https:\/\/www.ecinews.fr\/fr\/contraction-du-marche-francais-de-la-robotique-industrielle-en-2023-apres-deux-ans-de-croissance\/#breadcrumb"},"inLanguage":"fr-FR","potentialAction":[{"@type":"ReadAction","target":["https:\/\/www.ecinews.fr\/fr\/contraction-du-marche-francais-de-la-robotique-industrielle-en-2023-apres-deux-ans-de-croissance\/"]}]},{"@type":"BreadcrumbList","@id":"https:\/\/www.ecinews.fr\/fr\/contraction-du-marche-francais-de-la-robotique-industrielle-en-2023-apres-deux-ans-de-croissance\/#breadcrumb","itemListElement":[{"@type":"ListItem","position":1,"name":"Home","item":"https:\/\/www.ecinews.fr\/fr\/"},{"@type":"ListItem","position":2,"name":"Contraction du march\u00e9 fran\u00e7ais de la robotique industrielle en 2023 apr\u00e8s deux ans de croissance"}]},{"@type":"WebSite","@id":"https:\/\/www.ecinews.fr\/fr\/#website","url":"https:\/\/www.ecinews.fr\/fr\/","name":"EENewsEurope","description":"Just another WordPress site","publisher":{"@id":"https:\/\/www.ecinews.fr\/fr\/#organization"},"potentialAction":[{"@type":"SearchAction","target":{"@type":"EntryPoint","urlTemplate":"https:\/\/www.ecinews.fr\/fr\/?s={search_term_string}"},"query-input":"required name=search_term_string"}],"inLanguage":"fr-FR"},{"@type":"Organization","@id":"https:\/\/www.ecinews.fr\/fr\/#organization","name":"EENewsEurope","url":"https:\/\/www.ecinews.fr\/fr\/","logo":{"@type":"ImageObject","inLanguage":"fr-FR","@id":"https:\/\/www.ecinews.fr\/fr\/#\/schema\/logo\/image\/","url":"https:\/\/www.ecinews.fr\/wp-content\/uploads\/2022\/02\/logo-1.jpg","contentUrl":"https:\/\/www.ecinews.fr\/wp-content\/uploads\/2022\/02\/logo-1.jpg","width":283,"height":113,"caption":"EENewsEurope"},"image":{"@id":"https:\/\/www.ecinews.fr\/fr\/#\/schema\/logo\/image\/"}},{"@type":"Person","@id":"https:\/\/www.ecinews.fr\/fr\/#\/schema\/person\/c7104a72b466a801f257e51481de0c43","name":"NicolasFeste","image":{"@type":"ImageObject","inLanguage":"fr-FR","@id":"https:\/\/www.ecinews.fr\/fr\/#\/schema\/person\/image\/1ea421e7d03c1e96a9ea2bcf2705734a","url":"https:\/\/secure.gravatar.com\/avatar\/2e187f4d96902933ba445ed6c760e11c?s=96&d=mm&r=g","contentUrl":"https:\/\/secure.gravatar.com\/avatar\/2e187f4d96902933ba445ed6c760e11c?s=96&d=mm&r=g","caption":"NicolasFeste"}}]}},"authors":[{"term_id":6113,"user_id":39,"is_guest":0,"slug":"nicolasfeste","display_name":"NicolasFeste","avatar_url":"https:\/\/secure.gravatar.com\/avatar\/2e187f4d96902933ba445ed6c760e11c?s=96&d=mm&r=g","0":null,"1":"","2":"","3":"","4":"","5":"","6":"","7":"","8":""}],"_links":{"self":[{"href":"https:\/\/www.ecinews.fr\/fr\/wp-json\/wp\/v2\/posts\/455146"}],"collection":[{"href":"https:\/\/www.ecinews.fr\/fr\/wp-json\/wp\/v2\/posts"}],"about":[{"href":"https:\/\/www.ecinews.fr\/fr\/wp-json\/wp\/v2\/types\/post"}],"author":[{"embeddable":true,"href":"https:\/\/www.ecinews.fr\/fr\/wp-json\/wp\/v2\/users\/39"}],"replies":[{"embeddable":true,"href":"https:\/\/www.ecinews.fr\/fr\/wp-json\/wp\/v2\/comments?post=455146"}],"version-history":[{"count":0,"href":"https:\/\/www.ecinews.fr\/fr\/wp-json\/wp\/v2\/posts\/455146\/revisions"}],"wp:featuredmedia":[{"embeddable":true,"href":"https:\/\/www.ecinews.fr\/fr\/wp-json\/wp\/v2\/media\/455155"}],"wp:attachment":[{"href":"https:\/\/www.ecinews.fr\/fr\/wp-json\/wp\/v2\/media?parent=455146"}],"wp:term":[{"taxonomy":"category","embeddable":true,"href":"https:\/\/www.ecinews.fr\/fr\/wp-json\/wp\/v2\/categories?post=455146"},{"taxonomy":"post_tag","embeddable":true,"href":"https:\/\/www.ecinews.fr\/fr\/wp-json\/wp\/v2\/tags?post=455146"},{"taxonomy":"domains","embeddable":true,"href":"https:\/\/www.ecinews.fr\/fr\/wp-json\/wp\/v2\/domains?post=455146"},{"taxonomy":"author","embeddable":true,"href":"https:\/\/www.ecinews.fr\/fr\/wp-json\/wp\/v2\/ppma_author?post=455146"}],"curies":[{"name":"wp","href":"https:\/\/api.w.org\/{rel}","templated":true}]}}