{"id":455040,"date":"2024-07-02T09:30:05","date_gmt":"2024-07-02T07:30:05","guid":{"rendered":"https:\/\/www.ecinews.fr\/?p=455040"},"modified":"2024-07-01T23:43:59","modified_gmt":"2024-07-01T21:43:59","slug":"saison-4-de-la-serie-de-videos-city-digital-axee-sur-lintelligence-artificielle-par-digikey","status":"publish","type":"post","link":"https:\/\/www.ecinews.fr\/fr\/saison-4-de-la-serie-de-videos-city-digital-axee-sur-lintelligence-artificielle-par-digikey\/","title":{"rendered":"Saison 4 de la s\u00e9rie de vid\u00e9os \u00ab City Digital \u00bb ax\u00e9e sur l&rsquo;intelligence artificielle par DigiKey"},"content":{"rendered":"<h3><a href=\"https:\/\/www.digikey.fr\/?utm_source=referral&amp;utm_medium=pressrelease&amp;utm_campaign=pressrelease\">DigiKey<\/a> a lanc\u00e9 la saison\u00a04 de la\u00a0<a href=\"https:\/\/www.digikey.fr\/fr\/resources\/iot-resource-center\/city-digital\/?#VTabs4?utm_source=referral&amp;utm_medium=pressrelease&amp;utm_campaign=pressrelease\">s\u00e9rie de vid\u00e9os City\u00a0Digital<\/a>, consacr\u00e9e \u00e0 l&rsquo;IA dans un monde intelligent, et sponsoris\u00e9e par\u00a0<a href=\"https:\/\/www.digikey.fr\/fr\/supplier-centers\/molex\/?utm_source=referral&amp;utm_medium=pressrelease&amp;utm_campaign=pressrelease\">Molex<\/a>\u00a0et\u00a0<a href=\"https:\/\/www.digikey.fr\/fr\/supplier-centers\/stmicroelectronics\/?utm_source=referral&amp;utm_medium=pressrelease&amp;utm_campaign=pressrelease\">STMicroelectronics<\/a>. Cette nouvelle saison de trois \u00e9pisodes explore diff\u00e9rents aspects de l&rsquo;int\u00e9gration de l&rsquo;intelligence artificielle (IA), des infrastructures et des transports \u00e0 la surveillance environnementale et aux services publics.<\/h3>\n<p>La saison\u00a04 met \u00e9galement l&rsquo;accent sur l&rsquo;IA et sur le r\u00f4le transformateur qu&rsquo;elle joue dans le fa\u00e7onnement des villes modernes. Les innovations mat\u00e9rielles et logicielles d&rsquo;aujourd&rsquo;hui favoriseront l&rsquo;int\u00e9gration de l&rsquo;IA dans le tissu urbain de demain, avec l&rsquo;objectif d&rsquo;am\u00e9liorer l&rsquo;efficacit\u00e9, la durabilit\u00e9 et la qualit\u00e9 de vie.<\/p>\n<p>\u00ab\u00a0Les cas d&rsquo;utilisation de l&rsquo;IA dans les villes intelligentes commencent tout juste \u00e0 se pr\u00e9ciser et joueront un r\u00f4le essentiel dans la cr\u00e9ation de villes plus intelligentes, plus durables et plus agr\u00e9ables \u00e0 vivre\u00a0\u00bb, a d\u00e9clar\u00e9 Josh\u00a0Mickolio, responsable du d\u00e9veloppement commercial des technologies chez DigiKey. \u00ab\u00a0Notre partenariat avec des fournisseurs tels que Molex et STMicroelectronics permet aux ing\u00e9nieurs et aux concepteurs d&rsquo;acc\u00e9der aux toutes derni\u00e8res technologies et aux composants les plus r\u00e9cents afin de construire les dispositifs et les syst\u00e8mes qui propulseront les villes intelligentes vers le futur.\u00a0\u00bb<\/p>\n<p>\u00ab\u00a0Nous sommes ravis de participer une nouvelle fois \u00e0 ces vid\u00e9os exceptionnelles\u00a0\u00bb, a d\u00e9clar\u00e9 Fred\u00a0Bell, vice-pr\u00e9sident de la distribution mondiale chez Molex. \u00ab\u00a0L&rsquo;IA transforme le monde, et ce premier \u00e9pisode offre un excellent aper\u00e7u de son impact sur les infrastructures. C&rsquo;est aussi une plateforme id\u00e9ale pour pr\u00e9senter le travail effectu\u00e9 par Molex dans ce domaine.\u00a0\u00bb<\/p>\n<p>\u00ab\u00a0STMicroelectronics cultive un \u00e9cosyst\u00e8me complet qui alimente chaque aspect en p\u00e9riph\u00e9rie, qu&rsquo;il s&rsquo;agisse de la pr\u00e9cision de nos capteurs, microcontr\u00f4leurs et microprocesseurs ou de l&rsquo;assistance aux d\u00e9veloppeurs par le biais d&rsquo;outils logiciels complets\u00a0\u00bb, a d\u00e9clar\u00e9 Louis\u00a0Gobin, ing\u00e9nieur marketing produit chez STMicroelectronics. \u00ab\u00a0Nous cr\u00e9ons des environnements plus intelligents, plus efficaces et hautement r\u00e9actifs, en apportant l&rsquo;intelligence en p\u00e9riph\u00e9rie et en permettant la cr\u00e9ation d&rsquo;applications IA fluides en p\u00e9riph\u00e9rie. Cet engagement positionne ST \u00e0 l&rsquo;avant-garde de l&rsquo;industrie et ouvre la voie \u00e0 un avenir o\u00f9 l&rsquo;IA en p\u00e9riph\u00e9rie n&rsquo;est pas seulement une possibilit\u00e9, mais une r\u00e9alit\u00e9 tangible qui am\u00e9liore les exp\u00e9riences quotidiennes.\u00a0\u00bb<\/p>\n<p>La premi\u00e8re des trois\u00a0<a href=\"https:\/\/www.digikey.fr\/fr\/resources\/iot-resource-center\/city-digital\/?#VTabs4?utm_source=referral&amp;utm_medium=pressrelease&amp;utm_campaign=pressrelease\">vid\u00e9os de la s\u00e9rie<\/a>, intitul\u00e9e \u00ab\u00a0Le pilier intelligent\u00a0\u00bb, examine le r\u00f4le crucial de l&rsquo;IA dans la modernisation des infrastructures urbaines. Qu&rsquo;il s&rsquo;agisse de b\u00e2timents intelligents \u00e9quip\u00e9s de syst\u00e8mes \u00e9nerg\u00e9tiques command\u00e9s par IA, du d\u00e9ploiement du contr\u00f4le du trafic intelligent ou de l&rsquo;utilisation de l&rsquo;IA dans la surveillance des infrastructures critiques, cet \u00e9pisode r\u00e9v\u00e8le comment l&rsquo;IA est en train de devenir le pilier d&rsquo;un mode de vie urbain efficace et durable.<\/p>\n<p>La deuxi\u00e8me vid\u00e9o, \u00ab\u00a0En mouvement\u00a0\u00bb, explore comment l&rsquo;IA r\u00e9volutionne la mani\u00e8re dont les personnes et les marchandises se d\u00e9placent dans leur environnement. Les avanc\u00e9es en mati\u00e8re de v\u00e9hicules autonomes, de syst\u00e8mes de gestion du trafic intelligents et de transports en commun soutenus par l&rsquo;IA d\u00e9montrent comment ces technologies peuvent rendre les transports plus s\u00fbrs, plus rapides et plus respectueux de l&rsquo;environnement.<\/p>\n<p>La troisi\u00e8me et derni\u00e8re vid\u00e9o, \u00ab\u00a0La ville r\u00e9active\u00a0\u00bb, \u00e9tudie le r\u00f4le de l&rsquo;IA dans l&rsquo;am\u00e9lioration des services publics et de la surveillance de l&rsquo;environnement. Elle traite de l&rsquo;influence potentielle de l&rsquo;IA sur la gestion des d\u00e9chets, la maintenance pr\u00e9dictive des services publics et la capacit\u00e9 \u00e0 surveiller les changements environnementaux et \u00e0 y r\u00e9pondre. L&rsquo;\u00e9pisode montre \u00e9galement comment l&rsquo;IA va contribuer \u00e0 cr\u00e9er des environnements urbains plus r\u00e9actifs et adaptatifs.<\/p>\n<p>Pour en savoir plus sur la s\u00e9rie de vid\u00e9os consacr\u00e9e \u00e0 l&rsquo;IA dans un monde intelligent et sur la mani\u00e8re dont DigiKey soutient le secteur en pleine croissance des villes intelligentes, consultez le\u00a0<a href=\"https:\/\/www.digikey.fr\/?utm_source=referral&amp;utm_medium=pressrelease&amp;utm_campaign=pressrelease\">site Web de DigiKey<\/a>.<\/p>\n<p><a href=\"https:\/\/www.digikey.fr\/\">DigiKey<\/a><\/p>\n<p><a href=\"https:\/\/news.google.com\/publications\/CAAqBwgKMJbcwQswuPfYAw?hl=fr&amp;gl=BE&amp;ceid=BE:fr\">Suivre ECInews sur Google news<\/a><\/p>\n","protected":false},"excerpt":{"rendered":"<p>DigiKey a lanc\u00e9 la saison\u00a04 de la\u00a0s\u00e9rie de vid\u00e9os City\u00a0Digital, consacr\u00e9e \u00e0 l&rsquo;IA dans un monde intelligent, et sponsoris\u00e9e par\u00a0Molex\u00a0et\u00a0STMicroelectronics. Cette nouvelle saison de trois \u00e9pisodes explore diff\u00e9rents aspects de l&rsquo;int\u00e9gration de l&rsquo;intelligence artificielle (IA), des infrastructures et des transports \u00e0 la surveillance environnementale et aux services publics. La saison\u00a04 met \u00e9galement l&rsquo;accent sur l&rsquo;IA [&hellip;]<\/p>\n","protected":false},"author":39,"featured_media":455046,"comment_status":"closed","ping_status":"closed","sticky":false,"template":"","format":"standard","meta":{"_acf_changed":false,"footnotes":""},"categories":[886],"tags":[2198,1048,6778],"domains":[47],"ppma_author":[6113],"class_list":["post-455040","post","type-post","status-publish","format-standard","has-post-thumbnail","hentry","category-news-fr","tag-ia","tag-intelligence-artificielle","tag-videos","domains-electronique-eci"],"acf":[],"yoast_head":"<title>Saison 4 de la s\u00e9rie de vid\u00e9os \u00ab City Digital \u00bb ax\u00e9e sur l...<\/title>\n<meta name=\"description\" content=\"DigiKey a lanc\u00e9 la saison\u00a04 de la\u00a0s\u00e9rie de vid\u00e9os City\u00a0Digital, consacr\u00e9e \u00e0 l&#039;IA dans un monde intelligent, et sponsoris\u00e9e...\" \/>\n<meta name=\"robots\" content=\"index, follow, max-snippet:-1, max-image-preview:large, max-video-preview:-1\" \/>\n<link rel=\"canonical\" href=\"https:\/\/www.ecinews.fr\/fr\/wp-json\/wp\/v2\/posts\/455040\/\" \/>\n<meta property=\"og:locale\" content=\"fr_FR\" \/>\n<meta property=\"og:type\" content=\"article\" \/>\n<meta property=\"og:title\" content=\"Saison 4 de la s\u00e9rie de vid\u00e9os \u00ab City Digital \u00bb ax\u00e9e sur l&#039;intelligence artificielle par DigiKey\" \/>\n<meta property=\"og:description\" content=\"DigiKey a lanc\u00e9 la saison\u00a04 de la\u00a0s\u00e9rie de vid\u00e9os City\u00a0Digital, consacr\u00e9e \u00e0 l&#039;IA dans un monde intelligent, et sponsoris\u00e9e par\u00a0Molex\u00a0et\u00a0STMicroelectronics. Cette nouvelle saison de trois \u00e9pisodes explore diff\u00e9rents aspects de l&#039;int\u00e9gration de l&#039;intelligence artificielle (IA), des infrastructures et des transports \u00e0 la surveillance environnementale et aux services publics.\" \/>\n<meta property=\"og:url\" content=\"https:\/\/www.ecinews.fr\/fr\/wp-json\/wp\/v2\/posts\/455040\/\" \/>\n<meta property=\"og:site_name\" content=\"EENewsEurope\" \/>\n<meta property=\"article:published_time\" content=\"2024-07-02T07:30:05+00:00\" \/>\n<meta property=\"article:modified_time\" content=\"2024-07-01T21:43:59+00:00\" \/>\n<meta property=\"og:image\" content=\"https:\/\/www.eenewseurope.com\/wp-content\/uploads\/2024\/07\/ECI4274-DK-Debuts-City-Digital-S4-French-scaled.jpg\" \/>\n\t<meta property=\"og:image:width\" content=\"1080\" \/>\n\t<meta property=\"og:image:height\" content=\"400\" \/>\n\t<meta property=\"og:image:type\" content=\"image\/jpeg\" \/>\n<meta name=\"author\" content=\"NicolasFeste\" \/>\n<meta name=\"twitter:card\" content=\"summary_large_image\" \/>\n<meta name=\"twitter:label1\" content=\"Written by\" \/>\n\t<meta name=\"twitter:data1\" content=\"NicolasFeste\" \/>\n\t<meta name=\"twitter:label2\" content=\"Est. reading time\" \/>\n\t<meta name=\"twitter:data2\" content=\"3 minutes\" \/>\n<script type=\"application\/ld+json\" class=\"yoast-schema-graph\">{\"@context\":\"https:\/\/schema.org\",\"@graph\":[{\"@type\":\"Article\",\"@id\":\"https:\/\/www.eenewseurope.com\/fr\/saison-4-de-la-serie-de-videos-city-digital-axee-sur-lintelligence-artificielle-par-digikey\/#article\",\"isPartOf\":{\"@id\":\"https:\/\/www.eenewseurope.com\/fr\/saison-4-de-la-serie-de-videos-city-digital-axee-sur-lintelligence-artificielle-par-digikey\/\"},\"author\":{\"name\":\"NicolasFeste\",\"@id\":\"https:\/\/www.ecinews.fr\/fr\/#\/schema\/person\/c7104a72b466a801f257e51481de0c43\"},\"headline\":\"Saison 4 de la s\u00e9rie de vid\u00e9os \u00ab City Digital \u00bb ax\u00e9e sur l&rsquo;intelligence artificielle par DigiKey\",\"datePublished\":\"2024-07-02T07:30:05+00:00\",\"dateModified\":\"2024-07-01T21:43:59+00:00\",\"mainEntityOfPage\":{\"@id\":\"https:\/\/www.eenewseurope.com\/fr\/saison-4-de-la-serie-de-videos-city-digital-axee-sur-lintelligence-artificielle-par-digikey\/\"},\"wordCount\":735,\"publisher\":{\"@id\":\"https:\/\/www.ecinews.fr\/fr\/#organization\"},\"keywords\":[\"IA\",\"Intelligence Artificielle\",\"Vid\u00e9os\"],\"articleSection\":[\"Actualit\u00e9 g\u00e9n\u00e9rale\"],\"inLanguage\":\"fr-FR\"},{\"@type\":\"WebPage\",\"@id\":\"https:\/\/www.eenewseurope.com\/fr\/saison-4-de-la-serie-de-videos-city-digital-axee-sur-lintelligence-artificielle-par-digikey\/\",\"url\":\"https:\/\/www.eenewseurope.com\/fr\/saison-4-de-la-serie-de-videos-city-digital-axee-sur-lintelligence-artificielle-par-digikey\/\",\"name\":\"Saison 4 de la s\u00e9rie de vid\u00e9os \u00ab City Digital \u00bb ax\u00e9e sur l'intelligence artificielle par DigiKey -\",\"isPartOf\":{\"@id\":\"https:\/\/www.ecinews.fr\/fr\/#website\"},\"datePublished\":\"2024-07-02T07:30:05+00:00\",\"dateModified\":\"2024-07-01T21:43:59+00:00\",\"description\":\"DigiKey a lanc\u00e9 la saison\u00a04 de la\u00a0s\u00e9rie de vid\u00e9os City\u00a0Digital, consacr\u00e9e \u00e0 l'IA dans un monde intelligent, et sponsoris\u00e9e par\u00a0Molex\u00a0et\u00a0STMicroelectronics. Cette nouvelle saison de trois \u00e9pisodes explore diff\u00e9rents aspects de l'int\u00e9gration de l'intelligence artificielle (IA), des infrastructures et des transports \u00e0 la surveillance environnementale et aux services publics.\",\"breadcrumb\":{\"@id\":\"https:\/\/www.eenewseurope.com\/fr\/saison-4-de-la-serie-de-videos-city-digital-axee-sur-lintelligence-artificielle-par-digikey\/#breadcrumb\"},\"inLanguage\":\"fr-FR\",\"potentialAction\":[{\"@type\":\"ReadAction\",\"target\":[\"https:\/\/www.eenewseurope.com\/fr\/saison-4-de-la-serie-de-videos-city-digital-axee-sur-lintelligence-artificielle-par-digikey\/\"]}]},{\"@type\":\"BreadcrumbList\",\"@id\":\"https:\/\/www.eenewseurope.com\/fr\/saison-4-de-la-serie-de-videos-city-digital-axee-sur-lintelligence-artificielle-par-digikey\/#breadcrumb\",\"itemListElement\":[{\"@type\":\"ListItem\",\"position\":1,\"name\":\"Home\",\"item\":\"https:\/\/www.ecinews.fr\/fr\/\"},{\"@type\":\"ListItem\",\"position\":2,\"name\":\"Saison 4 de la s\u00e9rie de vid\u00e9os \u00ab City Digital \u00bb ax\u00e9e sur l&rsquo;intelligence artificielle par DigiKey\"}]},{\"@type\":\"WebSite\",\"@id\":\"https:\/\/www.ecinews.fr\/fr\/#website\",\"url\":\"https:\/\/www.ecinews.fr\/fr\/\",\"name\":\"EENewsEurope\",\"description\":\"Just another WordPress site\",\"publisher\":{\"@id\":\"https:\/\/www.ecinews.fr\/fr\/#organization\"},\"potentialAction\":[{\"@type\":\"SearchAction\",\"target\":{\"@type\":\"EntryPoint\",\"urlTemplate\":\"https:\/\/www.ecinews.fr\/fr\/?s={search_term_string}\"},\"query-input\":\"required name=search_term_string\"}],\"inLanguage\":\"fr-FR\"},{\"@type\":\"Organization\",\"@id\":\"https:\/\/www.ecinews.fr\/fr\/#organization\",\"name\":\"EENewsEurope\",\"url\":\"https:\/\/www.ecinews.fr\/fr\/\",\"logo\":{\"@type\":\"ImageObject\",\"inLanguage\":\"fr-FR\",\"@id\":\"https:\/\/www.ecinews.fr\/fr\/#\/schema\/logo\/image\/\",\"url\":\"https:\/\/www.ecinews.fr\/wp-content\/uploads\/2022\/02\/logo-1.jpg\",\"contentUrl\":\"https:\/\/www.ecinews.fr\/wp-content\/uploads\/2022\/02\/logo-1.jpg\",\"width\":283,\"height\":113,\"caption\":\"EENewsEurope\"},\"image\":{\"@id\":\"https:\/\/www.ecinews.fr\/fr\/#\/schema\/logo\/image\/\"}},{\"@type\":\"Person\",\"@id\":\"https:\/\/www.ecinews.fr\/fr\/#\/schema\/person\/c7104a72b466a801f257e51481de0c43\",\"name\":\"NicolasFeste\",\"image\":{\"@type\":\"ImageObject\",\"inLanguage\":\"fr-FR\",\"@id\":\"https:\/\/www.ecinews.fr\/fr\/#\/schema\/person\/image\/1ea421e7d03c1e96a9ea2bcf2705734a\",\"url\":\"https:\/\/secure.gravatar.com\/avatar\/2e187f4d96902933ba445ed6c760e11c?s=96&d=mm&r=g\",\"contentUrl\":\"https:\/\/secure.gravatar.com\/avatar\/2e187f4d96902933ba445ed6c760e11c?s=96&d=mm&r=g\",\"caption\":\"NicolasFeste\"}}]}<\/script>","yoast_head_json":{"title":"Saison 4 de la s\u00e9rie de vid\u00e9os \u00ab City Digital \u00bb ax\u00e9e sur l...","description":"DigiKey a lanc\u00e9 la saison\u00a04 de la\u00a0s\u00e9rie de vid\u00e9os City\u00a0Digital, consacr\u00e9e \u00e0 l'IA dans un monde intelligent, et sponsoris\u00e9e...","robots":{"index":"index","follow":"follow","max-snippet":"max-snippet:-1","max-image-preview":"max-image-preview:large","max-video-preview":"max-video-preview:-1"},"canonical":"https:\/\/www.ecinews.fr\/fr\/wp-json\/wp\/v2\/posts\/455040\/","og_locale":"fr_FR","og_type":"article","og_title":"Saison 4 de la s\u00e9rie de vid\u00e9os \u00ab City Digital \u00bb ax\u00e9e sur l'intelligence artificielle par DigiKey","og_description":"DigiKey a lanc\u00e9 la saison\u00a04 de la\u00a0s\u00e9rie de vid\u00e9os City\u00a0Digital, consacr\u00e9e \u00e0 l'IA dans un monde intelligent, et sponsoris\u00e9e par\u00a0Molex\u00a0et\u00a0STMicroelectronics. Cette nouvelle saison de trois \u00e9pisodes explore diff\u00e9rents aspects de l'int\u00e9gration de l'intelligence artificielle (IA), des infrastructures et des transports \u00e0 la surveillance environnementale et aux services publics.","og_url":"https:\/\/www.ecinews.fr\/fr\/wp-json\/wp\/v2\/posts\/455040\/","og_site_name":"EENewsEurope","article_published_time":"2024-07-02T07:30:05+00:00","article_modified_time":"2024-07-01T21:43:59+00:00","og_image":[{"width":1080,"height":400,"url":"https:\/\/www.eenewseurope.com\/wp-content\/uploads\/2024\/07\/ECI4274-DK-Debuts-City-Digital-S4-French-scaled.jpg","type":"image\/jpeg"}],"author":"NicolasFeste","twitter_card":"summary_large_image","twitter_misc":{"Written by":"NicolasFeste","Est. reading time":"3 minutes"},"schema":{"@context":"https:\/\/schema.org","@graph":[{"@type":"Article","@id":"https:\/\/www.eenewseurope.com\/fr\/saison-4-de-la-serie-de-videos-city-digital-axee-sur-lintelligence-artificielle-par-digikey\/#article","isPartOf":{"@id":"https:\/\/www.eenewseurope.com\/fr\/saison-4-de-la-serie-de-videos-city-digital-axee-sur-lintelligence-artificielle-par-digikey\/"},"author":{"name":"NicolasFeste","@id":"https:\/\/www.ecinews.fr\/fr\/#\/schema\/person\/c7104a72b466a801f257e51481de0c43"},"headline":"Saison 4 de la s\u00e9rie de vid\u00e9os \u00ab City Digital \u00bb ax\u00e9e sur l&rsquo;intelligence artificielle par DigiKey","datePublished":"2024-07-02T07:30:05+00:00","dateModified":"2024-07-01T21:43:59+00:00","mainEntityOfPage":{"@id":"https:\/\/www.eenewseurope.com\/fr\/saison-4-de-la-serie-de-videos-city-digital-axee-sur-lintelligence-artificielle-par-digikey\/"},"wordCount":735,"publisher":{"@id":"https:\/\/www.ecinews.fr\/fr\/#organization"},"keywords":["IA","Intelligence Artificielle","Vid\u00e9os"],"articleSection":["Actualit\u00e9 g\u00e9n\u00e9rale"],"inLanguage":"fr-FR"},{"@type":"WebPage","@id":"https:\/\/www.eenewseurope.com\/fr\/saison-4-de-la-serie-de-videos-city-digital-axee-sur-lintelligence-artificielle-par-digikey\/","url":"https:\/\/www.eenewseurope.com\/fr\/saison-4-de-la-serie-de-videos-city-digital-axee-sur-lintelligence-artificielle-par-digikey\/","name":"Saison 4 de la s\u00e9rie de vid\u00e9os \u00ab City Digital \u00bb ax\u00e9e sur l'intelligence artificielle par DigiKey -","isPartOf":{"@id":"https:\/\/www.ecinews.fr\/fr\/#website"},"datePublished":"2024-07-02T07:30:05+00:00","dateModified":"2024-07-01T21:43:59+00:00","description":"DigiKey a lanc\u00e9 la saison\u00a04 de la\u00a0s\u00e9rie de vid\u00e9os City\u00a0Digital, consacr\u00e9e \u00e0 l'IA dans un monde intelligent, et sponsoris\u00e9e par\u00a0Molex\u00a0et\u00a0STMicroelectronics. Cette nouvelle saison de trois \u00e9pisodes explore diff\u00e9rents aspects de l'int\u00e9gration de l'intelligence artificielle (IA), des infrastructures et des transports \u00e0 la surveillance environnementale et aux services publics.","breadcrumb":{"@id":"https:\/\/www.eenewseurope.com\/fr\/saison-4-de-la-serie-de-videos-city-digital-axee-sur-lintelligence-artificielle-par-digikey\/#breadcrumb"},"inLanguage":"fr-FR","potentialAction":[{"@type":"ReadAction","target":["https:\/\/www.eenewseurope.com\/fr\/saison-4-de-la-serie-de-videos-city-digital-axee-sur-lintelligence-artificielle-par-digikey\/"]}]},{"@type":"BreadcrumbList","@id":"https:\/\/www.eenewseurope.com\/fr\/saison-4-de-la-serie-de-videos-city-digital-axee-sur-lintelligence-artificielle-par-digikey\/#breadcrumb","itemListElement":[{"@type":"ListItem","position":1,"name":"Home","item":"https:\/\/www.ecinews.fr\/fr\/"},{"@type":"ListItem","position":2,"name":"Saison 4 de la s\u00e9rie de vid\u00e9os \u00ab City Digital \u00bb ax\u00e9e sur l&rsquo;intelligence artificielle par DigiKey"}]},{"@type":"WebSite","@id":"https:\/\/www.ecinews.fr\/fr\/#website","url":"https:\/\/www.ecinews.fr\/fr\/","name":"EENewsEurope","description":"Just another WordPress site","publisher":{"@id":"https:\/\/www.ecinews.fr\/fr\/#organization"},"potentialAction":[{"@type":"SearchAction","target":{"@type":"EntryPoint","urlTemplate":"https:\/\/www.ecinews.fr\/fr\/?s={search_term_string}"},"query-input":"required name=search_term_string"}],"inLanguage":"fr-FR"},{"@type":"Organization","@id":"https:\/\/www.ecinews.fr\/fr\/#organization","name":"EENewsEurope","url":"https:\/\/www.ecinews.fr\/fr\/","logo":{"@type":"ImageObject","inLanguage":"fr-FR","@id":"https:\/\/www.ecinews.fr\/fr\/#\/schema\/logo\/image\/","url":"https:\/\/www.ecinews.fr\/wp-content\/uploads\/2022\/02\/logo-1.jpg","contentUrl":"https:\/\/www.ecinews.fr\/wp-content\/uploads\/2022\/02\/logo-1.jpg","width":283,"height":113,"caption":"EENewsEurope"},"image":{"@id":"https:\/\/www.ecinews.fr\/fr\/#\/schema\/logo\/image\/"}},{"@type":"Person","@id":"https:\/\/www.ecinews.fr\/fr\/#\/schema\/person\/c7104a72b466a801f257e51481de0c43","name":"NicolasFeste","image":{"@type":"ImageObject","inLanguage":"fr-FR","@id":"https:\/\/www.ecinews.fr\/fr\/#\/schema\/person\/image\/1ea421e7d03c1e96a9ea2bcf2705734a","url":"https:\/\/secure.gravatar.com\/avatar\/2e187f4d96902933ba445ed6c760e11c?s=96&d=mm&r=g","contentUrl":"https:\/\/secure.gravatar.com\/avatar\/2e187f4d96902933ba445ed6c760e11c?s=96&d=mm&r=g","caption":"NicolasFeste"}}]}},"authors":[{"term_id":6113,"user_id":39,"is_guest":0,"slug":"nicolasfeste","display_name":"NicolasFeste","avatar_url":"https:\/\/secure.gravatar.com\/avatar\/2e187f4d96902933ba445ed6c760e11c?s=96&d=mm&r=g","0":null,"1":"","2":"","3":"","4":"","5":"","6":"","7":"","8":""}],"_links":{"self":[{"href":"https:\/\/www.ecinews.fr\/fr\/wp-json\/wp\/v2\/posts\/455040"}],"collection":[{"href":"https:\/\/www.ecinews.fr\/fr\/wp-json\/wp\/v2\/posts"}],"about":[{"href":"https:\/\/www.ecinews.fr\/fr\/wp-json\/wp\/v2\/types\/post"}],"author":[{"embeddable":true,"href":"https:\/\/www.ecinews.fr\/fr\/wp-json\/wp\/v2\/users\/39"}],"replies":[{"embeddable":true,"href":"https:\/\/www.ecinews.fr\/fr\/wp-json\/wp\/v2\/comments?post=455040"}],"version-history":[{"count":0,"href":"https:\/\/www.ecinews.fr\/fr\/wp-json\/wp\/v2\/posts\/455040\/revisions"}],"wp:featuredmedia":[{"embeddable":true,"href":"https:\/\/www.ecinews.fr\/fr\/wp-json\/wp\/v2\/media\/455046"}],"wp:attachment":[{"href":"https:\/\/www.ecinews.fr\/fr\/wp-json\/wp\/v2\/media?parent=455040"}],"wp:term":[{"taxonomy":"category","embeddable":true,"href":"https:\/\/www.ecinews.fr\/fr\/wp-json\/wp\/v2\/categories?post=455040"},{"taxonomy":"post_tag","embeddable":true,"href":"https:\/\/www.ecinews.fr\/fr\/wp-json\/wp\/v2\/tags?post=455040"},{"taxonomy":"domains","embeddable":true,"href":"https:\/\/www.ecinews.fr\/fr\/wp-json\/wp\/v2\/domains?post=455040"},{"taxonomy":"author","embeddable":true,"href":"https:\/\/www.ecinews.fr\/fr\/wp-json\/wp\/v2\/ppma_author?post=455040"}],"curies":[{"name":"wp","href":"https:\/\/api.w.org\/{rel}","templated":true}]}}