{"id":455014,"date":"2024-07-01T20:29:11","date_gmt":"2024-07-01T18:29:11","guid":{"rendered":"https:\/\/www.eenewseurope.com\/?p=455014"},"modified":"2024-07-01T20:38:03","modified_gmt":"2024-07-01T18:38:03","slug":"le-cea-leti-annonce-le-lancement-de-la-ligne-pilote-fames-dans-le-cadre-de-linitiative-europeenne-chips-act","status":"publish","type":"post","link":"https:\/\/www.ecinews.fr\/fr\/le-cea-leti-annonce-le-lancement-de-la-ligne-pilote-fames-dans-le-cadre-de-linitiative-europeenne-chips-act\/","title":{"rendered":"Le CEA-Leti annonce le lancement de la ligne pilote FAMES dans le cadre de l&rsquo;initiative europ\u00e9enne Chips Act"},"content":{"rendered":"<p><strong>Le CEA-Leti a annonc\u00e9 officiellement\u00a0 le lancement de la ligne pilote FAMES, un projet pionnier qui vise \u00e0 faire progresser et renforcer les capacit\u00e9s de l&rsquo;UE en mati\u00e8re de semiconducteurs et \u00e0 garantir sa souverainet\u00e9 technologique. Cette initiative s&rsquo;inscrit dans l&rsquo;ambition de la <a href=\"https:\/\/commission.europa.eu\/strategy-and-policy\/priorities-2019-2024\/europe-fit-digital-age\/european-chips-act_en\">loi europ\u00e9enne sur les puces<\/a><\/strong><\/p>\n<p><strong>La ligne pilote d\u00e9veloppera cinq nouveaux ensembles de technologies\u00a0:\u00a0<\/strong><\/p>\n<ul>\n<li>FD-SOI (avec deux n\u0153uds nouvelle g\u00e9n\u00e9ration \u00e0 10nm et 7nm),<\/li>\n<li>Plusieurs types de m\u00e9moires non volatiles embarqu\u00e9es (OxRAM, FeRAM, MRAM et FeFET),<\/li>\n<li>Composants radiofr\u00e9quence (interrupteurs, filtres et condensateurs),<\/li>\n<li>Deux options d&rsquo;int\u00e9gration 3D (int\u00e9gration h\u00e9t\u00e9rog\u00e8ne et int\u00e9gration s\u00e9quentielle), et<\/li>\n<li>Petits inducteurs pour d\u00e9velopper des convertisseurs DC-DC pour les circuits int\u00e9gr\u00e9s de gestion de l&rsquo;alimentation (PMIC).<\/li>\n<\/ul>\n<p>Rappelons que la technologie CMOS FD-SOI a \u00e9t\u00e9 invent\u00e9e par le CEA-Leti. Aujourd&rsquo;hui, le march\u00e9 en plein essor anticipe les n\u0153uds de nouvelle g\u00e9n\u00e9ration de 10 nm et 7 nm. Pas moins de 43 entreprises de toute la cha\u00eene de valeur des syst\u00e8mes \u00e9lectroniques, des fournisseurs de mat\u00e9riaux et fabricants d&rsquo;\u00e9quipements aux entreprises sans usine, EDA, IDM, soci\u00e9t\u00e9s de syst\u00e8mes et utilisateurs finaux des march\u00e9s de l&rsquo;ITC, de l&rsquo;automobile, des dispositifs m\u00e9dicaux ou de l&rsquo;espace et de la s\u00e9curit\u00e9, ont officiellement exprim\u00e9 leur soutien \u00e0 l&rsquo;initiative FAMES, pr\u00e9figurant un \u00e9cosyst\u00e8me dynamique de start-ups, PME et autres leaders mondiaux de l&rsquo;industrie.<\/p>\n<p>Les cinq nouvelles technologies cr\u00e9eront des opportunit\u00e9s de march\u00e9 pour les microcontr\u00f4leurs (MCU) de faible consommation, les unit\u00e9s multiprocesseurs (MPU), les dispositifs d&rsquo;IA et d&rsquo;apprentissage automatique de pointe, les processeurs intelligents de fusion de donn\u00e9es, les dispositifs RF, les puces pour 5G\/6G, les puces pour les march\u00e9s automobiles, des capteurs et imageurs intelligents, des puces de confiance et de nouveaux composants spatiaux.<\/p>\n<p>La ligne pilote sera accessible \u00e0 toutes les parties prenantes de l&rsquo;UE (universit\u00e9s, RTO, PME et entreprises industrielles) et \u00e0 tous les pays partageant les m\u00eames id\u00e9es par le biais d&rsquo;appels ouverts annuels et sur demande, \u00e0 l&rsquo;issue d&rsquo;un processus de s\u00e9lection \u00e9quitable et non discriminatoire.<\/p>\n<p>Le projet b\u00e9n\u00e9ficiera d&rsquo;un financement total de 830 M\u20ac, fourni \u00e0 parts \u00e9gales par les \u00c9tats membres participants et la Chips JU.<\/p>\n<p><a href=\"https:\/\/www.leti-cea.com\/cea-tech\/leti\/english\/\">CEA-Leti<\/a><\/p>\n<p><a href=\"https:\/\/news.google.com\/publications\/CAAqBwgKMJbcwQswuPfYAw?hl=fr&amp;gl=BE&amp;ceid=BE:fr\">Suivre ECInews sur Google news<\/a><\/p>\n<p>&nbsp;<\/p>\n","protected":false},"excerpt":{"rendered":"<p>Le CEA-Leti a annonc\u00e9 officiellement\u00a0 le lancement de la ligne pilote FAMES, un projet pionnier qui vise \u00e0 faire progresser et renforcer les capacit\u00e9s de l&rsquo;UE en mati\u00e8re de semiconducteurs et \u00e0 garantir sa souverainet\u00e9 technologique. Cette initiative s&rsquo;inscrit dans l&rsquo;ambition de la loi europ\u00e9enne sur les puces La ligne pilote d\u00e9veloppera cinq nouveaux ensembles [&hellip;]<\/p>\n","protected":false},"author":11,"featured_media":455016,"comment_status":"closed","ping_status":"closed","sticky":false,"template":"","format":"standard","meta":{"_acf_changed":false,"footnotes":""},"categories":[883],"tags":[6774,6775,6776,1558],"domains":[47],"ppma_author":[1143],"class_list":["post-455014","post","type-post","status-publish","format-standard","has-post-thumbnail","hentry","category-technologies","tag-equipement-et-processus-fr","tag-initiative-europeenne-chips-act-fr","tag-ligne-pilote-fames-fr","tag-semiconducteurs","domains-electronique-eci"],"acf":[],"yoast_head":"<title>Le CEA-Leti annonce le lancement de la ligne pilote FAMES dans ...<\/title>\n<meta name=\"description\" content=\"Le CEA-Leti a annonc\u00e9 officiellement\u00a0 le lancement de la ligne pilote FAMES, un projet pionnier qui vise \u00e0 faire progresser et renforcer les capacit\u00e9s de...\" \/>\n<meta name=\"robots\" content=\"index, follow, max-snippet:-1, max-image-preview:large, max-video-preview:-1\" \/>\n<link rel=\"canonical\" href=\"https:\/\/www.ecinews.fr\/fr\/wp-json\/wp\/v2\/posts\/455014\/\" \/>\n<meta property=\"og:locale\" content=\"fr_FR\" \/>\n<meta property=\"og:type\" content=\"article\" \/>\n<meta property=\"og:title\" content=\"Le CEA-Leti annonce le lancement de la ligne pilote FAMES dans le cadre de l&#039;initiative europ\u00e9enne Chips Act\" \/>\n<meta property=\"og:description\" content=\"Le CEA-Leti a annonc\u00e9 officiellement\u00a0 le lancement de la ligne pilote FAMES, un projet pionnier qui vise \u00e0 faire progresser et renforcer les capacit\u00e9s de l&rsquo;UE en mati\u00e8re de semiconducteurs et \u00e0 garantir sa souverainet\u00e9 technologique. Cette initiative s&rsquo;inscrit dans l&rsquo;ambition de la loi europ\u00e9enne sur les puces La ligne pilote d\u00e9veloppera cinq nouveaux ensembles [&hellip;]\" \/>\n<meta property=\"og:url\" content=\"https:\/\/www.ecinews.fr\/fr\/wp-json\/wp\/v2\/posts\/455014\/\" \/>\n<meta property=\"og:site_name\" content=\"EENewsEurope\" \/>\n<meta property=\"article:published_time\" content=\"2024-07-01T18:29:11+00:00\" \/>\n<meta property=\"article:modified_time\" content=\"2024-07-01T18:38:03+00:00\" \/>\n<meta property=\"og:image\" content=\"https:\/\/www.ecinews.fr\/wp-content\/uploads\/2024\/07\/CEA-Leti-Fames.jpg\" \/>\n\t<meta property=\"og:image:width\" content=\"300\" \/>\n\t<meta property=\"og:image:height\" content=\"190\" \/>\n\t<meta property=\"og:image:type\" content=\"image\/jpeg\" \/>\n<meta name=\"author\" content=\"Daniel Cardon\" \/>\n<meta name=\"twitter:card\" content=\"summary_large_image\" \/>\n<meta name=\"twitter:label1\" content=\"Written by\" \/>\n\t<meta name=\"twitter:data1\" content=\"Daniel Cardon\" \/>\n\t<meta name=\"twitter:label2\" content=\"Est. reading time\" \/>\n\t<meta name=\"twitter:data2\" content=\"2 minutes\" \/>\n<script type=\"application\/ld+json\" class=\"yoast-schema-graph\">{\"@context\":\"https:\/\/schema.org\",\"@graph\":[{\"@type\":\"Article\",\"@id\":\"https:\/\/www.ecinews.fr\/fr\/le-cea-leti-annonce-le-lancement-de-la-ligne-pilote-fames-dans-le-cadre-de-linitiative-europeenne-chips-act\/#article\",\"isPartOf\":{\"@id\":\"https:\/\/www.ecinews.fr\/fr\/le-cea-leti-annonce-le-lancement-de-la-ligne-pilote-fames-dans-le-cadre-de-linitiative-europeenne-chips-act\/\"},\"author\":{\"name\":\"Daniel Cardon\",\"@id\":\"https:\/\/www.eenewseurope.com\/en\/#\/schema\/person\/93c44cde463762f40a8236eaa44c1c17\"},\"headline\":\"Le CEA-Leti annonce le lancement de la ligne pilote FAMES dans le cadre de l&rsquo;initiative europ\u00e9enne Chips Act\",\"datePublished\":\"2024-07-01T18:29:11+00:00\",\"dateModified\":\"2024-07-01T18:38:03+00:00\",\"mainEntityOfPage\":{\"@id\":\"https:\/\/www.ecinews.fr\/fr\/le-cea-leti-annonce-le-lancement-de-la-ligne-pilote-fames-dans-le-cadre-de-linitiative-europeenne-chips-act\/\"},\"wordCount\":423,\"publisher\":{\"@id\":\"https:\/\/www.eenewseurope.com\/en\/#organization\"},\"keywords\":[\"Equipement et processus\",\"initiative europ\u00e9enne Chips Act\",\"ligne pilote FAMES\",\"Semiconducteurs\"],\"articleSection\":[\"Technologies\"],\"inLanguage\":\"fr-FR\"},{\"@type\":\"WebPage\",\"@id\":\"https:\/\/www.ecinews.fr\/fr\/le-cea-leti-annonce-le-lancement-de-la-ligne-pilote-fames-dans-le-cadre-de-linitiative-europeenne-chips-act\/\",\"url\":\"https:\/\/www.ecinews.fr\/fr\/le-cea-leti-annonce-le-lancement-de-la-ligne-pilote-fames-dans-le-cadre-de-linitiative-europeenne-chips-act\/\",\"name\":\"Le CEA-Leti annonce le lancement de la ligne pilote FAMES dans le cadre de l'initiative europ\u00e9enne Chips Act -\",\"isPartOf\":{\"@id\":\"https:\/\/www.eenewseurope.com\/en\/#website\"},\"datePublished\":\"2024-07-01T18:29:11+00:00\",\"dateModified\":\"2024-07-01T18:38:03+00:00\",\"breadcrumb\":{\"@id\":\"https:\/\/www.ecinews.fr\/fr\/le-cea-leti-annonce-le-lancement-de-la-ligne-pilote-fames-dans-le-cadre-de-linitiative-europeenne-chips-act\/#breadcrumb\"},\"inLanguage\":\"fr-FR\",\"potentialAction\":[{\"@type\":\"ReadAction\",\"target\":[\"https:\/\/www.ecinews.fr\/fr\/le-cea-leti-annonce-le-lancement-de-la-ligne-pilote-fames-dans-le-cadre-de-linitiative-europeenne-chips-act\/\"]}]},{\"@type\":\"BreadcrumbList\",\"@id\":\"https:\/\/www.ecinews.fr\/fr\/le-cea-leti-annonce-le-lancement-de-la-ligne-pilote-fames-dans-le-cadre-de-linitiative-europeenne-chips-act\/#breadcrumb\",\"itemListElement\":[{\"@type\":\"ListItem\",\"position\":1,\"name\":\"Home\",\"item\":\"https:\/\/www.ecinews.fr\/fr\/\"},{\"@type\":\"ListItem\",\"position\":2,\"name\":\"Le CEA-Leti annonce le lancement de la ligne pilote FAMES dans le cadre de l&rsquo;initiative europ\u00e9enne Chips Act\"}]},{\"@type\":\"WebSite\",\"@id\":\"https:\/\/www.eenewseurope.com\/en\/#website\",\"url\":\"https:\/\/www.eenewseurope.com\/en\/\",\"name\":\"EENewsEurope\",\"description\":\"Just another WordPress site\",\"publisher\":{\"@id\":\"https:\/\/www.eenewseurope.com\/en\/#organization\"},\"potentialAction\":[{\"@type\":\"SearchAction\",\"target\":{\"@type\":\"EntryPoint\",\"urlTemplate\":\"https:\/\/www.eenewseurope.com\/en\/?s={search_term_string}\"},\"query-input\":\"required name=search_term_string\"}],\"inLanguage\":\"fr-FR\"},{\"@type\":\"Organization\",\"@id\":\"https:\/\/www.eenewseurope.com\/en\/#organization\",\"name\":\"EENewsEurope\",\"url\":\"https:\/\/www.eenewseurope.com\/en\/\",\"logo\":{\"@type\":\"ImageObject\",\"inLanguage\":\"fr-FR\",\"@id\":\"https:\/\/www.eenewseurope.com\/en\/#\/schema\/logo\/image\/\",\"url\":\"https:\/\/www.ecinews.fr\/wp-content\/uploads\/2022\/02\/logo-1.jpg\",\"contentUrl\":\"https:\/\/www.ecinews.fr\/wp-content\/uploads\/2022\/02\/logo-1.jpg\",\"width\":283,\"height\":113,\"caption\":\"EENewsEurope\"},\"image\":{\"@id\":\"https:\/\/www.eenewseurope.com\/en\/#\/schema\/logo\/image\/\"}},{\"@type\":\"Person\",\"@id\":\"https:\/\/www.eenewseurope.com\/en\/#\/schema\/person\/93c44cde463762f40a8236eaa44c1c17\",\"name\":\"Daniel Cardon\",\"image\":{\"@type\":\"ImageObject\",\"inLanguage\":\"fr-FR\",\"@id\":\"https:\/\/www.eenewseurope.com\/en\/#\/schema\/person\/image\/2b243f6bcc1cff7d86aadfb2cd0bd870\",\"url\":\"https:\/\/secure.gravatar.com\/avatar\/de9edc136dfc061ad4778e04635baefa?s=96&d=mm&r=g\",\"contentUrl\":\"https:\/\/secure.gravatar.com\/avatar\/de9edc136dfc061ad4778e04635baefa?s=96&d=mm&r=g\",\"caption\":\"Daniel Cardon\"}}]}<\/script>","yoast_head_json":{"title":"Le CEA-Leti annonce le lancement de la ligne pilote FAMES dans ...","description":"Le CEA-Leti a annonc\u00e9 officiellement\u00a0 le lancement de la ligne pilote FAMES, un projet pionnier qui vise \u00e0 faire progresser et renforcer les capacit\u00e9s de...","robots":{"index":"index","follow":"follow","max-snippet":"max-snippet:-1","max-image-preview":"max-image-preview:large","max-video-preview":"max-video-preview:-1"},"canonical":"https:\/\/www.ecinews.fr\/fr\/wp-json\/wp\/v2\/posts\/455014\/","og_locale":"fr_FR","og_type":"article","og_title":"Le CEA-Leti annonce le lancement de la ligne pilote FAMES dans le cadre de l'initiative europ\u00e9enne Chips Act","og_description":"Le CEA-Leti a annonc\u00e9 officiellement\u00a0 le lancement de la ligne pilote FAMES, un projet pionnier qui vise \u00e0 faire progresser et renforcer les capacit\u00e9s de l&rsquo;UE en mati\u00e8re de semiconducteurs et \u00e0 garantir sa souverainet\u00e9 technologique. Cette initiative s&rsquo;inscrit dans l&rsquo;ambition de la loi europ\u00e9enne sur les puces La ligne pilote d\u00e9veloppera cinq nouveaux ensembles [&hellip;]","og_url":"https:\/\/www.ecinews.fr\/fr\/wp-json\/wp\/v2\/posts\/455014\/","og_site_name":"EENewsEurope","article_published_time":"2024-07-01T18:29:11+00:00","article_modified_time":"2024-07-01T18:38:03+00:00","og_image":[{"width":300,"height":190,"url":"https:\/\/www.ecinews.fr\/wp-content\/uploads\/2024\/07\/CEA-Leti-Fames.jpg","type":"image\/jpeg"}],"author":"Daniel Cardon","twitter_card":"summary_large_image","twitter_misc":{"Written by":"Daniel Cardon","Est. reading time":"2 minutes"},"schema":{"@context":"https:\/\/schema.org","@graph":[{"@type":"Article","@id":"https:\/\/www.ecinews.fr\/fr\/le-cea-leti-annonce-le-lancement-de-la-ligne-pilote-fames-dans-le-cadre-de-linitiative-europeenne-chips-act\/#article","isPartOf":{"@id":"https:\/\/www.ecinews.fr\/fr\/le-cea-leti-annonce-le-lancement-de-la-ligne-pilote-fames-dans-le-cadre-de-linitiative-europeenne-chips-act\/"},"author":{"name":"Daniel Cardon","@id":"https:\/\/www.eenewseurope.com\/en\/#\/schema\/person\/93c44cde463762f40a8236eaa44c1c17"},"headline":"Le CEA-Leti annonce le lancement de la ligne pilote FAMES dans le cadre de l&rsquo;initiative europ\u00e9enne Chips Act","datePublished":"2024-07-01T18:29:11+00:00","dateModified":"2024-07-01T18:38:03+00:00","mainEntityOfPage":{"@id":"https:\/\/www.ecinews.fr\/fr\/le-cea-leti-annonce-le-lancement-de-la-ligne-pilote-fames-dans-le-cadre-de-linitiative-europeenne-chips-act\/"},"wordCount":423,"publisher":{"@id":"https:\/\/www.eenewseurope.com\/en\/#organization"},"keywords":["Equipement et processus","initiative europ\u00e9enne Chips Act","ligne pilote FAMES","Semiconducteurs"],"articleSection":["Technologies"],"inLanguage":"fr-FR"},{"@type":"WebPage","@id":"https:\/\/www.ecinews.fr\/fr\/le-cea-leti-annonce-le-lancement-de-la-ligne-pilote-fames-dans-le-cadre-de-linitiative-europeenne-chips-act\/","url":"https:\/\/www.ecinews.fr\/fr\/le-cea-leti-annonce-le-lancement-de-la-ligne-pilote-fames-dans-le-cadre-de-linitiative-europeenne-chips-act\/","name":"Le CEA-Leti annonce le lancement de la ligne pilote FAMES dans le cadre de l'initiative europ\u00e9enne Chips Act -","isPartOf":{"@id":"https:\/\/www.eenewseurope.com\/en\/#website"},"datePublished":"2024-07-01T18:29:11+00:00","dateModified":"2024-07-01T18:38:03+00:00","breadcrumb":{"@id":"https:\/\/www.ecinews.fr\/fr\/le-cea-leti-annonce-le-lancement-de-la-ligne-pilote-fames-dans-le-cadre-de-linitiative-europeenne-chips-act\/#breadcrumb"},"inLanguage":"fr-FR","potentialAction":[{"@type":"ReadAction","target":["https:\/\/www.ecinews.fr\/fr\/le-cea-leti-annonce-le-lancement-de-la-ligne-pilote-fames-dans-le-cadre-de-linitiative-europeenne-chips-act\/"]}]},{"@type":"BreadcrumbList","@id":"https:\/\/www.ecinews.fr\/fr\/le-cea-leti-annonce-le-lancement-de-la-ligne-pilote-fames-dans-le-cadre-de-linitiative-europeenne-chips-act\/#breadcrumb","itemListElement":[{"@type":"ListItem","position":1,"name":"Home","item":"https:\/\/www.ecinews.fr\/fr\/"},{"@type":"ListItem","position":2,"name":"Le CEA-Leti annonce le lancement de la ligne pilote FAMES dans le cadre de l&rsquo;initiative europ\u00e9enne Chips Act"}]},{"@type":"WebSite","@id":"https:\/\/www.eenewseurope.com\/en\/#website","url":"https:\/\/www.eenewseurope.com\/en\/","name":"EENewsEurope","description":"Just another WordPress site","publisher":{"@id":"https:\/\/www.eenewseurope.com\/en\/#organization"},"potentialAction":[{"@type":"SearchAction","target":{"@type":"EntryPoint","urlTemplate":"https:\/\/www.eenewseurope.com\/en\/?s={search_term_string}"},"query-input":"required name=search_term_string"}],"inLanguage":"fr-FR"},{"@type":"Organization","@id":"https:\/\/www.eenewseurope.com\/en\/#organization","name":"EENewsEurope","url":"https:\/\/www.eenewseurope.com\/en\/","logo":{"@type":"ImageObject","inLanguage":"fr-FR","@id":"https:\/\/www.eenewseurope.com\/en\/#\/schema\/logo\/image\/","url":"https:\/\/www.ecinews.fr\/wp-content\/uploads\/2022\/02\/logo-1.jpg","contentUrl":"https:\/\/www.ecinews.fr\/wp-content\/uploads\/2022\/02\/logo-1.jpg","width":283,"height":113,"caption":"EENewsEurope"},"image":{"@id":"https:\/\/www.eenewseurope.com\/en\/#\/schema\/logo\/image\/"}},{"@type":"Person","@id":"https:\/\/www.eenewseurope.com\/en\/#\/schema\/person\/93c44cde463762f40a8236eaa44c1c17","name":"Daniel Cardon","image":{"@type":"ImageObject","inLanguage":"fr-FR","@id":"https:\/\/www.eenewseurope.com\/en\/#\/schema\/person\/image\/2b243f6bcc1cff7d86aadfb2cd0bd870","url":"https:\/\/secure.gravatar.com\/avatar\/de9edc136dfc061ad4778e04635baefa?s=96&d=mm&r=g","contentUrl":"https:\/\/secure.gravatar.com\/avatar\/de9edc136dfc061ad4778e04635baefa?s=96&d=mm&r=g","caption":"Daniel Cardon"}}]}},"authors":[{"term_id":1143,"user_id":11,"is_guest":0,"slug":"danielcardon","display_name":"Daniel Cardon","avatar_url":"https:\/\/secure.gravatar.com\/avatar\/de9edc136dfc061ad4778e04635baefa?s=96&d=mm&r=g","0":null,"1":"","2":"","3":"","4":"","5":"","6":"","7":"","8":""}],"_links":{"self":[{"href":"https:\/\/www.ecinews.fr\/fr\/wp-json\/wp\/v2\/posts\/455014"}],"collection":[{"href":"https:\/\/www.ecinews.fr\/fr\/wp-json\/wp\/v2\/posts"}],"about":[{"href":"https:\/\/www.ecinews.fr\/fr\/wp-json\/wp\/v2\/types\/post"}],"author":[{"embeddable":true,"href":"https:\/\/www.ecinews.fr\/fr\/wp-json\/wp\/v2\/users\/11"}],"replies":[{"embeddable":true,"href":"https:\/\/www.ecinews.fr\/fr\/wp-json\/wp\/v2\/comments?post=455014"}],"version-history":[{"count":0,"href":"https:\/\/www.ecinews.fr\/fr\/wp-json\/wp\/v2\/posts\/455014\/revisions"}],"wp:featuredmedia":[{"embeddable":true,"href":"https:\/\/www.ecinews.fr\/fr\/wp-json\/wp\/v2\/media\/455016"}],"wp:attachment":[{"href":"https:\/\/www.ecinews.fr\/fr\/wp-json\/wp\/v2\/media?parent=455014"}],"wp:term":[{"taxonomy":"category","embeddable":true,"href":"https:\/\/www.ecinews.fr\/fr\/wp-json\/wp\/v2\/categories?post=455014"},{"taxonomy":"post_tag","embeddable":true,"href":"https:\/\/www.ecinews.fr\/fr\/wp-json\/wp\/v2\/tags?post=455014"},{"taxonomy":"domains","embeddable":true,"href":"https:\/\/www.ecinews.fr\/fr\/wp-json\/wp\/v2\/domains?post=455014"},{"taxonomy":"author","embeddable":true,"href":"https:\/\/www.ecinews.fr\/fr\/wp-json\/wp\/v2\/ppma_author?post=455014"}],"curies":[{"name":"wp","href":"https:\/\/api.w.org\/{rel}","templated":true}]}}