{"id":454052,"date":"2024-06-20T10:00:21","date_gmt":"2024-06-20T08:00:21","guid":{"rendered":"https:\/\/www.ecinews.fr\/?p=454052"},"modified":"2024-06-19T22:02:38","modified_gmt":"2024-06-19T20:02:38","slug":"element14-en-partenariat-avec-amd-lance-le-defi-de-conception-un-oeil-sur-lintelligence","status":"publish","type":"post","link":"https:\/\/www.ecinews.fr\/fr\/element14-en-partenariat-avec-amd-lance-le-defi-de-conception-un-oeil-sur-lintelligence\/","title":{"rendered":"element14, en partenariat avec AMD, lance le d\u00e9fi de conception \u00ab Un \u0153il sur l\u2019intelligence \u00bb"},"content":{"rendered":"<h3>element14, qui fait partie de la communaut\u00e9 Avnet, a initi\u00e9 un concours de cr\u00e9ation innovant intitul\u00e9 \u00ab Un \u0153il sur l\u2019intelligence \u00bb, en partenariat avec AMD. Ce concours encourage les participants \u00e0 \u00e9laborer et r\u00e9aliser un projet de vision int\u00e9gr\u00e9e en utilisant un kit de d\u00e9veloppement qui s\u2019appuie sur les syst\u00e8mes sur puce (SoC) Zynq-7000 d\u2019AMD.<\/h3>\n<p>De plus en plus int\u00e9gr\u00e9e dans divers projets, la vision embarqu\u00e9e a un impact cons\u00e9quent sur les comp\u00e9tences, l\u2019innovation technique et le d\u00e9veloppement de produits. Les SoC et FPGA adaptatifs d\u2019AMD sont les dispositifs id\u00e9aux pour cr\u00e9er des syst\u00e8mes dot\u00e9s d&rsquo;intelligence visuelle embarqu\u00e9e. Ce concours offre aux d\u00e9veloppeurs l&rsquo;occasion parfaite d\u2019am\u00e9liorer leurs comp\u00e9tences en mati\u00e8re de vision embarqu\u00e9e gr\u00e2ce au kit de d\u00e9veloppement bas\u00e9 sur le SoC Zynq-7000 d\u2019AMD.<\/p>\n<p>15 participants officiels recevront gratuitement une plateforme de d\u00e9veloppement Arty Z7 (r\u00e9f. 410-346-20) de Digilent, con\u00e7ue autour du SoC Zynq-7000 d\u2019AMD. Pour opter aux prix, les participants doivent publier des articles de blog sur leur processus de conception et le r\u00e9sultat de leur projet de vision int\u00e9gr\u00e9e, en veillant \u00e0 ce que le kit soit utilis\u00e9 dans le projet final. Le concours encourage l\u2019utilisation cr\u00e9ative des composants FPGA et les applications innovantes de la technologie SoC adaptative d\u2019AMD.<\/p>\n<p>Les exemples de t\u00e2ches pour le concours comprennent, sans s\u2019y limiter, la signalisation par reconnaissance faciale, le syst\u00e8me de surveillance des plaques d\u2019immatriculation ANPR, la classification des objets et le syst\u00e8me de tri des objets.<\/p>\n<p>\u00ab\u00a0Ce concours de conception est une excellente occasion pour les d\u00e9veloppeurs de repousser les limites de la technologie de vision embarqu\u00e9e en utilisant les SoC et FPGA adaptatifs d\u2019AMD\u00a0\u00bb, <strong>a d\u00e9clar\u00e9 Andreea Teodorescu, Global Director of Product Marketing &amp; element14 Community<\/strong>. <strong>\u00ab\u00a0<\/strong>Nous sommes impatients de voir les projets r\u00e9volutionnaires que nos participants vont cr\u00e9er et comment ils tireront parti du SoC Zynq-7000 d\u2019AMD pour faire progresser le machine learning et les applications aliment\u00e9es par l\u2019IA.\u00a0\u00bb<\/p>\n<p>Le grand prix comprend un oscilloscope num\u00e9rique MP720025 de Multicomp\u00a0Pro et une alimentation de table MP710082 de Multicomp\u00a0Pro, d\u2019une valeur combin\u00e9e d\u2019environ 900\u20ac. Le deuxi\u00e8me prix consiste en un oscilloscope portable MP720857 de Multicomp\u00a0Pro et une alimentation DC portable Tenma 72-2660, d\u2019une valeur d\u2019environ 380\u20ac. Enfin, le prix pour les finalistes est un multim\u00e8tre num\u00e9rique portable MP781004 de Multicomp\u00a0Pro.<\/p>\n<p>Les candidatures sont ouvertes jusqu\u2019au <strong>17\u00a0juillet<\/strong>. Les 15\u00a0participants s\u00e9lectionn\u00e9s auront jusqu\u2019au <strong>25\u00a0octobre<\/strong> pour terminer leur projet et articles de blog. La liste des vainqueurs sera annonc\u00e9e en <strong>octobre\u00a02024<\/strong>.<\/p>\n<p>Pour en savoir plus sur ce concours de conception et y participer, rendez-vous sur <a href=\"https:\/\/community.element14.com\/challenges-projects\/design-challenges\/eye-on-intelligence-challenge\/\">https:\/\/community.element14.com\/challenges-projects\/design-challenges\/eye-on-intelligence-challenge\/<\/a>.<\/p>\n<p><a href=\"http:\/\/www.farnell.com\/\">Farnell Global<\/a>\u00a0| <a href=\"https:\/\/community.element14.com\/#pifragment-12485=6\">element14<\/a> | <a href=\"https:\/\/www.amd.com\">AMD<\/a> | <a href=\"https:\/\/digilent.com\/\">Digilent<\/a> | <a href=\"https:\/\/multicomp-pro.com\/\">Multicomp\u00a0Pro<\/a><\/p>\n<p><a href=\"https:\/\/news.google.com\/publications\/CAAqBwgKMJbcwQswuPfYAw?hl=fr&amp;gl=BE&amp;ceid=BE:fr\">Suivre ECInews sur Google news<\/a><\/p>\n","protected":false},"excerpt":{"rendered":"<p>element14, qui fait partie de la communaut\u00e9 Avnet, a initi\u00e9 un concours de cr\u00e9ation innovant intitul\u00e9 \u00ab Un \u0153il sur l\u2019intelligence \u00bb, en partenariat avec AMD. Ce concours encourage les participants \u00e0 \u00e9laborer et r\u00e9aliser un projet de vision int\u00e9gr\u00e9e en utilisant un kit de d\u00e9veloppement qui s\u2019appuie sur les syst\u00e8mes sur puce (SoC) Zynq-7000 [&hellip;]<\/p>\n","protected":false},"author":39,"featured_media":454144,"comment_status":"closed","ping_status":"closed","sticky":false,"template":"","format":"standard","meta":{"_acf_changed":false,"footnotes":""},"categories":[886],"tags":[4786,3286,1048,2643,6652],"domains":[47],"ppma_author":[6113],"class_list":["post-454052","post","type-post","status-publish","format-standard","has-post-thumbnail","hentry","category-news-fr","tag-apprentissage-automatique","tag-fpga-fr","tag-intelligence-artificielle","tag-soc-fr","tag-systeme-sur-puce","domains-electronique-eci"],"acf":[],"yoast_head":"<title>element14, en partenariat avec AMD, lance le d\u00e9fi de conceptio...<\/title>\n<meta name=\"description\" content=\"element14, qui fait partie de la communaut\u00e9 Avnet, a initi\u00e9 un concours de cr\u00e9ation innovant intitul\u00e9 \u00ab Un \u0153il sur l\u2019intelligence \u00bb, en partenariat...\" \/>\n<meta name=\"robots\" content=\"index, follow, max-snippet:-1, max-image-preview:large, max-video-preview:-1\" \/>\n<link rel=\"canonical\" href=\"https:\/\/www.ecinews.fr\/fr\/wp-json\/wp\/v2\/posts\/454052\/\" \/>\n<meta property=\"og:locale\" content=\"fr_FR\" \/>\n<meta property=\"og:type\" content=\"article\" \/>\n<meta property=\"og:title\" content=\"element14, en partenariat avec AMD, lance le d\u00e9fi de conception \u00ab Un \u0153il sur l\u2019intelligence \u00bb\" \/>\n<meta property=\"og:description\" content=\"element14, qui fait partie de la communaut\u00e9 Avnet, a initi\u00e9 un concours de cr\u00e9ation innovant intitul\u00e9 \u00ab Un \u0153il sur l\u2019intelligence \u00bb, en partenariat avec AMD. Ce concours encourage les participants \u00e0 \u00e9laborer et r\u00e9aliser un projet de vision int\u00e9gr\u00e9e en utilisant un kit de d\u00e9veloppement qui s\u2019appuie sur les syst\u00e8mes sur puce (SoC) Zynq-7000 d\u2019AMD.\" \/>\n<meta property=\"og:url\" content=\"https:\/\/www.ecinews.fr\/fr\/wp-json\/wp\/v2\/posts\/454052\/\" \/>\n<meta property=\"og:site_name\" content=\"EENewsEurope\" \/>\n<meta property=\"article:published_time\" content=\"2024-06-20T08:00:21+00:00\" \/>\n<meta property=\"article:modified_time\" content=\"2024-06-19T20:02:38+00:00\" \/>\n<meta property=\"og:image\" content=\"https:\/\/www.ecinews.fr\/wp-content\/uploads\/2024\/06\/ECI4242-FR-La-communaute-element14-lance-le-defi-de-conception-Un-oeil-sur-lintelligence-.png\" \/>\n\t<meta property=\"og:image:width\" content=\"1080\" \/>\n\t<meta property=\"og:image:height\" content=\"608\" \/>\n\t<meta property=\"og:image:type\" content=\"image\/png\" \/>\n<meta name=\"author\" content=\"NicolasFeste\" \/>\n<meta name=\"twitter:card\" content=\"summary_large_image\" \/>\n<meta name=\"twitter:label1\" content=\"Written by\" \/>\n\t<meta name=\"twitter:data1\" content=\"NicolasFeste\" \/>\n\t<meta name=\"twitter:label2\" content=\"Est. reading time\" \/>\n\t<meta name=\"twitter:data2\" content=\"2 minutes\" \/>\n<script type=\"application\/ld+json\" class=\"yoast-schema-graph\">{\"@context\":\"https:\/\/schema.org\",\"@graph\":[{\"@type\":\"Article\",\"@id\":\"https:\/\/www.ecinews.fr\/fr\/element14-en-partenariat-avec-amd-lance-le-defi-de-conception-un-oeil-sur-lintelligence\/#article\",\"isPartOf\":{\"@id\":\"https:\/\/www.ecinews.fr\/fr\/element14-en-partenariat-avec-amd-lance-le-defi-de-conception-un-oeil-sur-lintelligence\/\"},\"author\":{\"name\":\"NicolasFeste\",\"@id\":\"https:\/\/www.ecinews.fr\/fr\/#\/schema\/person\/c7104a72b466a801f257e51481de0c43\"},\"headline\":\"element14, en partenariat avec AMD, lance le d\u00e9fi de conception \u00ab Un \u0153il sur l\u2019intelligence \u00bb\",\"datePublished\":\"2024-06-20T08:00:21+00:00\",\"dateModified\":\"2024-06-19T20:02:38+00:00\",\"mainEntityOfPage\":{\"@id\":\"https:\/\/www.ecinews.fr\/fr\/element14-en-partenariat-avec-amd-lance-le-defi-de-conception-un-oeil-sur-lintelligence\/\"},\"wordCount\":518,\"publisher\":{\"@id\":\"https:\/\/www.ecinews.fr\/fr\/#organization\"},\"keywords\":[\"apprentissage automatique\",\"FPGA\",\"Intelligence Artificielle\",\"SoC\",\"Syst\u00e8me sur puce\"],\"articleSection\":[\"Actualit\u00e9 g\u00e9n\u00e9rale\"],\"inLanguage\":\"fr-FR\"},{\"@type\":\"WebPage\",\"@id\":\"https:\/\/www.ecinews.fr\/fr\/element14-en-partenariat-avec-amd-lance-le-defi-de-conception-un-oeil-sur-lintelligence\/\",\"url\":\"https:\/\/www.ecinews.fr\/fr\/element14-en-partenariat-avec-amd-lance-le-defi-de-conception-un-oeil-sur-lintelligence\/\",\"name\":\"element14, en partenariat avec AMD, lance le d\u00e9fi de conception \u00ab Un \u0153il sur l\u2019intelligence \u00bb -\",\"isPartOf\":{\"@id\":\"https:\/\/www.ecinews.fr\/fr\/#website\"},\"datePublished\":\"2024-06-20T08:00:21+00:00\",\"dateModified\":\"2024-06-19T20:02:38+00:00\",\"description\":\"element14, qui fait partie de la communaut\u00e9 Avnet, a initi\u00e9 un concours de cr\u00e9ation innovant intitul\u00e9 \u00ab Un \u0153il sur l\u2019intelligence \u00bb, en partenariat avec AMD. Ce concours encourage les participants \u00e0 \u00e9laborer et r\u00e9aliser un projet de vision int\u00e9gr\u00e9e en utilisant un kit de d\u00e9veloppement qui s\u2019appuie sur les syst\u00e8mes sur puce (SoC) Zynq-7000 d\u2019AMD.\",\"breadcrumb\":{\"@id\":\"https:\/\/www.ecinews.fr\/fr\/element14-en-partenariat-avec-amd-lance-le-defi-de-conception-un-oeil-sur-lintelligence\/#breadcrumb\"},\"inLanguage\":\"fr-FR\",\"potentialAction\":[{\"@type\":\"ReadAction\",\"target\":[\"https:\/\/www.ecinews.fr\/fr\/element14-en-partenariat-avec-amd-lance-le-defi-de-conception-un-oeil-sur-lintelligence\/\"]}]},{\"@type\":\"BreadcrumbList\",\"@id\":\"https:\/\/www.ecinews.fr\/fr\/element14-en-partenariat-avec-amd-lance-le-defi-de-conception-un-oeil-sur-lintelligence\/#breadcrumb\",\"itemListElement\":[{\"@type\":\"ListItem\",\"position\":1,\"name\":\"Home\",\"item\":\"https:\/\/www.ecinews.fr\/fr\/\"},{\"@type\":\"ListItem\",\"position\":2,\"name\":\"element14, en partenariat avec AMD, lance le d\u00e9fi de conception \u00ab Un \u0153il sur l\u2019intelligence \u00bb\"}]},{\"@type\":\"WebSite\",\"@id\":\"https:\/\/www.ecinews.fr\/fr\/#website\",\"url\":\"https:\/\/www.ecinews.fr\/fr\/\",\"name\":\"EENewsEurope\",\"description\":\"Just another WordPress site\",\"publisher\":{\"@id\":\"https:\/\/www.ecinews.fr\/fr\/#organization\"},\"potentialAction\":[{\"@type\":\"SearchAction\",\"target\":{\"@type\":\"EntryPoint\",\"urlTemplate\":\"https:\/\/www.ecinews.fr\/fr\/?s={search_term_string}\"},\"query-input\":\"required name=search_term_string\"}],\"inLanguage\":\"fr-FR\"},{\"@type\":\"Organization\",\"@id\":\"https:\/\/www.ecinews.fr\/fr\/#organization\",\"name\":\"EENewsEurope\",\"url\":\"https:\/\/www.ecinews.fr\/fr\/\",\"logo\":{\"@type\":\"ImageObject\",\"inLanguage\":\"fr-FR\",\"@id\":\"https:\/\/www.ecinews.fr\/fr\/#\/schema\/logo\/image\/\",\"url\":\"https:\/\/www.ecinews.fr\/wp-content\/uploads\/2022\/02\/logo-1.jpg\",\"contentUrl\":\"https:\/\/www.ecinews.fr\/wp-content\/uploads\/2022\/02\/logo-1.jpg\",\"width\":283,\"height\":113,\"caption\":\"EENewsEurope\"},\"image\":{\"@id\":\"https:\/\/www.ecinews.fr\/fr\/#\/schema\/logo\/image\/\"}},{\"@type\":\"Person\",\"@id\":\"https:\/\/www.ecinews.fr\/fr\/#\/schema\/person\/c7104a72b466a801f257e51481de0c43\",\"name\":\"NicolasFeste\",\"image\":{\"@type\":\"ImageObject\",\"inLanguage\":\"fr-FR\",\"@id\":\"https:\/\/www.ecinews.fr\/fr\/#\/schema\/person\/image\/1ea421e7d03c1e96a9ea2bcf2705734a\",\"url\":\"https:\/\/secure.gravatar.com\/avatar\/2e187f4d96902933ba445ed6c760e11c?s=96&d=mm&r=g\",\"contentUrl\":\"https:\/\/secure.gravatar.com\/avatar\/2e187f4d96902933ba445ed6c760e11c?s=96&d=mm&r=g\",\"caption\":\"NicolasFeste\"}}]}<\/script>","yoast_head_json":{"title":"element14, en partenariat avec AMD, lance le d\u00e9fi de conceptio...","description":"element14, qui fait partie de la communaut\u00e9 Avnet, a initi\u00e9 un concours de cr\u00e9ation innovant intitul\u00e9 \u00ab Un \u0153il sur l\u2019intelligence \u00bb, en partenariat...","robots":{"index":"index","follow":"follow","max-snippet":"max-snippet:-1","max-image-preview":"max-image-preview:large","max-video-preview":"max-video-preview:-1"},"canonical":"https:\/\/www.ecinews.fr\/fr\/wp-json\/wp\/v2\/posts\/454052\/","og_locale":"fr_FR","og_type":"article","og_title":"element14, en partenariat avec AMD, lance le d\u00e9fi de conception \u00ab Un \u0153il sur l\u2019intelligence \u00bb","og_description":"element14, qui fait partie de la communaut\u00e9 Avnet, a initi\u00e9 un concours de cr\u00e9ation innovant intitul\u00e9 \u00ab Un \u0153il sur l\u2019intelligence \u00bb, en partenariat avec AMD. Ce concours encourage les participants \u00e0 \u00e9laborer et r\u00e9aliser un projet de vision int\u00e9gr\u00e9e en utilisant un kit de d\u00e9veloppement qui s\u2019appuie sur les syst\u00e8mes sur puce (SoC) Zynq-7000 d\u2019AMD.","og_url":"https:\/\/www.ecinews.fr\/fr\/wp-json\/wp\/v2\/posts\/454052\/","og_site_name":"EENewsEurope","article_published_time":"2024-06-20T08:00:21+00:00","article_modified_time":"2024-06-19T20:02:38+00:00","og_image":[{"width":1080,"height":608,"url":"https:\/\/www.ecinews.fr\/wp-content\/uploads\/2024\/06\/ECI4242-FR-La-communaute-element14-lance-le-defi-de-conception-Un-oeil-sur-lintelligence-.png","type":"image\/png"}],"author":"NicolasFeste","twitter_card":"summary_large_image","twitter_misc":{"Written by":"NicolasFeste","Est. reading time":"2 minutes"},"schema":{"@context":"https:\/\/schema.org","@graph":[{"@type":"Article","@id":"https:\/\/www.ecinews.fr\/fr\/element14-en-partenariat-avec-amd-lance-le-defi-de-conception-un-oeil-sur-lintelligence\/#article","isPartOf":{"@id":"https:\/\/www.ecinews.fr\/fr\/element14-en-partenariat-avec-amd-lance-le-defi-de-conception-un-oeil-sur-lintelligence\/"},"author":{"name":"NicolasFeste","@id":"https:\/\/www.ecinews.fr\/fr\/#\/schema\/person\/c7104a72b466a801f257e51481de0c43"},"headline":"element14, en partenariat avec AMD, lance le d\u00e9fi de conception \u00ab Un \u0153il sur l\u2019intelligence \u00bb","datePublished":"2024-06-20T08:00:21+00:00","dateModified":"2024-06-19T20:02:38+00:00","mainEntityOfPage":{"@id":"https:\/\/www.ecinews.fr\/fr\/element14-en-partenariat-avec-amd-lance-le-defi-de-conception-un-oeil-sur-lintelligence\/"},"wordCount":518,"publisher":{"@id":"https:\/\/www.ecinews.fr\/fr\/#organization"},"keywords":["apprentissage automatique","FPGA","Intelligence Artificielle","SoC","Syst\u00e8me sur puce"],"articleSection":["Actualit\u00e9 g\u00e9n\u00e9rale"],"inLanguage":"fr-FR"},{"@type":"WebPage","@id":"https:\/\/www.ecinews.fr\/fr\/element14-en-partenariat-avec-amd-lance-le-defi-de-conception-un-oeil-sur-lintelligence\/","url":"https:\/\/www.ecinews.fr\/fr\/element14-en-partenariat-avec-amd-lance-le-defi-de-conception-un-oeil-sur-lintelligence\/","name":"element14, en partenariat avec AMD, lance le d\u00e9fi de conception \u00ab Un \u0153il sur l\u2019intelligence \u00bb -","isPartOf":{"@id":"https:\/\/www.ecinews.fr\/fr\/#website"},"datePublished":"2024-06-20T08:00:21+00:00","dateModified":"2024-06-19T20:02:38+00:00","description":"element14, qui fait partie de la communaut\u00e9 Avnet, a initi\u00e9 un concours de cr\u00e9ation innovant intitul\u00e9 \u00ab Un \u0153il sur l\u2019intelligence \u00bb, en partenariat avec AMD. Ce concours encourage les participants \u00e0 \u00e9laborer et r\u00e9aliser un projet de vision int\u00e9gr\u00e9e en utilisant un kit de d\u00e9veloppement qui s\u2019appuie sur les syst\u00e8mes sur puce (SoC) Zynq-7000 d\u2019AMD.","breadcrumb":{"@id":"https:\/\/www.ecinews.fr\/fr\/element14-en-partenariat-avec-amd-lance-le-defi-de-conception-un-oeil-sur-lintelligence\/#breadcrumb"},"inLanguage":"fr-FR","potentialAction":[{"@type":"ReadAction","target":["https:\/\/www.ecinews.fr\/fr\/element14-en-partenariat-avec-amd-lance-le-defi-de-conception-un-oeil-sur-lintelligence\/"]}]},{"@type":"BreadcrumbList","@id":"https:\/\/www.ecinews.fr\/fr\/element14-en-partenariat-avec-amd-lance-le-defi-de-conception-un-oeil-sur-lintelligence\/#breadcrumb","itemListElement":[{"@type":"ListItem","position":1,"name":"Home","item":"https:\/\/www.ecinews.fr\/fr\/"},{"@type":"ListItem","position":2,"name":"element14, en partenariat avec AMD, lance le d\u00e9fi de conception \u00ab Un \u0153il sur l\u2019intelligence \u00bb"}]},{"@type":"WebSite","@id":"https:\/\/www.ecinews.fr\/fr\/#website","url":"https:\/\/www.ecinews.fr\/fr\/","name":"EENewsEurope","description":"Just another WordPress site","publisher":{"@id":"https:\/\/www.ecinews.fr\/fr\/#organization"},"potentialAction":[{"@type":"SearchAction","target":{"@type":"EntryPoint","urlTemplate":"https:\/\/www.ecinews.fr\/fr\/?s={search_term_string}"},"query-input":"required name=search_term_string"}],"inLanguage":"fr-FR"},{"@type":"Organization","@id":"https:\/\/www.ecinews.fr\/fr\/#organization","name":"EENewsEurope","url":"https:\/\/www.ecinews.fr\/fr\/","logo":{"@type":"ImageObject","inLanguage":"fr-FR","@id":"https:\/\/www.ecinews.fr\/fr\/#\/schema\/logo\/image\/","url":"https:\/\/www.ecinews.fr\/wp-content\/uploads\/2022\/02\/logo-1.jpg","contentUrl":"https:\/\/www.ecinews.fr\/wp-content\/uploads\/2022\/02\/logo-1.jpg","width":283,"height":113,"caption":"EENewsEurope"},"image":{"@id":"https:\/\/www.ecinews.fr\/fr\/#\/schema\/logo\/image\/"}},{"@type":"Person","@id":"https:\/\/www.ecinews.fr\/fr\/#\/schema\/person\/c7104a72b466a801f257e51481de0c43","name":"NicolasFeste","image":{"@type":"ImageObject","inLanguage":"fr-FR","@id":"https:\/\/www.ecinews.fr\/fr\/#\/schema\/person\/image\/1ea421e7d03c1e96a9ea2bcf2705734a","url":"https:\/\/secure.gravatar.com\/avatar\/2e187f4d96902933ba445ed6c760e11c?s=96&d=mm&r=g","contentUrl":"https:\/\/secure.gravatar.com\/avatar\/2e187f4d96902933ba445ed6c760e11c?s=96&d=mm&r=g","caption":"NicolasFeste"}}]}},"authors":[{"term_id":6113,"user_id":39,"is_guest":0,"slug":"nicolasfeste","display_name":"NicolasFeste","avatar_url":"https:\/\/secure.gravatar.com\/avatar\/2e187f4d96902933ba445ed6c760e11c?s=96&d=mm&r=g","0":null,"1":"","2":"","3":"","4":"","5":"","6":"","7":"","8":""}],"_links":{"self":[{"href":"https:\/\/www.ecinews.fr\/fr\/wp-json\/wp\/v2\/posts\/454052"}],"collection":[{"href":"https:\/\/www.ecinews.fr\/fr\/wp-json\/wp\/v2\/posts"}],"about":[{"href":"https:\/\/www.ecinews.fr\/fr\/wp-json\/wp\/v2\/types\/post"}],"author":[{"embeddable":true,"href":"https:\/\/www.ecinews.fr\/fr\/wp-json\/wp\/v2\/users\/39"}],"replies":[{"embeddable":true,"href":"https:\/\/www.ecinews.fr\/fr\/wp-json\/wp\/v2\/comments?post=454052"}],"version-history":[{"count":0,"href":"https:\/\/www.ecinews.fr\/fr\/wp-json\/wp\/v2\/posts\/454052\/revisions"}],"wp:featuredmedia":[{"embeddable":true,"href":"https:\/\/www.ecinews.fr\/fr\/wp-json\/wp\/v2\/media\/454144"}],"wp:attachment":[{"href":"https:\/\/www.ecinews.fr\/fr\/wp-json\/wp\/v2\/media?parent=454052"}],"wp:term":[{"taxonomy":"category","embeddable":true,"href":"https:\/\/www.ecinews.fr\/fr\/wp-json\/wp\/v2\/categories?post=454052"},{"taxonomy":"post_tag","embeddable":true,"href":"https:\/\/www.ecinews.fr\/fr\/wp-json\/wp\/v2\/tags?post=454052"},{"taxonomy":"domains","embeddable":true,"href":"https:\/\/www.ecinews.fr\/fr\/wp-json\/wp\/v2\/domains?post=454052"},{"taxonomy":"author","embeddable":true,"href":"https:\/\/www.ecinews.fr\/fr\/wp-json\/wp\/v2\/ppma_author?post=454052"}],"curies":[{"name":"wp","href":"https:\/\/api.w.org\/{rel}","templated":true}]}}