{"id":453881,"date":"2024-06-18T09:30:21","date_gmt":"2024-06-18T07:30:21","guid":{"rendered":"https:\/\/www.ecinews.fr\/?p=453881"},"modified":"2024-06-18T00:29:53","modified_gmt":"2024-06-17T22:29:53","slug":"podcast-mouser-explorant-les-architectures-zonales-pour-les-vehicules-definis-par-logiciel","status":"publish","type":"post","link":"https:\/\/www.ecinews.fr\/fr\/podcast-mouser-explorant-les-architectures-zonales-pour-les-vehicules-definis-par-logiciel\/","title":{"rendered":"Podcast Mouser explorant les architectures zonales pour les v\u00e9hicules d\u00e9finis par logiciel"},"content":{"rendered":"<h3>Alors que le progr\u00e8s technologique dans le secteur automobile s\u2019intensifie en \u00e9lectronique, les concepteurs ont adopt\u00e9 l\u2019architecture zonale. Cette approche vise \u00e0 maximiser l\u2019efficacit\u00e9 des sous-syst\u00e8mes individuels tout en simplifiant la gestion des piles mat\u00e9rielles et logicielles pour la voiture dans son ensemble.<\/h3>\n<p>Mouser Electronics a annonc\u00e9 r\u00e9cemment un nouvel \u00e9pisode de sa s\u00e9rie sur la technologie Empowering Innovation Together (EIT), qui examine les avantages des architectures zonales et les fonctionnalit\u00e9s de connectivit\u00e9 am\u00e9lior\u00e9es qu\u2019elles offrent aux v\u00e9hicules d\u00e9finis par logiciel (SDV). Cet \u00e9pisode examine les concepts de conception, la virtualisation et les futurs cas d\u2019utilisation permis par les architectures zonales, qui seront les moteurs des innovations automobiles de demain.<\/p>\n<p>\u00c0 mesure que l\u2019industrie automobile s\u2019oriente vers les v\u00e9hicules \u00e9lectriques et les syst\u00e8mes avanc\u00e9s de direction assist\u00e9e, ces conceptions modernes n\u00e9cessitent d\u2019importantes mises \u00e0 niveau mat\u00e9rielles et logicielles. Les performances du v\u00e9hicule sont optimis\u00e9es en cr\u00e9ant des zones distinctes au sein du v\u00e9hicule qui r\u00e9pondent \u00e0 des fonctionnalit\u00e9s sp\u00e9cifiques et en mettant en \u0153uvre des plates-formes informatiques. Cette approche permet d\u2019am\u00e9liorer la fiabilit\u00e9, les performances et la dur\u00e9e de vie des voitures, pour transformer le tout en une exp\u00e9rience immersive. Mouser explore comment ces nouvelles fonctionnalit\u00e9s peuvent ouvrir une multitude de possibilit\u00e9s pour la conception et l\u2019ing\u00e9nierie automobiles.<\/p>\n<p>Rejoignez le podcast The Tech Between Us, o\u00f9 Raymond Yin, directeur du contenu technique de Mouser, et Christian Uebber, directeur de la technologie chez ETAS, discutent de la nature complexe des architectures avanc\u00e9es. Ensemble, ils explorent les modifications logicielles et mat\u00e9rielles n\u00e9cessaires \u00e0 la transition vers de nouvelles plates-formes informatiques, en mettant l\u2019accent sur l\u2019importance des consid\u00e9rations de co-conception.<\/p>\n<p>\u00ab Notre nouveau podcast explore les possibilit\u00e9s de transformation de l\u2019architecture zonale \u00bb a d\u00e9clar\u00e9 M. Yin. \u00ab Cette approche avant-gardiste r\u00e9volutionne l\u2019am\u00e9nagement de l\u2019espace, et nous nous penchons sur la vari\u00e9t\u00e9 de ses applications gr\u00e2ce \u00e0 des discussions perspicaces avec des experts \u00e9minents dans ce domaine \u00bb.<\/p>\n<p>Cette s\u00e9rie comprend des articles techniques, une infographie, une vid\u00e9o et plus encore, pr\u00e9sentant le mouvement SDV et la fa\u00e7on dont les architectures zonales am\u00e9liorent la s\u00e9curit\u00e9, l\u2019efficacit\u00e9 et la personnalisation. Ces ressources offrent des conseils pr\u00e9cieux aux ing\u00e9nieurs automobiles qui envisagent les avantages de cette nouvelle architecture de r\u00e9seau.<\/p>\n<p><a href=\"https:\/\/www.mouser.fr\/?utm_source=publitek-media-for-pr&amp;utm_medium=pr&amp;utm_campaign=EMEA_PR&amp;utm_content=2023\">Mouser Electronics<\/a><\/p>\n<p><a href=\"https:\/\/news.google.com\/publications\/CAAqBwgKMJbcwQswuPfYAw?hl=fr&amp;gl=BE&amp;ceid=BE:fr\">Suivre ECInews sur Google news<\/a><\/p>\n","protected":false},"excerpt":{"rendered":"<p>Alors que le progr\u00e8s technologique dans le secteur automobile s\u2019intensifie en \u00e9lectronique, les concepteurs ont adopt\u00e9 l\u2019architecture zonale. Cette approche vise \u00e0 maximiser l\u2019efficacit\u00e9 des sous-syst\u00e8mes individuels tout en simplifiant la gestion des piles mat\u00e9rielles et logicielles pour la voiture dans son ensemble. Mouser Electronics a annonc\u00e9 r\u00e9cemment un nouvel \u00e9pisode de sa s\u00e9rie sur [&hellip;]<\/p>\n","protected":false},"author":39,"featured_media":453886,"comment_status":"closed","ping_status":"closed","sticky":false,"template":"","format":"standard","meta":{"_acf_changed":false,"footnotes":""},"categories":[886],"tags":[1640,6622,2690],"domains":[47],"ppma_author":[6113],"class_list":["post-453881","post","type-post","status-publish","format-standard","has-post-thumbnail","hentry","category-news-fr","tag-automobile","tag-podcast","tag-vehicule-electrique","domains-electronique-eci"],"acf":[],"yoast_head":"<title>Podcast Mouser explorant les architectures zonales pour les v\u00e9...<\/title>\n<meta name=\"description\" content=\"Alors que le progr\u00e8s technologique dans le secteur automobile s\u2019intensifie en \u00e9lectronique, les concepteurs ont adopt\u00e9 l\u2019architecture zonale. Cette...\" \/>\n<meta name=\"robots\" content=\"index, follow, max-snippet:-1, max-image-preview:large, max-video-preview:-1\" \/>\n<link rel=\"canonical\" href=\"https:\/\/www.ecinews.fr\/fr\/wp-json\/wp\/v2\/posts\/453881\/\" \/>\n<meta property=\"og:locale\" content=\"fr_FR\" \/>\n<meta property=\"og:type\" content=\"article\" \/>\n<meta property=\"og:title\" content=\"Podcast Mouser explorant les architectures zonales pour les v\u00e9hicules d\u00e9finis par logiciel\" \/>\n<meta property=\"og:description\" content=\"Alors que le progr\u00e8s technologique dans le secteur automobile s\u2019intensifie en \u00e9lectronique, les concepteurs ont adopt\u00e9 l\u2019architecture zonale. Cette approche vise \u00e0 maximiser l\u2019efficacit\u00e9 des sous-syst\u00e8mes individuels tout en simplifiant la gestion des piles mat\u00e9rielles et logicielles pour la voiture dans son ensemble.\" \/>\n<meta property=\"og:url\" content=\"https:\/\/www.ecinews.fr\/fr\/wp-json\/wp\/v2\/posts\/453881\/\" \/>\n<meta property=\"og:site_name\" content=\"EENewsEurope\" \/>\n<meta property=\"article:published_time\" content=\"2024-06-18T07:30:21+00:00\" \/>\n<meta property=\"article:modified_time\" content=\"2024-06-17T22:29:53+00:00\" \/>\n<meta property=\"og:image\" content=\"https:\/\/www.ecinews.fr\/wp-content\/uploads\/2024\/06\/ECI4235-MR574AEIT-Episode2-scaled.jpg\" \/>\n\t<meta property=\"og:image:width\" content=\"1080\" \/>\n\t<meta property=\"og:image:height\" content=\"608\" \/>\n\t<meta property=\"og:image:type\" content=\"image\/jpeg\" \/>\n<meta name=\"author\" content=\"NicolasFeste\" \/>\n<meta name=\"twitter:card\" content=\"summary_large_image\" \/>\n<meta name=\"twitter:label1\" content=\"Written by\" \/>\n\t<meta name=\"twitter:data1\" content=\"NicolasFeste\" \/>\n\t<meta name=\"twitter:label2\" content=\"Est. reading time\" \/>\n\t<meta name=\"twitter:data2\" content=\"2 minutes\" \/>\n<script type=\"application\/ld+json\" class=\"yoast-schema-graph\">{\"@context\":\"https:\/\/schema.org\",\"@graph\":[{\"@type\":\"Article\",\"@id\":\"https:\/\/www.ecinews.fr\/fr\/podcast-mouser-explorant-les-architectures-zonales-pour-les-vehicules-definis-par-logiciel\/#article\",\"isPartOf\":{\"@id\":\"https:\/\/www.ecinews.fr\/fr\/podcast-mouser-explorant-les-architectures-zonales-pour-les-vehicules-definis-par-logiciel\/\"},\"author\":{\"name\":\"NicolasFeste\",\"@id\":\"https:\/\/www.eenewseurope.com\/en\/#\/schema\/person\/c7104a72b466a801f257e51481de0c43\"},\"headline\":\"Podcast Mouser explorant les architectures zonales pour les v\u00e9hicules d\u00e9finis par logiciel\",\"datePublished\":\"2024-06-18T07:30:21+00:00\",\"dateModified\":\"2024-06-17T22:29:53+00:00\",\"mainEntityOfPage\":{\"@id\":\"https:\/\/www.ecinews.fr\/fr\/podcast-mouser-explorant-les-architectures-zonales-pour-les-vehicules-definis-par-logiciel\/\"},\"wordCount\":440,\"publisher\":{\"@id\":\"https:\/\/www.eenewseurope.com\/en\/#organization\"},\"keywords\":[\"Automobile\",\"Podcast\",\"V\u00e9hicule \u00e9lectrique\"],\"articleSection\":[\"Actualit\u00e9 g\u00e9n\u00e9rale\"],\"inLanguage\":\"fr-FR\"},{\"@type\":\"WebPage\",\"@id\":\"https:\/\/www.ecinews.fr\/fr\/podcast-mouser-explorant-les-architectures-zonales-pour-les-vehicules-definis-par-logiciel\/\",\"url\":\"https:\/\/www.ecinews.fr\/fr\/podcast-mouser-explorant-les-architectures-zonales-pour-les-vehicules-definis-par-logiciel\/\",\"name\":\"Podcast Mouser explorant les architectures zonales pour les v\u00e9hicules d\u00e9finis par logiciel -\",\"isPartOf\":{\"@id\":\"https:\/\/www.eenewseurope.com\/en\/#website\"},\"datePublished\":\"2024-06-18T07:30:21+00:00\",\"dateModified\":\"2024-06-17T22:29:53+00:00\",\"description\":\"Alors que le progr\u00e8s technologique dans le secteur automobile s\u2019intensifie en \u00e9lectronique, les concepteurs ont adopt\u00e9 l\u2019architecture zonale. Cette approche vise \u00e0 maximiser l\u2019efficacit\u00e9 des sous-syst\u00e8mes individuels tout en simplifiant la gestion des piles mat\u00e9rielles et logicielles pour la voiture dans son ensemble.\",\"breadcrumb\":{\"@id\":\"https:\/\/www.ecinews.fr\/fr\/podcast-mouser-explorant-les-architectures-zonales-pour-les-vehicules-definis-par-logiciel\/#breadcrumb\"},\"inLanguage\":\"fr-FR\",\"potentialAction\":[{\"@type\":\"ReadAction\",\"target\":[\"https:\/\/www.ecinews.fr\/fr\/podcast-mouser-explorant-les-architectures-zonales-pour-les-vehicules-definis-par-logiciel\/\"]}]},{\"@type\":\"BreadcrumbList\",\"@id\":\"https:\/\/www.ecinews.fr\/fr\/podcast-mouser-explorant-les-architectures-zonales-pour-les-vehicules-definis-par-logiciel\/#breadcrumb\",\"itemListElement\":[{\"@type\":\"ListItem\",\"position\":1,\"name\":\"Home\",\"item\":\"https:\/\/www.ecinews.fr\/fr\/\"},{\"@type\":\"ListItem\",\"position\":2,\"name\":\"Podcast Mouser explorant les architectures zonales pour les v\u00e9hicules d\u00e9finis par logiciel\"}]},{\"@type\":\"WebSite\",\"@id\":\"https:\/\/www.eenewseurope.com\/en\/#website\",\"url\":\"https:\/\/www.eenewseurope.com\/en\/\",\"name\":\"EENewsEurope\",\"description\":\"Just another WordPress site\",\"publisher\":{\"@id\":\"https:\/\/www.eenewseurope.com\/en\/#organization\"},\"potentialAction\":[{\"@type\":\"SearchAction\",\"target\":{\"@type\":\"EntryPoint\",\"urlTemplate\":\"https:\/\/www.eenewseurope.com\/en\/?s={search_term_string}\"},\"query-input\":\"required name=search_term_string\"}],\"inLanguage\":\"fr-FR\"},{\"@type\":\"Organization\",\"@id\":\"https:\/\/www.eenewseurope.com\/en\/#organization\",\"name\":\"EENewsEurope\",\"url\":\"https:\/\/www.eenewseurope.com\/en\/\",\"logo\":{\"@type\":\"ImageObject\",\"inLanguage\":\"fr-FR\",\"@id\":\"https:\/\/www.eenewseurope.com\/en\/#\/schema\/logo\/image\/\",\"url\":\"https:\/\/www.ecinews.fr\/wp-content\/uploads\/2022\/02\/logo-1.jpg\",\"contentUrl\":\"https:\/\/www.ecinews.fr\/wp-content\/uploads\/2022\/02\/logo-1.jpg\",\"width\":283,\"height\":113,\"caption\":\"EENewsEurope\"},\"image\":{\"@id\":\"https:\/\/www.eenewseurope.com\/en\/#\/schema\/logo\/image\/\"}},{\"@type\":\"Person\",\"@id\":\"https:\/\/www.eenewseurope.com\/en\/#\/schema\/person\/c7104a72b466a801f257e51481de0c43\",\"name\":\"NicolasFeste\",\"image\":{\"@type\":\"ImageObject\",\"inLanguage\":\"fr-FR\",\"@id\":\"https:\/\/www.eenewseurope.com\/en\/#\/schema\/person\/image\/1ea421e7d03c1e96a9ea2bcf2705734a\",\"url\":\"https:\/\/secure.gravatar.com\/avatar\/2e187f4d96902933ba445ed6c760e11c?s=96&d=mm&r=g\",\"contentUrl\":\"https:\/\/secure.gravatar.com\/avatar\/2e187f4d96902933ba445ed6c760e11c?s=96&d=mm&r=g\",\"caption\":\"NicolasFeste\"}}]}<\/script>","yoast_head_json":{"title":"Podcast Mouser explorant les architectures zonales pour les v\u00e9...","description":"Alors que le progr\u00e8s technologique dans le secteur automobile s\u2019intensifie en \u00e9lectronique, les concepteurs ont adopt\u00e9 l\u2019architecture zonale. Cette...","robots":{"index":"index","follow":"follow","max-snippet":"max-snippet:-1","max-image-preview":"max-image-preview:large","max-video-preview":"max-video-preview:-1"},"canonical":"https:\/\/www.ecinews.fr\/fr\/wp-json\/wp\/v2\/posts\/453881\/","og_locale":"fr_FR","og_type":"article","og_title":"Podcast Mouser explorant les architectures zonales pour les v\u00e9hicules d\u00e9finis par logiciel","og_description":"Alors que le progr\u00e8s technologique dans le secteur automobile s\u2019intensifie en \u00e9lectronique, les concepteurs ont adopt\u00e9 l\u2019architecture zonale. Cette approche vise \u00e0 maximiser l\u2019efficacit\u00e9 des sous-syst\u00e8mes individuels tout en simplifiant la gestion des piles mat\u00e9rielles et logicielles pour la voiture dans son ensemble.","og_url":"https:\/\/www.ecinews.fr\/fr\/wp-json\/wp\/v2\/posts\/453881\/","og_site_name":"EENewsEurope","article_published_time":"2024-06-18T07:30:21+00:00","article_modified_time":"2024-06-17T22:29:53+00:00","og_image":[{"width":1080,"height":608,"url":"https:\/\/www.ecinews.fr\/wp-content\/uploads\/2024\/06\/ECI4235-MR574AEIT-Episode2-scaled.jpg","type":"image\/jpeg"}],"author":"NicolasFeste","twitter_card":"summary_large_image","twitter_misc":{"Written by":"NicolasFeste","Est. reading time":"2 minutes"},"schema":{"@context":"https:\/\/schema.org","@graph":[{"@type":"Article","@id":"https:\/\/www.ecinews.fr\/fr\/podcast-mouser-explorant-les-architectures-zonales-pour-les-vehicules-definis-par-logiciel\/#article","isPartOf":{"@id":"https:\/\/www.ecinews.fr\/fr\/podcast-mouser-explorant-les-architectures-zonales-pour-les-vehicules-definis-par-logiciel\/"},"author":{"name":"NicolasFeste","@id":"https:\/\/www.eenewseurope.com\/en\/#\/schema\/person\/c7104a72b466a801f257e51481de0c43"},"headline":"Podcast Mouser explorant les architectures zonales pour les v\u00e9hicules d\u00e9finis par logiciel","datePublished":"2024-06-18T07:30:21+00:00","dateModified":"2024-06-17T22:29:53+00:00","mainEntityOfPage":{"@id":"https:\/\/www.ecinews.fr\/fr\/podcast-mouser-explorant-les-architectures-zonales-pour-les-vehicules-definis-par-logiciel\/"},"wordCount":440,"publisher":{"@id":"https:\/\/www.eenewseurope.com\/en\/#organization"},"keywords":["Automobile","Podcast","V\u00e9hicule \u00e9lectrique"],"articleSection":["Actualit\u00e9 g\u00e9n\u00e9rale"],"inLanguage":"fr-FR"},{"@type":"WebPage","@id":"https:\/\/www.ecinews.fr\/fr\/podcast-mouser-explorant-les-architectures-zonales-pour-les-vehicules-definis-par-logiciel\/","url":"https:\/\/www.ecinews.fr\/fr\/podcast-mouser-explorant-les-architectures-zonales-pour-les-vehicules-definis-par-logiciel\/","name":"Podcast Mouser explorant les architectures zonales pour les v\u00e9hicules d\u00e9finis par logiciel -","isPartOf":{"@id":"https:\/\/www.eenewseurope.com\/en\/#website"},"datePublished":"2024-06-18T07:30:21+00:00","dateModified":"2024-06-17T22:29:53+00:00","description":"Alors que le progr\u00e8s technologique dans le secteur automobile s\u2019intensifie en \u00e9lectronique, les concepteurs ont adopt\u00e9 l\u2019architecture zonale. Cette approche vise \u00e0 maximiser l\u2019efficacit\u00e9 des sous-syst\u00e8mes individuels tout en simplifiant la gestion des piles mat\u00e9rielles et logicielles pour la voiture dans son ensemble.","breadcrumb":{"@id":"https:\/\/www.ecinews.fr\/fr\/podcast-mouser-explorant-les-architectures-zonales-pour-les-vehicules-definis-par-logiciel\/#breadcrumb"},"inLanguage":"fr-FR","potentialAction":[{"@type":"ReadAction","target":["https:\/\/www.ecinews.fr\/fr\/podcast-mouser-explorant-les-architectures-zonales-pour-les-vehicules-definis-par-logiciel\/"]}]},{"@type":"BreadcrumbList","@id":"https:\/\/www.ecinews.fr\/fr\/podcast-mouser-explorant-les-architectures-zonales-pour-les-vehicules-definis-par-logiciel\/#breadcrumb","itemListElement":[{"@type":"ListItem","position":1,"name":"Home","item":"https:\/\/www.ecinews.fr\/fr\/"},{"@type":"ListItem","position":2,"name":"Podcast Mouser explorant les architectures zonales pour les v\u00e9hicules d\u00e9finis par logiciel"}]},{"@type":"WebSite","@id":"https:\/\/www.eenewseurope.com\/en\/#website","url":"https:\/\/www.eenewseurope.com\/en\/","name":"EENewsEurope","description":"Just another WordPress site","publisher":{"@id":"https:\/\/www.eenewseurope.com\/en\/#organization"},"potentialAction":[{"@type":"SearchAction","target":{"@type":"EntryPoint","urlTemplate":"https:\/\/www.eenewseurope.com\/en\/?s={search_term_string}"},"query-input":"required name=search_term_string"}],"inLanguage":"fr-FR"},{"@type":"Organization","@id":"https:\/\/www.eenewseurope.com\/en\/#organization","name":"EENewsEurope","url":"https:\/\/www.eenewseurope.com\/en\/","logo":{"@type":"ImageObject","inLanguage":"fr-FR","@id":"https:\/\/www.eenewseurope.com\/en\/#\/schema\/logo\/image\/","url":"https:\/\/www.ecinews.fr\/wp-content\/uploads\/2022\/02\/logo-1.jpg","contentUrl":"https:\/\/www.ecinews.fr\/wp-content\/uploads\/2022\/02\/logo-1.jpg","width":283,"height":113,"caption":"EENewsEurope"},"image":{"@id":"https:\/\/www.eenewseurope.com\/en\/#\/schema\/logo\/image\/"}},{"@type":"Person","@id":"https:\/\/www.eenewseurope.com\/en\/#\/schema\/person\/c7104a72b466a801f257e51481de0c43","name":"NicolasFeste","image":{"@type":"ImageObject","inLanguage":"fr-FR","@id":"https:\/\/www.eenewseurope.com\/en\/#\/schema\/person\/image\/1ea421e7d03c1e96a9ea2bcf2705734a","url":"https:\/\/secure.gravatar.com\/avatar\/2e187f4d96902933ba445ed6c760e11c?s=96&d=mm&r=g","contentUrl":"https:\/\/secure.gravatar.com\/avatar\/2e187f4d96902933ba445ed6c760e11c?s=96&d=mm&r=g","caption":"NicolasFeste"}}]}},"authors":[{"term_id":6113,"user_id":39,"is_guest":0,"slug":"nicolasfeste","display_name":"NicolasFeste","avatar_url":"https:\/\/secure.gravatar.com\/avatar\/2e187f4d96902933ba445ed6c760e11c?s=96&d=mm&r=g","0":null,"1":"","2":"","3":"","4":"","5":"","6":"","7":"","8":""}],"_links":{"self":[{"href":"https:\/\/www.ecinews.fr\/fr\/wp-json\/wp\/v2\/posts\/453881"}],"collection":[{"href":"https:\/\/www.ecinews.fr\/fr\/wp-json\/wp\/v2\/posts"}],"about":[{"href":"https:\/\/www.ecinews.fr\/fr\/wp-json\/wp\/v2\/types\/post"}],"author":[{"embeddable":true,"href":"https:\/\/www.ecinews.fr\/fr\/wp-json\/wp\/v2\/users\/39"}],"replies":[{"embeddable":true,"href":"https:\/\/www.ecinews.fr\/fr\/wp-json\/wp\/v2\/comments?post=453881"}],"version-history":[{"count":0,"href":"https:\/\/www.ecinews.fr\/fr\/wp-json\/wp\/v2\/posts\/453881\/revisions"}],"wp:featuredmedia":[{"embeddable":true,"href":"https:\/\/www.ecinews.fr\/fr\/wp-json\/wp\/v2\/media\/453886"}],"wp:attachment":[{"href":"https:\/\/www.ecinews.fr\/fr\/wp-json\/wp\/v2\/media?parent=453881"}],"wp:term":[{"taxonomy":"category","embeddable":true,"href":"https:\/\/www.ecinews.fr\/fr\/wp-json\/wp\/v2\/categories?post=453881"},{"taxonomy":"post_tag","embeddable":true,"href":"https:\/\/www.ecinews.fr\/fr\/wp-json\/wp\/v2\/tags?post=453881"},{"taxonomy":"domains","embeddable":true,"href":"https:\/\/www.ecinews.fr\/fr\/wp-json\/wp\/v2\/domains?post=453881"},{"taxonomy":"author","embeddable":true,"href":"https:\/\/www.ecinews.fr\/fr\/wp-json\/wp\/v2\/ppma_author?post=453881"}],"curies":[{"name":"wp","href":"https:\/\/api.w.org\/{rel}","templated":true}]}}