{"id":453874,"date":"2024-06-17T20:40:37","date_gmt":"2024-06-17T18:40:37","guid":{"rendered":"https:\/\/www.eenewseurope.com\/?p=453874"},"modified":"2024-06-17T20:40:37","modified_gmt":"2024-06-17T18:40:37","slug":"ordinateurs-portables-la-fin-de-lecran-approche-place-aux-lunettes","status":"publish","type":"post","link":"https:\/\/www.ecinews.fr\/fr\/ordinateurs-portables-la-fin-de-lecran-approche-place-aux-lunettes\/","title":{"rendered":"Ordinateurs portables. La fin de l&rsquo;\u00e9cran approche, place aux lunettes"},"content":{"rendered":"<h3><span style=\"font-size: 16px;\">Les concepteurs de cet ordinateur portable ont remplac\u00e9 l&rsquo;\u00e9cran par des lunettes \u00e0 R\u00e9alit\u00e9 Augment\u00e9e.\u00a0<\/span><\/h3>\n<p><em>Les ordinateurs portables modernes sont coinc\u00e9s entre deux souhaits : des dimensions r\u00e9duites et des \u00e9crans plus grands. Les deux ont leurs avantages, mais vous ne pouvez pas obtenir plus de l&rsquo;un sans renoncer \u00e0 une partie de l&rsquo;autre.<\/em><\/p>\n<p><em>\u00c0 moins que vous ne vous tourniez vers la r\u00e9alit\u00e9 augment\u00e9e, o\u00f9 votre \u00e9cran n&rsquo;est plus du tout li\u00e9 ou contraint par le format de l&rsquo;ordinateur portable.<\/em><\/p>\n<p><em>C&rsquo;est ce que Sightful cherche \u00e0 r\u00e9aliser avec son nouveau Spacetop G1, un ordinateur portable sans \u00e9cran qui s&rsquo;appuie sur des <a class=\"hawk-link-parsed\" href=\"https:\/\/www.laptopmag.com\/uk\/tag\/microsoft-windows\" data-analytics-id=\"inline-link\" data-auto-tag-linker=\"true\" data-before-rewrite-localise=\"https:\/\/www.laptopmag.com\/uk\/tag\/microsoft-windows\" data-component-tracked=\"1\" data-hl-processed=\"none\" data-custom-tracking-id=\"6373276205392976690\" data-hawk-tracked=\"hawklinks\" data-google-interstitial=\"false\" data-label=\"windows\">fen\u00eatres<\/a> et des \u00e9crans de r\u00e9alit\u00e9 augment\u00e9e au lieu d&rsquo;un \u00e9cran traditionnel.<\/em><\/p>\n<p><em> <a class=\"hawk-link-parsed\" href=\"https:\/\/www.sightful.com\/\" target=\"_blank\" rel=\"noopener\" data-analytics-id=\"inline-link\" data-url=\"https:\/\/www.sightful.com\" data-hl-processed=\"none\" data-component-tracked=\"1\" data-custom-tracking-id=\"6248087501539116273\" data-hawk-tracked=\"hawklinks\" data-google-interstitial=\"false\" data-label=\"Spacetop G1\">Spacetop G1<\/a><\/em><\/p>\n<p><a href=\"https:\/\/news.google.com\/publications\/CAAqBwgKMJbcwQswuPfYAw?hl=fr&amp;gl=BE&amp;ceid=BE:fr\" target=\"news.google.com\" rel=\"noopener\">Suivre ECInews sur Google news<\/a><\/p>\n","protected":false},"excerpt":{"rendered":"<p>Les concepteurs de cet ordinateur portable ont remplac\u00e9 l&rsquo;\u00e9cran par des lunettes \u00e0 R\u00e9alit\u00e9 Augment\u00e9e.\u00a0 Les ordinateurs portables modernes sont coinc\u00e9s entre deux souhaits : des dimensions r\u00e9duites et des \u00e9crans plus grands. Les deux ont leurs avantages, mais vous ne pouvez pas obtenir plus de l&rsquo;un sans renoncer \u00e0 une partie de l&rsquo;autre. \u00c0 [&hellip;]<\/p>\n","protected":false},"author":7,"featured_media":453853,"comment_status":"closed","ping_status":"closed","sticky":false,"template":"","format":"standard","meta":{"_acf_changed":false,"footnotes":""},"categories":[883],"tags":[4834,6617,6616],"domains":[47],"ppma_author":[1143,1139],"class_list":["post-453874","post","type-post","status-publish","format-standard","has-post-thumbnail","hentry","category-technologies","tag-mobilite","tag-ordinateur-portable","tag-realite-augmentee","domains-electronique-eci"],"acf":[],"yoast_head":"<title>Voir, c&#039;est croire - Pleins feux sur les produits ...<\/title>\n<meta name=\"description\" content=\"Les concepteurs de cet ordinateur portable ont remplac\u00e9 l&#039;\u00e9cran par des lunettes \u00e0 r\u00e9alit\u00e9 augment\u00e9e\" \/>\n<meta name=\"robots\" content=\"index, follow, max-snippet:-1, max-image-preview:large, max-video-preview:-1\" \/>\n<link rel=\"canonical\" href=\"https:\/\/www.ecinews.fr\/fr\/wp-json\/wp\/v2\/posts\/453874\/\" \/>\n<meta property=\"og:locale\" content=\"fr_FR\" \/>\n<meta property=\"og:type\" content=\"article\" \/>\n<meta property=\"og:title\" content=\"Ordinateurs portables. La fin de l&#039;\u00e9cran approche, place aux lunettes\" \/>\n<meta property=\"og:description\" content=\"Les concepteurs de cet ordinateur portable ont remplac\u00e9 l&#039;\u00e9cran par des lunettes \u00e0 r\u00e9alit\u00e9 augment\u00e9e\" \/>\n<meta property=\"og:url\" content=\"https:\/\/www.ecinews.fr\/fr\/wp-json\/wp\/v2\/posts\/453874\/\" \/>\n<meta property=\"og:site_name\" content=\"EENewsEurope\" \/>\n<meta property=\"article:published_time\" content=\"2024-06-17T18:40:37+00:00\" \/>\n<meta property=\"og:image\" content=\"https:\/\/www.ecinews.fr\/wp-content\/uploads\/2024\/06\/Screen-Shot-2024-06-17-at-15.07.26.png\" \/>\n\t<meta property=\"og:image:width\" content=\"821\" \/>\n\t<meta property=\"og:image:height\" content=\"588\" \/>\n\t<meta property=\"og:image:type\" content=\"image\/png\" \/>\n<meta name=\"author\" content=\"Daniel Cardon, Wisse Hettinga\" \/>\n<meta name=\"twitter:card\" content=\"summary_large_image\" \/>\n<meta name=\"twitter:label1\" content=\"Written by\" \/>\n\t<meta name=\"twitter:data1\" content=\"Wisse Hettinga\" \/>\n\t<meta name=\"twitter:label2\" content=\"Est. reading time\" \/>\n\t<meta name=\"twitter:data2\" content=\"1 minute\" \/>\n<script type=\"application\/ld+json\" class=\"yoast-schema-graph\">{\"@context\":\"https:\/\/schema.org\",\"@graph\":[{\"@type\":\"Article\",\"@id\":\"https:\/\/www.ecinews.fr\/fr\/ordinateurs-portables-la-fin-de-lecran-approche-place-aux-lunettes\/#article\",\"isPartOf\":{\"@id\":\"https:\/\/www.ecinews.fr\/fr\/ordinateurs-portables-la-fin-de-lecran-approche-place-aux-lunettes\/\"},\"author\":{\"name\":\"Wisse Hettinga\",\"@id\":\"https:\/\/www.eenewseurope.com\/en\/#\/schema\/person\/c6b626c6c65f5e1e7794ce2d17b2ca82\"},\"headline\":\"Ordinateurs portables. La fin de l&rsquo;\u00e9cran approche, place aux lunettes\",\"datePublished\":\"2024-06-17T18:40:37+00:00\",\"dateModified\":\"2024-06-17T18:40:37+00:00\",\"mainEntityOfPage\":{\"@id\":\"https:\/\/www.ecinews.fr\/fr\/ordinateurs-portables-la-fin-de-lecran-approche-place-aux-lunettes\/\"},\"wordCount\":145,\"publisher\":{\"@id\":\"https:\/\/www.eenewseurope.com\/en\/#organization\"},\"keywords\":[\"Mobilit\u00e9\",\"ordinateur portable\",\"r\u00e9alit\u00e9 augment\u00e9e\"],\"articleSection\":[\"Technologies\"],\"inLanguage\":\"fr-FR\"},{\"@type\":\"WebPage\",\"@id\":\"https:\/\/www.ecinews.fr\/fr\/ordinateurs-portables-la-fin-de-lecran-approche-place-aux-lunettes\/\",\"url\":\"https:\/\/www.ecinews.fr\/fr\/ordinateurs-portables-la-fin-de-lecran-approche-place-aux-lunettes\/\",\"name\":\"Voir, c'est croire - Pleins feux sur les produits\",\"isPartOf\":{\"@id\":\"https:\/\/www.eenewseurope.com\/en\/#website\"},\"datePublished\":\"2024-06-17T18:40:37+00:00\",\"dateModified\":\"2024-06-17T18:40:37+00:00\",\"description\":\"Les concepteurs de cet ordinateur portable ont remplac\u00e9 l'\u00e9cran par des lunettes \u00e0 r\u00e9alit\u00e9 augment\u00e9e\",\"breadcrumb\":{\"@id\":\"https:\/\/www.ecinews.fr\/fr\/ordinateurs-portables-la-fin-de-lecran-approche-place-aux-lunettes\/#breadcrumb\"},\"inLanguage\":\"fr-FR\",\"potentialAction\":[{\"@type\":\"ReadAction\",\"target\":[\"https:\/\/www.ecinews.fr\/fr\/ordinateurs-portables-la-fin-de-lecran-approche-place-aux-lunettes\/\"]}]},{\"@type\":\"BreadcrumbList\",\"@id\":\"https:\/\/www.ecinews.fr\/fr\/ordinateurs-portables-la-fin-de-lecran-approche-place-aux-lunettes\/#breadcrumb\",\"itemListElement\":[{\"@type\":\"ListItem\",\"position\":1,\"name\":\"Home\",\"item\":\"https:\/\/www.ecinews.fr\/fr\/\"},{\"@type\":\"ListItem\",\"position\":2,\"name\":\"Ordinateurs portables. La fin de l&rsquo;\u00e9cran approche, place aux lunettes\"}]},{\"@type\":\"WebSite\",\"@id\":\"https:\/\/www.eenewseurope.com\/en\/#website\",\"url\":\"https:\/\/www.eenewseurope.com\/en\/\",\"name\":\"EENewsEurope\",\"description\":\"Just another WordPress site\",\"publisher\":{\"@id\":\"https:\/\/www.eenewseurope.com\/en\/#organization\"},\"potentialAction\":[{\"@type\":\"SearchAction\",\"target\":{\"@type\":\"EntryPoint\",\"urlTemplate\":\"https:\/\/www.eenewseurope.com\/en\/?s={search_term_string}\"},\"query-input\":\"required name=search_term_string\"}],\"inLanguage\":\"fr-FR\"},{\"@type\":\"Organization\",\"@id\":\"https:\/\/www.eenewseurope.com\/en\/#organization\",\"name\":\"EENewsEurope\",\"url\":\"https:\/\/www.eenewseurope.com\/en\/\",\"logo\":{\"@type\":\"ImageObject\",\"inLanguage\":\"fr-FR\",\"@id\":\"https:\/\/www.eenewseurope.com\/en\/#\/schema\/logo\/image\/\",\"url\":\"https:\/\/www.ecinews.fr\/wp-content\/uploads\/2022\/02\/logo-1.jpg\",\"contentUrl\":\"https:\/\/www.ecinews.fr\/wp-content\/uploads\/2022\/02\/logo-1.jpg\",\"width\":283,\"height\":113,\"caption\":\"EENewsEurope\"},\"image\":{\"@id\":\"https:\/\/www.eenewseurope.com\/en\/#\/schema\/logo\/image\/\"}},{\"@type\":\"Person\",\"@id\":\"https:\/\/www.eenewseurope.com\/en\/#\/schema\/person\/c6b626c6c65f5e1e7794ce2d17b2ca82\",\"name\":\"Wisse Hettinga\",\"image\":{\"@type\":\"ImageObject\",\"inLanguage\":\"fr-FR\",\"@id\":\"https:\/\/www.eenewseurope.com\/en\/#\/schema\/person\/image\/5dc5f564ca306d7cb8b22735be49a465\",\"url\":\"https:\/\/secure.gravatar.com\/avatar\/24a36fe68de56eac2a45cbaf9aa4bb58?s=96&d=mm&r=g\",\"contentUrl\":\"https:\/\/secure.gravatar.com\/avatar\/24a36fe68de56eac2a45cbaf9aa4bb58?s=96&d=mm&r=g\",\"caption\":\"Wisse Hettinga\"}}]}<\/script>","yoast_head_json":{"title":"Voir, c'est croire - Pleins feux sur les produits ...","description":"Les concepteurs de cet ordinateur portable ont remplac\u00e9 l'\u00e9cran par des lunettes \u00e0 r\u00e9alit\u00e9 augment\u00e9e","robots":{"index":"index","follow":"follow","max-snippet":"max-snippet:-1","max-image-preview":"max-image-preview:large","max-video-preview":"max-video-preview:-1"},"canonical":"https:\/\/www.ecinews.fr\/fr\/wp-json\/wp\/v2\/posts\/453874\/","og_locale":"fr_FR","og_type":"article","og_title":"Ordinateurs portables. La fin de l'\u00e9cran approche, place aux lunettes","og_description":"Les concepteurs de cet ordinateur portable ont remplac\u00e9 l'\u00e9cran par des lunettes \u00e0 r\u00e9alit\u00e9 augment\u00e9e","og_url":"https:\/\/www.ecinews.fr\/fr\/wp-json\/wp\/v2\/posts\/453874\/","og_site_name":"EENewsEurope","article_published_time":"2024-06-17T18:40:37+00:00","og_image":[{"width":821,"height":588,"url":"https:\/\/www.ecinews.fr\/wp-content\/uploads\/2024\/06\/Screen-Shot-2024-06-17-at-15.07.26.png","type":"image\/png"}],"author":"Daniel Cardon, Wisse Hettinga","twitter_card":"summary_large_image","twitter_misc":{"Written by":"Wisse Hettinga","Est. reading time":"1 minute"},"schema":{"@context":"https:\/\/schema.org","@graph":[{"@type":"Article","@id":"https:\/\/www.ecinews.fr\/fr\/ordinateurs-portables-la-fin-de-lecran-approche-place-aux-lunettes\/#article","isPartOf":{"@id":"https:\/\/www.ecinews.fr\/fr\/ordinateurs-portables-la-fin-de-lecran-approche-place-aux-lunettes\/"},"author":{"name":"Wisse Hettinga","@id":"https:\/\/www.eenewseurope.com\/en\/#\/schema\/person\/c6b626c6c65f5e1e7794ce2d17b2ca82"},"headline":"Ordinateurs portables. La fin de l&rsquo;\u00e9cran approche, place aux lunettes","datePublished":"2024-06-17T18:40:37+00:00","dateModified":"2024-06-17T18:40:37+00:00","mainEntityOfPage":{"@id":"https:\/\/www.ecinews.fr\/fr\/ordinateurs-portables-la-fin-de-lecran-approche-place-aux-lunettes\/"},"wordCount":145,"publisher":{"@id":"https:\/\/www.eenewseurope.com\/en\/#organization"},"keywords":["Mobilit\u00e9","ordinateur portable","r\u00e9alit\u00e9 augment\u00e9e"],"articleSection":["Technologies"],"inLanguage":"fr-FR"},{"@type":"WebPage","@id":"https:\/\/www.ecinews.fr\/fr\/ordinateurs-portables-la-fin-de-lecran-approche-place-aux-lunettes\/","url":"https:\/\/www.ecinews.fr\/fr\/ordinateurs-portables-la-fin-de-lecran-approche-place-aux-lunettes\/","name":"Voir, c'est croire - Pleins feux sur les produits","isPartOf":{"@id":"https:\/\/www.eenewseurope.com\/en\/#website"},"datePublished":"2024-06-17T18:40:37+00:00","dateModified":"2024-06-17T18:40:37+00:00","description":"Les concepteurs de cet ordinateur portable ont remplac\u00e9 l'\u00e9cran par des lunettes \u00e0 r\u00e9alit\u00e9 augment\u00e9e","breadcrumb":{"@id":"https:\/\/www.ecinews.fr\/fr\/ordinateurs-portables-la-fin-de-lecran-approche-place-aux-lunettes\/#breadcrumb"},"inLanguage":"fr-FR","potentialAction":[{"@type":"ReadAction","target":["https:\/\/www.ecinews.fr\/fr\/ordinateurs-portables-la-fin-de-lecran-approche-place-aux-lunettes\/"]}]},{"@type":"BreadcrumbList","@id":"https:\/\/www.ecinews.fr\/fr\/ordinateurs-portables-la-fin-de-lecran-approche-place-aux-lunettes\/#breadcrumb","itemListElement":[{"@type":"ListItem","position":1,"name":"Home","item":"https:\/\/www.ecinews.fr\/fr\/"},{"@type":"ListItem","position":2,"name":"Ordinateurs portables. La fin de l&rsquo;\u00e9cran approche, place aux lunettes"}]},{"@type":"WebSite","@id":"https:\/\/www.eenewseurope.com\/en\/#website","url":"https:\/\/www.eenewseurope.com\/en\/","name":"EENewsEurope","description":"Just another WordPress site","publisher":{"@id":"https:\/\/www.eenewseurope.com\/en\/#organization"},"potentialAction":[{"@type":"SearchAction","target":{"@type":"EntryPoint","urlTemplate":"https:\/\/www.eenewseurope.com\/en\/?s={search_term_string}"},"query-input":"required name=search_term_string"}],"inLanguage":"fr-FR"},{"@type":"Organization","@id":"https:\/\/www.eenewseurope.com\/en\/#organization","name":"EENewsEurope","url":"https:\/\/www.eenewseurope.com\/en\/","logo":{"@type":"ImageObject","inLanguage":"fr-FR","@id":"https:\/\/www.eenewseurope.com\/en\/#\/schema\/logo\/image\/","url":"https:\/\/www.ecinews.fr\/wp-content\/uploads\/2022\/02\/logo-1.jpg","contentUrl":"https:\/\/www.ecinews.fr\/wp-content\/uploads\/2022\/02\/logo-1.jpg","width":283,"height":113,"caption":"EENewsEurope"},"image":{"@id":"https:\/\/www.eenewseurope.com\/en\/#\/schema\/logo\/image\/"}},{"@type":"Person","@id":"https:\/\/www.eenewseurope.com\/en\/#\/schema\/person\/c6b626c6c65f5e1e7794ce2d17b2ca82","name":"Wisse Hettinga","image":{"@type":"ImageObject","inLanguage":"fr-FR","@id":"https:\/\/www.eenewseurope.com\/en\/#\/schema\/person\/image\/5dc5f564ca306d7cb8b22735be49a465","url":"https:\/\/secure.gravatar.com\/avatar\/24a36fe68de56eac2a45cbaf9aa4bb58?s=96&d=mm&r=g","contentUrl":"https:\/\/secure.gravatar.com\/avatar\/24a36fe68de56eac2a45cbaf9aa4bb58?s=96&d=mm&r=g","caption":"Wisse Hettinga"}}]}},"authors":[{"term_id":1143,"user_id":11,"is_guest":0,"slug":"danielcardon","display_name":"Daniel Cardon","avatar_url":"https:\/\/secure.gravatar.com\/avatar\/de9edc136dfc061ad4778e04635baefa?s=96&d=mm&r=g","0":null,"1":"","2":"","3":"","4":"","5":"","6":"","7":"","8":""},{"term_id":1139,"user_id":7,"is_guest":0,"slug":"wisse-hettinga","display_name":"Wisse Hettinga","avatar_url":"https:\/\/secure.gravatar.com\/avatar\/24a36fe68de56eac2a45cbaf9aa4bb58?s=96&d=mm&r=g","0":null,"1":"","2":"","3":"","4":"","5":"","6":"","7":"","8":""}],"_links":{"self":[{"href":"https:\/\/www.ecinews.fr\/fr\/wp-json\/wp\/v2\/posts\/453874"}],"collection":[{"href":"https:\/\/www.ecinews.fr\/fr\/wp-json\/wp\/v2\/posts"}],"about":[{"href":"https:\/\/www.ecinews.fr\/fr\/wp-json\/wp\/v2\/types\/post"}],"author":[{"embeddable":true,"href":"https:\/\/www.ecinews.fr\/fr\/wp-json\/wp\/v2\/users\/7"}],"replies":[{"embeddable":true,"href":"https:\/\/www.ecinews.fr\/fr\/wp-json\/wp\/v2\/comments?post=453874"}],"version-history":[{"count":0,"href":"https:\/\/www.ecinews.fr\/fr\/wp-json\/wp\/v2\/posts\/453874\/revisions"}],"wp:featuredmedia":[{"embeddable":true,"href":"https:\/\/www.ecinews.fr\/fr\/wp-json\/wp\/v2\/media\/453853"}],"wp:attachment":[{"href":"https:\/\/www.ecinews.fr\/fr\/wp-json\/wp\/v2\/media?parent=453874"}],"wp:term":[{"taxonomy":"category","embeddable":true,"href":"https:\/\/www.ecinews.fr\/fr\/wp-json\/wp\/v2\/categories?post=453874"},{"taxonomy":"post_tag","embeddable":true,"href":"https:\/\/www.ecinews.fr\/fr\/wp-json\/wp\/v2\/tags?post=453874"},{"taxonomy":"domains","embeddable":true,"href":"https:\/\/www.ecinews.fr\/fr\/wp-json\/wp\/v2\/domains?post=453874"},{"taxonomy":"author","embeddable":true,"href":"https:\/\/www.ecinews.fr\/fr\/wp-json\/wp\/v2\/ppma_author?post=453874"}],"curies":[{"name":"wp","href":"https:\/\/api.w.org\/{rel}","templated":true}]}}