{"id":453686,"date":"2024-06-14T10:00:54","date_gmt":"2024-06-14T08:00:54","guid":{"rendered":"https:\/\/www.ecinews.fr\/?p=453686"},"modified":"2024-06-13T22:08:25","modified_gmt":"2024-06-13T20:08:25","slug":"pc-ia-empilable-vecow-avec-processeur-intel-core-ultra-au-catalogue-dadm21","status":"publish","type":"post","link":"https:\/\/www.ecinews.fr\/fr\/pc-ia-empilable-vecow-avec-processeur-intel-core-ultra-au-catalogue-dadm21\/","title":{"rendered":"PC IA empilable Vecow avec processeur Intel Core Ultra au catalogue d\u2019ADM21"},"content":{"rendered":"<h3>ADM21 accueille dans son catalogue la nouvelle s\u00e9rie\u00a0TGS-1000 de Vecow, un PC IA empilable ultra-compact bas\u00e9 sur la nouvelle architecture hybride Intel Core Ultra. Reposant sur trois moteurs actuels : CPU, GPU et NPU dans le m\u00eame processeur.<\/h3>\n<p>La s\u00e9rie TGS-1000 offre des capacit\u00e9s am\u00e9lior\u00e9es pour l&rsquo;IA, une ex\u00e9cution de charges de travail d&rsquo;IA h\u00e9t\u00e9rog\u00e8nes et des performances de vitesses de calcul \u00e9lev\u00e9es tout en pr\u00e9servant une consommation d&rsquo;\u00e9nergie ais\u00e9e.<\/p>\n<p>Parall\u00e8lement \u00e0 la s\u00e9rie TGS-1000, Vecow a lanc\u00e9 le\u00a0SPC-9000, un PC industriel IA, \u00e9galement dot\u00e9 d&rsquo;une carte de 3,5 pouces, l&rsquo;EMBC-7000, qui peut \u00eatre utilis\u00e9 \u00e9galement avec le m\u00eame processeur Intel Core Ultra.\u00a0<\/p>\n<p><strong>Adopter l&rsquo;IA Ara avec les processeurs Intel Core Ultra<\/strong><\/p>\n<p>Exploitant le processeur Intel Core Ultra 7 165H\/Ultra 5 135H, \u00e9quip\u00e9 de NPU (neural Processing Units), coop\u00e9rant ici avec le GPU directement sur le processeur, la s\u00e9rie\u00a0TGS-1000\u00a0excelle dans les exigences de hautes performances de l&rsquo;IA.<\/p>\n<p><strong>Activation de diverses applications AIoT<\/strong><\/p>\n<p>Le GPU Intel Arc int\u00e9gr\u00e9 am\u00e9liore les performances de la s\u00e9rie\u00a0TGS-1000, favorisant des exp\u00e9riences immersives et des solutions avanc\u00e9es de vision par ordinateur tout en r\u00e9duisant le besoin d&rsquo;acc\u00e9l\u00e9rateurs d&rsquo;entr\u00e9e de gamme. La s\u00e9rie TGS-1000 prend en charge jusqu&rsquo;\u00e0 cinq \u00e9crans 4K via HDMI 2.1 et DisplayPort 1.4 et offre une connectivit\u00e9 haut d\u00e9bit avec un LAN 2,5G et trois ports USB 3.0 (deux de type A et un de type C). De plus, le NPU Intel AI Boost permet \u00e0 la s\u00e9rie TGS-1000 de fournir des performances d&rsquo;IA efficaces.<\/p>\n<p>La s\u00e9rie Vecow TGS-1000 est actuellement destin\u00e9e \u00e0 diff\u00e9rentes applications d&rsquo;IA, notamment le traitement acc\u00e9l\u00e9r\u00e9 de l&rsquo;IA, l&rsquo;assistance \u00e0 la vid\u00e9oconf\u00e9rence IA, un gameplay immersif pr\u00eat pour l&rsquo;IA et le streaming 4K.<\/p>\n<p>\u00a0<a href=\"https:\/\/www.adm21.fr\/\">ADM21<\/a> | <a href=\"https:\/\/www.vecow.com\/\">Vecow<\/a><\/p>\n<p><a href=\"https:\/\/news.google.com\/publications\/CAAqBwgKMJbcwQswuPfYAw?hl=fr&amp;gl=BE&amp;ceid=BE:fr\">Suivre ECInews sur Google news<\/a><\/p>\n","protected":false},"excerpt":{"rendered":"<p>ADM21 accueille dans son catalogue la nouvelle s\u00e9rie\u00a0TGS-1000 de Vecow, un PC IA empilable ultra-compact bas\u00e9 sur la nouvelle architecture hybride Intel Core Ultra. Reposant sur trois moteurs actuels : CPU, GPU et NPU dans le m\u00eame processeur. La s\u00e9rie TGS-1000 offre des capacit\u00e9s am\u00e9lior\u00e9es pour l&rsquo;IA, une ex\u00e9cution de charges de travail d&rsquo;IA h\u00e9t\u00e9rog\u00e8nes [&hellip;]<\/p>\n","protected":false},"author":39,"featured_media":453689,"comment_status":"closed","ping_status":"closed","sticky":false,"template":"","format":"standard","meta":{"_acf_changed":false,"footnotes":""},"categories":[886],"tags":[1048,6518],"domains":[47],"ppma_author":[6113],"class_list":["post-453686","post","type-post","status-publish","format-standard","has-post-thumbnail","hentry","category-news-fr","tag-intelligence-artificielle","tag-pc-industriel","domains-electronique-eci"],"acf":[],"yoast_head":"<title>PC IA empilable Vecow avec processeur Intel Core Ultra au catal...<\/title>\n<meta name=\"description\" content=\"ADM21 accueille dans son catalogue la nouvelle s\u00e9rie\u00a0TGS-1000 de Vecow, un PC IA empilable ultra-compact bas\u00e9 sur la nouvelle architecture hybride Intel...\" \/>\n<meta name=\"robots\" content=\"index, follow, max-snippet:-1, max-image-preview:large, max-video-preview:-1\" \/>\n<link rel=\"canonical\" href=\"https:\/\/www.ecinews.fr\/fr\/wp-json\/wp\/v2\/posts\/453686\/\" \/>\n<meta property=\"og:locale\" content=\"fr_FR\" \/>\n<meta property=\"og:type\" content=\"article\" \/>\n<meta property=\"og:title\" content=\"PC IA empilable Vecow avec processeur Intel Core Ultra au catalogue d\u2019ADM21\" \/>\n<meta property=\"og:description\" content=\"ADM21 accueille dans son catalogue la nouvelle s\u00e9rie\u00a0TGS-1000 de Vecow, un PC IA empilable ultra-compact bas\u00e9 sur la nouvelle architecture hybride Intel Core Ultra. Reposant sur trois moteurs actuels : CPU, GPU et NPU dans le m\u00eame processeur.\" \/>\n<meta property=\"og:url\" content=\"https:\/\/www.ecinews.fr\/fr\/wp-json\/wp\/v2\/posts\/453686\/\" \/>\n<meta property=\"og:site_name\" content=\"EENewsEurope\" \/>\n<meta property=\"article:published_time\" content=\"2024-06-14T08:00:54+00:00\" \/>\n<meta property=\"article:modified_time\" content=\"2024-06-13T20:08:25+00:00\" \/>\n<meta property=\"og:image\" content=\"https:\/\/www.ecinews.fr\/wp-content\/uploads\/2024\/06\/ECI4231-Vecow-devoile-un-PC-IA-stackable-dote-du-processeur-Intel-Core-Ultra.jpg\" \/>\n\t<meta property=\"og:image:width\" content=\"600\" \/>\n\t<meta property=\"og:image:height\" content=\"369\" \/>\n\t<meta property=\"og:image:type\" content=\"image\/jpeg\" \/>\n<meta name=\"author\" content=\"NicolasFeste\" \/>\n<meta name=\"twitter:card\" content=\"summary_large_image\" \/>\n<meta name=\"twitter:label1\" content=\"Written by\" \/>\n\t<meta name=\"twitter:data1\" content=\"NicolasFeste\" \/>\n\t<meta name=\"twitter:label2\" content=\"Est. reading time\" \/>\n\t<meta name=\"twitter:data2\" content=\"2 minutes\" \/>\n<script type=\"application\/ld+json\" class=\"yoast-schema-graph\">{\"@context\":\"https:\/\/schema.org\",\"@graph\":[{\"@type\":\"Article\",\"@id\":\"https:\/\/www.ecinews.fr\/fr\/pc-ia-empilable-vecow-avec-processeur-intel-core-ultra-au-catalogue-dadm21\/#article\",\"isPartOf\":{\"@id\":\"https:\/\/www.ecinews.fr\/fr\/pc-ia-empilable-vecow-avec-processeur-intel-core-ultra-au-catalogue-dadm21\/\"},\"author\":{\"name\":\"NicolasFeste\",\"@id\":\"https:\/\/www.ecinews.fr\/fr\/#\/schema\/person\/c7104a72b466a801f257e51481de0c43\"},\"headline\":\"PC IA empilable Vecow avec processeur Intel Core Ultra au catalogue d\u2019ADM21\",\"datePublished\":\"2024-06-14T08:00:54+00:00\",\"dateModified\":\"2024-06-13T20:08:25+00:00\",\"mainEntityOfPage\":{\"@id\":\"https:\/\/www.ecinews.fr\/fr\/pc-ia-empilable-vecow-avec-processeur-intel-core-ultra-au-catalogue-dadm21\/\"},\"wordCount\":341,\"publisher\":{\"@id\":\"https:\/\/www.ecinews.fr\/fr\/#organization\"},\"keywords\":[\"Intelligence Artificielle\",\"PC industriel\"],\"articleSection\":[\"Actualit\u00e9 g\u00e9n\u00e9rale\"],\"inLanguage\":\"fr-FR\"},{\"@type\":\"WebPage\",\"@id\":\"https:\/\/www.ecinews.fr\/fr\/pc-ia-empilable-vecow-avec-processeur-intel-core-ultra-au-catalogue-dadm21\/\",\"url\":\"https:\/\/www.ecinews.fr\/fr\/pc-ia-empilable-vecow-avec-processeur-intel-core-ultra-au-catalogue-dadm21\/\",\"name\":\"PC IA empilable Vecow avec processeur Intel Core Ultra au catalogue d\u2019ADM21 -\",\"isPartOf\":{\"@id\":\"https:\/\/www.ecinews.fr\/fr\/#website\"},\"datePublished\":\"2024-06-14T08:00:54+00:00\",\"dateModified\":\"2024-06-13T20:08:25+00:00\",\"description\":\"ADM21 accueille dans son catalogue la nouvelle s\u00e9rie\u00a0TGS-1000 de Vecow, un PC IA empilable ultra-compact bas\u00e9 sur la nouvelle architecture hybride Intel Core Ultra. Reposant sur trois moteurs actuels : CPU, GPU et NPU dans le m\u00eame processeur.\",\"breadcrumb\":{\"@id\":\"https:\/\/www.ecinews.fr\/fr\/pc-ia-empilable-vecow-avec-processeur-intel-core-ultra-au-catalogue-dadm21\/#breadcrumb\"},\"inLanguage\":\"fr-FR\",\"potentialAction\":[{\"@type\":\"ReadAction\",\"target\":[\"https:\/\/www.ecinews.fr\/fr\/pc-ia-empilable-vecow-avec-processeur-intel-core-ultra-au-catalogue-dadm21\/\"]}]},{\"@type\":\"BreadcrumbList\",\"@id\":\"https:\/\/www.ecinews.fr\/fr\/pc-ia-empilable-vecow-avec-processeur-intel-core-ultra-au-catalogue-dadm21\/#breadcrumb\",\"itemListElement\":[{\"@type\":\"ListItem\",\"position\":1,\"name\":\"Home\",\"item\":\"https:\/\/www.ecinews.fr\/fr\/\"},{\"@type\":\"ListItem\",\"position\":2,\"name\":\"PC IA empilable Vecow avec processeur Intel Core Ultra au catalogue d\u2019ADM21\"}]},{\"@type\":\"WebSite\",\"@id\":\"https:\/\/www.ecinews.fr\/fr\/#website\",\"url\":\"https:\/\/www.ecinews.fr\/fr\/\",\"name\":\"EENewsEurope\",\"description\":\"Just another WordPress site\",\"publisher\":{\"@id\":\"https:\/\/www.ecinews.fr\/fr\/#organization\"},\"potentialAction\":[{\"@type\":\"SearchAction\",\"target\":{\"@type\":\"EntryPoint\",\"urlTemplate\":\"https:\/\/www.ecinews.fr\/fr\/?s={search_term_string}\"},\"query-input\":\"required name=search_term_string\"}],\"inLanguage\":\"fr-FR\"},{\"@type\":\"Organization\",\"@id\":\"https:\/\/www.ecinews.fr\/fr\/#organization\",\"name\":\"EENewsEurope\",\"url\":\"https:\/\/www.ecinews.fr\/fr\/\",\"logo\":{\"@type\":\"ImageObject\",\"inLanguage\":\"fr-FR\",\"@id\":\"https:\/\/www.ecinews.fr\/fr\/#\/schema\/logo\/image\/\",\"url\":\"https:\/\/www.ecinews.fr\/wp-content\/uploads\/2022\/02\/logo-1.jpg\",\"contentUrl\":\"https:\/\/www.ecinews.fr\/wp-content\/uploads\/2022\/02\/logo-1.jpg\",\"width\":283,\"height\":113,\"caption\":\"EENewsEurope\"},\"image\":{\"@id\":\"https:\/\/www.ecinews.fr\/fr\/#\/schema\/logo\/image\/\"}},{\"@type\":\"Person\",\"@id\":\"https:\/\/www.ecinews.fr\/fr\/#\/schema\/person\/c7104a72b466a801f257e51481de0c43\",\"name\":\"NicolasFeste\",\"image\":{\"@type\":\"ImageObject\",\"inLanguage\":\"fr-FR\",\"@id\":\"https:\/\/www.ecinews.fr\/fr\/#\/schema\/person\/image\/1ea421e7d03c1e96a9ea2bcf2705734a\",\"url\":\"https:\/\/secure.gravatar.com\/avatar\/2e187f4d96902933ba445ed6c760e11c?s=96&d=mm&r=g\",\"contentUrl\":\"https:\/\/secure.gravatar.com\/avatar\/2e187f4d96902933ba445ed6c760e11c?s=96&d=mm&r=g\",\"caption\":\"NicolasFeste\"}}]}<\/script>","yoast_head_json":{"title":"PC IA empilable Vecow avec processeur Intel Core Ultra au catal...","description":"ADM21 accueille dans son catalogue la nouvelle s\u00e9rie\u00a0TGS-1000 de Vecow, un PC IA empilable ultra-compact bas\u00e9 sur la nouvelle architecture hybride Intel...","robots":{"index":"index","follow":"follow","max-snippet":"max-snippet:-1","max-image-preview":"max-image-preview:large","max-video-preview":"max-video-preview:-1"},"canonical":"https:\/\/www.ecinews.fr\/fr\/wp-json\/wp\/v2\/posts\/453686\/","og_locale":"fr_FR","og_type":"article","og_title":"PC IA empilable Vecow avec processeur Intel Core Ultra au catalogue d\u2019ADM21","og_description":"ADM21 accueille dans son catalogue la nouvelle s\u00e9rie\u00a0TGS-1000 de Vecow, un PC IA empilable ultra-compact bas\u00e9 sur la nouvelle architecture hybride Intel Core Ultra. Reposant sur trois moteurs actuels : CPU, GPU et NPU dans le m\u00eame processeur.","og_url":"https:\/\/www.ecinews.fr\/fr\/wp-json\/wp\/v2\/posts\/453686\/","og_site_name":"EENewsEurope","article_published_time":"2024-06-14T08:00:54+00:00","article_modified_time":"2024-06-13T20:08:25+00:00","og_image":[{"width":600,"height":369,"url":"https:\/\/www.ecinews.fr\/wp-content\/uploads\/2024\/06\/ECI4231-Vecow-devoile-un-PC-IA-stackable-dote-du-processeur-Intel-Core-Ultra.jpg","type":"image\/jpeg"}],"author":"NicolasFeste","twitter_card":"summary_large_image","twitter_misc":{"Written by":"NicolasFeste","Est. reading time":"2 minutes"},"schema":{"@context":"https:\/\/schema.org","@graph":[{"@type":"Article","@id":"https:\/\/www.ecinews.fr\/fr\/pc-ia-empilable-vecow-avec-processeur-intel-core-ultra-au-catalogue-dadm21\/#article","isPartOf":{"@id":"https:\/\/www.ecinews.fr\/fr\/pc-ia-empilable-vecow-avec-processeur-intel-core-ultra-au-catalogue-dadm21\/"},"author":{"name":"NicolasFeste","@id":"https:\/\/www.ecinews.fr\/fr\/#\/schema\/person\/c7104a72b466a801f257e51481de0c43"},"headline":"PC IA empilable Vecow avec processeur Intel Core Ultra au catalogue d\u2019ADM21","datePublished":"2024-06-14T08:00:54+00:00","dateModified":"2024-06-13T20:08:25+00:00","mainEntityOfPage":{"@id":"https:\/\/www.ecinews.fr\/fr\/pc-ia-empilable-vecow-avec-processeur-intel-core-ultra-au-catalogue-dadm21\/"},"wordCount":341,"publisher":{"@id":"https:\/\/www.ecinews.fr\/fr\/#organization"},"keywords":["Intelligence Artificielle","PC industriel"],"articleSection":["Actualit\u00e9 g\u00e9n\u00e9rale"],"inLanguage":"fr-FR"},{"@type":"WebPage","@id":"https:\/\/www.ecinews.fr\/fr\/pc-ia-empilable-vecow-avec-processeur-intel-core-ultra-au-catalogue-dadm21\/","url":"https:\/\/www.ecinews.fr\/fr\/pc-ia-empilable-vecow-avec-processeur-intel-core-ultra-au-catalogue-dadm21\/","name":"PC IA empilable Vecow avec processeur Intel Core Ultra au catalogue d\u2019ADM21 -","isPartOf":{"@id":"https:\/\/www.ecinews.fr\/fr\/#website"},"datePublished":"2024-06-14T08:00:54+00:00","dateModified":"2024-06-13T20:08:25+00:00","description":"ADM21 accueille dans son catalogue la nouvelle s\u00e9rie\u00a0TGS-1000 de Vecow, un PC IA empilable ultra-compact bas\u00e9 sur la nouvelle architecture hybride Intel Core Ultra. Reposant sur trois moteurs actuels : CPU, GPU et NPU dans le m\u00eame processeur.","breadcrumb":{"@id":"https:\/\/www.ecinews.fr\/fr\/pc-ia-empilable-vecow-avec-processeur-intel-core-ultra-au-catalogue-dadm21\/#breadcrumb"},"inLanguage":"fr-FR","potentialAction":[{"@type":"ReadAction","target":["https:\/\/www.ecinews.fr\/fr\/pc-ia-empilable-vecow-avec-processeur-intel-core-ultra-au-catalogue-dadm21\/"]}]},{"@type":"BreadcrumbList","@id":"https:\/\/www.ecinews.fr\/fr\/pc-ia-empilable-vecow-avec-processeur-intel-core-ultra-au-catalogue-dadm21\/#breadcrumb","itemListElement":[{"@type":"ListItem","position":1,"name":"Home","item":"https:\/\/www.ecinews.fr\/fr\/"},{"@type":"ListItem","position":2,"name":"PC IA empilable Vecow avec processeur Intel Core Ultra au catalogue d\u2019ADM21"}]},{"@type":"WebSite","@id":"https:\/\/www.ecinews.fr\/fr\/#website","url":"https:\/\/www.ecinews.fr\/fr\/","name":"EENewsEurope","description":"Just another WordPress site","publisher":{"@id":"https:\/\/www.ecinews.fr\/fr\/#organization"},"potentialAction":[{"@type":"SearchAction","target":{"@type":"EntryPoint","urlTemplate":"https:\/\/www.ecinews.fr\/fr\/?s={search_term_string}"},"query-input":"required name=search_term_string"}],"inLanguage":"fr-FR"},{"@type":"Organization","@id":"https:\/\/www.ecinews.fr\/fr\/#organization","name":"EENewsEurope","url":"https:\/\/www.ecinews.fr\/fr\/","logo":{"@type":"ImageObject","inLanguage":"fr-FR","@id":"https:\/\/www.ecinews.fr\/fr\/#\/schema\/logo\/image\/","url":"https:\/\/www.ecinews.fr\/wp-content\/uploads\/2022\/02\/logo-1.jpg","contentUrl":"https:\/\/www.ecinews.fr\/wp-content\/uploads\/2022\/02\/logo-1.jpg","width":283,"height":113,"caption":"EENewsEurope"},"image":{"@id":"https:\/\/www.ecinews.fr\/fr\/#\/schema\/logo\/image\/"}},{"@type":"Person","@id":"https:\/\/www.ecinews.fr\/fr\/#\/schema\/person\/c7104a72b466a801f257e51481de0c43","name":"NicolasFeste","image":{"@type":"ImageObject","inLanguage":"fr-FR","@id":"https:\/\/www.ecinews.fr\/fr\/#\/schema\/person\/image\/1ea421e7d03c1e96a9ea2bcf2705734a","url":"https:\/\/secure.gravatar.com\/avatar\/2e187f4d96902933ba445ed6c760e11c?s=96&d=mm&r=g","contentUrl":"https:\/\/secure.gravatar.com\/avatar\/2e187f4d96902933ba445ed6c760e11c?s=96&d=mm&r=g","caption":"NicolasFeste"}}]}},"authors":[{"term_id":6113,"user_id":39,"is_guest":0,"slug":"nicolasfeste","display_name":"NicolasFeste","avatar_url":"https:\/\/secure.gravatar.com\/avatar\/2e187f4d96902933ba445ed6c760e11c?s=96&d=mm&r=g","0":null,"1":"","2":"","3":"","4":"","5":"","6":"","7":"","8":""}],"_links":{"self":[{"href":"https:\/\/www.ecinews.fr\/fr\/wp-json\/wp\/v2\/posts\/453686"}],"collection":[{"href":"https:\/\/www.ecinews.fr\/fr\/wp-json\/wp\/v2\/posts"}],"about":[{"href":"https:\/\/www.ecinews.fr\/fr\/wp-json\/wp\/v2\/types\/post"}],"author":[{"embeddable":true,"href":"https:\/\/www.ecinews.fr\/fr\/wp-json\/wp\/v2\/users\/39"}],"replies":[{"embeddable":true,"href":"https:\/\/www.ecinews.fr\/fr\/wp-json\/wp\/v2\/comments?post=453686"}],"version-history":[{"count":0,"href":"https:\/\/www.ecinews.fr\/fr\/wp-json\/wp\/v2\/posts\/453686\/revisions"}],"wp:featuredmedia":[{"embeddable":true,"href":"https:\/\/www.ecinews.fr\/fr\/wp-json\/wp\/v2\/media\/453689"}],"wp:attachment":[{"href":"https:\/\/www.ecinews.fr\/fr\/wp-json\/wp\/v2\/media?parent=453686"}],"wp:term":[{"taxonomy":"category","embeddable":true,"href":"https:\/\/www.ecinews.fr\/fr\/wp-json\/wp\/v2\/categories?post=453686"},{"taxonomy":"post_tag","embeddable":true,"href":"https:\/\/www.ecinews.fr\/fr\/wp-json\/wp\/v2\/tags?post=453686"},{"taxonomy":"domains","embeddable":true,"href":"https:\/\/www.ecinews.fr\/fr\/wp-json\/wp\/v2\/domains?post=453686"},{"taxonomy":"author","embeddable":true,"href":"https:\/\/www.ecinews.fr\/fr\/wp-json\/wp\/v2\/ppma_author?post=453686"}],"curies":[{"name":"wp","href":"https:\/\/api.w.org\/{rel}","templated":true}]}}