{"id":453462,"date":"2024-06-11T19:01:33","date_gmt":"2024-06-11T17:01:33","guid":{"rendered":"https:\/\/www.eenewseurope.com\/?p=453462"},"modified":"2024-06-11T19:01:33","modified_gmt":"2024-06-11T17:01:33","slug":"lia-fera-grimper-les-prix-des-pc-mais-pas-les-livraisons-selon-idc","status":"publish","type":"post","link":"https:\/\/www.ecinews.fr\/fr\/lia-fera-grimper-les-prix-des-pc-mais-pas-les-livraisons-selon-idc\/","title":{"rendered":"L&rsquo;IA fera grimper les prix des PC, mais pas les livraisons, selon IDC"},"content":{"rendered":"<h2>Selon l&rsquo;analyste de march\u00e9 IDC, les ordinateurs personnels dot\u00e9s de capacit\u00e9s d&rsquo;IA augmenteront le prix de vente moyen des ordinateurs personnels, mais n&rsquo;auront que peu d&rsquo;impact sur les ventes globales d&rsquo;ordinateurs au cours des prochaines ann\u00e9es.<\/h2>\n<p>En 2024, le march\u00e9 des PC traditionnels restera stable, avec quelques achats de rafra\u00eechissement dans les pays occidentaux, contrebalanc\u00e9s par une baisse des ventes en Chine en raison des difficult\u00e9s \u00e9conomiques, selon IDC.<\/p>\n<p>IDC pr\u00e9voit que les livraisons de PC atteindront 260,2 millions d&rsquo;unit\u00e9s, malgr\u00e9 l&rsquo;arriv\u00e9e de PC \u00e9quip\u00e9s d&rsquo;unit\u00e9s de traitement neuronal, appel\u00e9s PC IA. Ces pr\u00e9visions globales sont entrav\u00e9es par la Chine, o\u00f9 les stocks sont \u00e9lev\u00e9s. Hors Chine, le march\u00e9 des PC devrait cro\u00eetre de 2,6 % d&rsquo;une ann\u00e9e sur l&rsquo;autre en 2024, tandis que le march\u00e9 des PC en Chine ne devrait pas se redresser avant le deuxi\u00e8me semestre de l&rsquo;ann\u00e9e 25, selon IDC.<\/p>\n<div id=\"attachment_453440\" style=\"width: 610px\" class=\"wp-caption alignleft\"><img decoding=\"async\" aria-describedby=\"caption-attachment-453440\" class=\"wp-image-453440 size-full lazyload\" data-src=\"https:\/\/www.eenewseurope.com\/wp-content\/uploads\/2024\/06\/IDCaipc600.jpg\" alt=\"\" width=\"600\" height=\"330\" data-srcset=\"https:\/\/www.ecinews.fr\/wp-content\/uploads\/2024\/06\/IDCaipc600.jpg 600w, https:\/\/www.ecinews.fr\/wp-content\/uploads\/2024\/06\/IDCaipc600-300x165.jpg 300w\" data-sizes=\"(max-width: 600px) 100vw, 600px\" src=\"data:image\/svg+xml;base64,PHN2ZyB3aWR0aD0iMSIgaGVpZ2h0PSIxIiB4bWxucz0iaHR0cDovL3d3dy53My5vcmcvMjAwMC9zdmciPjwvc3ZnPg==\" style=\"--smush-placeholder-width: 600px; --smush-placeholder-aspect-ratio: 600\/330;\" \/><p id=\"caption-attachment-453440\" class=\"wp-caption-text\"><em><strong>Part du march\u00e9 mondial des ordinateurs de bureau et des ordinateurs portables par performance NPU. Source : IDC : IDC.<\/strong><\/em><\/p><\/div>\n<p>Les facteurs influen\u00e7ant le reste du monde en 2024 sont les suivants :<\/p>\n<ul>\n<li>Un cycle de rafra\u00eechissement de l&rsquo;enseignement, puisque 29,6 millions de PC sont livr\u00e9s sur ce march\u00e9. Toutefois, en raison des budgets r\u00e9duits, le cycle d&rsquo;actualisation s&rsquo;\u00e9talera sur plusieurs ann\u00e9es au lieu de produire le pic observ\u00e9 lors de la pand\u00e9mie.<\/li>\n<li>Une mise \u00e0 jour de Windows 11 est pr\u00e9vue en raison de la fin du support de Windows 10 fin 2025.<\/li>\n<li>Les achats de PC par les consommateurs diminueront de 1,1 % en 2024. Toutefois, si l&rsquo;on exclut la Chine de cette comparaison, les exp\u00e9ditions augmenteront de 1,6 %.<\/li>\n<li>Dans le secteur de la consommation, l&rsquo;int\u00e9r\u00eat \u00e0 court terme pour les smartphones pourrait freiner les achats de PC.<\/li>\n<\/ul>\n<p>IDC a d\u00e9clar\u00e9 que les PC IA bas\u00e9s sur le silicium ARM de Qualcomm et sur les composants d&rsquo;AMD et de Nvidia qui arriveront plus tard dans l&rsquo;ann\u00e9e stimuleront certaines ventes \u00e0 court terme. Mais il a ajout\u00e9 que l&rsquo;AI-PC fait essentiellement partie du cycle de rafra\u00eechissement et n&rsquo;\u00e9largit pas le march\u00e9. Selon IDC, les PC IA ne sont pas susceptibles d&rsquo;augmenter le volume des livraisons, mais ils devraient aider les fournisseurs \u00e0 augmenter les prix de vente moyens.<\/p>\n<p>\u00ab\u00a0Bien que le bruit autour de l&rsquo;IA sur l&rsquo;appareil puisse sembler un peu injustifi\u00e9 en raison du manque de cas d&rsquo;utilisation bien d\u00e9finis pour les utilisateurs professionnels et les entreprises, ces appareils apporteront avec eux un changement radical dans l&rsquo;informatique en offrant la g\u00e9n\u00e9ration de contenu et une productivit\u00e9 accrue au cours des prochaines ann\u00e9es\u00a0\u00bb, a d\u00e9clar\u00e9 Jitesh Ubrani, directeur de recherche chez IDC. \u00ab\u00a0Toutefois, l&rsquo;adoption par les consommateurs prendra probablement plus de temps, car il ne sera pas facile d&rsquo;\u00e9duquer les utilisateurs sur les avantages de l&rsquo;IA sur l&rsquo;appareil par rapport aux solutions bas\u00e9es dans le cloud.<\/p>\n<p>IDC a d\u00e9clar\u00e9 qu&rsquo;\u00e0 terme, l&rsquo;IA sera omnipr\u00e9sente dans les PC et que sa part de march\u00e9 passera de 20 % en 2024 \u00e0 deux tiers du march\u00e9 en 2028.<\/p>\n<h4>Liens et articles connexes :<\/h4>\n<p><a href=\"https:\/\/www.idc.com\">www.idc.com<\/a><\/p>\n<h4>Articles de presse :<\/h4>\n<p><a href=\"https:\/\/www.eenewseurope.com\/en\/idc-drops-pc-market-forecast-ahead-of-2024-rebound\/\">IDC revoit \u00e0 la baisse ses pr\u00e9visions pour le march\u00e9 des PC avant le rebond de 2024<\/a><\/p>\n<p><a href=\"https:\/\/www.eenewseurope.com\/en\/smartphone-pc-markets-reflect-market-recovery\/\">Les march\u00e9s des smartphones et des PC refl\u00e8tent la reprise du march\u00e9<\/a><\/p>\n<p><a href=\"https:\/\/www.eenewseurope.com\/en\/ai-models-to-take-15-of-growing-smartphone-market-in-2024\/\">Les mod\u00e8les d&rsquo;IA prendront 15 % du march\u00e9 croissant des smartphones en 2024<\/a><\/p>\n<p><a href=\"https:\/\/www.eenewseurope.com\/en\/cambridge-firm-raises-us40-million-for-smartphone-bid\/\">Une entreprise de Cambridge l\u00e8ve 40 millions de dollars pour son offre de smartphones<\/a><\/p>\n","protected":false},"excerpt":{"rendered":"<p>Selon l&rsquo;analyste de march\u00e9 IDC, les ordinateurs personnels dot\u00e9s de capacit\u00e9s d&rsquo;IA augmenteront le prix de vente moyen des ordinateurs personnels, mais n&rsquo;auront que peu d&rsquo;impact sur les ventes globales d&rsquo;ordinateurs au cours des prochaines ann\u00e9es. En 2024, le march\u00e9 des PC traditionnels restera stable, avec quelques achats de rafra\u00eechissement dans les pays occidentaux, contrebalanc\u00e9s [&hellip;]<\/p>\n","protected":false},"author":40,"featured_media":453443,"comment_status":"closed","ping_status":"closed","sticky":false,"template":"","format":"standard","meta":{"_acf_changed":false,"footnotes":""},"categories":[888],"tags":[2198,6584,1320,2327,6206],"domains":[47],"ppma_author":[6199,3631],"class_list":["post-453462","post","type-post","status-publish","format-standard","has-post-thumbnail","hentry","category-marche","tag-ia","tag-ia-pc","tag-informatique","tag-marche","tag-pc-fr-2","domains-electronique-eci"],"acf":[],"yoast_head":"<title>L&#039;IA fera grimper les prix des PC, mais pas les livraisons, sel...<\/title>\n<meta name=\"description\" content=\"Selon IDC, les PCs dot\u00e9s de capacit\u00e9s d&#039;IA augmenteront le prix de vente moyen des PCs au cours des prochaines ann\u00e9es pas leur nombre.\" \/>\n<meta name=\"robots\" content=\"index, follow, max-snippet:-1, max-image-preview:large, max-video-preview:-1\" \/>\n<link rel=\"canonical\" href=\"https:\/\/www.ecinews.fr\/fr\/wp-json\/wp\/v2\/posts\/453462\/\" \/>\n<meta property=\"og:locale\" content=\"fr_FR\" \/>\n<meta property=\"og:type\" content=\"article\" \/>\n<meta property=\"og:title\" content=\"L&#039;IA fera grimper les prix des PC, mais pas les livraisons, selon IDC\" \/>\n<meta property=\"og:description\" content=\"Selon IDC, les PCs dot\u00e9s de capacit\u00e9s d&#039;IA augmenteront le prix de vente moyen des PCs au cours des prochaines ann\u00e9es pas leur nombre.\" \/>\n<meta property=\"og:url\" content=\"https:\/\/www.ecinews.fr\/fr\/wp-json\/wp\/v2\/posts\/453462\/\" \/>\n<meta property=\"og:site_name\" content=\"EENewsEurope\" \/>\n<meta property=\"article:published_time\" content=\"2024-06-11T17:01:33+00:00\" \/>\n<meta property=\"og:image\" content=\"https:\/\/www.ecinews.fr\/wp-content\/uploads\/2024\/06\/AI-PC.png\" \/>\n\t<meta property=\"og:image:width\" content=\"605\" \/>\n\t<meta property=\"og:image:height\" content=\"602\" \/>\n\t<meta property=\"og:image:type\" content=\"image\/png\" \/>\n<meta name=\"author\" content=\"A Delapalisse, Peter Clarke\" \/>\n<meta name=\"twitter:card\" content=\"summary_large_image\" \/>\n<meta name=\"twitter:label1\" content=\"Written by\" \/>\n\t<meta name=\"twitter:data1\" content=\"A Delapalisse\" \/>\n\t<meta name=\"twitter:label2\" content=\"Est. reading time\" \/>\n\t<meta name=\"twitter:data2\" content=\"3 minutes\" \/>\n<script type=\"application\/ld+json\" class=\"yoast-schema-graph\">{\"@context\":\"https:\/\/schema.org\",\"@graph\":[{\"@type\":\"Article\",\"@id\":\"https:\/\/www.ecinews.fr\/fr\/lia-fera-grimper-les-prix-des-pc-mais-pas-les-livraisons-selon-idc\/#article\",\"isPartOf\":{\"@id\":\"https:\/\/www.ecinews.fr\/fr\/lia-fera-grimper-les-prix-des-pc-mais-pas-les-livraisons-selon-idc\/\"},\"author\":{\"name\":\"A Delapalisse\",\"@id\":\"https:\/\/www.ecinews.fr\/fr\/#\/schema\/person\/4b3db5ba5c953c5fddeb226df86d8635\"},\"headline\":\"L&rsquo;IA fera grimper les prix des PC, mais pas les livraisons, selon IDC\",\"datePublished\":\"2024-06-11T17:01:33+00:00\",\"dateModified\":\"2024-06-11T17:01:33+00:00\",\"mainEntityOfPage\":{\"@id\":\"https:\/\/www.ecinews.fr\/fr\/lia-fera-grimper-les-prix-des-pc-mais-pas-les-livraisons-selon-idc\/\"},\"wordCount\":622,\"publisher\":{\"@id\":\"https:\/\/www.ecinews.fr\/fr\/#organization\"},\"keywords\":[\"IA\",\"IA-PC\",\"Informatique\",\"March\u00e9\",\"PC\"],\"articleSection\":[\"March\u00e9\"],\"inLanguage\":\"fr-FR\"},{\"@type\":\"WebPage\",\"@id\":\"https:\/\/www.ecinews.fr\/fr\/lia-fera-grimper-les-prix-des-pc-mais-pas-les-livraisons-selon-idc\/\",\"url\":\"https:\/\/www.ecinews.fr\/fr\/lia-fera-grimper-les-prix-des-pc-mais-pas-les-livraisons-selon-idc\/\",\"name\":\"L'IA fera grimper les prix des PC, mais pas les livraisons, selon IDC\",\"isPartOf\":{\"@id\":\"https:\/\/www.ecinews.fr\/fr\/#website\"},\"datePublished\":\"2024-06-11T17:01:33+00:00\",\"dateModified\":\"2024-06-11T17:01:33+00:00\",\"description\":\"Selon IDC, les PCs dot\u00e9s de capacit\u00e9s d'IA augmenteront le prix de vente moyen des PCs au cours des prochaines ann\u00e9es pas leur nombre.\",\"breadcrumb\":{\"@id\":\"https:\/\/www.ecinews.fr\/fr\/lia-fera-grimper-les-prix-des-pc-mais-pas-les-livraisons-selon-idc\/#breadcrumb\"},\"inLanguage\":\"fr-FR\",\"potentialAction\":[{\"@type\":\"ReadAction\",\"target\":[\"https:\/\/www.ecinews.fr\/fr\/lia-fera-grimper-les-prix-des-pc-mais-pas-les-livraisons-selon-idc\/\"]}]},{\"@type\":\"BreadcrumbList\",\"@id\":\"https:\/\/www.ecinews.fr\/fr\/lia-fera-grimper-les-prix-des-pc-mais-pas-les-livraisons-selon-idc\/#breadcrumb\",\"itemListElement\":[{\"@type\":\"ListItem\",\"position\":1,\"name\":\"Home\",\"item\":\"https:\/\/www.ecinews.fr\/fr\/\"},{\"@type\":\"ListItem\",\"position\":2,\"name\":\"L&rsquo;IA fera grimper les prix des PC, mais pas les livraisons, selon IDC\"}]},{\"@type\":\"WebSite\",\"@id\":\"https:\/\/www.ecinews.fr\/fr\/#website\",\"url\":\"https:\/\/www.ecinews.fr\/fr\/\",\"name\":\"EENewsEurope\",\"description\":\"Just another WordPress site\",\"publisher\":{\"@id\":\"https:\/\/www.ecinews.fr\/fr\/#organization\"},\"potentialAction\":[{\"@type\":\"SearchAction\",\"target\":{\"@type\":\"EntryPoint\",\"urlTemplate\":\"https:\/\/www.ecinews.fr\/fr\/?s={search_term_string}\"},\"query-input\":\"required name=search_term_string\"}],\"inLanguage\":\"fr-FR\"},{\"@type\":\"Organization\",\"@id\":\"https:\/\/www.ecinews.fr\/fr\/#organization\",\"name\":\"EENewsEurope\",\"url\":\"https:\/\/www.ecinews.fr\/fr\/\",\"logo\":{\"@type\":\"ImageObject\",\"inLanguage\":\"fr-FR\",\"@id\":\"https:\/\/www.ecinews.fr\/fr\/#\/schema\/logo\/image\/\",\"url\":\"https:\/\/www.ecinews.fr\/wp-content\/uploads\/2022\/02\/logo-1.jpg\",\"contentUrl\":\"https:\/\/www.ecinews.fr\/wp-content\/uploads\/2022\/02\/logo-1.jpg\",\"width\":283,\"height\":113,\"caption\":\"EENewsEurope\"},\"image\":{\"@id\":\"https:\/\/www.ecinews.fr\/fr\/#\/schema\/logo\/image\/\"}},{\"@type\":\"Person\",\"@id\":\"https:\/\/www.ecinews.fr\/fr\/#\/schema\/person\/4b3db5ba5c953c5fddeb226df86d8635\",\"name\":\"A Delapalisse\",\"image\":{\"@type\":\"ImageObject\",\"inLanguage\":\"fr-FR\",\"@id\":\"https:\/\/www.ecinews.fr\/fr\/#\/schema\/person\/image\/09af0e1236b95ff53924b8dfe5af278e\",\"url\":\"https:\/\/secure.gravatar.com\/avatar\/010f811c0933b47aea7e9204117b17c6?s=96&d=mm&r=g\",\"contentUrl\":\"https:\/\/secure.gravatar.com\/avatar\/010f811c0933b47aea7e9204117b17c6?s=96&d=mm&r=g\",\"caption\":\"A Delapalisse\"}}]}<\/script>","yoast_head_json":{"title":"L'IA fera grimper les prix des PC, mais pas les livraisons, sel...","description":"Selon IDC, les PCs dot\u00e9s de capacit\u00e9s d'IA augmenteront le prix de vente moyen des PCs au cours des prochaines ann\u00e9es pas leur nombre.","robots":{"index":"index","follow":"follow","max-snippet":"max-snippet:-1","max-image-preview":"max-image-preview:large","max-video-preview":"max-video-preview:-1"},"canonical":"https:\/\/www.ecinews.fr\/fr\/wp-json\/wp\/v2\/posts\/453462\/","og_locale":"fr_FR","og_type":"article","og_title":"L'IA fera grimper les prix des PC, mais pas les livraisons, selon IDC","og_description":"Selon IDC, les PCs dot\u00e9s de capacit\u00e9s d'IA augmenteront le prix de vente moyen des PCs au cours des prochaines ann\u00e9es pas leur nombre.","og_url":"https:\/\/www.ecinews.fr\/fr\/wp-json\/wp\/v2\/posts\/453462\/","og_site_name":"EENewsEurope","article_published_time":"2024-06-11T17:01:33+00:00","og_image":[{"width":605,"height":602,"url":"https:\/\/www.ecinews.fr\/wp-content\/uploads\/2024\/06\/AI-PC.png","type":"image\/png"}],"author":"A Delapalisse, Peter Clarke","twitter_card":"summary_large_image","twitter_misc":{"Written by":"A Delapalisse","Est. reading time":"3 minutes"},"schema":{"@context":"https:\/\/schema.org","@graph":[{"@type":"Article","@id":"https:\/\/www.ecinews.fr\/fr\/lia-fera-grimper-les-prix-des-pc-mais-pas-les-livraisons-selon-idc\/#article","isPartOf":{"@id":"https:\/\/www.ecinews.fr\/fr\/lia-fera-grimper-les-prix-des-pc-mais-pas-les-livraisons-selon-idc\/"},"author":{"name":"A Delapalisse","@id":"https:\/\/www.ecinews.fr\/fr\/#\/schema\/person\/4b3db5ba5c953c5fddeb226df86d8635"},"headline":"L&rsquo;IA fera grimper les prix des PC, mais pas les livraisons, selon IDC","datePublished":"2024-06-11T17:01:33+00:00","dateModified":"2024-06-11T17:01:33+00:00","mainEntityOfPage":{"@id":"https:\/\/www.ecinews.fr\/fr\/lia-fera-grimper-les-prix-des-pc-mais-pas-les-livraisons-selon-idc\/"},"wordCount":622,"publisher":{"@id":"https:\/\/www.ecinews.fr\/fr\/#organization"},"keywords":["IA","IA-PC","Informatique","March\u00e9","PC"],"articleSection":["March\u00e9"],"inLanguage":"fr-FR"},{"@type":"WebPage","@id":"https:\/\/www.ecinews.fr\/fr\/lia-fera-grimper-les-prix-des-pc-mais-pas-les-livraisons-selon-idc\/","url":"https:\/\/www.ecinews.fr\/fr\/lia-fera-grimper-les-prix-des-pc-mais-pas-les-livraisons-selon-idc\/","name":"L'IA fera grimper les prix des PC, mais pas les livraisons, selon IDC","isPartOf":{"@id":"https:\/\/www.ecinews.fr\/fr\/#website"},"datePublished":"2024-06-11T17:01:33+00:00","dateModified":"2024-06-11T17:01:33+00:00","description":"Selon IDC, les PCs dot\u00e9s de capacit\u00e9s d'IA augmenteront le prix de vente moyen des PCs au cours des prochaines ann\u00e9es pas leur nombre.","breadcrumb":{"@id":"https:\/\/www.ecinews.fr\/fr\/lia-fera-grimper-les-prix-des-pc-mais-pas-les-livraisons-selon-idc\/#breadcrumb"},"inLanguage":"fr-FR","potentialAction":[{"@type":"ReadAction","target":["https:\/\/www.ecinews.fr\/fr\/lia-fera-grimper-les-prix-des-pc-mais-pas-les-livraisons-selon-idc\/"]}]},{"@type":"BreadcrumbList","@id":"https:\/\/www.ecinews.fr\/fr\/lia-fera-grimper-les-prix-des-pc-mais-pas-les-livraisons-selon-idc\/#breadcrumb","itemListElement":[{"@type":"ListItem","position":1,"name":"Home","item":"https:\/\/www.ecinews.fr\/fr\/"},{"@type":"ListItem","position":2,"name":"L&rsquo;IA fera grimper les prix des PC, mais pas les livraisons, selon IDC"}]},{"@type":"WebSite","@id":"https:\/\/www.ecinews.fr\/fr\/#website","url":"https:\/\/www.ecinews.fr\/fr\/","name":"EENewsEurope","description":"Just another WordPress site","publisher":{"@id":"https:\/\/www.ecinews.fr\/fr\/#organization"},"potentialAction":[{"@type":"SearchAction","target":{"@type":"EntryPoint","urlTemplate":"https:\/\/www.ecinews.fr\/fr\/?s={search_term_string}"},"query-input":"required name=search_term_string"}],"inLanguage":"fr-FR"},{"@type":"Organization","@id":"https:\/\/www.ecinews.fr\/fr\/#organization","name":"EENewsEurope","url":"https:\/\/www.ecinews.fr\/fr\/","logo":{"@type":"ImageObject","inLanguage":"fr-FR","@id":"https:\/\/www.ecinews.fr\/fr\/#\/schema\/logo\/image\/","url":"https:\/\/www.ecinews.fr\/wp-content\/uploads\/2022\/02\/logo-1.jpg","contentUrl":"https:\/\/www.ecinews.fr\/wp-content\/uploads\/2022\/02\/logo-1.jpg","width":283,"height":113,"caption":"EENewsEurope"},"image":{"@id":"https:\/\/www.ecinews.fr\/fr\/#\/schema\/logo\/image\/"}},{"@type":"Person","@id":"https:\/\/www.ecinews.fr\/fr\/#\/schema\/person\/4b3db5ba5c953c5fddeb226df86d8635","name":"A Delapalisse","image":{"@type":"ImageObject","inLanguage":"fr-FR","@id":"https:\/\/www.ecinews.fr\/fr\/#\/schema\/person\/image\/09af0e1236b95ff53924b8dfe5af278e","url":"https:\/\/secure.gravatar.com\/avatar\/010f811c0933b47aea7e9204117b17c6?s=96&d=mm&r=g","contentUrl":"https:\/\/secure.gravatar.com\/avatar\/010f811c0933b47aea7e9204117b17c6?s=96&d=mm&r=g","caption":"A Delapalisse"}}]}},"authors":[{"term_id":6199,"user_id":40,"is_guest":0,"slug":"andre-rousselotemisys-com","display_name":"A Delapalisse","avatar_url":"https:\/\/secure.gravatar.com\/avatar\/010f811c0933b47aea7e9204117b17c6?s=96&d=mm&r=g","0":null,"1":"","2":"","3":"","4":"","5":"","6":"","7":"","8":""},{"term_id":3631,"user_id":0,"is_guest":1,"slug":"peter-clarke","display_name":"Peter Clarke","avatar_url":"https:\/\/secure.gravatar.com\/avatar\/?s=96&d=mm&r=g","0":null,"1":"","2":"","3":"","4":"","5":"","6":"","7":"","8":""}],"_links":{"self":[{"href":"https:\/\/www.ecinews.fr\/fr\/wp-json\/wp\/v2\/posts\/453462"}],"collection":[{"href":"https:\/\/www.ecinews.fr\/fr\/wp-json\/wp\/v2\/posts"}],"about":[{"href":"https:\/\/www.ecinews.fr\/fr\/wp-json\/wp\/v2\/types\/post"}],"author":[{"embeddable":true,"href":"https:\/\/www.ecinews.fr\/fr\/wp-json\/wp\/v2\/users\/40"}],"replies":[{"embeddable":true,"href":"https:\/\/www.ecinews.fr\/fr\/wp-json\/wp\/v2\/comments?post=453462"}],"version-history":[{"count":0,"href":"https:\/\/www.ecinews.fr\/fr\/wp-json\/wp\/v2\/posts\/453462\/revisions"}],"wp:featuredmedia":[{"embeddable":true,"href":"https:\/\/www.ecinews.fr\/fr\/wp-json\/wp\/v2\/media\/453443"}],"wp:attachment":[{"href":"https:\/\/www.ecinews.fr\/fr\/wp-json\/wp\/v2\/media?parent=453462"}],"wp:term":[{"taxonomy":"category","embeddable":true,"href":"https:\/\/www.ecinews.fr\/fr\/wp-json\/wp\/v2\/categories?post=453462"},{"taxonomy":"post_tag","embeddable":true,"href":"https:\/\/www.ecinews.fr\/fr\/wp-json\/wp\/v2\/tags?post=453462"},{"taxonomy":"domains","embeddable":true,"href":"https:\/\/www.ecinews.fr\/fr\/wp-json\/wp\/v2\/domains?post=453462"},{"taxonomy":"author","embeddable":true,"href":"https:\/\/www.ecinews.fr\/fr\/wp-json\/wp\/v2\/ppma_author?post=453462"}],"curies":[{"name":"wp","href":"https:\/\/api.w.org\/{rel}","templated":true}]}}