{"id":453451,"date":"2024-06-11T15:41:56","date_gmt":"2024-06-11T13:41:56","guid":{"rendered":"https:\/\/www.eenewseurope.com\/?p=453451"},"modified":"2024-06-11T15:44:03","modified_gmt":"2024-06-11T13:44:03","slug":"intel-interrompt-les-travaux-de-construction-de-sa-fab-38-en-israel","status":"publish","type":"post","link":"https:\/\/www.ecinews.fr\/fr\/intel-interrompt-les-travaux-de-construction-de-sa-fab-38-en-israel\/","title":{"rendered":"Intel interrompt les travaux de construction de sa Fab 38 en Isra\u00ebl"},"content":{"rendered":"<h2>Les entreprises travaillant \u00e0 la construction de Fab 38, la prochaine usine de fabrication de wafers d&rsquo;Intel sur son campus de Kiryat Gat en Isra\u00ebl, ont re\u00e7u l&rsquo;ordre d&rsquo;arr\u00eater les travaux, selon des informations locales.<\/h2>\n<p>Intel a annonc\u00e9 en d\u00e9cembre 2023 son intention de r\u00e9aliser un investissement de 25 milliards de dollars, avec la capacit\u00e9 de mettre en \u0153uvre, dans un premier temps, la technologie du process de fabrication 2 nm, ainsi qu&rsquo;une subvention de 3,2 milliards de dollars de la part du gouvernement isra\u00e9lien. L&rsquo;installation devait commencer \u00e0 produire des wafers en 2028 et fait partie d&rsquo;un investissement important d&rsquo;Intel dans le pays. Actuellement, l&rsquo;usine op\u00e9rationnelle d&rsquo;Intel \u00e0 Kiryat Gat est la Fab 28, qui produit des puces 10 nm.<\/p>\n<p>Des rapports locaux indiquent que certains fournisseurs d&rsquo;\u00e9quipement et de mat\u00e9riel ont vu leurs contrats annul\u00e9s. Mais les m\u00eames rapports citent \u00e9galement des fonctionnaires du minist\u00e8re des finances qui d\u00e9clarent qu&rsquo;il n&rsquo;y a pas de changement dans l&rsquo;investissement pr\u00e9vu par Intel en Isra\u00ebl et que les derniers d\u00e9veloppements ne sont que des changements contractuels.<\/p>\n<h2>Intel confiant pour le futur<\/h2>\n<p>Intel est cit\u00e9 dans un communiqu\u00e9 : \u00ab\u00a0Isra\u00ebl reste l&rsquo;un de nos principaux sites de production et de recherche et d\u00e9veloppement au niveau mondial, et nous continuons \u00e0 nous engager dans la r\u00e9gion. Comme indiqu\u00e9 pr\u00e9c\u00e9demment, l&rsquo;ampleur et le rythme de l&rsquo;expansion de la production d&rsquo;Intel sur les sites de la soci\u00e9t\u00e9 dans le monde entier d\u00e9pendent d&rsquo;un certain nombre de facteurs changeants. La gestion d&rsquo;un projet de cette ampleur, en particulier dans notre secteur d&rsquo;activit\u00e9, implique g\u00e9n\u00e9ralement des ajustements de calendrier. Nos d\u00e9cisions sont bas\u00e9es sur les conditions commerciales, la dynamique du march\u00e9 et la responsabilit\u00e9 en mati\u00e8re de gestion du capital\u00a0\u00bb.<\/p>\n<p>\u00c9tant donn\u00e9 que la production de wafers n&rsquo;est pas pr\u00e9vue avant 2028, Isra\u00ebl a la possibilit\u00e9 de moduler le rythme de d\u00e9veloppement \u00e0 Kiryat Gat. Toutefois, certains observateurs en Isra\u00ebl craignent que le conflit \u00e0 Gaza n&rsquo;incite les investisseurs \u00e9trangers \u00e0 changer d&rsquo;avis.<\/p>\n<p>Il convient \u00e9galement de noter qu&rsquo;Intel a r\u00e9cemment annonc\u00e9 un accord en vertu duquel des fonds g\u00e9r\u00e9s par Apollo et des soci\u00e9t\u00e9s affili\u00e9es m\u00e8neront un investissement de 11 milliards de dollars US pour acqu\u00e9rir une participation de 49 % dans une coentreprise li\u00e9e \u00e0 la Fab 34 d&rsquo;Intel \u00e0 Leixlip, en Irlande.<\/p>\n<p>Cette op\u00e9ration repr\u00e9sente le deuxi\u00e8me accord conclu par Intel dans le cadre du programme de co-investissement dans le domaine des semi-conducteurs (Semiconductor Co-Investment Program &#8211; SCIP).<\/p>\n<p>Il est possible que tant qu&rsquo;Intel n&rsquo;aura pas d\u00e9bloqu\u00e9 les fonds issus de ces accords, ou conclu un accord similaire pour Kiryat Gat, elle h\u00e9site \u00e0 continuer \u00e0 investir dans le site isra\u00e9lien. Elle a \u00e9galement d&rsquo;importants engagements en mati\u00e8re de construction de fabs dans d&rsquo;autres pays.<\/p>\n<h4>Liens et articles connexes :<\/h4>\n<p><a href=\"http:\/\/www.intel.com\">www.intel.com<\/a><\/p>\n<h4>Articles de presse :<\/h4>\n<p><a href=\"https:\/\/www.eenewseurope.com\/en\/intel-in-25bn-israel-2nm-fab-expansion\/\">Intel agrandit son usine 2nm en Isra\u00ebl pour un montant de 25 milliards de dollars US<\/a><\/p>\n<p><a href=\"https:\/\/www.eenewseurope.com\/en\/intel-sells-off-half-its-irish-fab-for-11bn\/\">Intel vend la moiti\u00e9 de son usine irlandaise pour 11 milliards de dollars US<\/a><\/p>\n<p><a href=\"https:\/\/www.eenewseurope.com\/en\/intel-plans-25-billion-israel-wafer-fab-spend\/\">Intel pr\u00e9voit d&rsquo;investir 25 milliards de dollars dans une usine de fabrication de plaquettes de silicium en Isra\u00ebl<\/a><\/p>\n","protected":false},"excerpt":{"rendered":"<p>Les entreprises travaillant \u00e0 la construction de Fab 38, la prochaine usine de fabrication de wafers d&rsquo;Intel sur son campus de Kiryat Gat en Isra\u00ebl, ont re\u00e7u l&rsquo;ordre d&rsquo;arr\u00eater les travaux, selon des informations locales. Intel a annonc\u00e9 en d\u00e9cembre 2023 son intention de r\u00e9aliser un investissement de 25 milliards de dollars, avec la capacit\u00e9 [&hellip;]<\/p>\n","protected":false},"author":40,"featured_media":440018,"comment_status":"closed","ping_status":"closed","sticky":false,"template":"","format":"standard","meta":{"_acf_changed":false,"footnotes":""},"categories":[3669],"tags":[2264,2721,6581],"domains":[47],"ppma_author":[6199,3631],"class_list":["post-453451","post","type-post","status-publish","format-standard","has-post-thumbnail","hentry","category-nouvelles","tag-fabs","tag-intel-fr","tag-israel-fr","domains-electronique-eci"],"acf":[],"yoast_head":"<title>Intel interrompt les travaux de construction de sa Fab 38 en Is...<\/title>\n<meta name=\"description\" content=\"Les entrepreneurs sur la Fab 38, la prochaine fab d&#039;Intel sur son campus de Kiryat Gat en Isra\u00ebl, ont \u00e9t\u00e9 pri\u00e9s d&#039;interrompre leurs travaux.\" \/>\n<meta name=\"robots\" content=\"index, follow, max-snippet:-1, max-image-preview:large, max-video-preview:-1\" \/>\n<link rel=\"canonical\" href=\"https:\/\/www.ecinews.fr\/fr\/wp-json\/wp\/v2\/posts\/453451\/\" \/>\n<meta property=\"og:locale\" content=\"fr_FR\" \/>\n<meta property=\"og:type\" content=\"article\" \/>\n<meta property=\"og:title\" content=\"Intel interrompt les travaux de construction de sa Fab 38 en Isra\u00ebl\" \/>\n<meta property=\"og:description\" content=\"Les entrepreneurs sur la Fab 38, la prochaine fab d&#039;Intel sur son campus de Kiryat Gat en Isra\u00ebl, ont \u00e9t\u00e9 pri\u00e9s d&#039;interrompre leurs travaux.\" \/>\n<meta property=\"og:url\" content=\"https:\/\/www.ecinews.fr\/fr\/wp-json\/wp\/v2\/posts\/453451\/\" \/>\n<meta property=\"og:site_name\" content=\"EENewsEurope\" \/>\n<meta property=\"article:published_time\" content=\"2024-06-11T13:41:56+00:00\" \/>\n<meta property=\"article:modified_time\" content=\"2024-06-11T13:44:03+00:00\" \/>\n<meta property=\"og:image\" content=\"https:\/\/www.ecinews.fr\/wp-content\/uploads\/2023\/12\/Intel-FAB-28-Kiryat-Gat_l.jpg\" \/>\n\t<meta property=\"og:image:width\" content=\"590\" \/>\n\t<meta property=\"og:image:height\" content=\"320\" \/>\n\t<meta property=\"og:image:type\" content=\"image\/jpeg\" \/>\n<meta name=\"author\" content=\"A Delapalisse, Peter Clarke\" \/>\n<meta name=\"twitter:card\" content=\"summary_large_image\" \/>\n<meta name=\"twitter:label1\" content=\"Written by\" \/>\n\t<meta name=\"twitter:data1\" content=\"A Delapalisse\" \/>\n\t<meta name=\"twitter:label2\" content=\"Est. reading time\" \/>\n\t<meta name=\"twitter:data2\" content=\"3 minutes\" \/>\n<script type=\"application\/ld+json\" class=\"yoast-schema-graph\">{\"@context\":\"https:\/\/schema.org\",\"@graph\":[{\"@type\":\"Article\",\"@id\":\"https:\/\/www.ecinews.fr\/fr\/intel-interrompt-les-travaux-de-construction-de-sa-fab-38-en-israel\/#article\",\"isPartOf\":{\"@id\":\"https:\/\/www.ecinews.fr\/fr\/intel-interrompt-les-travaux-de-construction-de-sa-fab-38-en-israel\/\"},\"author\":{\"name\":\"A Delapalisse\",\"@id\":\"https:\/\/www.ecinews.fr\/fr\/#\/schema\/person\/4b3db5ba5c953c5fddeb226df86d8635\"},\"headline\":\"Intel interrompt les travaux de construction de sa Fab 38 en Isra\u00ebl\",\"datePublished\":\"2024-06-11T13:41:56+00:00\",\"dateModified\":\"2024-06-11T13:44:03+00:00\",\"mainEntityOfPage\":{\"@id\":\"https:\/\/www.ecinews.fr\/fr\/intel-interrompt-les-travaux-de-construction-de-sa-fab-38-en-israel\/\"},\"wordCount\":573,\"publisher\":{\"@id\":\"https:\/\/www.ecinews.fr\/fr\/#organization\"},\"keywords\":[\"Fabs\",\"Intel\",\"Isra\u00ebl\"],\"articleSection\":[\"Nouvelles\"],\"inLanguage\":\"fr-FR\"},{\"@type\":\"WebPage\",\"@id\":\"https:\/\/www.ecinews.fr\/fr\/intel-interrompt-les-travaux-de-construction-de-sa-fab-38-en-israel\/\",\"url\":\"https:\/\/www.ecinews.fr\/fr\/intel-interrompt-les-travaux-de-construction-de-sa-fab-38-en-israel\/\",\"name\":\"Intel interrompt les travaux de construction de sa Fab 38 en Isra\u00ebl\",\"isPartOf\":{\"@id\":\"https:\/\/www.ecinews.fr\/fr\/#website\"},\"datePublished\":\"2024-06-11T13:41:56+00:00\",\"dateModified\":\"2024-06-11T13:44:03+00:00\",\"description\":\"Les entrepreneurs sur la Fab 38, la prochaine fab d'Intel sur son campus de Kiryat Gat en Isra\u00ebl, ont \u00e9t\u00e9 pri\u00e9s d'interrompre leurs travaux.\",\"breadcrumb\":{\"@id\":\"https:\/\/www.ecinews.fr\/fr\/intel-interrompt-les-travaux-de-construction-de-sa-fab-38-en-israel\/#breadcrumb\"},\"inLanguage\":\"fr-FR\",\"potentialAction\":[{\"@type\":\"ReadAction\",\"target\":[\"https:\/\/www.ecinews.fr\/fr\/intel-interrompt-les-travaux-de-construction-de-sa-fab-38-en-israel\/\"]}]},{\"@type\":\"BreadcrumbList\",\"@id\":\"https:\/\/www.ecinews.fr\/fr\/intel-interrompt-les-travaux-de-construction-de-sa-fab-38-en-israel\/#breadcrumb\",\"itemListElement\":[{\"@type\":\"ListItem\",\"position\":1,\"name\":\"Home\",\"item\":\"https:\/\/www.ecinews.fr\/fr\/\"},{\"@type\":\"ListItem\",\"position\":2,\"name\":\"Intel interrompt les travaux de construction de sa Fab 38 en Isra\u00ebl\"}]},{\"@type\":\"WebSite\",\"@id\":\"https:\/\/www.ecinews.fr\/fr\/#website\",\"url\":\"https:\/\/www.ecinews.fr\/fr\/\",\"name\":\"EENewsEurope\",\"description\":\"Just another WordPress site\",\"publisher\":{\"@id\":\"https:\/\/www.ecinews.fr\/fr\/#organization\"},\"potentialAction\":[{\"@type\":\"SearchAction\",\"target\":{\"@type\":\"EntryPoint\",\"urlTemplate\":\"https:\/\/www.ecinews.fr\/fr\/?s={search_term_string}\"},\"query-input\":\"required name=search_term_string\"}],\"inLanguage\":\"fr-FR\"},{\"@type\":\"Organization\",\"@id\":\"https:\/\/www.ecinews.fr\/fr\/#organization\",\"name\":\"EENewsEurope\",\"url\":\"https:\/\/www.ecinews.fr\/fr\/\",\"logo\":{\"@type\":\"ImageObject\",\"inLanguage\":\"fr-FR\",\"@id\":\"https:\/\/www.ecinews.fr\/fr\/#\/schema\/logo\/image\/\",\"url\":\"https:\/\/www.ecinews.fr\/wp-content\/uploads\/2022\/02\/logo-1.jpg\",\"contentUrl\":\"https:\/\/www.ecinews.fr\/wp-content\/uploads\/2022\/02\/logo-1.jpg\",\"width\":283,\"height\":113,\"caption\":\"EENewsEurope\"},\"image\":{\"@id\":\"https:\/\/www.ecinews.fr\/fr\/#\/schema\/logo\/image\/\"}},{\"@type\":\"Person\",\"@id\":\"https:\/\/www.ecinews.fr\/fr\/#\/schema\/person\/4b3db5ba5c953c5fddeb226df86d8635\",\"name\":\"A Delapalisse\",\"image\":{\"@type\":\"ImageObject\",\"inLanguage\":\"fr-FR\",\"@id\":\"https:\/\/www.ecinews.fr\/fr\/#\/schema\/person\/image\/09af0e1236b95ff53924b8dfe5af278e\",\"url\":\"https:\/\/secure.gravatar.com\/avatar\/010f811c0933b47aea7e9204117b17c6?s=96&d=mm&r=g\",\"contentUrl\":\"https:\/\/secure.gravatar.com\/avatar\/010f811c0933b47aea7e9204117b17c6?s=96&d=mm&r=g\",\"caption\":\"A Delapalisse\"}}]}<\/script>","yoast_head_json":{"title":"Intel interrompt les travaux de construction de sa Fab 38 en Is...","description":"Les entrepreneurs sur la Fab 38, la prochaine fab d'Intel sur son campus de Kiryat Gat en Isra\u00ebl, ont \u00e9t\u00e9 pri\u00e9s d'interrompre leurs travaux.","robots":{"index":"index","follow":"follow","max-snippet":"max-snippet:-1","max-image-preview":"max-image-preview:large","max-video-preview":"max-video-preview:-1"},"canonical":"https:\/\/www.ecinews.fr\/fr\/wp-json\/wp\/v2\/posts\/453451\/","og_locale":"fr_FR","og_type":"article","og_title":"Intel interrompt les travaux de construction de sa Fab 38 en Isra\u00ebl","og_description":"Les entrepreneurs sur la Fab 38, la prochaine fab d'Intel sur son campus de Kiryat Gat en Isra\u00ebl, ont \u00e9t\u00e9 pri\u00e9s d'interrompre leurs travaux.","og_url":"https:\/\/www.ecinews.fr\/fr\/wp-json\/wp\/v2\/posts\/453451\/","og_site_name":"EENewsEurope","article_published_time":"2024-06-11T13:41:56+00:00","article_modified_time":"2024-06-11T13:44:03+00:00","og_image":[{"width":590,"height":320,"url":"https:\/\/www.ecinews.fr\/wp-content\/uploads\/2023\/12\/Intel-FAB-28-Kiryat-Gat_l.jpg","type":"image\/jpeg"}],"author":"A Delapalisse, Peter Clarke","twitter_card":"summary_large_image","twitter_misc":{"Written by":"A Delapalisse","Est. reading time":"3 minutes"},"schema":{"@context":"https:\/\/schema.org","@graph":[{"@type":"Article","@id":"https:\/\/www.ecinews.fr\/fr\/intel-interrompt-les-travaux-de-construction-de-sa-fab-38-en-israel\/#article","isPartOf":{"@id":"https:\/\/www.ecinews.fr\/fr\/intel-interrompt-les-travaux-de-construction-de-sa-fab-38-en-israel\/"},"author":{"name":"A Delapalisse","@id":"https:\/\/www.ecinews.fr\/fr\/#\/schema\/person\/4b3db5ba5c953c5fddeb226df86d8635"},"headline":"Intel interrompt les travaux de construction de sa Fab 38 en Isra\u00ebl","datePublished":"2024-06-11T13:41:56+00:00","dateModified":"2024-06-11T13:44:03+00:00","mainEntityOfPage":{"@id":"https:\/\/www.ecinews.fr\/fr\/intel-interrompt-les-travaux-de-construction-de-sa-fab-38-en-israel\/"},"wordCount":573,"publisher":{"@id":"https:\/\/www.ecinews.fr\/fr\/#organization"},"keywords":["Fabs","Intel","Isra\u00ebl"],"articleSection":["Nouvelles"],"inLanguage":"fr-FR"},{"@type":"WebPage","@id":"https:\/\/www.ecinews.fr\/fr\/intel-interrompt-les-travaux-de-construction-de-sa-fab-38-en-israel\/","url":"https:\/\/www.ecinews.fr\/fr\/intel-interrompt-les-travaux-de-construction-de-sa-fab-38-en-israel\/","name":"Intel interrompt les travaux de construction de sa Fab 38 en Isra\u00ebl","isPartOf":{"@id":"https:\/\/www.ecinews.fr\/fr\/#website"},"datePublished":"2024-06-11T13:41:56+00:00","dateModified":"2024-06-11T13:44:03+00:00","description":"Les entrepreneurs sur la Fab 38, la prochaine fab d'Intel sur son campus de Kiryat Gat en Isra\u00ebl, ont \u00e9t\u00e9 pri\u00e9s d'interrompre leurs travaux.","breadcrumb":{"@id":"https:\/\/www.ecinews.fr\/fr\/intel-interrompt-les-travaux-de-construction-de-sa-fab-38-en-israel\/#breadcrumb"},"inLanguage":"fr-FR","potentialAction":[{"@type":"ReadAction","target":["https:\/\/www.ecinews.fr\/fr\/intel-interrompt-les-travaux-de-construction-de-sa-fab-38-en-israel\/"]}]},{"@type":"BreadcrumbList","@id":"https:\/\/www.ecinews.fr\/fr\/intel-interrompt-les-travaux-de-construction-de-sa-fab-38-en-israel\/#breadcrumb","itemListElement":[{"@type":"ListItem","position":1,"name":"Home","item":"https:\/\/www.ecinews.fr\/fr\/"},{"@type":"ListItem","position":2,"name":"Intel interrompt les travaux de construction de sa Fab 38 en Isra\u00ebl"}]},{"@type":"WebSite","@id":"https:\/\/www.ecinews.fr\/fr\/#website","url":"https:\/\/www.ecinews.fr\/fr\/","name":"EENewsEurope","description":"Just another WordPress site","publisher":{"@id":"https:\/\/www.ecinews.fr\/fr\/#organization"},"potentialAction":[{"@type":"SearchAction","target":{"@type":"EntryPoint","urlTemplate":"https:\/\/www.ecinews.fr\/fr\/?s={search_term_string}"},"query-input":"required name=search_term_string"}],"inLanguage":"fr-FR"},{"@type":"Organization","@id":"https:\/\/www.ecinews.fr\/fr\/#organization","name":"EENewsEurope","url":"https:\/\/www.ecinews.fr\/fr\/","logo":{"@type":"ImageObject","inLanguage":"fr-FR","@id":"https:\/\/www.ecinews.fr\/fr\/#\/schema\/logo\/image\/","url":"https:\/\/www.ecinews.fr\/wp-content\/uploads\/2022\/02\/logo-1.jpg","contentUrl":"https:\/\/www.ecinews.fr\/wp-content\/uploads\/2022\/02\/logo-1.jpg","width":283,"height":113,"caption":"EENewsEurope"},"image":{"@id":"https:\/\/www.ecinews.fr\/fr\/#\/schema\/logo\/image\/"}},{"@type":"Person","@id":"https:\/\/www.ecinews.fr\/fr\/#\/schema\/person\/4b3db5ba5c953c5fddeb226df86d8635","name":"A Delapalisse","image":{"@type":"ImageObject","inLanguage":"fr-FR","@id":"https:\/\/www.ecinews.fr\/fr\/#\/schema\/person\/image\/09af0e1236b95ff53924b8dfe5af278e","url":"https:\/\/secure.gravatar.com\/avatar\/010f811c0933b47aea7e9204117b17c6?s=96&d=mm&r=g","contentUrl":"https:\/\/secure.gravatar.com\/avatar\/010f811c0933b47aea7e9204117b17c6?s=96&d=mm&r=g","caption":"A Delapalisse"}}]}},"authors":[{"term_id":6199,"user_id":40,"is_guest":0,"slug":"andre-rousselotemisys-com","display_name":"A Delapalisse","avatar_url":"https:\/\/secure.gravatar.com\/avatar\/010f811c0933b47aea7e9204117b17c6?s=96&d=mm&r=g","0":null,"1":"","2":"","3":"","4":"","5":"","6":"","7":"","8":""},{"term_id":3631,"user_id":0,"is_guest":1,"slug":"peter-clarke","display_name":"Peter Clarke","avatar_url":"https:\/\/secure.gravatar.com\/avatar\/?s=96&d=mm&r=g","0":null,"1":"","2":"","3":"","4":"","5":"","6":"","7":"","8":""}],"_links":{"self":[{"href":"https:\/\/www.ecinews.fr\/fr\/wp-json\/wp\/v2\/posts\/453451"}],"collection":[{"href":"https:\/\/www.ecinews.fr\/fr\/wp-json\/wp\/v2\/posts"}],"about":[{"href":"https:\/\/www.ecinews.fr\/fr\/wp-json\/wp\/v2\/types\/post"}],"author":[{"embeddable":true,"href":"https:\/\/www.ecinews.fr\/fr\/wp-json\/wp\/v2\/users\/40"}],"replies":[{"embeddable":true,"href":"https:\/\/www.ecinews.fr\/fr\/wp-json\/wp\/v2\/comments?post=453451"}],"version-history":[{"count":0,"href":"https:\/\/www.ecinews.fr\/fr\/wp-json\/wp\/v2\/posts\/453451\/revisions"}],"wp:featuredmedia":[{"embeddable":true,"href":"https:\/\/www.ecinews.fr\/fr\/wp-json\/wp\/v2\/media\/440018"}],"wp:attachment":[{"href":"https:\/\/www.ecinews.fr\/fr\/wp-json\/wp\/v2\/media?parent=453451"}],"wp:term":[{"taxonomy":"category","embeddable":true,"href":"https:\/\/www.ecinews.fr\/fr\/wp-json\/wp\/v2\/categories?post=453451"},{"taxonomy":"post_tag","embeddable":true,"href":"https:\/\/www.ecinews.fr\/fr\/wp-json\/wp\/v2\/tags?post=453451"},{"taxonomy":"domains","embeddable":true,"href":"https:\/\/www.ecinews.fr\/fr\/wp-json\/wp\/v2\/domains?post=453451"},{"taxonomy":"author","embeddable":true,"href":"https:\/\/www.ecinews.fr\/fr\/wp-json\/wp\/v2\/ppma_author?post=453451"}],"curies":[{"name":"wp","href":"https:\/\/api.w.org\/{rel}","templated":true}]}}